{"id":783,"date":"2008-11-13T21:35:59","date_gmt":"2008-11-13T20:35:59","guid":{"rendered":"http:\/\/www.wanarun.net\/blog\/?p=783"},"modified":"2024-02-20T06:58:45","modified_gmt":"2024-02-20T05:58:45","slug":"les-coureurs-du-coeur","status":"publish","type":"post","link":"https:\/\/www.wanarun.net\/blog\/les-coureurs-du-coeur-783.html","title":{"rendered":"Les coureurs du coeur"},"content":{"rendered":"<p><img loading=\"lazy\" class=\"attachment wp-att-784\" src=\"https:\/\/www.wanarun.net\/blog\/wp-content\/uploads\/2008\/11\/coureursducoeur.png\" alt=\"\" width=\"150\" height=\"94\" align=\"left\" \/>Allier la <strong>course \u00e0 pied<\/strong> et le m\u00e9c\u00e9nat c&rsquo;est possible. A l&rsquo;occasion de la corrida d&rsquo;Issy les Moulineaux, qui aura lieu le 14 d\u00e9cembre 2008, vous allez pouvoir devenir <strong>coureur du coeur<\/strong> et collecter des dons pour le M\u00e9cenat Chirurgie Cardiaque.<\/p>\n<p>Le but est de f\u00e9d\u00e9rer un r\u00e9seau de coureurs du coeur et ainsi r\u00e9colter 20 000 Euros. Les dons collect\u00e9s vont permettre d&rsquo;op\u00e9rer 2 enfants.<\/p>\n<p>Pour vous d\u00e9clarer coureur du coeur et commencer \u00e0 r\u00e9colter des dons, vous devez vous inscrire sur le site Aider Donner. Allez a l&rsquo;adresse :\u00a0<a href=\"http:\/\/www.aiderdonner.com\/coureursducoeur\">www.aiderdonner.com\/coureursducoeur<\/a><\/p>\n<p><a href=\"http:\/\/www.aiderdonner.com\/coureursducoeur\"><\/a>Ensuite vous aurez, votre propre page internet pour collecter et suivre les dons.<\/p>\n<p>En plus, vous pouvez m\u00eame gagner des cadeaux !<\/p>\n<p>Si vous r\u00e9coltez plus de 300 euros,\u00a0\u00a0vous serez \u00e9lu <strong>Coureur du coeur<\/strong> et vous recevrez un Tee-Shirt.<\/p>\n<p>Si vous r\u00e9coltez plus de 1500 euros, <a href=\"\/blog\/test\/montre-gps\/polar\t\"target=\"_top\" title=\"montre polar\" >Polar<\/a> vous offrira un\u00a0cardiofr\u00e9quencem\u00e8tre.<\/p>\n<p>Si vous devenez <strong>coureur du coeur<\/strong>, d\u00e9posez un commentaire et je ferai des dons personnels aux diff\u00e9rentes personnes en fonction du nombre de coureurs.<\/p>\n","protected":false},"excerpt":{"rendered":"<a href=\"https:\/\/www.wanarun.net\/blog\/les-coureurs-du-coeur-783.html\"><img width=\"150\" src=\"\" class=\"alignleft wp-post-image tfe\" alt=\"\" title=\"\" \/><\/a><p>Allier la course \u00e0 pied et le m\u00e9c\u00e9nat c&rsquo;est possible. A l&rsquo;occasion de la corrida d&rsquo;Issy les Moulineaux, qui aura lieu le 14 d\u00e9cembre 2008, vous allez pouvoir devenir coureur du coeur et collecter des dons pour le M\u00e9cenat Chirurgie Cardiaque. Le but est de f\u00e9d\u00e9rer un r\u00e9seau de coureurs du coeur et ainsi r\u00e9colter [&hellip;]<\/p>\n","protected":false},"author":1,"featured_media":0,"comment_status":"open","ping_status":"open","sticky":false,"template":"","format":"standard","meta":[],"categories":[556],"tags":[],"yoast_head":"<!-- This site is optimized with the Yoast SEO plugin v18.9 - https:\/\/yoast.com\/wordpress\/plugins\/seo\/ -->\n<title>Les coureurs du coeur<\/title>\n<meta name=\"description\" content=\"Allier la course \u00e0 pied et le m\u00e9c\u00e9nat c&#039;est possible. A l&#039;occasion de la corrida d&#039;Issy les Moulineaux, qui aura lieu le 14 d\u00e9cembre 2008, vous allez\" \/>\n<meta name=\"robots\" content=\"index, follow, max-snippet:-1, max-image-preview:large, max-video-preview:-1\" \/>\n<link rel=\"canonical\" href=\"https:\/\/www.wanarun.net\/blog\/les-coureurs-du-coeur-783.html\" \/>\n<meta property=\"og:locale\" content=\"fr_FR\" \/>\n<meta property=\"og:type\" content=\"article\" \/>\n<meta property=\"og:title\" content=\"Les coureurs du coeur\" \/>\n<meta property=\"og:description\" content=\"Allier la course \u00e0 pied et le m\u00e9c\u00e9nat c&#039;est possible. A l&#039;occasion de la corrida d&#039;Issy les Moulineaux, qui aura lieu le 14 d\u00e9cembre 2008, vous allez\" \/>\n<meta property=\"og:url\" content=\"https:\/\/www.wanarun.net\/blog\/les-coureurs-du-coeur-783.html\" \/>\n<meta property=\"og:site_name\" content=\"Wanarun, le blog du running, du trail et de la course \u00e0 pied\" \/>\n<meta property=\"article:publisher\" content=\"https:\/\/www.facebook.com\/wanarun\/\" \/>\n<meta property=\"article:published_time\" content=\"2008-11-13T20:35:59+00:00\" \/>\n<meta property=\"article:modified_time\" content=\"2024-02-20T05:58:45+00:00\" \/>\n<meta property=\"og:image\" content=\"https:\/\/www.wanarun.net\/blog\/wp-content\/uploads\/2008\/11\/coureursducoeur.png\" \/>\n<meta name=\"twitter:label1\" content=\"\u00c9crit par\" \/>\n\t<meta name=\"twitter:data1\" content=\"Manu\" \/>\n\t<meta name=\"twitter:label2\" content=\"Dur\u00e9e de lecture estim\u00e9e\" \/>\n\t<meta name=\"twitter:data2\" content=\"1 minute\" \/>\n<script type=\"application\/ld+json\" class=\"yoast-schema-graph\">{\"@context\":\"https:\/\/schema.org\",\"@graph\":[{\"@type\":\"Organization\",\"@id\":\"https:\/\/www.wanarun.net\/blog\/#organization\",\"name\":\"Wanarun\",\"url\":\"https:\/\/www.wanarun.net\/blog\/\",\"sameAs\":[\"https:\/\/www.instagram.com\/wanarunnet\/\",\"https:\/\/www.youtube.com\/user\/wanarunnet\",\"https:\/\/www.facebook.com\/wanarun\/\",\"https:\/\/twitter.com\/wanarun\"],\"logo\":{\"@type\":\"ImageObject\",\"inLanguage\":\"fr-FR\",\"@id\":\"https:\/\/www.wanarun.net\/blog\/#\/schema\/logo\/image\/\",\"url\":\"https:\/\/www.wanarun.net\/blog\/wp-content\/uploads\/2018\/03\/logo-wanarun.jpg\",\"contentUrl\":\"https:\/\/www.wanarun.net\/blog\/wp-content\/uploads\/2018\/03\/logo-wanarun.jpg\",\"width\":1196,\"height\":1082,\"caption\":\"Wanarun\"},\"image\":{\"@id\":\"https:\/\/www.wanarun.net\/blog\/#\/schema\/logo\/image\/\"}},{\"@type\":\"WebSite\",\"@id\":\"https:\/\/www.wanarun.net\/blog\/#website\",\"url\":\"https:\/\/www.wanarun.net\/blog\/\",\"name\":\"Wanarun, le blog du running, du trail et de la course \u00e0 pied\",\"description\":\"Informations, remarques, avis, conseils sur la course \u00e0 pied.\",\"publisher\":{\"@id\":\"https:\/\/www.wanarun.net\/blog\/#organization\"},\"potentialAction\":[{\"@type\":\"SearchAction\",\"target\":{\"@type\":\"EntryPoint\",\"urlTemplate\":\"https:\/\/www.wanarun.net\/blog\/?s={search_term_string}\"},\"query-input\":\"required name=search_term_string\"}],\"inLanguage\":\"fr-FR\"},{\"@type\":\"ImageObject\",\"inLanguage\":\"fr-FR\",\"@id\":\"https:\/\/www.wanarun.net\/blog\/les-coureurs-du-coeur-783.html#primaryimage\",\"url\":\"https:\/\/www.wanarun.net\/blog\/wp-content\/uploads\/2008\/11\/coureursducoeur.png\",\"contentUrl\":\"https:\/\/www.wanarun.net\/blog\/wp-content\/uploads\/2008\/11\/coureursducoeur.png\"},{\"@type\":\"WebPage\",\"@id\":\"https:\/\/www.wanarun.net\/blog\/les-coureurs-du-coeur-783.html#webpage\",\"url\":\"https:\/\/www.wanarun.net\/blog\/les-coureurs-du-coeur-783.html\",\"name\":\"Les coureurs du coeur\",\"isPartOf\":{\"@id\":\"https:\/\/www.wanarun.net\/blog\/#website\"},\"primaryImageOfPage\":{\"@id\":\"https:\/\/www.wanarun.net\/blog\/les-coureurs-du-coeur-783.html#primaryimage\"},\"datePublished\":\"2008-11-13T20:35:59+00:00\",\"dateModified\":\"2024-02-20T05:58:45+00:00\",\"description\":\"Allier la course \u00e0 pied et le m\u00e9c\u00e9nat c'est possible. A l'occasion de la corrida d'Issy les Moulineaux, qui aura lieu le 14 d\u00e9cembre 2008, vous allez\",\"breadcrumb\":{\"@id\":\"https:\/\/www.wanarun.net\/blog\/les-coureurs-du-coeur-783.html#breadcrumb\"},\"inLanguage\":\"fr-FR\",\"potentialAction\":[{\"@type\":\"ReadAction\",\"target\":[\"https:\/\/www.wanarun.net\/blog\/les-coureurs-du-coeur-783.html\"]}]},{\"@type\":\"BreadcrumbList\",\"@id\":\"https:\/\/www.wanarun.net\/blog\/les-coureurs-du-coeur-783.html#breadcrumb\",\"itemListElement\":[{\"@type\":\"ListItem\",\"position\":1,\"name\":\"Les coureurs du coeur\"}]},{\"@type\":\"Article\",\"@id\":\"https:\/\/www.wanarun.net\/blog\/les-coureurs-du-coeur-783.html#article\",\"isPartOf\":{\"@id\":\"https:\/\/www.wanarun.net\/blog\/les-coureurs-du-coeur-783.html#webpage\"},\"author\":{\"@id\":\"https:\/\/www.wanarun.net\/blog\/#\/schema\/person\/bfb3bc166306771639fdc2bc6ac79771\"},\"headline\":\"Les coureurs du coeur\",\"datePublished\":\"2008-11-13T20:35:59+00:00\",\"dateModified\":\"2024-02-20T05:58:45+00:00\",\"mainEntityOfPage\":{\"@id\":\"https:\/\/www.wanarun.net\/blog\/les-coureurs-du-coeur-783.html#webpage\"},\"wordCount\":183,\"commentCount\":1,\"publisher\":{\"@id\":\"https:\/\/www.wanarun.net\/blog\/#organization\"},\"image\":{\"@id\":\"https:\/\/www.wanarun.net\/blog\/les-coureurs-du-coeur-783.html#primaryimage\"},\"thumbnailUrl\":\"https:\/\/www.wanarun.net\/blog\/wp-content\/uploads\/2008\/11\/coureursducoeur.png\",\"articleSection\":[\"Derni\u00e8res Minutes\"],\"inLanguage\":\"fr-FR\",\"potentialAction\":[{\"@type\":\"CommentAction\",\"name\":\"Comment\",\"target\":[\"https:\/\/www.wanarun.net\/blog\/les-coureurs-du-coeur-783.html#respond\"]}]},{\"@type\":\"Person\",\"@id\":\"https:\/\/www.wanarun.net\/blog\/#\/schema\/person\/bfb3bc166306771639fdc2bc6ac79771\",\"name\":\"Manu\",\"image\":{\"@type\":\"ImageObject\",\"inLanguage\":\"fr-FR\",\"@id\":\"https:\/\/www.wanarun.net\/blog\/#\/schema\/person\/image\/\",\"url\":\"https:\/\/secure.gravatar.com\/avatar\/717b7c28298e2900c61bceb611a4918a?s=96&d=mm&r=g\",\"contentUrl\":\"https:\/\/secure.gravatar.com\/avatar\/717b7c28298e2900c61bceb611a4918a?s=96&d=mm&r=g\",\"caption\":\"Manu\"},\"sameAs\":[\"https:\/\/www.wanarun.net\"],\"url\":\"https:\/\/www.wanarun.net\/blog\/author\/admin\"}]}<\/script>\n<!-- \/ Yoast SEO plugin. -->","yoast_head_json":{"title":"Les coureurs du coeur","description":"Allier la course \u00e0 pied et le m\u00e9c\u00e9nat c'est possible. A l'occasion de la corrida d'Issy les Moulineaux, qui aura lieu le 14 d\u00e9cembre 2008, vous allez","robots":{"index":"index","follow":"follow","max-snippet":"max-snippet:-1","max-image-preview":"max-image-preview:large","max-video-preview":"max-video-preview:-1"},"canonical":"https:\/\/www.wanarun.net\/blog\/les-coureurs-du-coeur-783.html","og_locale":"fr_FR","og_type":"article","og_title":"Les coureurs du coeur","og_description":"Allier la course \u00e0 pied et le m\u00e9c\u00e9nat c'est possible. A l'occasion de la corrida d'Issy les Moulineaux, qui aura lieu le 14 d\u00e9cembre 2008, vous allez","og_url":"https:\/\/www.wanarun.net\/blog\/les-coureurs-du-coeur-783.html","og_site_name":"Wanarun, le blog du running, du trail et de la course \u00e0 pied","article_publisher":"https:\/\/www.facebook.com\/wanarun\/","article_published_time":"2008-11-13T20:35:59+00:00","article_modified_time":"2024-02-20T05:58:45+00:00","og_image":[{"url":"https:\/\/www.wanarun.net\/blog\/wp-content\/uploads\/2008\/11\/coureursducoeur.png"}],"twitter_misc":{"\u00c9crit par":"Manu","Dur\u00e9e de lecture estim\u00e9e":"1 minute"},"schema":{"@context":"https:\/\/schema.org","@graph":[{"@type":"Organization","@id":"https:\/\/www.wanarun.net\/blog\/#organization","name":"Wanarun","url":"https:\/\/www.wanarun.net\/blog\/","sameAs":["https:\/\/www.instagram.com\/wanarunnet\/","https:\/\/www.youtube.com\/user\/wanarunnet","https:\/\/www.facebook.com\/wanarun\/","https:\/\/twitter.com\/wanarun"],"logo":{"@type":"ImageObject","inLanguage":"fr-FR","@id":"https:\/\/www.wanarun.net\/blog\/#\/schema\/logo\/image\/","url":"https:\/\/www.wanarun.net\/blog\/wp-content\/uploads\/2018\/03\/logo-wanarun.jpg","contentUrl":"https:\/\/www.wanarun.net\/blog\/wp-content\/uploads\/2018\/03\/logo-wanarun.jpg","width":1196,"height":1082,"caption":"Wanarun"},"image":{"@id":"https:\/\/www.wanarun.net\/blog\/#\/schema\/logo\/image\/"}},{"@type":"WebSite","@id":"https:\/\/www.wanarun.net\/blog\/#website","url":"https:\/\/www.wanarun.net\/blog\/","name":"Wanarun, le blog du running, du trail et de la course \u00e0 pied","description":"Informations, remarques, avis, conseils sur la course \u00e0 pied.","publisher":{"@id":"https:\/\/www.wanarun.net\/blog\/#organization"},"potentialAction":[{"@type":"SearchAction","target":{"@type":"EntryPoint","urlTemplate":"https:\/\/www.wanarun.net\/blog\/?s={search_term_string}"},"query-input":"required name=search_term_string"}],"inLanguage":"fr-FR"},{"@type":"ImageObject","inLanguage":"fr-FR","@id":"https:\/\/www.wanarun.net\/blog\/les-coureurs-du-coeur-783.html#primaryimage","url":"https:\/\/www.wanarun.net\/blog\/wp-content\/uploads\/2008\/11\/coureursducoeur.png","contentUrl":"https:\/\/www.wanarun.net\/blog\/wp-content\/uploads\/2008\/11\/coureursducoeur.png"},{"@type":"WebPage","@id":"https:\/\/www.wanarun.net\/blog\/les-coureurs-du-coeur-783.html#webpage","url":"https:\/\/www.wanarun.net\/blog\/les-coureurs-du-coeur-783.html","name":"Les coureurs du coeur","isPartOf":{"@id":"https:\/\/www.wanarun.net\/blog\/#website"},"primaryImageOfPage":{"@id":"https:\/\/www.wanarun.net\/blog\/les-coureurs-du-coeur-783.html#primaryimage"},"datePublished":"2008-11-13T20:35:59+00:00","dateModified":"2024-02-20T05:58:45+00:00","description":"Allier la course \u00e0 pied et le m\u00e9c\u00e9nat c'est possible. A l'occasion de la corrida d'Issy les Moulineaux, qui aura lieu le 14 d\u00e9cembre 2008, vous allez","breadcrumb":{"@id":"https:\/\/www.wanarun.net\/blog\/les-coureurs-du-coeur-783.html#breadcrumb"},"inLanguage":"fr-FR","potentialAction":[{"@type":"ReadAction","target":["https:\/\/www.wanarun.net\/blog\/les-coureurs-du-coeur-783.html"]}]},{"@type":"BreadcrumbList","@id":"https:\/\/www.wanarun.net\/blog\/les-coureurs-du-coeur-783.html#breadcrumb","itemListElement":[{"@type":"ListItem","position":1,"name":"Les coureurs du coeur"}]},{"@type":"Article","@id":"https:\/\/www.wanarun.net\/blog\/les-coureurs-du-coeur-783.html#article","isPartOf":{"@id":"https:\/\/www.wanarun.net\/blog\/les-coureurs-du-coeur-783.html#webpage"},"author":{"@id":"https:\/\/www.wanarun.net\/blog\/#\/schema\/person\/bfb3bc166306771639fdc2bc6ac79771"},"headline":"Les coureurs du coeur","datePublished":"2008-11-13T20:35:59+00:00","dateModified":"2024-02-20T05:58:45+00:00","mainEntityOfPage":{"@id":"https:\/\/www.wanarun.net\/blog\/les-coureurs-du-coeur-783.html#webpage"},"wordCount":183,"commentCount":1,"publisher":{"@id":"https:\/\/www.wanarun.net\/blog\/#organization"},"image":{"@id":"https:\/\/www.wanarun.net\/blog\/les-coureurs-du-coeur-783.html#primaryimage"},"thumbnailUrl":"https:\/\/www.wanarun.net\/blog\/wp-content\/uploads\/2008\/11\/coureursducoeur.png","articleSection":["Derni\u00e8res Minutes"],"inLanguage":"fr-FR","potentialAction":[{"@type":"CommentAction","name":"Comment","target":["https:\/\/www.wanarun.net\/blog\/les-coureurs-du-coeur-783.html#respond"]}]},{"@type":"Person","@id":"https:\/\/www.wanarun.net\/blog\/#\/schema\/person\/bfb3bc166306771639fdc2bc6ac79771","name":"Manu","image":{"@type":"ImageObject","inLanguage":"fr-FR","@id":"https:\/\/www.wanarun.net\/blog\/#\/schema\/person\/image\/","url":"https:\/\/secure.gravatar.com\/avatar\/717b7c28298e2900c61bceb611a4918a?s=96&d=mm&r=g","contentUrl":"https:\/\/secure.gravatar.com\/avatar\/717b7c28298e2900c61bceb611a4918a?s=96&d=mm&r=g","caption":"Manu"},"sameAs":["https:\/\/www.wanarun.net"],"url":"https:\/\/www.wanarun.net\/blog\/author\/admin"}]}},"_links":{"self":[{"href":"https:\/\/www.wanarun.net\/blog\/wp-json\/wp\/v2\/posts\/783"}],"collection":[{"href":"https:\/\/www.wanarun.net\/blog\/wp-json\/wp\/v2\/posts"}],"about":[{"href":"https:\/\/www.wanarun.net\/blog\/wp-json\/wp\/v2\/types\/post"}],"author":[{"embeddable":true,"href":"https:\/\/www.wanarun.net\/blog\/wp-json\/wp\/v2\/users\/1"}],"replies":[{"embeddable":true,"href":"https:\/\/www.wanarun.net\/blog\/wp-json\/wp\/v2\/comments?post=783"}],"version-history":[{"count":5,"href":"https:\/\/www.wanarun.net\/blog\/wp-json\/wp\/v2\/posts\/783\/revisions"}],"predecessor-version":[{"id":791,"href":"https:\/\/www.wanarun.net\/blog\/wp-json\/wp\/v2\/posts\/783\/revisions\/791"}],"wp:attachment":[{"href":"https:\/\/www.wanarun.net\/blog\/wp-json\/wp\/v2\/media?parent=783"}],"wp:term":[{"taxonomy":"category","embeddable":true,"href":"https:\/\/www.wanarun.net\/blog\/wp-json\/wp\/v2\/categories?post=783"},{"taxonomy":"post_tag","embeddable":true,"href":"https:\/\/www.wanarun.net\/blog\/wp-json\/wp\/v2\/tags?post=783"}],"curies":[{"name":"wp","href":"https:\/\/api.w.org\/{rel}","templated":true}]}}