{"id":72564,"date":"2023-12-18T08:56:05","date_gmt":"2023-12-18T07:56:05","guid":{"rendered":"https:\/\/www.wanarun.net\/blog\/?p=72564"},"modified":"2023-12-18T08:56:05","modified_gmt":"2023-12-18T07:56:05","slug":"adidas-adios-pro-evo-1-retour-de-benjamin-choquert","status":"publish","type":"post","link":"https:\/\/www.wanarun.net\/blog\/adidas-adios-pro-evo-1-retour-de-benjamin-choquert-72564.html","title":{"rendered":"Adidas Adios Pro Evo 1 : retour de Benjamin Choquert"},"content":{"rendered":"\n<figure class=\"wp-block-image size-large\"><a href=\"https:\/\/www.wanarun.net\/blog\/wp-content\/uploads\/2023\/12\/adidas-adizero-evo-pro-1-benjamin-choquert-scaled.jpg\"><img loading=\"lazy\" width=\"1024\" height=\"683\" src=\"https:\/\/www.wanarun.net\/blog\/wp-content\/uploads\/2023\/12\/adidas-adizero-evo-pro-1-benjamin-choquert-1024x683.jpg\" alt=\"adidas adizero adios pro evo 1\" class=\"wp-image-72567\" srcset=\"https:\/\/www.wanarun.net\/blog\/wp-content\/uploads\/2023\/12\/adidas-adizero-evo-pro-1-benjamin-choquert-1024x683.jpg 1024w, https:\/\/www.wanarun.net\/blog\/wp-content\/uploads\/2023\/12\/adidas-adizero-evo-pro-1-benjamin-choquert-300x200.jpg 300w, https:\/\/www.wanarun.net\/blog\/wp-content\/uploads\/2023\/12\/adidas-adizero-evo-pro-1-benjamin-choquert-768x512.jpg 768w, https:\/\/www.wanarun.net\/blog\/wp-content\/uploads\/2023\/12\/adidas-adizero-evo-pro-1-benjamin-choquert-1536x1024.jpg 1536w, https:\/\/www.wanarun.net\/blog\/wp-content\/uploads\/2023\/12\/adidas-adizero-evo-pro-1-benjamin-choquert-2048x1365.jpg 2048w, https:\/\/www.wanarun.net\/blog\/wp-content\/uploads\/2023\/12\/adidas-adizero-evo-pro-1-benjamin-choquert-150x100.jpg 150w, https:\/\/www.wanarun.net\/blog\/wp-content\/uploads\/2023\/12\/adidas-adizero-evo-pro-1-benjamin-choquert-620x413.jpg 620w\" sizes=\"(max-width: 1024px) 100vw, 1024px\" \/><\/a><\/figure>\n\n\n\n<p>Vous n\u2019avez pas pu passer \u00e0 c\u00f4t\u00e9 de cette nouveaut\u00e9, la nouvelle Adidas Adios Pro Evo 1 a fait parler d\u2019elle il y a quelques semaines. Certaines personnes n\u2019ont vu que le prix, il est vrai qu\u2019avec un prix de 500 euros la paire, elles ne pouvaient pas passer inaper\u00e7ues. Mais je ne vais pas revenir sur cette histoire de prix, c\u2019est un d\u00e9bat st\u00e9rile, la notion de niveau de prix est tr\u00e8s subjective.&nbsp;<\/p>\n\n\n\n<p>Au del\u00e0 de ces consid\u00e9rations p\u00e9cuniaires, c\u2019est surtout une preuve du dynamisme de la recherche dans le milieu de la course \u00e0 pied. La technologie progresse pour le bien des coureurs : des chaussures l\u00e9g\u00e8res dynamiques, qui limite la violence de l\u2019impact et favorise une r\u00e9cup\u00e9ration plus rapide. Car oui on parle de vitesse, on parle de dynamise et de carbone mais il ne faut pas oublier que ces nouvelles mousses permettent de combiner dynamisme et amorti.&nbsp;<\/p>\n\n\n\n<p>Cela impacte vos performances mais cela vous permet de pr\u00e9server vos fibres musculaires et limiter les courbatures. Quand les athl\u00e8tes, 20 ans au paravant, courraient sur une fine couche d\u2019EVA pour minimiser le poids, ils cassaient beaucoup de fibres augmentant le besoin de r\u00e9cup\u00e9ration.&nbsp;<\/p>\n\n\n\n<h2>Pourquoi si cher ? Pourquoi si peu ?&nbsp;<\/h2>\n\n\n\n<p>Adidas cherche \u00e0 reprendre le record du monde du marathon pour montrer la qualit\u00e9 de ses mod\u00e8les. Avec la nouvelle l\u00e9gislation, il n\u2019est plus possible de courir avec des prototypes au risque de voir un record non homologu\u00e9. Faire une petite s\u00e9rie disponible \u00e0 la vente permet de valider l\u2019homologation, la vendre \u00e0 un prix \u00e9lev\u00e9 permet \u00e9galement de rembourser les investissements en recherche et d\u00e9veloppement mais entre les dotations athl\u00e8tes et les marges de distributeurs, c\u2019est sans doute insuffisant pour combler l\u2019investissement n\u00e9cessaire pour la cr\u00e9ation d\u2019un nouveau mod\u00e8le aussi pointu.<\/p>\n\n\n\n<h2>Le test<\/h2>\n\n\n\n<p>Je ne vous cache pas que je n\u2019ai pas eu la chance d\u2019avoir un mod\u00e8le en test, il faut dire que cela reviendrait \u00e0 donner de la confiture \u00e0 un cochon. Mais j\u2019ai la chance de courir dans un endroit tr\u00e8s s\u00e9lect o\u00f9 il m\u2019arrive de croiser des coureurs de niveau international.\u00a0<\/p>\n\n\n\n<p>J\u2019habite dans une zone o\u00f9 les KOM sont trust\u00e9s par un certain <strong>Benjamin Choquert<\/strong>. Benjamin c\u2019est la p\u00e9pite lorraine par excellence, presque 30 ans d\u2019athl\u00e9tisme au plus haut niveau. Je me souviens de ses victoires en minimes ou en cadets sur les courses du coin, il \u00e9tait d\u00e9j\u00e0 au dessus du lot et moi je d\u00e9butais seulement la course \u00e0 pied.&nbsp;<\/p>\n\n\n\n<p>Benjamin fait partie des rares athl\u00e8tes \u00e0 poss\u00e9der ce nouveau mod\u00e8le, il a \u00e9t\u00e9 tir\u00e9 au sort comme on aurait tous pu l\u2019\u00eatre. Le d\u00e9but de notre \u00e9change sur l\u2019adidas adios pro Evo commence au retour de la course Marseille &#8211; Cassis dans le hall de la gare \u00e0 Marseille. Nous attendions notre train pour rentrer vers Nancy. Quand deux passionn\u00e9s se retrouvent bloqu\u00e9s \u00e0 attendre un train, ils parlent de course \u00e0 pied, de chrono, d\u2019<a href=\"\/blog\/plan-d-entrainement-comment-lire-entre-les-lignes-17508.html\"target=\"_top\" title=\"entrainement\" >entrainement<\/a> et de chaussures\u2026 Benjamin n\u2019est pas avare en informations, il aime partager. C\u2019est un athl\u00e8te pr\u00e9cis, exp\u00e9riment\u00e9 qui a du recul sur sa pratique. Une pratique double puisqu\u2019il est tout aussi performant en duathlon avec un titre de champion du monde et plusieurs titres de champion d\u2019Europe.<\/p>\n\n\n\n<p>Benjamin gardait pr\u00e9cieusement ce mod\u00e8le pour le marathon de Valence, son objectif passer sous les minimas olympiques sur marathon 2h08m10s\u2026 Pour ceux qui n\u2019ont pas suivi la course, cette course a \u00e9t\u00e9 la course la plus rapide de tous les temps pour le marathon fran\u00e7ais : des performances jamais vues pour le fond fran\u00e7ais. Si le record de France reste la propri\u00e9t\u00e9 de Morhad Amdouni, Medhi Fr\u00e8re (\u00e9quip\u00e9 aussi en Adios Pro Evo) s\u2019approche dangereusement avec 2h05m43s. Benjamin remplit le contrat avec un superbe chrono 2h07m42s am\u00e9liorant son record pr\u00e9c\u00e9dent 2h09m29s. Au total, ils seront cinq fran\u00e7ais \u00e0 r\u00e9aliser les minimas olympiques pour seulement 3 places de titulaires.&nbsp;<\/p>\n\n\n\n<p>Forc\u00e9ment quelques jours apr\u00e8s cet exploit, en croisant Benjamin qui faisait un petit footing de r\u00e9cup\u00e9ration, je n\u2019ai pas pu m\u2019emp\u00eacher de lui demander ses impressions sur cette chaussure.&nbsp;<\/p>\n\n\n\n<p>Ce qui ressort c\u2019est la l\u00e9g\u00e8ret\u00e9 exceptionnelle de ce mod\u00e8le, 80 grammes de moins par rapport au mod\u00e8le le plus proche chez adidas : l\u2019adios pro 3, un mod\u00e8le d\u00e9j\u00e0 tr\u00e8s l\u00e9ger avec un amorti tout aussi performant. Une l\u00e9g\u00e8ret\u00e9 presque perturbante sur les premi\u00e8res foul\u00e9es. Un confort parfait sans couture optimis\u00e9 pour limiter le poids au maximum.<\/p>\n\n\n\n<p>Si vous voulez rentrer encore plus dans le d\u00e9tail de cette performance, je vous invite \u00e0 suivre Benjamin sur <a href=\"https:\/\/www.strava.com\/activities\/10320303708\/overview\">Strava<\/a>, il publie toutes ses s\u00e9ances avec les donn\u00e9es cardiaques (chose assez rare), des donn\u00e9es qui donnent parfois le tournis.<\/p>\n\n\n\n<p>Adidas r\u00e9ussi son coup avec ce mod\u00e8le : un coup de communication pour faire parler d\u2019une nouveaut\u00e9 r\u00e9volutionnaire, une performance valid\u00e9e avec de nombreux records personnels,&nbsp; un mod\u00e8le qui laisse pr\u00e9sager d\u2019un futur int\u00e9ressant pour les performances de la marque.&nbsp;<\/p>\n\n\n\n<p>Un grand merci \u00e0 Benjamin pour nos \u00e9changes et sa disponibilit\u00e9 qui m\u2019ont permis de r\u00e9aliser cet article.&nbsp;<\/p>\n","protected":false},"excerpt":{"rendered":"<a href=\"https:\/\/www.wanarun.net\/blog\/adidas-adios-pro-evo-1-retour-de-benjamin-choquert-72564.html\"><img width=\"150\" height=\"150\" src=\"https:\/\/www.wanarun.net\/blog\/wp-content\/uploads\/2023\/12\/adidas-adizero-evo-pro-1-benjamin-choquert-150x150.jpg\" class=\"alignleft tfe wp-post-image\" alt=\"\" loading=\"lazy\" srcset=\"https:\/\/www.wanarun.net\/blog\/wp-content\/uploads\/2023\/12\/adidas-adizero-evo-pro-1-benjamin-choquert-150x150.jpg 150w, https:\/\/www.wanarun.net\/blog\/wp-content\/uploads\/2023\/12\/adidas-adizero-evo-pro-1-benjamin-choquert-100x100.jpg 100w\" sizes=\"(max-width: 150px) 100vw, 150px\" \/><\/a><p>Vous n\u2019avez pas pu passer \u00e0 c\u00f4t\u00e9 de cette nouveaut\u00e9, la nouvelle Adidas Adios Pro Evo 1 a fait parler d\u2019elle il y a quelques semaines. Certaines personnes n\u2019ont vu que le prix, il est vrai qu\u2019avec un prix de 500 euros la paire, elles ne pouvaient pas passer inaper\u00e7ues. Mais je ne vais pas [&hellip;]<\/p>\n","protected":false},"author":1,"featured_media":72567,"comment_status":"open","ping_status":"open","sticky":false,"template":"","format":"standard","meta":[],"categories":[12501,12502,9],"tags":[],"yoast_head":"<!-- This site is optimized with the Yoast SEO plugin v18.9 - https:\/\/yoast.com\/wordpress\/plugins\/seo\/ -->\n<title>Adidas Adios Pro Evo 1 : retour de Benjamin Choquert<\/title>\n<meta name=\"description\" content=\"Vous n\u2019avez pas pu passer \u00e0 c\u00f4t\u00e9 de cette nouveaut\u00e9, la nouvelle Adidas Adios Pro Evo 1 a fait parler d\u2019elle il y a quelques semaines. Certaines personnes\" \/>\n<meta name=\"robots\" content=\"index, follow, max-snippet:-1, max-image-preview:large, max-video-preview:-1\" \/>\n<link rel=\"canonical\" href=\"https:\/\/www.wanarun.net\/blog\/adidas-adios-pro-evo-1-retour-de-benjamin-choquert-72564.html\" \/>\n<meta property=\"og:locale\" content=\"fr_FR\" \/>\n<meta property=\"og:type\" content=\"article\" \/>\n<meta property=\"og:title\" content=\"Adidas Adios Pro Evo 1 : retour de Benjamin Choquert\" \/>\n<meta property=\"og:description\" content=\"Vous n\u2019avez pas pu passer \u00e0 c\u00f4t\u00e9 de cette nouveaut\u00e9, la nouvelle Adidas Adios Pro Evo 1 a fait parler d\u2019elle il y a quelques semaines. Certaines personnes\" \/>\n<meta property=\"og:url\" content=\"https:\/\/www.wanarun.net\/blog\/adidas-adios-pro-evo-1-retour-de-benjamin-choquert-72564.html\" \/>\n<meta property=\"og:site_name\" content=\"Wanarun, le blog du running, du trail et de la course \u00e0 pied\" \/>\n<meta property=\"article:publisher\" content=\"https:\/\/www.facebook.com\/wanarun\/\" \/>\n<meta property=\"article:published_time\" content=\"2023-12-18T07:56:05+00:00\" \/>\n<meta property=\"og:image\" content=\"https:\/\/www.wanarun.net\/blog\/wp-content\/uploads\/2023\/12\/adidas-adizero-evo-pro-1-benjamin-choquert-1024x683.jpg\" \/>\n<meta name=\"twitter:label1\" content=\"\u00c9crit par\" \/>\n\t<meta name=\"twitter:data1\" content=\"Manu\" \/>\n\t<meta name=\"twitter:label2\" content=\"Dur\u00e9e de lecture estim\u00e9e\" \/>\n\t<meta name=\"twitter:data2\" content=\"5 minutes\" \/>\n<script type=\"application\/ld+json\" class=\"yoast-schema-graph\">{\"@context\":\"https:\/\/schema.org\",\"@graph\":[{\"@type\":\"Organization\",\"@id\":\"https:\/\/www.wanarun.net\/blog\/#organization\",\"name\":\"Wanarun\",\"url\":\"https:\/\/www.wanarun.net\/blog\/\",\"sameAs\":[\"https:\/\/www.instagram.com\/wanarunnet\/\",\"https:\/\/www.youtube.com\/user\/wanarunnet\",\"https:\/\/www.facebook.com\/wanarun\/\",\"https:\/\/twitter.com\/wanarun\"],\"logo\":{\"@type\":\"ImageObject\",\"inLanguage\":\"fr-FR\",\"@id\":\"https:\/\/www.wanarun.net\/blog\/#\/schema\/logo\/image\/\",\"url\":\"https:\/\/www.wanarun.net\/blog\/wp-content\/uploads\/2018\/03\/logo-wanarun.jpg\",\"contentUrl\":\"https:\/\/www.wanarun.net\/blog\/wp-content\/uploads\/2018\/03\/logo-wanarun.jpg\",\"width\":1196,\"height\":1082,\"caption\":\"Wanarun\"},\"image\":{\"@id\":\"https:\/\/www.wanarun.net\/blog\/#\/schema\/logo\/image\/\"}},{\"@type\":\"WebSite\",\"@id\":\"https:\/\/www.wanarun.net\/blog\/#website\",\"url\":\"https:\/\/www.wanarun.net\/blog\/\",\"name\":\"Wanarun, le blog du running, du trail et de la course \u00e0 pied\",\"description\":\"Informations, remarques, avis, conseils sur la course \u00e0 pied.\",\"publisher\":{\"@id\":\"https:\/\/www.wanarun.net\/blog\/#organization\"},\"potentialAction\":[{\"@type\":\"SearchAction\",\"target\":{\"@type\":\"EntryPoint\",\"urlTemplate\":\"https:\/\/www.wanarun.net\/blog\/?s={search_term_string}\"},\"query-input\":\"required name=search_term_string\"}],\"inLanguage\":\"fr-FR\"},{\"@type\":\"ImageObject\",\"inLanguage\":\"fr-FR\",\"@id\":\"https:\/\/www.wanarun.net\/blog\/adidas-adios-pro-evo-1-retour-de-benjamin-choquert-72564.html#primaryimage\",\"url\":\"https:\/\/www.wanarun.net\/blog\/wp-content\/uploads\/2023\/12\/adidas-adizero-evo-pro-1-benjamin-choquert-scaled.jpg\",\"contentUrl\":\"https:\/\/www.wanarun.net\/blog\/wp-content\/uploads\/2023\/12\/adidas-adizero-evo-pro-1-benjamin-choquert-scaled.jpg\",\"width\":2560,\"height\":1707},{\"@type\":\"WebPage\",\"@id\":\"https:\/\/www.wanarun.net\/blog\/adidas-adios-pro-evo-1-retour-de-benjamin-choquert-72564.html#webpage\",\"url\":\"https:\/\/www.wanarun.net\/blog\/adidas-adios-pro-evo-1-retour-de-benjamin-choquert-72564.html\",\"name\":\"Adidas Adios Pro Evo 1 : retour de Benjamin Choquert\",\"isPartOf\":{\"@id\":\"https:\/\/www.wanarun.net\/blog\/#website\"},\"primaryImageOfPage\":{\"@id\":\"https:\/\/www.wanarun.net\/blog\/adidas-adios-pro-evo-1-retour-de-benjamin-choquert-72564.html#primaryimage\"},\"datePublished\":\"2023-12-18T07:56:05+00:00\",\"dateModified\":\"2023-12-18T07:56:05+00:00\",\"description\":\"Vous n\u2019avez pas pu passer \u00e0 c\u00f4t\u00e9 de cette nouveaut\u00e9, la nouvelle Adidas Adios Pro Evo 1 a fait parler d\u2019elle il y a quelques semaines. Certaines personnes\",\"breadcrumb\":{\"@id\":\"https:\/\/www.wanarun.net\/blog\/adidas-adios-pro-evo-1-retour-de-benjamin-choquert-72564.html#breadcrumb\"},\"inLanguage\":\"fr-FR\",\"potentialAction\":[{\"@type\":\"ReadAction\",\"target\":[\"https:\/\/www.wanarun.net\/blog\/adidas-adios-pro-evo-1-retour-de-benjamin-choquert-72564.html\"]}]},{\"@type\":\"BreadcrumbList\",\"@id\":\"https:\/\/www.wanarun.net\/blog\/adidas-adios-pro-evo-1-retour-de-benjamin-choquert-72564.html#breadcrumb\",\"itemListElement\":[{\"@type\":\"ListItem\",\"position\":1,\"name\":\"Adidas Adios Pro Evo 1 : retour de Benjamin Choquert\"}]},{\"@type\":\"Article\",\"@id\":\"https:\/\/www.wanarun.net\/blog\/adidas-adios-pro-evo-1-retour-de-benjamin-choquert-72564.html#article\",\"isPartOf\":{\"@id\":\"https:\/\/www.wanarun.net\/blog\/adidas-adios-pro-evo-1-retour-de-benjamin-choquert-72564.html#webpage\"},\"author\":{\"@id\":\"https:\/\/www.wanarun.net\/blog\/#\/schema\/person\/bfb3bc166306771639fdc2bc6ac79771\"},\"headline\":\"Adidas Adios Pro Evo 1 : retour de Benjamin Choquert\",\"datePublished\":\"2023-12-18T07:56:05+00:00\",\"dateModified\":\"2023-12-18T07:56:05+00:00\",\"mainEntityOfPage\":{\"@id\":\"https:\/\/www.wanarun.net\/blog\/adidas-adios-pro-evo-1-retour-de-benjamin-choquert-72564.html#webpage\"},\"wordCount\":940,\"commentCount\":0,\"publisher\":{\"@id\":\"https:\/\/www.wanarun.net\/blog\/#organization\"},\"image\":{\"@id\":\"https:\/\/www.wanarun.net\/blog\/adidas-adios-pro-evo-1-retour-de-benjamin-choquert-72564.html#primaryimage\"},\"thumbnailUrl\":\"https:\/\/www.wanarun.net\/blog\/wp-content\/uploads\/2023\/12\/adidas-adizero-evo-pro-1-benjamin-choquert-scaled.jpg\",\"articleSection\":[\"Chaussures\",\"Running\",\"Tests\"],\"inLanguage\":\"fr-FR\",\"potentialAction\":[{\"@type\":\"CommentAction\",\"name\":\"Comment\",\"target\":[\"https:\/\/www.wanarun.net\/blog\/adidas-adios-pro-evo-1-retour-de-benjamin-choquert-72564.html#respond\"]}]},{\"@type\":\"Person\",\"@id\":\"https:\/\/www.wanarun.net\/blog\/#\/schema\/person\/bfb3bc166306771639fdc2bc6ac79771\",\"name\":\"Manu\",\"image\":{\"@type\":\"ImageObject\",\"inLanguage\":\"fr-FR\",\"@id\":\"https:\/\/www.wanarun.net\/blog\/#\/schema\/person\/image\/\",\"url\":\"https:\/\/secure.gravatar.com\/avatar\/717b7c28298e2900c61bceb611a4918a?s=96&d=mm&r=g\",\"contentUrl\":\"https:\/\/secure.gravatar.com\/avatar\/717b7c28298e2900c61bceb611a4918a?s=96&d=mm&r=g\",\"caption\":\"Manu\"},\"sameAs\":[\"https:\/\/www.wanarun.net\"],\"url\":\"https:\/\/www.wanarun.net\/blog\/author\/admin\"}]}<\/script>\n<!-- \/ Yoast SEO plugin. -->","yoast_head_json":{"title":"Adidas Adios Pro Evo 1 : retour de Benjamin Choquert","description":"Vous n\u2019avez pas pu passer \u00e0 c\u00f4t\u00e9 de cette nouveaut\u00e9, la nouvelle Adidas Adios Pro Evo 1 a fait parler d\u2019elle il y a quelques semaines. Certaines personnes","robots":{"index":"index","follow":"follow","max-snippet":"max-snippet:-1","max-image-preview":"max-image-preview:large","max-video-preview":"max-video-preview:-1"},"canonical":"https:\/\/www.wanarun.net\/blog\/adidas-adios-pro-evo-1-retour-de-benjamin-choquert-72564.html","og_locale":"fr_FR","og_type":"article","og_title":"Adidas Adios Pro Evo 1 : retour de Benjamin Choquert","og_description":"Vous n\u2019avez pas pu passer \u00e0 c\u00f4t\u00e9 de cette nouveaut\u00e9, la nouvelle Adidas Adios Pro Evo 1 a fait parler d\u2019elle il y a quelques semaines. Certaines personnes","og_url":"https:\/\/www.wanarun.net\/blog\/adidas-adios-pro-evo-1-retour-de-benjamin-choquert-72564.html","og_site_name":"Wanarun, le blog du running, du trail et de la course \u00e0 pied","article_publisher":"https:\/\/www.facebook.com\/wanarun\/","article_published_time":"2023-12-18T07:56:05+00:00","og_image":[{"url":"https:\/\/www.wanarun.net\/blog\/wp-content\/uploads\/2023\/12\/adidas-adizero-evo-pro-1-benjamin-choquert-1024x683.jpg"}],"twitter_misc":{"\u00c9crit par":"Manu","Dur\u00e9e de lecture estim\u00e9e":"5 minutes"},"schema":{"@context":"https:\/\/schema.org","@graph":[{"@type":"Organization","@id":"https:\/\/www.wanarun.net\/blog\/#organization","name":"Wanarun","url":"https:\/\/www.wanarun.net\/blog\/","sameAs":["https:\/\/www.instagram.com\/wanarunnet\/","https:\/\/www.youtube.com\/user\/wanarunnet","https:\/\/www.facebook.com\/wanarun\/","https:\/\/twitter.com\/wanarun"],"logo":{"@type":"ImageObject","inLanguage":"fr-FR","@id":"https:\/\/www.wanarun.net\/blog\/#\/schema\/logo\/image\/","url":"https:\/\/www.wanarun.net\/blog\/wp-content\/uploads\/2018\/03\/logo-wanarun.jpg","contentUrl":"https:\/\/www.wanarun.net\/blog\/wp-content\/uploads\/2018\/03\/logo-wanarun.jpg","width":1196,"height":1082,"caption":"Wanarun"},"image":{"@id":"https:\/\/www.wanarun.net\/blog\/#\/schema\/logo\/image\/"}},{"@type":"WebSite","@id":"https:\/\/www.wanarun.net\/blog\/#website","url":"https:\/\/www.wanarun.net\/blog\/","name":"Wanarun, le blog du running, du trail et de la course \u00e0 pied","description":"Informations, remarques, avis, conseils sur la course \u00e0 pied.","publisher":{"@id":"https:\/\/www.wanarun.net\/blog\/#organization"},"potentialAction":[{"@type":"SearchAction","target":{"@type":"EntryPoint","urlTemplate":"https:\/\/www.wanarun.net\/blog\/?s={search_term_string}"},"query-input":"required name=search_term_string"}],"inLanguage":"fr-FR"},{"@type":"ImageObject","inLanguage":"fr-FR","@id":"https:\/\/www.wanarun.net\/blog\/adidas-adios-pro-evo-1-retour-de-benjamin-choquert-72564.html#primaryimage","url":"https:\/\/www.wanarun.net\/blog\/wp-content\/uploads\/2023\/12\/adidas-adizero-evo-pro-1-benjamin-choquert-scaled.jpg","contentUrl":"https:\/\/www.wanarun.net\/blog\/wp-content\/uploads\/2023\/12\/adidas-adizero-evo-pro-1-benjamin-choquert-scaled.jpg","width":2560,"height":1707},{"@type":"WebPage","@id":"https:\/\/www.wanarun.net\/blog\/adidas-adios-pro-evo-1-retour-de-benjamin-choquert-72564.html#webpage","url":"https:\/\/www.wanarun.net\/blog\/adidas-adios-pro-evo-1-retour-de-benjamin-choquert-72564.html","name":"Adidas Adios Pro Evo 1 : retour de Benjamin Choquert","isPartOf":{"@id":"https:\/\/www.wanarun.net\/blog\/#website"},"primaryImageOfPage":{"@id":"https:\/\/www.wanarun.net\/blog\/adidas-adios-pro-evo-1-retour-de-benjamin-choquert-72564.html#primaryimage"},"datePublished":"2023-12-18T07:56:05+00:00","dateModified":"2023-12-18T07:56:05+00:00","description":"Vous n\u2019avez pas pu passer \u00e0 c\u00f4t\u00e9 de cette nouveaut\u00e9, la nouvelle Adidas Adios Pro Evo 1 a fait parler d\u2019elle il y a quelques semaines. Certaines personnes","breadcrumb":{"@id":"https:\/\/www.wanarun.net\/blog\/adidas-adios-pro-evo-1-retour-de-benjamin-choquert-72564.html#breadcrumb"},"inLanguage":"fr-FR","potentialAction":[{"@type":"ReadAction","target":["https:\/\/www.wanarun.net\/blog\/adidas-adios-pro-evo-1-retour-de-benjamin-choquert-72564.html"]}]},{"@type":"BreadcrumbList","@id":"https:\/\/www.wanarun.net\/blog\/adidas-adios-pro-evo-1-retour-de-benjamin-choquert-72564.html#breadcrumb","itemListElement":[{"@type":"ListItem","position":1,"name":"Adidas Adios Pro Evo 1 : retour de Benjamin Choquert"}]},{"@type":"Article","@id":"https:\/\/www.wanarun.net\/blog\/adidas-adios-pro-evo-1-retour-de-benjamin-choquert-72564.html#article","isPartOf":{"@id":"https:\/\/www.wanarun.net\/blog\/adidas-adios-pro-evo-1-retour-de-benjamin-choquert-72564.html#webpage"},"author":{"@id":"https:\/\/www.wanarun.net\/blog\/#\/schema\/person\/bfb3bc166306771639fdc2bc6ac79771"},"headline":"Adidas Adios Pro Evo 1 : retour de Benjamin Choquert","datePublished":"2023-12-18T07:56:05+00:00","dateModified":"2023-12-18T07:56:05+00:00","mainEntityOfPage":{"@id":"https:\/\/www.wanarun.net\/blog\/adidas-adios-pro-evo-1-retour-de-benjamin-choquert-72564.html#webpage"},"wordCount":940,"commentCount":0,"publisher":{"@id":"https:\/\/www.wanarun.net\/blog\/#organization"},"image":{"@id":"https:\/\/www.wanarun.net\/blog\/adidas-adios-pro-evo-1-retour-de-benjamin-choquert-72564.html#primaryimage"},"thumbnailUrl":"https:\/\/www.wanarun.net\/blog\/wp-content\/uploads\/2023\/12\/adidas-adizero-evo-pro-1-benjamin-choquert-scaled.jpg","articleSection":["Chaussures","Running","Tests"],"inLanguage":"fr-FR","potentialAction":[{"@type":"CommentAction","name":"Comment","target":["https:\/\/www.wanarun.net\/blog\/adidas-adios-pro-evo-1-retour-de-benjamin-choquert-72564.html#respond"]}]},{"@type":"Person","@id":"https:\/\/www.wanarun.net\/blog\/#\/schema\/person\/bfb3bc166306771639fdc2bc6ac79771","name":"Manu","image":{"@type":"ImageObject","inLanguage":"fr-FR","@id":"https:\/\/www.wanarun.net\/blog\/#\/schema\/person\/image\/","url":"https:\/\/secure.gravatar.com\/avatar\/717b7c28298e2900c61bceb611a4918a?s=96&d=mm&r=g","contentUrl":"https:\/\/secure.gravatar.com\/avatar\/717b7c28298e2900c61bceb611a4918a?s=96&d=mm&r=g","caption":"Manu"},"sameAs":["https:\/\/www.wanarun.net"],"url":"https:\/\/www.wanarun.net\/blog\/author\/admin"}]}},"_links":{"self":[{"href":"https:\/\/www.wanarun.net\/blog\/wp-json\/wp\/v2\/posts\/72564"}],"collection":[{"href":"https:\/\/www.wanarun.net\/blog\/wp-json\/wp\/v2\/posts"}],"about":[{"href":"https:\/\/www.wanarun.net\/blog\/wp-json\/wp\/v2\/types\/post"}],"author":[{"embeddable":true,"href":"https:\/\/www.wanarun.net\/blog\/wp-json\/wp\/v2\/users\/1"}],"replies":[{"embeddable":true,"href":"https:\/\/www.wanarun.net\/blog\/wp-json\/wp\/v2\/comments?post=72564"}],"version-history":[{"count":2,"href":"https:\/\/www.wanarun.net\/blog\/wp-json\/wp\/v2\/posts\/72564\/revisions"}],"predecessor-version":[{"id":72568,"href":"https:\/\/www.wanarun.net\/blog\/wp-json\/wp\/v2\/posts\/72564\/revisions\/72568"}],"wp:featuredmedia":[{"embeddable":true,"href":"https:\/\/www.wanarun.net\/blog\/wp-json\/wp\/v2\/media\/72567"}],"wp:attachment":[{"href":"https:\/\/www.wanarun.net\/blog\/wp-json\/wp\/v2\/media?parent=72564"}],"wp:term":[{"taxonomy":"category","embeddable":true,"href":"https:\/\/www.wanarun.net\/blog\/wp-json\/wp\/v2\/categories?post=72564"},{"taxonomy":"post_tag","embeddable":true,"href":"https:\/\/www.wanarun.net\/blog\/wp-json\/wp\/v2\/tags?post=72564"}],"curies":[{"name":"wp","href":"https:\/\/api.w.org\/{rel}","templated":true}]}}