{"id":71446,"date":"2021-09-10T10:59:04","date_gmt":"2021-09-10T09:59:04","guid":{"rendered":"https:\/\/www.wanarun.net\/blog\/?p=71446"},"modified":"2021-09-10T10:59:04","modified_gmt":"2021-09-10T09:59:04","slug":"triathlon-de-gerardmer-2021-le-retour-dans-la-rayee","status":"publish","type":"post","link":"https:\/\/www.wanarun.net\/blog\/triathlon-de-gerardmer-2021-le-retour-dans-la-rayee-71446.html","title":{"rendered":"Triathlon de G\u00e9rardmer 2021 : le retour dans la ray\u00e9e"},"content":{"rendered":"\n<p>Tout commence lors d&rsquo;une magnifique journ\u00e9e ensoleill\u00e9e au coeur des Vosges, la perle des Vosges (le surnom de la ville de G\u00e9rardmer) est en mode sportif tout le week-end, comme tous les premiers dimanches du mois de septembre depuis plus de 30 ans. <\/p>\n\n\n\n<p>C&rsquo;est ma cinqui\u00e8me participation \u00e0 l&rsquo;une des 3 \u00e9preuves. Cette ann\u00e9e (enfin en 2020 puisqu&rsquo;il y a eu un report) j&rsquo;ai choisi le triathlon distance olympique apr\u00e8s avoir goutt\u00e9 au <a href=\"https:\/\/www.wanarun.net\/blog\/mon-premier-triathlon-long-a-gerardmer-en-2019-67394.html\">XL en 2019<\/a>. <\/p>\n\n\n\n<p>Si une semaine avant l&rsquo;\u00e9v\u00e9nement, la m\u00e9t\u00e9o annon\u00e7ait des averses voire des orages, tout est rentr\u00e9 dans l&rsquo;ordre et la m\u00e9t\u00e9o est au beau fixe. Le ciel est bleu et l&rsquo;eau est relativement fra\u00eeche suite \u00e0 un \u00e9t\u00e9 maussade dans les Vosges. 18.5 degr\u00e9s annonc\u00e9s avant l&rsquo;\u00e9preuve.<\/p>\n\n\n\n<p>Je ne me pose pas de questions, je sais que je pr\u00e9f\u00e8re nager en combinaison il faut dire que je ne suis pas un grand nageur et que mon <a href=\"\/blog\/plan-d-entrainement-comment-lire-entre-les-lignes-17508.html\"target=\"_top\" title=\"entrainement\" >entrainement<\/a> r\u00e9side principalement dans l&rsquo;entretien pour ne pas couler plus que de l&rsquo;am\u00e9lioration de la vitesse. Le but du jeu limiter la casse.<\/p>\n\n\n\n<p>Au village, l&rsquo;ambiance n&rsquo;est pas refroidit par la pand\u00e9mie, les gens sont masqu\u00e9s et le pass sanitaire est obligatoire pour prendre part \u00e0 la course. Je suis vraiment heureux de reprendre \u00e0 des courses de cette dimension et je ne suis pas les seuls, au bord de la plage, avant le d\u00e9part tout le monde est ravi.<\/p>\n\n\n\n<p>Apr\u00e8s avoir retir\u00e9 les dossards, pr\u00e9par\u00e9 notre mat\u00e9riel, je d\u00e9pose tout dans le parc \u00e0 v\u00e9lo et au dernier moment, je choisi de ne pas mettre de chaussettes sur l&rsquo;\u00e9preuve, j&rsquo;ai les chaussures de v\u00e9lo et de course qui me permettent de le faire. <\/p>\n\n\n\n<p>Le d\u00e9part est donn\u00e9 dans une ambiance surchauff\u00e9 : musique, speaker, drone,&#8230; Tout est l\u00e0 pour que nous puissions reprendre une vie normale sur une \u00e9preuve que nous attendons depuis pr\u00e8s de 2 ans. <\/p>\n\n\n\n<figure class=\"wp-block-image size-large\"><a href=\"https:\/\/www.wanarun.net\/blog\/wp-content\/uploads\/2021\/09\/depart-tri-gerardmer-2021.jpg\"><img loading=\"lazy\" width=\"1024\" height=\"683\" src=\"https:\/\/www.wanarun.net\/blog\/wp-content\/uploads\/2021\/09\/depart-tri-gerardmer-2021-1024x683.jpg\" alt=\"\" class=\"wp-image-71459\" srcset=\"https:\/\/www.wanarun.net\/blog\/wp-content\/uploads\/2021\/09\/depart-tri-gerardmer-2021-1024x683.jpg 1024w, https:\/\/www.wanarun.net\/blog\/wp-content\/uploads\/2021\/09\/depart-tri-gerardmer-2021-300x200.jpg 300w, https:\/\/www.wanarun.net\/blog\/wp-content\/uploads\/2021\/09\/depart-tri-gerardmer-2021-768x512.jpg 768w, https:\/\/www.wanarun.net\/blog\/wp-content\/uploads\/2021\/09\/depart-tri-gerardmer-2021-150x100.jpg 150w, https:\/\/www.wanarun.net\/blog\/wp-content\/uploads\/2021\/09\/depart-tri-gerardmer-2021-620x413.jpg 620w, https:\/\/www.wanarun.net\/blog\/wp-content\/uploads\/2021\/09\/depart-tri-gerardmer-2021.jpg 1200w\" sizes=\"(max-width: 1024px) 100vw, 1024px\" \/><\/a><\/figure>\n\n\n\n<p>Comme \u00e0 mon habitude, je laisse passer la masse et je pars tranquille, le temps de me mettre dans le bain. Comme sur chaque \u00e9preuve de natation, j&rsquo;essaye de passer au large des bou\u00e9es pour garder mon rythme de nage. J&rsquo;essaye tout de m\u00eame de passer \u00e0 seulement quelques m\u00e8tres de la bou\u00e9e pour ne pas en faire trop. Alors que j&rsquo;avais l&rsquo;impression d&rsquo;avoir fait des \u00e9carts, mon trac\u00e9 GPS semble relativement bon et la distance est \u00e0 peine plus longue que les 1500 m\u00e8tres pr\u00e9vus. Par contre, je suis tr\u00e8s loin des hommes-dauphins qui trustent les premi\u00e8res places.<\/p>\n\n\n\n<figure class=\"wp-block-image size-large\"><a href=\"https:\/\/www.wanarun.net\/blog\/wp-content\/uploads\/2021\/09\/sortie-eau-tri-gerardmer-2021.jpg\"><img loading=\"lazy\" width=\"1024\" height=\"683\" src=\"https:\/\/www.wanarun.net\/blog\/wp-content\/uploads\/2021\/09\/sortie-eau-tri-gerardmer-2021-1024x683.jpg\" alt=\"\" class=\"wp-image-71456\" srcset=\"https:\/\/www.wanarun.net\/blog\/wp-content\/uploads\/2021\/09\/sortie-eau-tri-gerardmer-2021-1024x683.jpg 1024w, https:\/\/www.wanarun.net\/blog\/wp-content\/uploads\/2021\/09\/sortie-eau-tri-gerardmer-2021-300x200.jpg 300w, https:\/\/www.wanarun.net\/blog\/wp-content\/uploads\/2021\/09\/sortie-eau-tri-gerardmer-2021-768x512.jpg 768w, https:\/\/www.wanarun.net\/blog\/wp-content\/uploads\/2021\/09\/sortie-eau-tri-gerardmer-2021-150x100.jpg 150w, https:\/\/www.wanarun.net\/blog\/wp-content\/uploads\/2021\/09\/sortie-eau-tri-gerardmer-2021-620x413.jpg 620w, https:\/\/www.wanarun.net\/blog\/wp-content\/uploads\/2021\/09\/sortie-eau-tri-gerardmer-2021.jpg 1200w\" sizes=\"(max-width: 1024px) 100vw, 1024px\" \/><\/a><\/figure>\n\n\n\n<p>Contrairement \u00e0 la derni\u00e8re fois, j&rsquo;ai toujours ma montre au poignet et je m&rsquo;aper\u00e7ois que je suis dans mes temps habituels et je ne m&rsquo;explique toujours pas la performance que j&rsquo;avais fait il y a 2 ans sur le XL et sur le triathlon M de la Madine. Cela fait pr\u00e8s de 2 ans que je n&rsquo;ai pas mis le pied dans une piscine couverte donc le r\u00e9sultat n&rsquo;est pas si mal.<\/p>\n\n\n\n<p>Je monte sur le v\u00e9lo motiv\u00e9, je sais que la diff\u00e9rence se fera l\u00e0, je connais cette mont\u00e9e par coeur, c&rsquo;est la troisi\u00e8me fois que je fais ce triathlon en comptant 3 passages \u00e0 chaque fois, cela me permet d&rsquo;anticiper les parties plus difficiles.<\/p>\n\n\n\n<p>Aujourd&rsquo;hui, j&rsquo;ai pris mon compteur <a href=\"\/blog\/test\/montre-gps\/garmin\"target=\"_top\" title=\"montre garmin\" >Garmin<\/a> Edge 1030 sur le v\u00e9lo en ayant t\u00e9l\u00e9charg\u00e9 au pr\u00e9alable le parcours du trac\u00e9. Cela permet de voir plus pr\u00e9cis\u00e9ment l&rsquo;effort \u00e0 fournir avec la fonctionnalit\u00e9 ClimbPro. C&rsquo;est largement plus fiable que le spectateur qui ne cesse de r\u00e9p\u00e9ter : \u00ab\u00a0c&rsquo;est bon tu y es presque\u00a0\u00bb.<\/p>\n\n\n\n<p>Le premier tour se passe tr\u00e8s bien, au d\u00e9but du deuxi\u00e8me tour, j&rsquo;ai l&rsquo;honneur de me faire prendre un tour par l&rsquo;une des meilleurs triathl\u00e8tes fran\u00e7aises longue distance : Charlotte Morel. Je l&rsquo;encourage en pensant qu&rsquo;elle est en train d&rsquo;enchainer les deux courses du week-end (triathlon XL le samedi et triathlon DO le dimanche) et qu&rsquo;elle sera sur l&rsquo;ironman 70.3 de Nice le week-end suivant.<\/p>\n\n\n\n<p>La deuxi\u00e8me mont\u00e9e se passe mieux que la premi\u00e8re (il faut dire que la premi\u00e8re commence apr\u00e8s seulement quelques centaines de m\u00e8tres sur le v\u00e9lo). En arrivant dans la derni\u00e8re partie du col, l\u00e0 o\u00f9 les pourcentages sont les plus \u00e9lev\u00e9s (environ 15%), j&rsquo;ai remercie mon pignon de 32 dents \u00e0 l&rsquo;arri\u00e8re quand je vois de nombreux coureurs poser le pied \u00e0 terre et en plus je passe en force avec les fesses coll\u00e9es \u00e0 la selle.<\/p>\n\n\n\n<figure class=\"wp-block-image size-large\"><a href=\"https:\/\/www.wanarun.net\/blog\/wp-content\/uploads\/2021\/09\/velo-tri-gerardmer-2021-1.jpg\"><img loading=\"lazy\" width=\"1024\" height=\"683\" src=\"https:\/\/www.wanarun.net\/blog\/wp-content\/uploads\/2021\/09\/velo-tri-gerardmer-2021-1-1024x683.jpg\" alt=\"\" class=\"wp-image-71458\" srcset=\"https:\/\/www.wanarun.net\/blog\/wp-content\/uploads\/2021\/09\/velo-tri-gerardmer-2021-1-1024x683.jpg 1024w, https:\/\/www.wanarun.net\/blog\/wp-content\/uploads\/2021\/09\/velo-tri-gerardmer-2021-1-300x200.jpg 300w, https:\/\/www.wanarun.net\/blog\/wp-content\/uploads\/2021\/09\/velo-tri-gerardmer-2021-1-768x512.jpg 768w, https:\/\/www.wanarun.net\/blog\/wp-content\/uploads\/2021\/09\/velo-tri-gerardmer-2021-1-150x100.jpg 150w, https:\/\/www.wanarun.net\/blog\/wp-content\/uploads\/2021\/09\/velo-tri-gerardmer-2021-1-620x413.jpg 620w, https:\/\/www.wanarun.net\/blog\/wp-content\/uploads\/2021\/09\/velo-tri-gerardmer-2021-1.jpg 1200w\" sizes=\"(max-width: 1024px) 100vw, 1024px\" \/><\/a><\/figure>\n\n\n\n<p>La derni\u00e8re mont\u00e9e est un peu plus rude, les spectateurs commencent \u00e0 se diriger vers la partie course \u00e0 pied, les encouragements sont moins nourris et la fatigue commence \u00e0 se faire sentir. J&rsquo;en profite pour bien boire, m&rsquo;alimenter pour faire une bonne course \u00e0 pied. <\/p>\n\n\n\n<p>Dans la descente, un peu technique, je me retrouve derri\u00e8re la voiture balai car je dois lui prendre un tour, un peu difficile de la d\u00e9passer dans ces petites routes de montagnes, je perd un peu de temps mais je passe finalement sans encombre.<\/p>\n\n\n\n<p>J&rsquo;ai bien r\u00e9cup\u00e9r\u00e9 dans la derni\u00e8re partie de la boucle et quel plaisir de passer en v\u00e9lo \u00e0 pr\u00e8s de 60 km\/h en entrant dans la ville de G\u00e9rardmer devant la gendarmerie alors que c&rsquo;est habituellement limit\u00e9 \u00e0 50 km\/h. Les routes sont enti\u00e8rement ferm\u00e9es pour l&rsquo;occasion et c&rsquo;est un luxe dont je profite largement en utilisant toute la largeur de la chauss\u00e9e.<\/p>\n\n\n\n<figure class=\"wp-block-image size-large\"><a href=\"https:\/\/www.wanarun.net\/blog\/wp-content\/uploads\/2021\/09\/parc-velo.jpg\"><img loading=\"lazy\" width=\"1024\" height=\"576\" src=\"https:\/\/www.wanarun.net\/blog\/wp-content\/uploads\/2021\/09\/parc-velo-1024x576.jpg\" alt=\"\" class=\"wp-image-71460\" srcset=\"https:\/\/www.wanarun.net\/blog\/wp-content\/uploads\/2021\/09\/parc-velo-1024x576.jpg 1024w, https:\/\/www.wanarun.net\/blog\/wp-content\/uploads\/2021\/09\/parc-velo-300x169.jpg 300w, https:\/\/www.wanarun.net\/blog\/wp-content\/uploads\/2021\/09\/parc-velo-768x432.jpg 768w, https:\/\/www.wanarun.net\/blog\/wp-content\/uploads\/2021\/09\/parc-velo-150x84.jpg 150w, https:\/\/www.wanarun.net\/blog\/wp-content\/uploads\/2021\/09\/parc-velo-620x349.jpg 620w, https:\/\/www.wanarun.net\/blog\/wp-content\/uploads\/2021\/09\/parc-velo.jpg 1200w\" sizes=\"(max-width: 1024px) 100vw, 1024px\" \/><\/a><\/figure>\n\n\n\n<p>Aujourd&rsquo;hui, je profite de l&rsquo;occasion pour tester en conditions de course, les <a href=\"https:\/\/www.wanarun.net\/blog\/nike-alphafly-71351.html\">Nike Alphafly<\/a>, j&rsquo;ai d&rsquo;excellents ressentis avec ce mod\u00e8le, il y a trois ans sur ce m\u00eame parcours, j&rsquo;\u00e9tais en excellente forme. La comparaison sera donc int\u00e9ressante. <\/p>\n\n\n\n<p>Le parcours est constitu\u00e9 de 2 tours d&rsquo;un peu plus de 5 km pour un total de 10.5 km environ et surtout plus de 130 m\u00e8tres de d\u00e9nivel\u00e9 positif, c&rsquo;est tr\u00e8s loin d&rsquo;\u00eatre une ballade tranquille en bord de lac. D\u00e8s le d\u00e9but, les sensations se confirment. J&rsquo;avais fait un petit test sur 10 kilom\u00e8tres dans la semaine avec les <a href=\"https:\/\/www.wanarun.net\/blog\/nike-zoomx-invincible-run-71091.html\">Nike Invincible Run<\/a> et je trouve que la mousse ZoomX me correspond bien. La transition v\u00e9lo &#8211; course \u00e0 pied se passe tr\u00e8s bien, les jambes r\u00e9pondent tout de suite. Je ne fixe pas de rythme car le parcours est accident\u00e9, je fais tous \u00e0 la sensation, j&rsquo;essaye de ne pas trop ralentir dans les mont\u00e9es et je d\u00e9roule un peu plus dans les descentes.<\/p>\n\n\n\n<figure class=\"wp-block-image size-large\"><a href=\"https:\/\/www.wanarun.net\/blog\/wp-content\/uploads\/2021\/09\/passage-ponton-tri-gerardmer-2021-scaled.jpg\"><img loading=\"lazy\" width=\"1024\" height=\"683\" src=\"https:\/\/www.wanarun.net\/blog\/wp-content\/uploads\/2021\/09\/passage-ponton-tri-gerardmer-2021-1024x683.jpg\" alt=\"\" class=\"wp-image-71461\" srcset=\"https:\/\/www.wanarun.net\/blog\/wp-content\/uploads\/2021\/09\/passage-ponton-tri-gerardmer-2021-1024x683.jpg 1024w, https:\/\/www.wanarun.net\/blog\/wp-content\/uploads\/2021\/09\/passage-ponton-tri-gerardmer-2021-300x200.jpg 300w, https:\/\/www.wanarun.net\/blog\/wp-content\/uploads\/2021\/09\/passage-ponton-tri-gerardmer-2021-768x512.jpg 768w, https:\/\/www.wanarun.net\/blog\/wp-content\/uploads\/2021\/09\/passage-ponton-tri-gerardmer-2021-1536x1024.jpg 1536w, https:\/\/www.wanarun.net\/blog\/wp-content\/uploads\/2021\/09\/passage-ponton-tri-gerardmer-2021-2048x1366.jpg 2048w, https:\/\/www.wanarun.net\/blog\/wp-content\/uploads\/2021\/09\/passage-ponton-tri-gerardmer-2021-150x100.jpg 150w, https:\/\/www.wanarun.net\/blog\/wp-content\/uploads\/2021\/09\/passage-ponton-tri-gerardmer-2021-620x413.jpg 620w\" sizes=\"(max-width: 1024px) 100vw, 1024px\" \/><\/a><\/figure>\n\n\n\n<p>D\u00e8s le d\u00e9but, je double pas mal mais entre ceux qui sont en avance d&rsquo;un tour et ceux qui sont dans mon tour c&rsquo;est difficile de dire o\u00f9 j&rsquo;en suis. Dans les faux plats descendants, je me surprend \u00e0 doubler \u00e0 des vitesses inhabituelles et le cardio est toujours dans la bonne fourchette, j&rsquo;approche tout de m\u00eame les 3 heures de course.<\/p>\n\n\n\n<p>Au fur et \u00e0 mesure des kilom\u00e8tres, je double un certain nombre de coureurs, il faut dire qu&rsquo;avec ma natation plus que m\u00e9diocre je ne peux que remonter. Je prends le temps de m&rsquo;alimenter aux nombreux ravitaillements (4 sur un dix kilom\u00e8tres c&rsquo;est important de le signaler). <\/p>\n\n\n\n<p>Je finis en bon \u00e9tat, fatigu\u00e9 mais pas \u00e0 bout, avec 6 minutes de mieux que lors de ma derni\u00e8re venue sur le DO en 2018. 3 minutes de mieux en v\u00e9lo et 3 minutes de mieux en course \u00e0 pied et ce malgr\u00e9 3 ann\u00e9es de plus&#8230; et des ann\u00e9es au del\u00e0 de 40 ans.<\/p>\n\n\n\n<p>A l&rsquo;arriv\u00e9e, Bernard Charbonnier est toujours l\u00e0 pour vous f\u00e9liciter du premier au dernier de l&rsquo;\u00e9preuve. <\/p>\n\n\n\n<p>Pour cette cinqui\u00e8me participation, tout a \u00e9t\u00e9 parfait et ce malgr\u00e9 les contraintes sanitaires, l&rsquo;organisation est toujours au top et pour avoir participer \u00e0 des nombreuses courses, ce triathlon reste pour moi une r\u00e9f\u00e9rence : ambiance, parcours, ravitaillement pendant et apr\u00e8s la course, des b\u00e9n\u00e9voles gentils et souriants (m\u00eame derri\u00e8re le masque), des encouragements tout au long de la course,&#8230; c&rsquo;est vraiment un \u00e9v\u00e9nement unique.<\/p>\n\n\n\n<p>Il va s&rsquo;en dire que je serai l\u00e0 l&rsquo;an prochain s\u00fbrement sur le XL, cette fois, j&rsquo;ai envie de rego\u00fbter \u00e0 la longue distance et je vais essayer de faire un gros travail sur le v\u00e9lo pendant la saison hivernale pour gagner du temps sur le v\u00e9lo en 2022.<\/p>\n\n\n\n<p>Si vous voulez vous inscrire, les inscriptions se d\u00e9roulent d\u00e9but octobre et les dossards partent en quelques minutes alors accrochez vous. Je vous invite \u00e0 suivre le triathlon de G\u00e9rardmer sur les r\u00e9seaux sociaux.<\/p>\n\n\n\n<p>Encore merci G\u00e9rardmer et \u00e0 bient\u00f4t ! Et hop un petit saut \u00e0 la fin car je suis content de passer cette ligne encore une fois !<\/p>\n\n\n\n<figure class=\"wp-block-image size-large\"><a href=\"https:\/\/www.wanarun.net\/blog\/wp-content\/uploads\/2021\/09\/saut-fin-tri-gerardmer-2021.jpg\"><img loading=\"lazy\" width=\"1024\" height=\"682\" src=\"https:\/\/www.wanarun.net\/blog\/wp-content\/uploads\/2021\/09\/saut-fin-tri-gerardmer-2021-1024x682.jpg\" alt=\"\" class=\"wp-image-71462\" srcset=\"https:\/\/www.wanarun.net\/blog\/wp-content\/uploads\/2021\/09\/saut-fin-tri-gerardmer-2021-1024x682.jpg 1024w, https:\/\/www.wanarun.net\/blog\/wp-content\/uploads\/2021\/09\/saut-fin-tri-gerardmer-2021-300x200.jpg 300w, https:\/\/www.wanarun.net\/blog\/wp-content\/uploads\/2021\/09\/saut-fin-tri-gerardmer-2021-768x511.jpg 768w, https:\/\/www.wanarun.net\/blog\/wp-content\/uploads\/2021\/09\/saut-fin-tri-gerardmer-2021-150x100.jpg 150w, https:\/\/www.wanarun.net\/blog\/wp-content\/uploads\/2021\/09\/saut-fin-tri-gerardmer-2021-620x413.jpg 620w, https:\/\/www.wanarun.net\/blog\/wp-content\/uploads\/2021\/09\/saut-fin-tri-gerardmer-2021.jpg 1200w\" sizes=\"(max-width: 1024px) 100vw, 1024px\" \/><\/a><\/figure>\n\n\n\n<p><\/p>\n\n\n\n<p>    <\/p>\n","protected":false},"excerpt":{"rendered":"<a href=\"https:\/\/www.wanarun.net\/blog\/triathlon-de-gerardmer-2021-le-retour-dans-la-rayee-71446.html\"><img width=\"150\" height=\"150\" src=\"https:\/\/www.wanarun.net\/blog\/wp-content\/uploads\/2021\/09\/passage-ponton-tri-gerardmer-2021-150x150.jpg\" class=\"alignleft tfe wp-post-image\" alt=\"\" loading=\"lazy\" srcset=\"https:\/\/www.wanarun.net\/blog\/wp-content\/uploads\/2021\/09\/passage-ponton-tri-gerardmer-2021-150x150.jpg 150w, https:\/\/www.wanarun.net\/blog\/wp-content\/uploads\/2021\/09\/passage-ponton-tri-gerardmer-2021-100x100.jpg 100w\" sizes=\"(max-width: 150px) 100vw, 150px\" \/><\/a><p>Tout commence lors d&rsquo;une magnifique journ\u00e9e ensoleill\u00e9e au coeur des Vosges, la perle des Vosges (le surnom de la ville de G\u00e9rardmer) est en mode sportif tout le week-end, comme tous les premiers dimanches du mois de septembre depuis plus de 30 ans. C&rsquo;est ma cinqui\u00e8me participation \u00e0 l&rsquo;une des 3 \u00e9preuves. Cette ann\u00e9e (enfin [&hellip;]<\/p>\n","protected":false},"author":1,"featured_media":71461,"comment_status":"open","ping_status":"open","sticky":false,"template":"","format":"standard","meta":[],"categories":[1227,7],"tags":[],"yoast_head":"<!-- This site is optimized with the Yoast SEO plugin v18.9 - https:\/\/yoast.com\/wordpress\/plugins\/seo\/ -->\n<title>Triathlon de G\u00e9rardmer 2021 : le retour dans la ray\u00e9e<\/title>\n<meta name=\"description\" content=\"Tout commence lors d&#039;une magnifique journ\u00e9e ensoleill\u00e9e au coeur des Vosges, la perle des Vosges (le surnom de la ville de G\u00e9rardmer) est en mode sportif\" \/>\n<meta name=\"robots\" content=\"index, follow, max-snippet:-1, max-image-preview:large, max-video-preview:-1\" \/>\n<link rel=\"canonical\" href=\"https:\/\/www.wanarun.net\/blog\/triathlon-de-gerardmer-2021-le-retour-dans-la-rayee-71446.html\" \/>\n<meta property=\"og:locale\" content=\"fr_FR\" \/>\n<meta property=\"og:type\" content=\"article\" \/>\n<meta property=\"og:title\" content=\"Triathlon de G\u00e9rardmer 2021 : le retour dans la ray\u00e9e\" \/>\n<meta property=\"og:description\" content=\"Tout commence lors d&#039;une magnifique journ\u00e9e ensoleill\u00e9e au coeur des Vosges, la perle des Vosges (le surnom de la ville de G\u00e9rardmer) est en mode sportif\" \/>\n<meta property=\"og:url\" content=\"https:\/\/www.wanarun.net\/blog\/triathlon-de-gerardmer-2021-le-retour-dans-la-rayee-71446.html\" \/>\n<meta property=\"og:site_name\" content=\"Wanarun, le blog du running, du trail et de la course \u00e0 pied\" \/>\n<meta property=\"article:publisher\" content=\"https:\/\/www.facebook.com\/wanarun\/\" \/>\n<meta property=\"article:published_time\" content=\"2021-09-10T09:59:04+00:00\" \/>\n<meta property=\"og:image\" content=\"https:\/\/www.wanarun.net\/blog\/wp-content\/uploads\/2021\/09\/passage-ponton-tri-gerardmer-2021-scaled.jpg\" \/>\n\t<meta property=\"og:image:width\" content=\"2560\" \/>\n\t<meta property=\"og:image:height\" content=\"1707\" \/>\n\t<meta property=\"og:image:type\" content=\"image\/jpeg\" \/>\n<meta name=\"twitter:label1\" content=\"\u00c9crit par\" \/>\n\t<meta name=\"twitter:data1\" content=\"Manu\" \/>\n\t<meta name=\"twitter:label2\" content=\"Dur\u00e9e de lecture estim\u00e9e\" \/>\n\t<meta name=\"twitter:data2\" content=\"7 minutes\" \/>\n<script type=\"application\/ld+json\" class=\"yoast-schema-graph\">{\"@context\":\"https:\/\/schema.org\",\"@graph\":[{\"@type\":\"Organization\",\"@id\":\"https:\/\/www.wanarun.net\/blog\/#organization\",\"name\":\"Wanarun\",\"url\":\"https:\/\/www.wanarun.net\/blog\/\",\"sameAs\":[\"https:\/\/www.instagram.com\/wanarunnet\/\",\"https:\/\/www.youtube.com\/user\/wanarunnet\",\"https:\/\/www.facebook.com\/wanarun\/\",\"https:\/\/twitter.com\/wanarun\"],\"logo\":{\"@type\":\"ImageObject\",\"inLanguage\":\"fr-FR\",\"@id\":\"https:\/\/www.wanarun.net\/blog\/#\/schema\/logo\/image\/\",\"url\":\"https:\/\/www.wanarun.net\/blog\/wp-content\/uploads\/2018\/03\/logo-wanarun.jpg\",\"contentUrl\":\"https:\/\/www.wanarun.net\/blog\/wp-content\/uploads\/2018\/03\/logo-wanarun.jpg\",\"width\":1196,\"height\":1082,\"caption\":\"Wanarun\"},\"image\":{\"@id\":\"https:\/\/www.wanarun.net\/blog\/#\/schema\/logo\/image\/\"}},{\"@type\":\"WebSite\",\"@id\":\"https:\/\/www.wanarun.net\/blog\/#website\",\"url\":\"https:\/\/www.wanarun.net\/blog\/\",\"name\":\"Wanarun, le blog du running, du trail et de la course \u00e0 pied\",\"description\":\"Informations, remarques, avis, conseils sur la course \u00e0 pied.\",\"publisher\":{\"@id\":\"https:\/\/www.wanarun.net\/blog\/#organization\"},\"potentialAction\":[{\"@type\":\"SearchAction\",\"target\":{\"@type\":\"EntryPoint\",\"urlTemplate\":\"https:\/\/www.wanarun.net\/blog\/?s={search_term_string}\"},\"query-input\":\"required name=search_term_string\"}],\"inLanguage\":\"fr-FR\"},{\"@type\":\"ImageObject\",\"inLanguage\":\"fr-FR\",\"@id\":\"https:\/\/www.wanarun.net\/blog\/triathlon-de-gerardmer-2021-le-retour-dans-la-rayee-71446.html#primaryimage\",\"url\":\"https:\/\/www.wanarun.net\/blog\/wp-content\/uploads\/2021\/09\/passage-ponton-tri-gerardmer-2021-scaled.jpg\",\"contentUrl\":\"https:\/\/www.wanarun.net\/blog\/wp-content\/uploads\/2021\/09\/passage-ponton-tri-gerardmer-2021-scaled.jpg\",\"width\":2560,\"height\":1707},{\"@type\":\"WebPage\",\"@id\":\"https:\/\/www.wanarun.net\/blog\/triathlon-de-gerardmer-2021-le-retour-dans-la-rayee-71446.html#webpage\",\"url\":\"https:\/\/www.wanarun.net\/blog\/triathlon-de-gerardmer-2021-le-retour-dans-la-rayee-71446.html\",\"name\":\"Triathlon de G\u00e9rardmer 2021 : le retour dans la ray\u00e9e\",\"isPartOf\":{\"@id\":\"https:\/\/www.wanarun.net\/blog\/#website\"},\"primaryImageOfPage\":{\"@id\":\"https:\/\/www.wanarun.net\/blog\/triathlon-de-gerardmer-2021-le-retour-dans-la-rayee-71446.html#primaryimage\"},\"datePublished\":\"2021-09-10T09:59:04+00:00\",\"dateModified\":\"2021-09-10T09:59:04+00:00\",\"description\":\"Tout commence lors d'une magnifique journ\u00e9e ensoleill\u00e9e au coeur des Vosges, la perle des Vosges (le surnom de la ville de G\u00e9rardmer) est en mode sportif\",\"breadcrumb\":{\"@id\":\"https:\/\/www.wanarun.net\/blog\/triathlon-de-gerardmer-2021-le-retour-dans-la-rayee-71446.html#breadcrumb\"},\"inLanguage\":\"fr-FR\",\"potentialAction\":[{\"@type\":\"ReadAction\",\"target\":[\"https:\/\/www.wanarun.net\/blog\/triathlon-de-gerardmer-2021-le-retour-dans-la-rayee-71446.html\"]}]},{\"@type\":\"BreadcrumbList\",\"@id\":\"https:\/\/www.wanarun.net\/blog\/triathlon-de-gerardmer-2021-le-retour-dans-la-rayee-71446.html#breadcrumb\",\"itemListElement\":[{\"@type\":\"ListItem\",\"position\":1,\"name\":\"Triathlon de G\u00e9rardmer 2021 : le retour dans la ray\u00e9e\"}]},{\"@type\":\"Article\",\"@id\":\"https:\/\/www.wanarun.net\/blog\/triathlon-de-gerardmer-2021-le-retour-dans-la-rayee-71446.html#article\",\"isPartOf\":{\"@id\":\"https:\/\/www.wanarun.net\/blog\/triathlon-de-gerardmer-2021-le-retour-dans-la-rayee-71446.html#webpage\"},\"author\":{\"@id\":\"https:\/\/www.wanarun.net\/blog\/#\/schema\/person\/bfb3bc166306771639fdc2bc6ac79771\"},\"headline\":\"Triathlon de G\u00e9rardmer 2021 : le retour dans la ray\u00e9e\",\"datePublished\":\"2021-09-10T09:59:04+00:00\",\"dateModified\":\"2021-09-10T09:59:04+00:00\",\"mainEntityOfPage\":{\"@id\":\"https:\/\/www.wanarun.net\/blog\/triathlon-de-gerardmer-2021-le-retour-dans-la-rayee-71446.html#webpage\"},\"wordCount\":1469,\"commentCount\":0,\"publisher\":{\"@id\":\"https:\/\/www.wanarun.net\/blog\/#organization\"},\"image\":{\"@id\":\"https:\/\/www.wanarun.net\/blog\/triathlon-de-gerardmer-2021-le-retour-dans-la-rayee-71446.html#primaryimage\"},\"thumbnailUrl\":\"https:\/\/www.wanarun.net\/blog\/wp-content\/uploads\/2021\/09\/passage-ponton-tri-gerardmer-2021-scaled.jpg\",\"articleSection\":[\"Compte-rendu\",\"Course\"],\"inLanguage\":\"fr-FR\",\"potentialAction\":[{\"@type\":\"CommentAction\",\"name\":\"Comment\",\"target\":[\"https:\/\/www.wanarun.net\/blog\/triathlon-de-gerardmer-2021-le-retour-dans-la-rayee-71446.html#respond\"]}]},{\"@type\":\"Person\",\"@id\":\"https:\/\/www.wanarun.net\/blog\/#\/schema\/person\/bfb3bc166306771639fdc2bc6ac79771\",\"name\":\"Manu\",\"image\":{\"@type\":\"ImageObject\",\"inLanguage\":\"fr-FR\",\"@id\":\"https:\/\/www.wanarun.net\/blog\/#\/schema\/person\/image\/\",\"url\":\"https:\/\/secure.gravatar.com\/avatar\/717b7c28298e2900c61bceb611a4918a?s=96&d=mm&r=g\",\"contentUrl\":\"https:\/\/secure.gravatar.com\/avatar\/717b7c28298e2900c61bceb611a4918a?s=96&d=mm&r=g\",\"caption\":\"Manu\"},\"sameAs\":[\"https:\/\/www.wanarun.net\"],\"url\":\"https:\/\/www.wanarun.net\/blog\/author\/admin\"}]}<\/script>\n<!-- \/ Yoast SEO plugin. -->","yoast_head_json":{"title":"Triathlon de G\u00e9rardmer 2021 : le retour dans la ray\u00e9e","description":"Tout commence lors d'une magnifique journ\u00e9e ensoleill\u00e9e au coeur des Vosges, la perle des Vosges (le surnom de la ville de G\u00e9rardmer) est en mode sportif","robots":{"index":"index","follow":"follow","max-snippet":"max-snippet:-1","max-image-preview":"max-image-preview:large","max-video-preview":"max-video-preview:-1"},"canonical":"https:\/\/www.wanarun.net\/blog\/triathlon-de-gerardmer-2021-le-retour-dans-la-rayee-71446.html","og_locale":"fr_FR","og_type":"article","og_title":"Triathlon de G\u00e9rardmer 2021 : le retour dans la ray\u00e9e","og_description":"Tout commence lors d'une magnifique journ\u00e9e ensoleill\u00e9e au coeur des Vosges, la perle des Vosges (le surnom de la ville de G\u00e9rardmer) est en mode sportif","og_url":"https:\/\/www.wanarun.net\/blog\/triathlon-de-gerardmer-2021-le-retour-dans-la-rayee-71446.html","og_site_name":"Wanarun, le blog du running, du trail et de la course \u00e0 pied","article_publisher":"https:\/\/www.facebook.com\/wanarun\/","article_published_time":"2021-09-10T09:59:04+00:00","og_image":[{"width":2560,"height":1707,"url":"https:\/\/www.wanarun.net\/blog\/wp-content\/uploads\/2021\/09\/passage-ponton-tri-gerardmer-2021-scaled.jpg","type":"image\/jpeg"}],"twitter_misc":{"\u00c9crit par":"Manu","Dur\u00e9e de lecture estim\u00e9e":"7 minutes"},"schema":{"@context":"https:\/\/schema.org","@graph":[{"@type":"Organization","@id":"https:\/\/www.wanarun.net\/blog\/#organization","name":"Wanarun","url":"https:\/\/www.wanarun.net\/blog\/","sameAs":["https:\/\/www.instagram.com\/wanarunnet\/","https:\/\/www.youtube.com\/user\/wanarunnet","https:\/\/www.facebook.com\/wanarun\/","https:\/\/twitter.com\/wanarun"],"logo":{"@type":"ImageObject","inLanguage":"fr-FR","@id":"https:\/\/www.wanarun.net\/blog\/#\/schema\/logo\/image\/","url":"https:\/\/www.wanarun.net\/blog\/wp-content\/uploads\/2018\/03\/logo-wanarun.jpg","contentUrl":"https:\/\/www.wanarun.net\/blog\/wp-content\/uploads\/2018\/03\/logo-wanarun.jpg","width":1196,"height":1082,"caption":"Wanarun"},"image":{"@id":"https:\/\/www.wanarun.net\/blog\/#\/schema\/logo\/image\/"}},{"@type":"WebSite","@id":"https:\/\/www.wanarun.net\/blog\/#website","url":"https:\/\/www.wanarun.net\/blog\/","name":"Wanarun, le blog du running, du trail et de la course \u00e0 pied","description":"Informations, remarques, avis, conseils sur la course \u00e0 pied.","publisher":{"@id":"https:\/\/www.wanarun.net\/blog\/#organization"},"potentialAction":[{"@type":"SearchAction","target":{"@type":"EntryPoint","urlTemplate":"https:\/\/www.wanarun.net\/blog\/?s={search_term_string}"},"query-input":"required name=search_term_string"}],"inLanguage":"fr-FR"},{"@type":"ImageObject","inLanguage":"fr-FR","@id":"https:\/\/www.wanarun.net\/blog\/triathlon-de-gerardmer-2021-le-retour-dans-la-rayee-71446.html#primaryimage","url":"https:\/\/www.wanarun.net\/blog\/wp-content\/uploads\/2021\/09\/passage-ponton-tri-gerardmer-2021-scaled.jpg","contentUrl":"https:\/\/www.wanarun.net\/blog\/wp-content\/uploads\/2021\/09\/passage-ponton-tri-gerardmer-2021-scaled.jpg","width":2560,"height":1707},{"@type":"WebPage","@id":"https:\/\/www.wanarun.net\/blog\/triathlon-de-gerardmer-2021-le-retour-dans-la-rayee-71446.html#webpage","url":"https:\/\/www.wanarun.net\/blog\/triathlon-de-gerardmer-2021-le-retour-dans-la-rayee-71446.html","name":"Triathlon de G\u00e9rardmer 2021 : le retour dans la ray\u00e9e","isPartOf":{"@id":"https:\/\/www.wanarun.net\/blog\/#website"},"primaryImageOfPage":{"@id":"https:\/\/www.wanarun.net\/blog\/triathlon-de-gerardmer-2021-le-retour-dans-la-rayee-71446.html#primaryimage"},"datePublished":"2021-09-10T09:59:04+00:00","dateModified":"2021-09-10T09:59:04+00:00","description":"Tout commence lors d'une magnifique journ\u00e9e ensoleill\u00e9e au coeur des Vosges, la perle des Vosges (le surnom de la ville de G\u00e9rardmer) est en mode sportif","breadcrumb":{"@id":"https:\/\/www.wanarun.net\/blog\/triathlon-de-gerardmer-2021-le-retour-dans-la-rayee-71446.html#breadcrumb"},"inLanguage":"fr-FR","potentialAction":[{"@type":"ReadAction","target":["https:\/\/www.wanarun.net\/blog\/triathlon-de-gerardmer-2021-le-retour-dans-la-rayee-71446.html"]}]},{"@type":"BreadcrumbList","@id":"https:\/\/www.wanarun.net\/blog\/triathlon-de-gerardmer-2021-le-retour-dans-la-rayee-71446.html#breadcrumb","itemListElement":[{"@type":"ListItem","position":1,"name":"Triathlon de G\u00e9rardmer 2021 : le retour dans la ray\u00e9e"}]},{"@type":"Article","@id":"https:\/\/www.wanarun.net\/blog\/triathlon-de-gerardmer-2021-le-retour-dans-la-rayee-71446.html#article","isPartOf":{"@id":"https:\/\/www.wanarun.net\/blog\/triathlon-de-gerardmer-2021-le-retour-dans-la-rayee-71446.html#webpage"},"author":{"@id":"https:\/\/www.wanarun.net\/blog\/#\/schema\/person\/bfb3bc166306771639fdc2bc6ac79771"},"headline":"Triathlon de G\u00e9rardmer 2021 : le retour dans la ray\u00e9e","datePublished":"2021-09-10T09:59:04+00:00","dateModified":"2021-09-10T09:59:04+00:00","mainEntityOfPage":{"@id":"https:\/\/www.wanarun.net\/blog\/triathlon-de-gerardmer-2021-le-retour-dans-la-rayee-71446.html#webpage"},"wordCount":1469,"commentCount":0,"publisher":{"@id":"https:\/\/www.wanarun.net\/blog\/#organization"},"image":{"@id":"https:\/\/www.wanarun.net\/blog\/triathlon-de-gerardmer-2021-le-retour-dans-la-rayee-71446.html#primaryimage"},"thumbnailUrl":"https:\/\/www.wanarun.net\/blog\/wp-content\/uploads\/2021\/09\/passage-ponton-tri-gerardmer-2021-scaled.jpg","articleSection":["Compte-rendu","Course"],"inLanguage":"fr-FR","potentialAction":[{"@type":"CommentAction","name":"Comment","target":["https:\/\/www.wanarun.net\/blog\/triathlon-de-gerardmer-2021-le-retour-dans-la-rayee-71446.html#respond"]}]},{"@type":"Person","@id":"https:\/\/www.wanarun.net\/blog\/#\/schema\/person\/bfb3bc166306771639fdc2bc6ac79771","name":"Manu","image":{"@type":"ImageObject","inLanguage":"fr-FR","@id":"https:\/\/www.wanarun.net\/blog\/#\/schema\/person\/image\/","url":"https:\/\/secure.gravatar.com\/avatar\/717b7c28298e2900c61bceb611a4918a?s=96&d=mm&r=g","contentUrl":"https:\/\/secure.gravatar.com\/avatar\/717b7c28298e2900c61bceb611a4918a?s=96&d=mm&r=g","caption":"Manu"},"sameAs":["https:\/\/www.wanarun.net"],"url":"https:\/\/www.wanarun.net\/blog\/author\/admin"}]}},"_links":{"self":[{"href":"https:\/\/www.wanarun.net\/blog\/wp-json\/wp\/v2\/posts\/71446"}],"collection":[{"href":"https:\/\/www.wanarun.net\/blog\/wp-json\/wp\/v2\/posts"}],"about":[{"href":"https:\/\/www.wanarun.net\/blog\/wp-json\/wp\/v2\/types\/post"}],"author":[{"embeddable":true,"href":"https:\/\/www.wanarun.net\/blog\/wp-json\/wp\/v2\/users\/1"}],"replies":[{"embeddable":true,"href":"https:\/\/www.wanarun.net\/blog\/wp-json\/wp\/v2\/comments?post=71446"}],"version-history":[{"count":2,"href":"https:\/\/www.wanarun.net\/blog\/wp-json\/wp\/v2\/posts\/71446\/revisions"}],"predecessor-version":[{"id":71463,"href":"https:\/\/www.wanarun.net\/blog\/wp-json\/wp\/v2\/posts\/71446\/revisions\/71463"}],"wp:featuredmedia":[{"embeddable":true,"href":"https:\/\/www.wanarun.net\/blog\/wp-json\/wp\/v2\/media\/71461"}],"wp:attachment":[{"href":"https:\/\/www.wanarun.net\/blog\/wp-json\/wp\/v2\/media?parent=71446"}],"wp:term":[{"taxonomy":"category","embeddable":true,"href":"https:\/\/www.wanarun.net\/blog\/wp-json\/wp\/v2\/categories?post=71446"},{"taxonomy":"post_tag","embeddable":true,"href":"https:\/\/www.wanarun.net\/blog\/wp-json\/wp\/v2\/tags?post=71446"}],"curies":[{"name":"wp","href":"https:\/\/api.w.org\/{rel}","templated":true}]}}