{"id":70759,"date":"2020-08-26T09:06:09","date_gmt":"2020-08-26T08:06:09","guid":{"rendered":"https:\/\/www.wanarun.net\/blog\/?p=70759"},"modified":"2020-08-26T09:06:11","modified_gmt":"2020-08-26T08:06:11","slug":"petzl-iko-core","status":"publish","type":"post","link":"https:\/\/www.wanarun.net\/blog\/petzl-iko-core-70759.html","title":{"rendered":"Petzl Iko Core : du nouveau dans les lampes frontales"},"content":{"rendered":"\n<p>Inutile de pr\u00e9senter la marque fran\u00e7aise Petzl, elle fait figure de r\u00e9f\u00e9rence dans le milieu des lampes frontales mais aussi de nombreux domaines tr\u00e8s pointus comme l&rsquo;escalade et son mat\u00e9riel indispensable et vital. Depuis de nombreuses ann\u00e9es, Petzl ne cesse d&rsquo;innover avec des produits comme la <a href=\"https:\/\/www.wanarun.net\/blog\/petzl-nao-lampe-frontale-69648.html\">Petzl Nao+<\/a> (reactive lightning, r\u00e9glages bluetooth et toujours plus de puissance) et c&rsquo;est encore le cas avec la nouvelle Petzl Iko Core.<\/p>\n\n\n\n<p>Si la gestion de la batterie et par ricochet l&rsquo;autonomie est un point crucial, le design reste souvent assez standard. Alors quand la <strong>Petzl Iko Core<\/strong> est arriv\u00e9e, il y avait de quoi \u00eatre surpris.  <\/p>\n\n\n\n<p>Le design fait penser aux casques audio comme ceux de la marque <a href=\"https:\/\/www.wanarun.net\/blog\/trekz-air-daftershokz-le-test-59036.html\">AfterShokz<\/a>. Mais l&rsquo;arc de cercle est beaucoup plus souple qu&rsquo;il n&rsquo;y parait. Ce syst\u00e8me de couronne qui se pose sur le dessus du cr\u00e2ne est tr\u00e8s agr\u00e9able \u00e0 porter et facile \u00e0 r\u00e9gler.<\/p>\n\n\n\n<p>La lampe frontale Petzl Iko core est relativement l\u00e9g\u00e8re avec seulement 79 grammes (batterie compris) \u00e0 comparer aux 185 grammes d&rsquo;une Petzl Nao+ ou m\u00eame aux 100 grammes du Swift qui d\u00e9j\u00e0 relativement l\u00e9g\u00e8re.<\/p>\n\n\n\n<p>L&rsquo;autre sp\u00e9cificit\u00e9 est la r\u00e9partition des masses comme sur la Nao : batterie sur l&rsquo;arri\u00e8re du cr\u00e2ne et \u00e9clairage sur l&rsquo;avant. Cela renforce encore plus la sensation de l\u00e9g\u00e8ret\u00e9.   <\/p>\n\n\n\n<figure class=\"wp-block-image size-large\"><img loading=\"lazy\" width=\"1024\" height=\"768\" src=\"https:\/\/www.wanarun.net\/blog\/wp-content\/uploads\/2020\/08\/petzl-iko-core-1024x768.jpg\" alt=\"\" class=\"wp-image-70778\" srcset=\"https:\/\/www.wanarun.net\/blog\/wp-content\/uploads\/2020\/08\/petzl-iko-core-1024x768.jpg 1024w, https:\/\/www.wanarun.net\/blog\/wp-content\/uploads\/2020\/08\/petzl-iko-core-300x225.jpg 300w, https:\/\/www.wanarun.net\/blog\/wp-content\/uploads\/2020\/08\/petzl-iko-core-768x576.jpg 768w, https:\/\/www.wanarun.net\/blog\/wp-content\/uploads\/2020\/08\/petzl-iko-core-150x113.jpg 150w, https:\/\/www.wanarun.net\/blog\/wp-content\/uploads\/2020\/08\/petzl-iko-core-620x465.jpg 620w, https:\/\/www.wanarun.net\/blog\/wp-content\/uploads\/2020\/08\/petzl-iko-core.jpg 1200w\" sizes=\"(max-width: 1024px) 100vw, 1024px\" \/><\/figure>\n\n\n\n<p>La nouveaut\u00e9 de ce mod\u00e8le est l&rsquo;utilisation de 7 LEDs pour produire la lumi\u00e8re sur deux types de faisceaux : large et pr\u00e9cis. Avec trois niveaux de puissances qui vous donneront 3 niveaux d&rsquo;autonomie. Pour \u00e9viter les mauvaises surprises la lampe est \u00e9quip\u00e9e d&rsquo;un syst\u00e8me de r\u00e9serve. <\/p>\n\n\n\n<ul><li>Autonomie maximum : 6 lumens durant 100 heures<\/li><li>Standard : 100 lumens durant 9h30 et 2h de r\u00e9serve<\/li><li>Puissance maximum : 500 lumens durant 2h30 et 3h de r\u00e9serve<\/li><\/ul>\n\n\n\n<p>La r\u00e9serve va vous permettre de ne pas \u00eatre dans le noir total mais vous n&rsquo;aurez que quelques lumens (un peu plus faible que le mode autonomie maximum).<\/p>\n\n\n\n<p>A noter que la batterie (une batterie Core interchangeable de 1250 mAh) peut \u00eatre facilement remplacer par une autre batterie ou remplacer par 3 piles LR03 \/ AAA.<\/p>\n\n\n\n<h2>Dans la bo\u00eete <\/h2>\n\n\n\n<p>Le contenu de la bo\u00eete est important car vous pourrez ainsi d\u00e9couvrir l&rsquo;une des fonctions cach\u00e9es de la nouvelle Petzl Iko Core. Vous trouverez : <\/p>\n\n\n\n<ul><li>la frontale<\/li><li>une c\u00e2ble de chargement micro USB<\/li><li>la documentation<\/li><li>un sac de rangement<\/li><\/ul>\n\n\n\n<figure class=\"wp-block-image size-large\"><img loading=\"lazy\" width=\"1024\" height=\"768\" src=\"https:\/\/www.wanarun.net\/blog\/wp-content\/uploads\/2020\/08\/unboxing-petzl-iko-core-1024x768.jpg\" alt=\"Unboxing Petzl iko core\" class=\"wp-image-70775\" srcset=\"https:\/\/www.wanarun.net\/blog\/wp-content\/uploads\/2020\/08\/unboxing-petzl-iko-core-1024x768.jpg 1024w, https:\/\/www.wanarun.net\/blog\/wp-content\/uploads\/2020\/08\/unboxing-petzl-iko-core-300x225.jpg 300w, https:\/\/www.wanarun.net\/blog\/wp-content\/uploads\/2020\/08\/unboxing-petzl-iko-core-768x576.jpg 768w, https:\/\/www.wanarun.net\/blog\/wp-content\/uploads\/2020\/08\/unboxing-petzl-iko-core-150x113.jpg 150w, https:\/\/www.wanarun.net\/blog\/wp-content\/uploads\/2020\/08\/unboxing-petzl-iko-core-620x465.jpg 620w, https:\/\/www.wanarun.net\/blog\/wp-content\/uploads\/2020\/08\/unboxing-petzl-iko-core.jpg 1200w\" sizes=\"(max-width: 1024px) 100vw, 1024px\" \/><\/figure>\n\n\n\n<p>Jusqu&rsquo;ici, il n&rsquo;y a rien d&rsquo;exceptionnel mais c&rsquo;est l&rsquo;occasion de voir comment on peut plier la frontale pour la ranger correctement dans le petit sac. Pour cela, il faut clipper la partie avant et la partie arri\u00e8re ensemble et ensuite plier les deux oreilles sur la partie centrale. Vous pourrez ainsi la ranger facilement.<\/p>\n\n\n\n<h2>La fonction cach\u00e9e de la Petzl Iko core<\/h2>\n\n\n\n<p>Le petit easter eggs de cette lampe ne saute pas aux yeux mais si vous regardez en d\u00e9tail le sac de rangement, vous serez peut \u00eatre surpris par la mati\u00e8re utilis\u00e9e : blanche, translucide.<\/p>\n\n\n\n<p>Le sac va servir de diffuseur pour votre lampe frontale, pour cela il suffit de  placer la fermeture du sac sur la base de la lampe et vous aurez ainsi une lanterne. <\/p>\n\n\n\n<figure class=\"wp-block-image size-large\"><img loading=\"lazy\" width=\"1024\" height=\"768\" src=\"https:\/\/www.wanarun.net\/blog\/wp-content\/uploads\/2020\/08\/petzl-iko-core-mode-lanterne-1024x768.jpg\" alt=\"installation lanterne Petzl Iko core\" class=\"wp-image-70777\" srcset=\"https:\/\/www.wanarun.net\/blog\/wp-content\/uploads\/2020\/08\/petzl-iko-core-mode-lanterne-1024x768.jpg 1024w, https:\/\/www.wanarun.net\/blog\/wp-content\/uploads\/2020\/08\/petzl-iko-core-mode-lanterne-300x225.jpg 300w, https:\/\/www.wanarun.net\/blog\/wp-content\/uploads\/2020\/08\/petzl-iko-core-mode-lanterne-768x576.jpg 768w, https:\/\/www.wanarun.net\/blog\/wp-content\/uploads\/2020\/08\/petzl-iko-core-mode-lanterne-150x113.jpg 150w, https:\/\/www.wanarun.net\/blog\/wp-content\/uploads\/2020\/08\/petzl-iko-core-mode-lanterne-620x465.jpg 620w, https:\/\/www.wanarun.net\/blog\/wp-content\/uploads\/2020\/08\/petzl-iko-core-mode-lanterne.jpg 1200w\" sizes=\"(max-width: 1024px) 100vw, 1024px\" \/><\/figure>\n\n\n\n<p>Une petite astuce qui ne servira sans doute pas pour courir mais c&rsquo;est unde id\u00e9e sympa et cela valait le coup de le souligner. <\/p>\n\n\n\n<figure class=\"wp-block-image size-large\"><img loading=\"lazy\" width=\"1024\" height=\"768\" src=\"https:\/\/www.wanarun.net\/blog\/wp-content\/uploads\/2020\/08\/petzl-iko-core-lanterne-1024x768.jpg\" alt=\"lanterne petzl iko core\" class=\"wp-image-70773\" srcset=\"https:\/\/www.wanarun.net\/blog\/wp-content\/uploads\/2020\/08\/petzl-iko-core-lanterne-1024x768.jpg 1024w, https:\/\/www.wanarun.net\/blog\/wp-content\/uploads\/2020\/08\/petzl-iko-core-lanterne-300x225.jpg 300w, https:\/\/www.wanarun.net\/blog\/wp-content\/uploads\/2020\/08\/petzl-iko-core-lanterne-768x576.jpg 768w, https:\/\/www.wanarun.net\/blog\/wp-content\/uploads\/2020\/08\/petzl-iko-core-lanterne-150x113.jpg 150w, https:\/\/www.wanarun.net\/blog\/wp-content\/uploads\/2020\/08\/petzl-iko-core-lanterne-620x465.jpg 620w, https:\/\/www.wanarun.net\/blog\/wp-content\/uploads\/2020\/08\/petzl-iko-core-lanterne.jpg 1200w\" sizes=\"(max-width: 1024px) 100vw, 1024px\" \/><\/figure>\n\n\n\n<p>A noter que dans la liste des utilisations alternatives, vous pouvez porter la lampe comme un collier pour \u00e9clairer devant vous.<\/p>\n\n\n\n<figure class=\"wp-block-image size-large\"><a href=\"https:\/\/www.i-run.fr\/electronique\/Lampe-frontale-eclairage_c1010\/Petzl_m106\/Petzl-Iko-Core_Petzl_fiche_97060.html\"><img loading=\"lazy\" width=\"688\" height=\"216\" src=\"https:\/\/www.wanarun.net\/blog\/wp-content\/uploads\/2020\/08\/produit-disponiblepetzl-iko-core.jpg\" alt=\"produit disponible\" class=\"wp-image-70779\" srcset=\"https:\/\/www.wanarun.net\/blog\/wp-content\/uploads\/2020\/08\/produit-disponiblepetzl-iko-core.jpg 688w, https:\/\/www.wanarun.net\/blog\/wp-content\/uploads\/2020\/08\/produit-disponiblepetzl-iko-core-300x94.jpg 300w, https:\/\/www.wanarun.net\/blog\/wp-content\/uploads\/2020\/08\/produit-disponiblepetzl-iko-core-150x47.jpg 150w, https:\/\/www.wanarun.net\/blog\/wp-content\/uploads\/2020\/08\/produit-disponiblepetzl-iko-core-620x195.jpg 620w\" sizes=\"(max-width: 688px) 100vw, 688px\" \/><\/a><\/figure>\n","protected":false},"excerpt":{"rendered":"<a href=\"https:\/\/www.wanarun.net\/blog\/petzl-iko-core-70759.html\"><img width=\"150\" height=\"150\" src=\"https:\/\/www.wanarun.net\/blog\/wp-content\/uploads\/2020\/08\/led-petzl-iko-core-150x150.jpg\" class=\"alignleft tfe wp-post-image\" alt=\"\" loading=\"lazy\" srcset=\"https:\/\/www.wanarun.net\/blog\/wp-content\/uploads\/2020\/08\/led-petzl-iko-core-150x150.jpg 150w, https:\/\/www.wanarun.net\/blog\/wp-content\/uploads\/2020\/08\/led-petzl-iko-core-100x100.jpg 100w\" sizes=\"(max-width: 150px) 100vw, 150px\" \/><\/a><p>Inutile de pr\u00e9senter la marque fran\u00e7aise Petzl, elle fait figure de r\u00e9f\u00e9rence dans le milieu des lampes frontales mais aussi de nombreux domaines tr\u00e8s pointus comme l&rsquo;escalade et son mat\u00e9riel indispensable et vital. Depuis de nombreuses ann\u00e9es, Petzl ne cesse d&rsquo;innover avec des produits comme la Petzl Nao+ (reactive lightning, r\u00e9glages bluetooth et toujours plus [&hellip;]<\/p>\n","protected":false},"author":1,"featured_media":70774,"comment_status":"open","ping_status":"open","sticky":false,"template":"","format":"standard","meta":[],"categories":[12515,12516,9],"tags":[],"yoast_head":"<!-- This site is optimized with the Yoast SEO plugin v18.9 - https:\/\/yoast.com\/wordpress\/plugins\/seo\/ -->\n<title>Petzl Iko Core : du nouveau dans les lampes frontales<\/title>\n<meta name=\"description\" content=\"L&#039;innovation est au coeur de la strat\u00e9gie de la marque fran\u00e7aise Petzl. Et c&#039;est encore une fois le cas avec la nouveaut\u00e9 de cette ann\u00e9e : la Petzl Iko Core\" \/>\n<meta name=\"robots\" content=\"index, follow, max-snippet:-1, max-image-preview:large, max-video-preview:-1\" \/>\n<link rel=\"canonical\" href=\"https:\/\/www.wanarun.net\/blog\/petzl-iko-core-70759.html\" \/>\n<meta property=\"og:locale\" content=\"fr_FR\" \/>\n<meta property=\"og:type\" content=\"article\" \/>\n<meta property=\"og:title\" content=\"Petzl Iko Core : du nouveau dans les lampes frontales\" \/>\n<meta property=\"og:description\" content=\"L&#039;innovation est au coeur de la strat\u00e9gie de la marque fran\u00e7aise Petzl. Et c&#039;est encore une fois le cas avec la nouveaut\u00e9 de cette ann\u00e9e : la Petzl Iko Core\" \/>\n<meta property=\"og:url\" content=\"https:\/\/www.wanarun.net\/blog\/petzl-iko-core-70759.html\" \/>\n<meta property=\"og:site_name\" content=\"Wanarun, le blog du running, du trail et de la course \u00e0 pied\" \/>\n<meta property=\"article:publisher\" content=\"https:\/\/www.facebook.com\/wanarun\/\" \/>\n<meta property=\"article:published_time\" content=\"2020-08-26T08:06:09+00:00\" \/>\n<meta property=\"article:modified_time\" content=\"2020-08-26T08:06:11+00:00\" \/>\n<meta property=\"og:image\" content=\"https:\/\/www.wanarun.net\/blog\/wp-content\/uploads\/2020\/08\/led-petzl-iko-core.jpg\" \/>\n\t<meta property=\"og:image:width\" content=\"1200\" \/>\n\t<meta property=\"og:image:height\" content=\"900\" \/>\n\t<meta property=\"og:image:type\" content=\"image\/jpeg\" \/>\n<meta name=\"twitter:label1\" content=\"\u00c9crit par\" \/>\n\t<meta name=\"twitter:data1\" content=\"Manu\" \/>\n\t<meta name=\"twitter:label2\" content=\"Dur\u00e9e de lecture estim\u00e9e\" \/>\n\t<meta name=\"twitter:data2\" content=\"3 minutes\" \/>\n<script type=\"application\/ld+json\" class=\"yoast-schema-graph\">{\"@context\":\"https:\/\/schema.org\",\"@graph\":[{\"@type\":\"Organization\",\"@id\":\"https:\/\/www.wanarun.net\/blog\/#organization\",\"name\":\"Wanarun\",\"url\":\"https:\/\/www.wanarun.net\/blog\/\",\"sameAs\":[\"https:\/\/www.instagram.com\/wanarunnet\/\",\"https:\/\/www.youtube.com\/user\/wanarunnet\",\"https:\/\/www.facebook.com\/wanarun\/\",\"https:\/\/twitter.com\/wanarun\"],\"logo\":{\"@type\":\"ImageObject\",\"inLanguage\":\"fr-FR\",\"@id\":\"https:\/\/www.wanarun.net\/blog\/#\/schema\/logo\/image\/\",\"url\":\"https:\/\/www.wanarun.net\/blog\/wp-content\/uploads\/2018\/03\/logo-wanarun.jpg\",\"contentUrl\":\"https:\/\/www.wanarun.net\/blog\/wp-content\/uploads\/2018\/03\/logo-wanarun.jpg\",\"width\":1196,\"height\":1082,\"caption\":\"Wanarun\"},\"image\":{\"@id\":\"https:\/\/www.wanarun.net\/blog\/#\/schema\/logo\/image\/\"}},{\"@type\":\"WebSite\",\"@id\":\"https:\/\/www.wanarun.net\/blog\/#website\",\"url\":\"https:\/\/www.wanarun.net\/blog\/\",\"name\":\"Wanarun, le blog du running, du trail et de la course \u00e0 pied\",\"description\":\"Informations, remarques, avis, conseils sur la course \u00e0 pied.\",\"publisher\":{\"@id\":\"https:\/\/www.wanarun.net\/blog\/#organization\"},\"potentialAction\":[{\"@type\":\"SearchAction\",\"target\":{\"@type\":\"EntryPoint\",\"urlTemplate\":\"https:\/\/www.wanarun.net\/blog\/?s={search_term_string}\"},\"query-input\":\"required name=search_term_string\"}],\"inLanguage\":\"fr-FR\"},{\"@type\":\"ImageObject\",\"inLanguage\":\"fr-FR\",\"@id\":\"https:\/\/www.wanarun.net\/blog\/petzl-iko-core-70759.html#primaryimage\",\"url\":\"https:\/\/www.wanarun.net\/blog\/wp-content\/uploads\/2020\/08\/led-petzl-iko-core.jpg\",\"contentUrl\":\"https:\/\/www.wanarun.net\/blog\/wp-content\/uploads\/2020\/08\/led-petzl-iko-core.jpg\",\"width\":1200,\"height\":900},{\"@type\":\"WebPage\",\"@id\":\"https:\/\/www.wanarun.net\/blog\/petzl-iko-core-70759.html#webpage\",\"url\":\"https:\/\/www.wanarun.net\/blog\/petzl-iko-core-70759.html\",\"name\":\"Petzl Iko Core : du nouveau dans les lampes frontales\",\"isPartOf\":{\"@id\":\"https:\/\/www.wanarun.net\/blog\/#website\"},\"primaryImageOfPage\":{\"@id\":\"https:\/\/www.wanarun.net\/blog\/petzl-iko-core-70759.html#primaryimage\"},\"datePublished\":\"2020-08-26T08:06:09+00:00\",\"dateModified\":\"2020-08-26T08:06:11+00:00\",\"description\":\"L'innovation est au coeur de la strat\u00e9gie de la marque fran\u00e7aise Petzl. Et c'est encore une fois le cas avec la nouveaut\u00e9 de cette ann\u00e9e : la Petzl Iko Core\",\"breadcrumb\":{\"@id\":\"https:\/\/www.wanarun.net\/blog\/petzl-iko-core-70759.html#breadcrumb\"},\"inLanguage\":\"fr-FR\",\"potentialAction\":[{\"@type\":\"ReadAction\",\"target\":[\"https:\/\/www.wanarun.net\/blog\/petzl-iko-core-70759.html\"]}]},{\"@type\":\"BreadcrumbList\",\"@id\":\"https:\/\/www.wanarun.net\/blog\/petzl-iko-core-70759.html#breadcrumb\",\"itemListElement\":[{\"@type\":\"ListItem\",\"position\":1,\"name\":\"Petzl Iko Core : du nouveau dans les lampes frontales\"}]},{\"@type\":\"Article\",\"@id\":\"https:\/\/www.wanarun.net\/blog\/petzl-iko-core-70759.html#article\",\"isPartOf\":{\"@id\":\"https:\/\/www.wanarun.net\/blog\/petzl-iko-core-70759.html#webpage\"},\"author\":{\"@id\":\"https:\/\/www.wanarun.net\/blog\/#\/schema\/person\/bfb3bc166306771639fdc2bc6ac79771\"},\"headline\":\"Petzl Iko Core : du nouveau dans les lampes frontales\",\"datePublished\":\"2020-08-26T08:06:09+00:00\",\"dateModified\":\"2020-08-26T08:06:11+00:00\",\"mainEntityOfPage\":{\"@id\":\"https:\/\/www.wanarun.net\/blog\/petzl-iko-core-70759.html#webpage\"},\"wordCount\":586,\"commentCount\":0,\"publisher\":{\"@id\":\"https:\/\/www.wanarun.net\/blog\/#organization\"},\"image\":{\"@id\":\"https:\/\/www.wanarun.net\/blog\/petzl-iko-core-70759.html#primaryimage\"},\"thumbnailUrl\":\"https:\/\/www.wanarun.net\/blog\/wp-content\/uploads\/2020\/08\/led-petzl-iko-core.jpg\",\"articleSection\":[\"Accessoires\",\"Lampe Frontale\",\"Tests\"],\"inLanguage\":\"fr-FR\",\"potentialAction\":[{\"@type\":\"CommentAction\",\"name\":\"Comment\",\"target\":[\"https:\/\/www.wanarun.net\/blog\/petzl-iko-core-70759.html#respond\"]}]},{\"@type\":\"Person\",\"@id\":\"https:\/\/www.wanarun.net\/blog\/#\/schema\/person\/bfb3bc166306771639fdc2bc6ac79771\",\"name\":\"Manu\",\"image\":{\"@type\":\"ImageObject\",\"inLanguage\":\"fr-FR\",\"@id\":\"https:\/\/www.wanarun.net\/blog\/#\/schema\/person\/image\/\",\"url\":\"https:\/\/secure.gravatar.com\/avatar\/717b7c28298e2900c61bceb611a4918a?s=96&d=mm&r=g\",\"contentUrl\":\"https:\/\/secure.gravatar.com\/avatar\/717b7c28298e2900c61bceb611a4918a?s=96&d=mm&r=g\",\"caption\":\"Manu\"},\"sameAs\":[\"https:\/\/www.wanarun.net\"],\"url\":\"https:\/\/www.wanarun.net\/blog\/author\/admin\"}]}<\/script>\n<!-- \/ Yoast SEO plugin. -->","yoast_head_json":{"title":"Petzl Iko Core : du nouveau dans les lampes frontales","description":"L'innovation est au coeur de la strat\u00e9gie de la marque fran\u00e7aise Petzl. Et c'est encore une fois le cas avec la nouveaut\u00e9 de cette ann\u00e9e : la Petzl Iko Core","robots":{"index":"index","follow":"follow","max-snippet":"max-snippet:-1","max-image-preview":"max-image-preview:large","max-video-preview":"max-video-preview:-1"},"canonical":"https:\/\/www.wanarun.net\/blog\/petzl-iko-core-70759.html","og_locale":"fr_FR","og_type":"article","og_title":"Petzl Iko Core : du nouveau dans les lampes frontales","og_description":"L'innovation est au coeur de la strat\u00e9gie de la marque fran\u00e7aise Petzl. Et c'est encore une fois le cas avec la nouveaut\u00e9 de cette ann\u00e9e : la Petzl Iko Core","og_url":"https:\/\/www.wanarun.net\/blog\/petzl-iko-core-70759.html","og_site_name":"Wanarun, le blog du running, du trail et de la course \u00e0 pied","article_publisher":"https:\/\/www.facebook.com\/wanarun\/","article_published_time":"2020-08-26T08:06:09+00:00","article_modified_time":"2020-08-26T08:06:11+00:00","og_image":[{"width":1200,"height":900,"url":"https:\/\/www.wanarun.net\/blog\/wp-content\/uploads\/2020\/08\/led-petzl-iko-core.jpg","type":"image\/jpeg"}],"twitter_misc":{"\u00c9crit par":"Manu","Dur\u00e9e de lecture estim\u00e9e":"3 minutes"},"schema":{"@context":"https:\/\/schema.org","@graph":[{"@type":"Organization","@id":"https:\/\/www.wanarun.net\/blog\/#organization","name":"Wanarun","url":"https:\/\/www.wanarun.net\/blog\/","sameAs":["https:\/\/www.instagram.com\/wanarunnet\/","https:\/\/www.youtube.com\/user\/wanarunnet","https:\/\/www.facebook.com\/wanarun\/","https:\/\/twitter.com\/wanarun"],"logo":{"@type":"ImageObject","inLanguage":"fr-FR","@id":"https:\/\/www.wanarun.net\/blog\/#\/schema\/logo\/image\/","url":"https:\/\/www.wanarun.net\/blog\/wp-content\/uploads\/2018\/03\/logo-wanarun.jpg","contentUrl":"https:\/\/www.wanarun.net\/blog\/wp-content\/uploads\/2018\/03\/logo-wanarun.jpg","width":1196,"height":1082,"caption":"Wanarun"},"image":{"@id":"https:\/\/www.wanarun.net\/blog\/#\/schema\/logo\/image\/"}},{"@type":"WebSite","@id":"https:\/\/www.wanarun.net\/blog\/#website","url":"https:\/\/www.wanarun.net\/blog\/","name":"Wanarun, le blog du running, du trail et de la course \u00e0 pied","description":"Informations, remarques, avis, conseils sur la course \u00e0 pied.","publisher":{"@id":"https:\/\/www.wanarun.net\/blog\/#organization"},"potentialAction":[{"@type":"SearchAction","target":{"@type":"EntryPoint","urlTemplate":"https:\/\/www.wanarun.net\/blog\/?s={search_term_string}"},"query-input":"required name=search_term_string"}],"inLanguage":"fr-FR"},{"@type":"ImageObject","inLanguage":"fr-FR","@id":"https:\/\/www.wanarun.net\/blog\/petzl-iko-core-70759.html#primaryimage","url":"https:\/\/www.wanarun.net\/blog\/wp-content\/uploads\/2020\/08\/led-petzl-iko-core.jpg","contentUrl":"https:\/\/www.wanarun.net\/blog\/wp-content\/uploads\/2020\/08\/led-petzl-iko-core.jpg","width":1200,"height":900},{"@type":"WebPage","@id":"https:\/\/www.wanarun.net\/blog\/petzl-iko-core-70759.html#webpage","url":"https:\/\/www.wanarun.net\/blog\/petzl-iko-core-70759.html","name":"Petzl Iko Core : du nouveau dans les lampes frontales","isPartOf":{"@id":"https:\/\/www.wanarun.net\/blog\/#website"},"primaryImageOfPage":{"@id":"https:\/\/www.wanarun.net\/blog\/petzl-iko-core-70759.html#primaryimage"},"datePublished":"2020-08-26T08:06:09+00:00","dateModified":"2020-08-26T08:06:11+00:00","description":"L'innovation est au coeur de la strat\u00e9gie de la marque fran\u00e7aise Petzl. Et c'est encore une fois le cas avec la nouveaut\u00e9 de cette ann\u00e9e : la Petzl Iko Core","breadcrumb":{"@id":"https:\/\/www.wanarun.net\/blog\/petzl-iko-core-70759.html#breadcrumb"},"inLanguage":"fr-FR","potentialAction":[{"@type":"ReadAction","target":["https:\/\/www.wanarun.net\/blog\/petzl-iko-core-70759.html"]}]},{"@type":"BreadcrumbList","@id":"https:\/\/www.wanarun.net\/blog\/petzl-iko-core-70759.html#breadcrumb","itemListElement":[{"@type":"ListItem","position":1,"name":"Petzl Iko Core : du nouveau dans les lampes frontales"}]},{"@type":"Article","@id":"https:\/\/www.wanarun.net\/blog\/petzl-iko-core-70759.html#article","isPartOf":{"@id":"https:\/\/www.wanarun.net\/blog\/petzl-iko-core-70759.html#webpage"},"author":{"@id":"https:\/\/www.wanarun.net\/blog\/#\/schema\/person\/bfb3bc166306771639fdc2bc6ac79771"},"headline":"Petzl Iko Core : du nouveau dans les lampes frontales","datePublished":"2020-08-26T08:06:09+00:00","dateModified":"2020-08-26T08:06:11+00:00","mainEntityOfPage":{"@id":"https:\/\/www.wanarun.net\/blog\/petzl-iko-core-70759.html#webpage"},"wordCount":586,"commentCount":0,"publisher":{"@id":"https:\/\/www.wanarun.net\/blog\/#organization"},"image":{"@id":"https:\/\/www.wanarun.net\/blog\/petzl-iko-core-70759.html#primaryimage"},"thumbnailUrl":"https:\/\/www.wanarun.net\/blog\/wp-content\/uploads\/2020\/08\/led-petzl-iko-core.jpg","articleSection":["Accessoires","Lampe Frontale","Tests"],"inLanguage":"fr-FR","potentialAction":[{"@type":"CommentAction","name":"Comment","target":["https:\/\/www.wanarun.net\/blog\/petzl-iko-core-70759.html#respond"]}]},{"@type":"Person","@id":"https:\/\/www.wanarun.net\/blog\/#\/schema\/person\/bfb3bc166306771639fdc2bc6ac79771","name":"Manu","image":{"@type":"ImageObject","inLanguage":"fr-FR","@id":"https:\/\/www.wanarun.net\/blog\/#\/schema\/person\/image\/","url":"https:\/\/secure.gravatar.com\/avatar\/717b7c28298e2900c61bceb611a4918a?s=96&d=mm&r=g","contentUrl":"https:\/\/secure.gravatar.com\/avatar\/717b7c28298e2900c61bceb611a4918a?s=96&d=mm&r=g","caption":"Manu"},"sameAs":["https:\/\/www.wanarun.net"],"url":"https:\/\/www.wanarun.net\/blog\/author\/admin"}]}},"_links":{"self":[{"href":"https:\/\/www.wanarun.net\/blog\/wp-json\/wp\/v2\/posts\/70759"}],"collection":[{"href":"https:\/\/www.wanarun.net\/blog\/wp-json\/wp\/v2\/posts"}],"about":[{"href":"https:\/\/www.wanarun.net\/blog\/wp-json\/wp\/v2\/types\/post"}],"author":[{"embeddable":true,"href":"https:\/\/www.wanarun.net\/blog\/wp-json\/wp\/v2\/users\/1"}],"replies":[{"embeddable":true,"href":"https:\/\/www.wanarun.net\/blog\/wp-json\/wp\/v2\/comments?post=70759"}],"version-history":[{"count":3,"href":"https:\/\/www.wanarun.net\/blog\/wp-json\/wp\/v2\/posts\/70759\/revisions"}],"predecessor-version":[{"id":70780,"href":"https:\/\/www.wanarun.net\/blog\/wp-json\/wp\/v2\/posts\/70759\/revisions\/70780"}],"wp:featuredmedia":[{"embeddable":true,"href":"https:\/\/www.wanarun.net\/blog\/wp-json\/wp\/v2\/media\/70774"}],"wp:attachment":[{"href":"https:\/\/www.wanarun.net\/blog\/wp-json\/wp\/v2\/media?parent=70759"}],"wp:term":[{"taxonomy":"category","embeddable":true,"href":"https:\/\/www.wanarun.net\/blog\/wp-json\/wp\/v2\/categories?post=70759"},{"taxonomy":"post_tag","embeddable":true,"href":"https:\/\/www.wanarun.net\/blog\/wp-json\/wp\/v2\/tags?post=70759"}],"curies":[{"name":"wp","href":"https:\/\/api.w.org\/{rel}","templated":true}]}}