{"id":66320,"date":"2019-06-25T14:26:31","date_gmt":"2019-06-25T13:26:31","guid":{"rendered":"https:\/\/www.wanarun.net\/blog\/?p=66320"},"modified":"2019-06-27T08:53:53","modified_gmt":"2019-06-27T07:53:53","slug":"gr223-cami-de-cavalls","status":"publish","type":"post","link":"https:\/\/www.wanarun.net\/blog\/gr223-cami-de-cavalls-66320.html","title":{"rendered":"Partez \u00e0 la conqu\u00eate du GR223 Cami de cavalls"},"content":{"rendered":"\n<figure class=\"wp-block-image\"><img loading=\"lazy\" width=\"1012\" height=\"642\" src=\"https:\/\/www.wanarun.net\/blog\/wp-content\/uploads\/2019\/06\/gr223-minorque.pjg_.jpg\" alt=\"\" class=\"wp-image-66436\" srcset=\"https:\/\/www.wanarun.net\/blog\/wp-content\/uploads\/2019\/06\/gr223-minorque.pjg_.jpg 1012w, https:\/\/www.wanarun.net\/blog\/wp-content\/uploads\/2019\/06\/gr223-minorque.pjg_-300x190.jpg 300w, https:\/\/www.wanarun.net\/blog\/wp-content\/uploads\/2019\/06\/gr223-minorque.pjg_-768x487.jpg 768w, https:\/\/www.wanarun.net\/blog\/wp-content\/uploads\/2019\/06\/gr223-minorque.pjg_-150x95.jpg 150w, https:\/\/www.wanarun.net\/blog\/wp-content\/uploads\/2019\/06\/gr223-minorque.pjg_-620x393.jpg 620w\" sizes=\"(max-width: 1012px) 100vw, 1012px\" \/><\/figure>\n\n\n\n<p>Si vous n&rsquo;avez pas suivi l&rsquo;aventure de l&rsquo;an dernier, 4 traileurs amateurs ont particip\u00e9 \u00e0 une exp\u00e9rience hors du commun. Ils \u00e9taient accompagn\u00e9s par 3 champions du trail et ils sont partis \u00e0 la conqu\u00eate d&rsquo;un sentier mythique : le GR20 en Corse. <\/p>\n\n\n\n<p>Vous avez \u00e9t\u00e9 nombreux \u00e0 suivre cette qu\u00eate et les initiateurs de l&rsquo;\u00e9v\u00e9nement Gore-Tex et i-Run ont d\u00e9cid\u00e9 de renouveler cette exp\u00e9rience unique. Il fallait donc trouver un nouveau terrain de jeu pour encore une fois d\u00e9couvrir des paysages exceptionnels.<\/p>\n\n\n\n<p>Si notre esprit de fran\u00e7ais chauvin pourrait dire qu&rsquo;il n&rsquo;y a pas de plus belle \u00eele que la Corse, il \u00e9tait important pour les \u00e9quipes qui portent ce projet de trouver un endroit qui offre une exp\u00e9rience inoubliable et des images qui vous donnent envie de d\u00e9couvrir notre belle plan\u00e8te et de la prot\u00e9ger.<\/p>\n\n\n\n<p>Cette ann\u00e9e, les 4 heureux \u00e9lus prendront la direction de Minorque. La petite \u00eele espagnole qui se trouve au large de Majorque. Vous aurez la chance d&rsquo;\u00eatre accompagn\u00e9 par 4 traileurs de haut niveau dans le but de partager cette exp\u00e9rience dans les meilleures conditions : Guillaume Peretti, Yoann Stuck, Sylvaine Cussot et Vincent Viet.<\/p>\n\n\n\n<p>Comme l&rsquo;an dernier, vous devrez d\u00e9poser votre dossier pour d\u00e9montrer que vous disposez de l&rsquo;exp\u00e9rience suffisante pour venir \u00e0 bout de ce d\u00e9fi. En effet, il y aura 4 \u00e9tapes de plus de 40 km sur 4 jours successifs.<\/p>\n\n\n\n<figure class=\"wp-block-image\"><img loading=\"lazy\" width=\"785\" height=\"788\" src=\"https:\/\/www.wanarun.net\/blog\/wp-content\/uploads\/2019\/06\/gr223-parcours.png\" alt=\"parcours GR 223 Cami de Cavalls\" class=\"wp-image-66437\" srcset=\"https:\/\/www.wanarun.net\/blog\/wp-content\/uploads\/2019\/06\/gr223-parcours.png 785w, https:\/\/www.wanarun.net\/blog\/wp-content\/uploads\/2019\/06\/gr223-parcours-150x150.png 150w, https:\/\/www.wanarun.net\/blog\/wp-content\/uploads\/2019\/06\/gr223-parcours-300x300.png 300w, https:\/\/www.wanarun.net\/blog\/wp-content\/uploads\/2019\/06\/gr223-parcours-768x771.png 768w, https:\/\/www.wanarun.net\/blog\/wp-content\/uploads\/2019\/06\/gr223-parcours-618x620.png 618w, https:\/\/www.wanarun.net\/blog\/wp-content\/uploads\/2019\/06\/gr223-parcours-100x100.png 100w\" sizes=\"(max-width: 785px) 100vw, 785px\" \/><\/figure>\n\n\n\n<p>Ne vous surestimez pas donc quand vous d\u00e9posez votre dossier car le programme est difficile avec 184 km en 4 jours sur des terrains assez techniques. Il faudra donner la liste des courses que vous avez fini dans les trois derni\u00e8res ann\u00e9es pour que le jury puissent \u00e9valuer correctement votre candidature. Le but n&rsquo;\u00e9tant pas de faire de l&rsquo;\u00e9litisme mais de s&rsquo;assurer que l&rsquo;exp\u00e9rience se passe au mieux et que tout le monde se sentent au mieux et reviennent avec des bons souvenirs. <\/p>\n\n\n\n<p><a href=\"https:\/\/www.i-run.fr\/lpage\/gore-tex-minorque.html\">Tous les d\u00e9tails pour proposer sa candidature<\/a><\/p>\n","protected":false},"excerpt":{"rendered":"<a href=\"https:\/\/www.wanarun.net\/blog\/gr223-cami-de-cavalls-66320.html\"><img width=\"150\" height=\"150\" src=\"https:\/\/www.wanarun.net\/blog\/wp-content\/uploads\/2019\/06\/gr223-minorque.pjg_-150x150.jpg\" class=\"alignleft tfe wp-post-image\" alt=\"\" loading=\"lazy\" srcset=\"https:\/\/www.wanarun.net\/blog\/wp-content\/uploads\/2019\/06\/gr223-minorque.pjg_-150x150.jpg 150w, https:\/\/www.wanarun.net\/blog\/wp-content\/uploads\/2019\/06\/gr223-minorque.pjg_-100x100.jpg 100w\" sizes=\"(max-width: 150px) 100vw, 150px\" \/><\/a><p>Si vous n&rsquo;avez pas suivi l&rsquo;aventure de l&rsquo;an dernier, 4 traileurs amateurs ont particip\u00e9 \u00e0 une exp\u00e9rience hors du commun. Ils \u00e9taient accompagn\u00e9s par 3 champions du trail et ils sont partis \u00e0 la conqu\u00eate d&rsquo;un sentier mythique : le GR20 en Corse. Vous avez \u00e9t\u00e9 nombreux \u00e0 suivre cette qu\u00eate et les initiateurs de [&hellip;]<\/p>\n","protected":false},"author":1,"featured_media":66436,"comment_status":"open","ping_status":"open","sticky":false,"template":"","format":"standard","meta":[],"categories":[13],"tags":[1713],"yoast_head":"<!-- This site is optimized with the Yoast SEO plugin v18.9 - https:\/\/yoast.com\/wordpress\/plugins\/seo\/ -->\n<title>Partez \u00e0 la conqu\u00eate du GR223 Cami de cavalls<\/title>\n<meta name=\"description\" content=\"Si vous n&#039;avez pas suivi l&#039;aventure de l&#039;an dernier, 4 traileurs amateurs ont particip\u00e9 \u00e0 une exp\u00e9rience hors du commun. Ils \u00e9taient accompagn\u00e9s par 3\" \/>\n<meta name=\"robots\" content=\"index, follow, max-snippet:-1, max-image-preview:large, max-video-preview:-1\" \/>\n<link rel=\"canonical\" href=\"https:\/\/www.wanarun.net\/blog\/gr223-cami-de-cavalls-66320.html\" \/>\n<meta property=\"og:locale\" content=\"fr_FR\" \/>\n<meta property=\"og:type\" content=\"article\" \/>\n<meta property=\"og:title\" content=\"Partez \u00e0 la conqu\u00eate du GR223 Cami de cavalls\" \/>\n<meta property=\"og:description\" content=\"Si vous n&#039;avez pas suivi l&#039;aventure de l&#039;an dernier, 4 traileurs amateurs ont particip\u00e9 \u00e0 une exp\u00e9rience hors du commun. Ils \u00e9taient accompagn\u00e9s par 3\" \/>\n<meta property=\"og:url\" content=\"https:\/\/www.wanarun.net\/blog\/gr223-cami-de-cavalls-66320.html\" \/>\n<meta property=\"og:site_name\" content=\"Wanarun, le blog du running, du trail et de la course \u00e0 pied\" \/>\n<meta property=\"article:publisher\" content=\"https:\/\/www.facebook.com\/wanarun\/\" \/>\n<meta property=\"article:published_time\" content=\"2019-06-25T13:26:31+00:00\" \/>\n<meta property=\"article:modified_time\" content=\"2019-06-27T07:53:53+00:00\" \/>\n<meta property=\"og:image\" content=\"https:\/\/www.wanarun.net\/blog\/wp-content\/uploads\/2019\/06\/gr223-minorque.pjg_.jpg\" \/>\n\t<meta property=\"og:image:width\" content=\"1012\" \/>\n\t<meta property=\"og:image:height\" content=\"642\" \/>\n\t<meta property=\"og:image:type\" content=\"image\/jpeg\" \/>\n<meta name=\"twitter:label1\" content=\"\u00c9crit par\" \/>\n\t<meta name=\"twitter:data1\" content=\"Manu\" \/>\n\t<meta name=\"twitter:label2\" content=\"Dur\u00e9e de lecture estim\u00e9e\" \/>\n\t<meta name=\"twitter:data2\" content=\"2 minutes\" \/>\n<script type=\"application\/ld+json\" class=\"yoast-schema-graph\">{\"@context\":\"https:\/\/schema.org\",\"@graph\":[{\"@type\":\"Organization\",\"@id\":\"https:\/\/www.wanarun.net\/blog\/#organization\",\"name\":\"Wanarun\",\"url\":\"https:\/\/www.wanarun.net\/blog\/\",\"sameAs\":[\"https:\/\/www.instagram.com\/wanarunnet\/\",\"https:\/\/www.youtube.com\/user\/wanarunnet\",\"https:\/\/www.facebook.com\/wanarun\/\",\"https:\/\/twitter.com\/wanarun\"],\"logo\":{\"@type\":\"ImageObject\",\"inLanguage\":\"fr-FR\",\"@id\":\"https:\/\/www.wanarun.net\/blog\/#\/schema\/logo\/image\/\",\"url\":\"https:\/\/www.wanarun.net\/blog\/wp-content\/uploads\/2018\/03\/logo-wanarun.jpg\",\"contentUrl\":\"https:\/\/www.wanarun.net\/blog\/wp-content\/uploads\/2018\/03\/logo-wanarun.jpg\",\"width\":1196,\"height\":1082,\"caption\":\"Wanarun\"},\"image\":{\"@id\":\"https:\/\/www.wanarun.net\/blog\/#\/schema\/logo\/image\/\"}},{\"@type\":\"WebSite\",\"@id\":\"https:\/\/www.wanarun.net\/blog\/#website\",\"url\":\"https:\/\/www.wanarun.net\/blog\/\",\"name\":\"Wanarun, le blog du running, du trail et de la course \u00e0 pied\",\"description\":\"Informations, remarques, avis, conseils sur la course \u00e0 pied.\",\"publisher\":{\"@id\":\"https:\/\/www.wanarun.net\/blog\/#organization\"},\"potentialAction\":[{\"@type\":\"SearchAction\",\"target\":{\"@type\":\"EntryPoint\",\"urlTemplate\":\"https:\/\/www.wanarun.net\/blog\/?s={search_term_string}\"},\"query-input\":\"required name=search_term_string\"}],\"inLanguage\":\"fr-FR\"},{\"@type\":\"ImageObject\",\"inLanguage\":\"fr-FR\",\"@id\":\"https:\/\/www.wanarun.net\/blog\/gr223-cami-de-cavalls-66320.html#primaryimage\",\"url\":\"https:\/\/www.wanarun.net\/blog\/wp-content\/uploads\/2019\/06\/gr223-minorque.pjg_.jpg\",\"contentUrl\":\"https:\/\/www.wanarun.net\/blog\/wp-content\/uploads\/2019\/06\/gr223-minorque.pjg_.jpg\",\"width\":1012,\"height\":642},{\"@type\":\"WebPage\",\"@id\":\"https:\/\/www.wanarun.net\/blog\/gr223-cami-de-cavalls-66320.html#webpage\",\"url\":\"https:\/\/www.wanarun.net\/blog\/gr223-cami-de-cavalls-66320.html\",\"name\":\"Partez \u00e0 la conqu\u00eate du GR223 Cami de cavalls\",\"isPartOf\":{\"@id\":\"https:\/\/www.wanarun.net\/blog\/#website\"},\"primaryImageOfPage\":{\"@id\":\"https:\/\/www.wanarun.net\/blog\/gr223-cami-de-cavalls-66320.html#primaryimage\"},\"datePublished\":\"2019-06-25T13:26:31+00:00\",\"dateModified\":\"2019-06-27T07:53:53+00:00\",\"description\":\"Si vous n'avez pas suivi l'aventure de l'an dernier, 4 traileurs amateurs ont particip\u00e9 \u00e0 une exp\u00e9rience hors du commun. Ils \u00e9taient accompagn\u00e9s par 3\",\"breadcrumb\":{\"@id\":\"https:\/\/www.wanarun.net\/blog\/gr223-cami-de-cavalls-66320.html#breadcrumb\"},\"inLanguage\":\"fr-FR\",\"potentialAction\":[{\"@type\":\"ReadAction\",\"target\":[\"https:\/\/www.wanarun.net\/blog\/gr223-cami-de-cavalls-66320.html\"]}]},{\"@type\":\"BreadcrumbList\",\"@id\":\"https:\/\/www.wanarun.net\/blog\/gr223-cami-de-cavalls-66320.html#breadcrumb\",\"itemListElement\":[{\"@type\":\"ListItem\",\"position\":1,\"name\":\"Partez \u00e0 la conqu\u00eate du GR223 Cami de cavalls\"}]},{\"@type\":\"Article\",\"@id\":\"https:\/\/www.wanarun.net\/blog\/gr223-cami-de-cavalls-66320.html#article\",\"isPartOf\":{\"@id\":\"https:\/\/www.wanarun.net\/blog\/gr223-cami-de-cavalls-66320.html#webpage\"},\"author\":{\"@id\":\"https:\/\/www.wanarun.net\/blog\/#\/schema\/person\/bfb3bc166306771639fdc2bc6ac79771\"},\"headline\":\"Partez \u00e0 la conqu\u00eate du GR223 Cami de cavalls\",\"datePublished\":\"2019-06-25T13:26:31+00:00\",\"dateModified\":\"2019-06-27T07:53:53+00:00\",\"mainEntityOfPage\":{\"@id\":\"https:\/\/www.wanarun.net\/blog\/gr223-cami-de-cavalls-66320.html#webpage\"},\"wordCount\":343,\"commentCount\":0,\"publisher\":{\"@id\":\"https:\/\/www.wanarun.net\/blog\/#organization\"},\"image\":{\"@id\":\"https:\/\/www.wanarun.net\/blog\/gr223-cami-de-cavalls-66320.html#primaryimage\"},\"thumbnailUrl\":\"https:\/\/www.wanarun.net\/blog\/wp-content\/uploads\/2019\/06\/gr223-minorque.pjg_.jpg\",\"keywords\":[\"gore\"],\"articleSection\":[\"Scoop\"],\"inLanguage\":\"fr-FR\",\"potentialAction\":[{\"@type\":\"CommentAction\",\"name\":\"Comment\",\"target\":[\"https:\/\/www.wanarun.net\/blog\/gr223-cami-de-cavalls-66320.html#respond\"]}]},{\"@type\":\"Person\",\"@id\":\"https:\/\/www.wanarun.net\/blog\/#\/schema\/person\/bfb3bc166306771639fdc2bc6ac79771\",\"name\":\"Manu\",\"image\":{\"@type\":\"ImageObject\",\"inLanguage\":\"fr-FR\",\"@id\":\"https:\/\/www.wanarun.net\/blog\/#\/schema\/person\/image\/\",\"url\":\"https:\/\/secure.gravatar.com\/avatar\/717b7c28298e2900c61bceb611a4918a?s=96&d=mm&r=g\",\"contentUrl\":\"https:\/\/secure.gravatar.com\/avatar\/717b7c28298e2900c61bceb611a4918a?s=96&d=mm&r=g\",\"caption\":\"Manu\"},\"sameAs\":[\"https:\/\/www.wanarun.net\"],\"url\":\"https:\/\/www.wanarun.net\/blog\/author\/admin\"}]}<\/script>\n<!-- \/ Yoast SEO plugin. -->","yoast_head_json":{"title":"Partez \u00e0 la conqu\u00eate du GR223 Cami de cavalls","description":"Si vous n'avez pas suivi l'aventure de l'an dernier, 4 traileurs amateurs ont particip\u00e9 \u00e0 une exp\u00e9rience hors du commun. Ils \u00e9taient accompagn\u00e9s par 3","robots":{"index":"index","follow":"follow","max-snippet":"max-snippet:-1","max-image-preview":"max-image-preview:large","max-video-preview":"max-video-preview:-1"},"canonical":"https:\/\/www.wanarun.net\/blog\/gr223-cami-de-cavalls-66320.html","og_locale":"fr_FR","og_type":"article","og_title":"Partez \u00e0 la conqu\u00eate du GR223 Cami de cavalls","og_description":"Si vous n'avez pas suivi l'aventure de l'an dernier, 4 traileurs amateurs ont particip\u00e9 \u00e0 une exp\u00e9rience hors du commun. Ils \u00e9taient accompagn\u00e9s par 3","og_url":"https:\/\/www.wanarun.net\/blog\/gr223-cami-de-cavalls-66320.html","og_site_name":"Wanarun, le blog du running, du trail et de la course \u00e0 pied","article_publisher":"https:\/\/www.facebook.com\/wanarun\/","article_published_time":"2019-06-25T13:26:31+00:00","article_modified_time":"2019-06-27T07:53:53+00:00","og_image":[{"width":1012,"height":642,"url":"https:\/\/www.wanarun.net\/blog\/wp-content\/uploads\/2019\/06\/gr223-minorque.pjg_.jpg","type":"image\/jpeg"}],"twitter_misc":{"\u00c9crit par":"Manu","Dur\u00e9e de lecture estim\u00e9e":"2 minutes"},"schema":{"@context":"https:\/\/schema.org","@graph":[{"@type":"Organization","@id":"https:\/\/www.wanarun.net\/blog\/#organization","name":"Wanarun","url":"https:\/\/www.wanarun.net\/blog\/","sameAs":["https:\/\/www.instagram.com\/wanarunnet\/","https:\/\/www.youtube.com\/user\/wanarunnet","https:\/\/www.facebook.com\/wanarun\/","https:\/\/twitter.com\/wanarun"],"logo":{"@type":"ImageObject","inLanguage":"fr-FR","@id":"https:\/\/www.wanarun.net\/blog\/#\/schema\/logo\/image\/","url":"https:\/\/www.wanarun.net\/blog\/wp-content\/uploads\/2018\/03\/logo-wanarun.jpg","contentUrl":"https:\/\/www.wanarun.net\/blog\/wp-content\/uploads\/2018\/03\/logo-wanarun.jpg","width":1196,"height":1082,"caption":"Wanarun"},"image":{"@id":"https:\/\/www.wanarun.net\/blog\/#\/schema\/logo\/image\/"}},{"@type":"WebSite","@id":"https:\/\/www.wanarun.net\/blog\/#website","url":"https:\/\/www.wanarun.net\/blog\/","name":"Wanarun, le blog du running, du trail et de la course \u00e0 pied","description":"Informations, remarques, avis, conseils sur la course \u00e0 pied.","publisher":{"@id":"https:\/\/www.wanarun.net\/blog\/#organization"},"potentialAction":[{"@type":"SearchAction","target":{"@type":"EntryPoint","urlTemplate":"https:\/\/www.wanarun.net\/blog\/?s={search_term_string}"},"query-input":"required name=search_term_string"}],"inLanguage":"fr-FR"},{"@type":"ImageObject","inLanguage":"fr-FR","@id":"https:\/\/www.wanarun.net\/blog\/gr223-cami-de-cavalls-66320.html#primaryimage","url":"https:\/\/www.wanarun.net\/blog\/wp-content\/uploads\/2019\/06\/gr223-minorque.pjg_.jpg","contentUrl":"https:\/\/www.wanarun.net\/blog\/wp-content\/uploads\/2019\/06\/gr223-minorque.pjg_.jpg","width":1012,"height":642},{"@type":"WebPage","@id":"https:\/\/www.wanarun.net\/blog\/gr223-cami-de-cavalls-66320.html#webpage","url":"https:\/\/www.wanarun.net\/blog\/gr223-cami-de-cavalls-66320.html","name":"Partez \u00e0 la conqu\u00eate du GR223 Cami de cavalls","isPartOf":{"@id":"https:\/\/www.wanarun.net\/blog\/#website"},"primaryImageOfPage":{"@id":"https:\/\/www.wanarun.net\/blog\/gr223-cami-de-cavalls-66320.html#primaryimage"},"datePublished":"2019-06-25T13:26:31+00:00","dateModified":"2019-06-27T07:53:53+00:00","description":"Si vous n'avez pas suivi l'aventure de l'an dernier, 4 traileurs amateurs ont particip\u00e9 \u00e0 une exp\u00e9rience hors du commun. Ils \u00e9taient accompagn\u00e9s par 3","breadcrumb":{"@id":"https:\/\/www.wanarun.net\/blog\/gr223-cami-de-cavalls-66320.html#breadcrumb"},"inLanguage":"fr-FR","potentialAction":[{"@type":"ReadAction","target":["https:\/\/www.wanarun.net\/blog\/gr223-cami-de-cavalls-66320.html"]}]},{"@type":"BreadcrumbList","@id":"https:\/\/www.wanarun.net\/blog\/gr223-cami-de-cavalls-66320.html#breadcrumb","itemListElement":[{"@type":"ListItem","position":1,"name":"Partez \u00e0 la conqu\u00eate du GR223 Cami de cavalls"}]},{"@type":"Article","@id":"https:\/\/www.wanarun.net\/blog\/gr223-cami-de-cavalls-66320.html#article","isPartOf":{"@id":"https:\/\/www.wanarun.net\/blog\/gr223-cami-de-cavalls-66320.html#webpage"},"author":{"@id":"https:\/\/www.wanarun.net\/blog\/#\/schema\/person\/bfb3bc166306771639fdc2bc6ac79771"},"headline":"Partez \u00e0 la conqu\u00eate du GR223 Cami de cavalls","datePublished":"2019-06-25T13:26:31+00:00","dateModified":"2019-06-27T07:53:53+00:00","mainEntityOfPage":{"@id":"https:\/\/www.wanarun.net\/blog\/gr223-cami-de-cavalls-66320.html#webpage"},"wordCount":343,"commentCount":0,"publisher":{"@id":"https:\/\/www.wanarun.net\/blog\/#organization"},"image":{"@id":"https:\/\/www.wanarun.net\/blog\/gr223-cami-de-cavalls-66320.html#primaryimage"},"thumbnailUrl":"https:\/\/www.wanarun.net\/blog\/wp-content\/uploads\/2019\/06\/gr223-minorque.pjg_.jpg","keywords":["gore"],"articleSection":["Scoop"],"inLanguage":"fr-FR","potentialAction":[{"@type":"CommentAction","name":"Comment","target":["https:\/\/www.wanarun.net\/blog\/gr223-cami-de-cavalls-66320.html#respond"]}]},{"@type":"Person","@id":"https:\/\/www.wanarun.net\/blog\/#\/schema\/person\/bfb3bc166306771639fdc2bc6ac79771","name":"Manu","image":{"@type":"ImageObject","inLanguage":"fr-FR","@id":"https:\/\/www.wanarun.net\/blog\/#\/schema\/person\/image\/","url":"https:\/\/secure.gravatar.com\/avatar\/717b7c28298e2900c61bceb611a4918a?s=96&d=mm&r=g","contentUrl":"https:\/\/secure.gravatar.com\/avatar\/717b7c28298e2900c61bceb611a4918a?s=96&d=mm&r=g","caption":"Manu"},"sameAs":["https:\/\/www.wanarun.net"],"url":"https:\/\/www.wanarun.net\/blog\/author\/admin"}]}},"_links":{"self":[{"href":"https:\/\/www.wanarun.net\/blog\/wp-json\/wp\/v2\/posts\/66320"}],"collection":[{"href":"https:\/\/www.wanarun.net\/blog\/wp-json\/wp\/v2\/posts"}],"about":[{"href":"https:\/\/www.wanarun.net\/blog\/wp-json\/wp\/v2\/types\/post"}],"author":[{"embeddable":true,"href":"https:\/\/www.wanarun.net\/blog\/wp-json\/wp\/v2\/users\/1"}],"replies":[{"embeddable":true,"href":"https:\/\/www.wanarun.net\/blog\/wp-json\/wp\/v2\/comments?post=66320"}],"version-history":[{"count":4,"href":"https:\/\/www.wanarun.net\/blog\/wp-json\/wp\/v2\/posts\/66320\/revisions"}],"predecessor-version":[{"id":66472,"href":"https:\/\/www.wanarun.net\/blog\/wp-json\/wp\/v2\/posts\/66320\/revisions\/66472"}],"wp:featuredmedia":[{"embeddable":true,"href":"https:\/\/www.wanarun.net\/blog\/wp-json\/wp\/v2\/media\/66436"}],"wp:attachment":[{"href":"https:\/\/www.wanarun.net\/blog\/wp-json\/wp\/v2\/media?parent=66320"}],"wp:term":[{"taxonomy":"category","embeddable":true,"href":"https:\/\/www.wanarun.net\/blog\/wp-json\/wp\/v2\/categories?post=66320"},{"taxonomy":"post_tag","embeddable":true,"href":"https:\/\/www.wanarun.net\/blog\/wp-json\/wp\/v2\/tags?post=66320"}],"curies":[{"name":"wp","href":"https:\/\/api.w.org\/{rel}","templated":true}]}}