{"id":6368,"date":"2010-06-10T03:00:29","date_gmt":"2010-06-10T02:00:29","guid":{"rendered":"http:\/\/www.wanarun.net\/blog\/?p=6368"},"modified":"2010-06-08T07:03:03","modified_gmt":"2010-06-08T06:03:03","slug":"vrai-test-terra-plana-evo-la-suite","status":"publish","type":"post","link":"https:\/\/www.wanarun.net\/blog\/vrai-test-terra-plana-evo-la-suite-6368.html","title":{"rendered":"Vrai Test TERRA PLANA EVO &#8230; la suite"},"content":{"rendered":"<p><a href=\"https:\/\/www.wanarun.net\/blog\/wp-content\/uploads\/2010\/06\/TERRA3.jpg\"><img loading=\"lazy\" class=\"alignleft size-medium wp-image-6371\" title=\"TERRA3\" src=\"https:\/\/www.wanarun.net\/blog\/wp-content\/uploads\/2010\/06\/TERRA3-300x207.jpg\" alt=\"\" width=\"300\" height=\"207\" srcset=\"https:\/\/www.wanarun.net\/blog\/wp-content\/uploads\/2010\/06\/TERRA3-300x207.jpg 300w, https:\/\/www.wanarun.net\/blog\/wp-content\/uploads\/2010\/06\/TERRA3.jpg 933w\" sizes=\"(max-width: 300px) 100vw, 300px\" \/><\/a>Tout d&rsquo;abord, la r\u00e9ponse \u00e0 la question que tout le monde se pose et qui agite le monde du running minimaliste : comment porter ses <strong>EVO<\/strong> ? Avec ou sans chaussette ? Avec ou sans la semelle de propret\u00e9 ? Et si c&rsquo;est sans, faut-il la remplacer par une autre semelle int\u00e9rieure ? Et quand je dis que ce sujet fait d\u00e9bat, je ne plaisante pas, il n&rsquo;y a qu&rsquo;\u00e0 voir le nombre invraisemblable de posts sur le sujet sur les forums US.<\/p>\n<p>Malheureusement, vous n&rsquo;aurez pas LA r\u00e9ponse mais uniquement &#8230; ma r\u00e9ponse \ud83d\ude42 C&rsquo;est d\u00e9j\u00e0 pas mal non ? En plus, pour le prix d&rsquo;une r\u00e9ponse, vous allez en avoir plusieurs. Alors, faut pas s&rsquo;plaindre.<\/p>\n<p>Si vous utilisez les <strong>EVO<\/strong> en mode streetwear et uniquement pour marcher, laissez-les telles qu&rsquo;elles sont, avec la semelle de propr\u00e9t\u00e9 et portez-les pieds nus, \u00e7a le fait.<\/p>\n<p>Maintenant, si vous lisez cet article sur ce site, c&rsquo;est que vous courez \u00e9galement. Il faut savoir que la semelle de propret\u00e9, anatomique, assure \u00e9galement une fonction &#8211; certes l\u00e9g\u00e8re &#8211; de maintien. Je conseille vivement \u00e0 ceux qui d\u00e9marrent le running minimaliste de laisser la semelle de propret\u00e9 dans un premier temps, de fa\u00e7on \u00e0 ce que la transition soit plus facile &#8211; en dehors de sa fonction de maintien, elle assure \u00e9galement une fonction, l\u00e0 encore l\u00e9g\u00e8re mais sensible, d&rsquo;amorti.<\/p>\n<p>Ceux pour qui le minimalisme n&rsquo;a plus de secret, auront tout int\u00e9r\u00eat \u00e0 enlever cette semelle, quitte \u00e0 la remplacer par une semelle non anatomique et tr\u00e8s fine \u00e0 l&rsquo;instar de celles qu&rsquo;on peut trouver chez son cordonnier. Ne serait-ce que pour prot\u00e9ger la chaussure des effets de la sueur par exemple.<\/p>\n<p>Pourquoi diable enlever une semelle que <strong>Terra Plana<\/strong> a pris le soin de concevoir ? Et bien, pour \u00eatre encore plus en contact avec le sol car le principe m\u00eame du minimalisme est de redonner aux pieds les sensations qu&rsquo;ils ont perdues apr\u00e8s avoir \u00e9t\u00e9 engonc\u00e9s pendant des ann\u00e9es dans un trop plein d&rsquo;amorti. Et personnellement, c&rsquo;est comme cela que je pr\u00e9f\u00e8re ces <strong>EVO<\/strong>.<\/p>\n<p>Reste les chaussettes : avec ou sans ? L\u00e0, je dirais que le choix est personnel. Les <strong>EVO<\/strong> \u00ab\u00a0supportent\u00a0\u00bb sans aucun souci les chaussettes et ce ne sont pas celles-ci, m\u00eame les mod\u00e8les les plus techniques, qui vont modifier profond\u00e9ment les caract\u00e9ristiques de la chaussure.<\/p>\n<p><a href=\"https:\/\/www.wanarun.net\/blog\/wp-content\/uploads\/2010\/06\/305bis-S2-J3.jpg\"><img loading=\"lazy\" class=\"alignleft size-medium wp-image-6373\" title=\"305bis S2 J3\" src=\"https:\/\/www.wanarun.net\/blog\/wp-content\/uploads\/2010\/06\/305bis-S2-J3-300x104.jpg\" alt=\"\" width=\"300\" height=\"104\" srcset=\"https:\/\/www.wanarun.net\/blog\/wp-content\/uploads\/2010\/06\/305bis-S2-J3-300x104.jpg 300w, https:\/\/www.wanarun.net\/blog\/wp-content\/uploads\/2010\/06\/305bis-S2-J3.jpg 941w\" sizes=\"(max-width: 300px) 100vw, 300px\" \/><\/a>Justement, apr\u00e8s cette disgression quasi-vestimentaire, parlons un peu de \u00ab\u00a0caract\u00e9ristiques\u00a0\u00bb. 5 entra\u00eenements d\u00e9j\u00e0 r\u00e9alis\u00e9s en <strong>EVO<\/strong> : un peu d&rsquo;endurance avec 15 minutes \u00e0 <a href=\"\/blog\/allure-et-vitesse-la-difference-2324.html\"target=\"_top\" title=\"Allure ou vitesse\" >allure<\/a> marathon, du fractionn\u00e9 court sur piste, de l&rsquo;endurance fondamentale, du fractionn\u00e9 long (5x800m CF photo) sur route et du fractionn\u00e9 court sur route. Le verdict ? Non, non, la comparaison avec les <a href=\"\/blog\/vrai-test-vibram-five-fingers-kso-suite-et-fin-6132.html\"title=\"Vibram Five Fingers\" >Vibram<\/a>, ce n&rsquo;est pas encore pour aujourd&rsquo;hui, n&rsquo;insistez pas\u00a0!<\/p>\n<p><strong>Deux points n\u00e9gatifs :<\/strong><\/p>\n<p>&#8211; en <a href=\"\/tableau-calcul-vma\/\"target=\"_top\" title=\"VMA\" >VMA<\/a> sur piste, la chaussure manque d&rsquo;accroche sur le griff\u00e9. En fait, c&rsquo;est un peu comme si on courait avec des pointes d&rsquo;athl\u00e9 auxquelles on aurait lim\u00e9 les pointes.\u00a0<\/p>\n<p>&#8211; le second &#8211; point n\u00e9gatif &#8211; est un peu plus personnel et li\u00e9 \u00e0 un d\u00e9faut de conception (de l&rsquo;individu) avec un deuxi\u00e8me orteil l\u00e9g\u00e8rement bomb\u00e9 qui vient frotter sur la base de la languette (celle-ci s&rsquo;accroche tr\u00e8s en avant de la chaussure, voir la photo) d&rsquo;o\u00f9 deux belles ampoules sym\u00e9triques. Ca finira par passer.<\/p>\n<p><strong>Les points positifs :<\/strong><\/p>\n<p>&#8211; la semelle ext\u00e9rieure est d&rsquo;une rare souplesse et offre un excellent contact avant du pied \/ route. La foul\u00e9e est donc efficace et dynamique car le rendu d&rsquo;\u00e9nergie joue \u00e0 plein. C&rsquo;est particuli\u00e8rement sensible sur les s\u00e9ances \u00e0 allure rapide.<\/p>\n<p>&#8211; lorsque par m\u00e9garde, inadvertance ou fatigue, on pose le talon lors d&rsquo;une foul\u00e9e, un l\u00e9ger amorti encaisse une grande partie du choc.<\/p>\n<p>&#8211; passer sur des cailloux n&rsquo;est pas un probl\u00e8me, on ne sent quasiment rien ou presque.<\/p>\n<p>&#8211; la chaussure est bien a\u00e9r\u00e9e et supporte sans probl\u00e8me la combinaison d&rsquo;une distance longue et d&rsquo;une temp\u00e9rature \u00e9lev\u00e9e : pas d&rsquo;\u00e9chauffement du pied, ni sur le dessous, ni sur le dessus, donc pas d&rsquo;ampoule\u00a0&#8230;<\/p>\n<p>&#8211; la chaussure reste confortable \u00e0 toutes les allures. Bien entendu, son efficacit\u00e9 dynamique d\u00e9cro\u00eet avec la vitesse mais courir lentement (60% VMA) n&rsquo;en devient pas un pensum.<\/p>\n<p>&#8211; certes ce n&rsquo;est pas une chaussure de trail mais courir en sous-bois est tout \u00e0 fait faisable.<\/p>\n<p>Voil\u00e0 pour aujourd&rsquo;hui. Je me donne encore une semaine\u00a0pour lui tirer tous les vers du nez avant de r\u00e9diger l&rsquo;article que vous attendez tous et toutes : le match du si\u00e8cle Vibram vs Terra Plana.<\/p>\n","protected":false},"excerpt":{"rendered":"<a href=\"https:\/\/www.wanarun.net\/blog\/vrai-test-terra-plana-evo-la-suite-6368.html\"><img width=\"150\" src=\"\" class=\"alignleft wp-post-image tfe\" alt=\"\" title=\"\" \/><\/a><p>Tout d&rsquo;abord, la r\u00e9ponse \u00e0 la question que tout le monde se pose et qui agite le monde du running minimaliste : comment porter ses EVO ? Avec ou sans chaussette ? Avec ou sans la semelle de propret\u00e9 ? Et si c&rsquo;est sans, faut-il la remplacer par une autre semelle int\u00e9rieure ? Et quand [&hellip;]<\/p>\n","protected":false},"author":21,"featured_media":0,"comment_status":"open","ping_status":"open","sticky":false,"template":"","format":"standard","meta":[],"categories":[4,9],"tags":[833,628,809,808,865,461,807,344,810,864,605,568,569],"yoast_head":"<!-- This site is optimized with the Yoast SEO plugin v18.9 - https:\/\/yoast.com\/wordpress\/plugins\/seo\/ -->\n<title>Vrai Test TERRA PLANA EVO ... la suite<\/title>\n<meta name=\"description\" content=\"Tout d&#039;abord, la r\u00e9ponse \u00e0 la question que tout le monde se pose et qui agite le monde du running minimaliste : comment porter ses EVO ? Avec ou sans\" \/>\n<meta name=\"robots\" content=\"index, follow, max-snippet:-1, max-image-preview:large, max-video-preview:-1\" \/>\n<link rel=\"canonical\" href=\"https:\/\/www.wanarun.net\/blog\/vrai-test-terra-plana-evo-la-suite-6368.html\" \/>\n<meta property=\"og:locale\" content=\"fr_FR\" \/>\n<meta property=\"og:type\" content=\"article\" \/>\n<meta property=\"og:title\" content=\"Vrai Test TERRA PLANA EVO ... la suite\" \/>\n<meta property=\"og:description\" content=\"Tout d&#039;abord, la r\u00e9ponse \u00e0 la question que tout le monde se pose et qui agite le monde du running minimaliste : comment porter ses EVO ? Avec ou sans\" \/>\n<meta property=\"og:url\" content=\"https:\/\/www.wanarun.net\/blog\/vrai-test-terra-plana-evo-la-suite-6368.html\" \/>\n<meta property=\"og:site_name\" content=\"Wanarun, le blog du running, du trail et de la course \u00e0 pied\" \/>\n<meta property=\"article:publisher\" content=\"https:\/\/www.facebook.com\/wanarun\/\" \/>\n<meta property=\"article:published_time\" content=\"2010-06-10T02:00:29+00:00\" \/>\n<meta property=\"article:modified_time\" content=\"2010-06-08T06:03:03+00:00\" \/>\n<meta property=\"og:image\" content=\"https:\/\/www.wanarun.net\/blog\/wp-content\/uploads\/2010\/06\/TERRA3-300x207.jpg\" \/>\n<meta name=\"twitter:label1\" content=\"\u00c9crit par\" \/>\n\t<meta name=\"twitter:data1\" content=\"fredbros\" \/>\n\t<meta name=\"twitter:label2\" content=\"Dur\u00e9e de lecture estim\u00e9e\" \/>\n\t<meta name=\"twitter:data2\" content=\"4 minutes\" \/>\n<script type=\"application\/ld+json\" class=\"yoast-schema-graph\">{\"@context\":\"https:\/\/schema.org\",\"@graph\":[{\"@type\":\"Organization\",\"@id\":\"https:\/\/www.wanarun.net\/blog\/#organization\",\"name\":\"Wanarun\",\"url\":\"https:\/\/www.wanarun.net\/blog\/\",\"sameAs\":[\"https:\/\/www.instagram.com\/wanarunnet\/\",\"https:\/\/www.youtube.com\/user\/wanarunnet\",\"https:\/\/www.facebook.com\/wanarun\/\",\"https:\/\/twitter.com\/wanarun\"],\"logo\":{\"@type\":\"ImageObject\",\"inLanguage\":\"fr-FR\",\"@id\":\"https:\/\/www.wanarun.net\/blog\/#\/schema\/logo\/image\/\",\"url\":\"https:\/\/www.wanarun.net\/blog\/wp-content\/uploads\/2018\/03\/logo-wanarun.jpg\",\"contentUrl\":\"https:\/\/www.wanarun.net\/blog\/wp-content\/uploads\/2018\/03\/logo-wanarun.jpg\",\"width\":1196,\"height\":1082,\"caption\":\"Wanarun\"},\"image\":{\"@id\":\"https:\/\/www.wanarun.net\/blog\/#\/schema\/logo\/image\/\"}},{\"@type\":\"WebSite\",\"@id\":\"https:\/\/www.wanarun.net\/blog\/#website\",\"url\":\"https:\/\/www.wanarun.net\/blog\/\",\"name\":\"Wanarun, le blog du running, du trail et de la course \u00e0 pied\",\"description\":\"Informations, remarques, avis, conseils sur la course \u00e0 pied.\",\"publisher\":{\"@id\":\"https:\/\/www.wanarun.net\/blog\/#organization\"},\"potentialAction\":[{\"@type\":\"SearchAction\",\"target\":{\"@type\":\"EntryPoint\",\"urlTemplate\":\"https:\/\/www.wanarun.net\/blog\/?s={search_term_string}\"},\"query-input\":\"required name=search_term_string\"}],\"inLanguage\":\"fr-FR\"},{\"@type\":\"ImageObject\",\"inLanguage\":\"fr-FR\",\"@id\":\"https:\/\/www.wanarun.net\/blog\/vrai-test-terra-plana-evo-la-suite-6368.html#primaryimage\",\"url\":\"https:\/\/www.wanarun.net\/blog\/wp-content\/uploads\/2010\/06\/TERRA3.jpg\",\"contentUrl\":\"https:\/\/www.wanarun.net\/blog\/wp-content\/uploads\/2010\/06\/TERRA3.jpg\",\"width\":933,\"height\":644},{\"@type\":\"WebPage\",\"@id\":\"https:\/\/www.wanarun.net\/blog\/vrai-test-terra-plana-evo-la-suite-6368.html#webpage\",\"url\":\"https:\/\/www.wanarun.net\/blog\/vrai-test-terra-plana-evo-la-suite-6368.html\",\"name\":\"Vrai Test TERRA PLANA EVO ... la suite\",\"isPartOf\":{\"@id\":\"https:\/\/www.wanarun.net\/blog\/#website\"},\"primaryImageOfPage\":{\"@id\":\"https:\/\/www.wanarun.net\/blog\/vrai-test-terra-plana-evo-la-suite-6368.html#primaryimage\"},\"datePublished\":\"2010-06-10T02:00:29+00:00\",\"dateModified\":\"2010-06-08T06:03:03+00:00\",\"description\":\"Tout d'abord, la r\u00e9ponse \u00e0 la question que tout le monde se pose et qui agite le monde du running minimaliste : comment porter ses EVO ? Avec ou sans\",\"breadcrumb\":{\"@id\":\"https:\/\/www.wanarun.net\/blog\/vrai-test-terra-plana-evo-la-suite-6368.html#breadcrumb\"},\"inLanguage\":\"fr-FR\",\"potentialAction\":[{\"@type\":\"ReadAction\",\"target\":[\"https:\/\/www.wanarun.net\/blog\/vrai-test-terra-plana-evo-la-suite-6368.html\"]}]},{\"@type\":\"BreadcrumbList\",\"@id\":\"https:\/\/www.wanarun.net\/blog\/vrai-test-terra-plana-evo-la-suite-6368.html#breadcrumb\",\"itemListElement\":[{\"@type\":\"ListItem\",\"position\":1,\"name\":\"Vrai Test TERRA PLANA EVO &#8230; la suite\"}]},{\"@type\":\"Article\",\"@id\":\"https:\/\/www.wanarun.net\/blog\/vrai-test-terra-plana-evo-la-suite-6368.html#article\",\"isPartOf\":{\"@id\":\"https:\/\/www.wanarun.net\/blog\/vrai-test-terra-plana-evo-la-suite-6368.html#webpage\"},\"author\":{\"@id\":\"https:\/\/www.wanarun.net\/blog\/#\/schema\/person\/1f6463621f44a2b66c33ff32ccdab3e8\"},\"headline\":\"Vrai Test TERRA PLANA EVO &#8230; la suite\",\"datePublished\":\"2010-06-10T02:00:29+00:00\",\"dateModified\":\"2010-06-08T06:03:03+00:00\",\"mainEntityOfPage\":{\"@id\":\"https:\/\/www.wanarun.net\/blog\/vrai-test-terra-plana-evo-la-suite-6368.html#webpage\"},\"wordCount\":783,\"commentCount\":2,\"publisher\":{\"@id\":\"https:\/\/www.wanarun.net\/blog\/#organization\"},\"image\":{\"@id\":\"https:\/\/www.wanarun.net\/blog\/vrai-test-terra-plana-evo-la-suite-6368.html#primaryimage\"},\"thumbnailUrl\":\"https:\/\/www.wanarun.net\/blog\/wp-content\/uploads\/2010\/06\/TERRA3-300x207.jpg\",\"keywords\":[\"Acqua\",\"barefoot\",\"EVO\",\"minimalist running\",\"nike free\",\"pieds nus\",\"running minimaliste\",\"semelle\",\"Terra Plana\",\"Terra Plana EVO\",\"VFF\",\"Vibram\",\"Vibram Five Fingers\"],\"articleSection\":[\"Technologie\",\"Tests\"],\"inLanguage\":\"fr-FR\",\"potentialAction\":[{\"@type\":\"CommentAction\",\"name\":\"Comment\",\"target\":[\"https:\/\/www.wanarun.net\/blog\/vrai-test-terra-plana-evo-la-suite-6368.html#respond\"]}]},{\"@type\":\"Person\",\"@id\":\"https:\/\/www.wanarun.net\/blog\/#\/schema\/person\/1f6463621f44a2b66c33ff32ccdab3e8\",\"name\":\"fredbros\",\"image\":{\"@type\":\"ImageObject\",\"inLanguage\":\"fr-FR\",\"@id\":\"https:\/\/www.wanarun.net\/blog\/#\/schema\/person\/image\/\",\"url\":\"https:\/\/secure.gravatar.com\/avatar\/0706328db4ae4ea1111c0fe8b464d6a7?s=96&d=mm&r=g\",\"contentUrl\":\"https:\/\/secure.gravatar.com\/avatar\/0706328db4ae4ea1111c0fe8b464d6a7?s=96&d=mm&r=g\",\"caption\":\"fredbros\"},\"url\":\"https:\/\/www.wanarun.net\/blog\/author\/fred\"}]}<\/script>\n<!-- \/ Yoast SEO plugin. -->","yoast_head_json":{"title":"Vrai Test TERRA PLANA EVO ... la suite","description":"Tout d'abord, la r\u00e9ponse \u00e0 la question que tout le monde se pose et qui agite le monde du running minimaliste : comment porter ses EVO ? Avec ou sans","robots":{"index":"index","follow":"follow","max-snippet":"max-snippet:-1","max-image-preview":"max-image-preview:large","max-video-preview":"max-video-preview:-1"},"canonical":"https:\/\/www.wanarun.net\/blog\/vrai-test-terra-plana-evo-la-suite-6368.html","og_locale":"fr_FR","og_type":"article","og_title":"Vrai Test TERRA PLANA EVO ... la suite","og_description":"Tout d'abord, la r\u00e9ponse \u00e0 la question que tout le monde se pose et qui agite le monde du running minimaliste : comment porter ses EVO ? Avec ou sans","og_url":"https:\/\/www.wanarun.net\/blog\/vrai-test-terra-plana-evo-la-suite-6368.html","og_site_name":"Wanarun, le blog du running, du trail et de la course \u00e0 pied","article_publisher":"https:\/\/www.facebook.com\/wanarun\/","article_published_time":"2010-06-10T02:00:29+00:00","article_modified_time":"2010-06-08T06:03:03+00:00","og_image":[{"url":"https:\/\/www.wanarun.net\/blog\/wp-content\/uploads\/2010\/06\/TERRA3-300x207.jpg"}],"twitter_misc":{"\u00c9crit par":"fredbros","Dur\u00e9e de lecture estim\u00e9e":"4 minutes"},"schema":{"@context":"https:\/\/schema.org","@graph":[{"@type":"Organization","@id":"https:\/\/www.wanarun.net\/blog\/#organization","name":"Wanarun","url":"https:\/\/www.wanarun.net\/blog\/","sameAs":["https:\/\/www.instagram.com\/wanarunnet\/","https:\/\/www.youtube.com\/user\/wanarunnet","https:\/\/www.facebook.com\/wanarun\/","https:\/\/twitter.com\/wanarun"],"logo":{"@type":"ImageObject","inLanguage":"fr-FR","@id":"https:\/\/www.wanarun.net\/blog\/#\/schema\/logo\/image\/","url":"https:\/\/www.wanarun.net\/blog\/wp-content\/uploads\/2018\/03\/logo-wanarun.jpg","contentUrl":"https:\/\/www.wanarun.net\/blog\/wp-content\/uploads\/2018\/03\/logo-wanarun.jpg","width":1196,"height":1082,"caption":"Wanarun"},"image":{"@id":"https:\/\/www.wanarun.net\/blog\/#\/schema\/logo\/image\/"}},{"@type":"WebSite","@id":"https:\/\/www.wanarun.net\/blog\/#website","url":"https:\/\/www.wanarun.net\/blog\/","name":"Wanarun, le blog du running, du trail et de la course \u00e0 pied","description":"Informations, remarques, avis, conseils sur la course \u00e0 pied.","publisher":{"@id":"https:\/\/www.wanarun.net\/blog\/#organization"},"potentialAction":[{"@type":"SearchAction","target":{"@type":"EntryPoint","urlTemplate":"https:\/\/www.wanarun.net\/blog\/?s={search_term_string}"},"query-input":"required name=search_term_string"}],"inLanguage":"fr-FR"},{"@type":"ImageObject","inLanguage":"fr-FR","@id":"https:\/\/www.wanarun.net\/blog\/vrai-test-terra-plana-evo-la-suite-6368.html#primaryimage","url":"https:\/\/www.wanarun.net\/blog\/wp-content\/uploads\/2010\/06\/TERRA3.jpg","contentUrl":"https:\/\/www.wanarun.net\/blog\/wp-content\/uploads\/2010\/06\/TERRA3.jpg","width":933,"height":644},{"@type":"WebPage","@id":"https:\/\/www.wanarun.net\/blog\/vrai-test-terra-plana-evo-la-suite-6368.html#webpage","url":"https:\/\/www.wanarun.net\/blog\/vrai-test-terra-plana-evo-la-suite-6368.html","name":"Vrai Test TERRA PLANA EVO ... la suite","isPartOf":{"@id":"https:\/\/www.wanarun.net\/blog\/#website"},"primaryImageOfPage":{"@id":"https:\/\/www.wanarun.net\/blog\/vrai-test-terra-plana-evo-la-suite-6368.html#primaryimage"},"datePublished":"2010-06-10T02:00:29+00:00","dateModified":"2010-06-08T06:03:03+00:00","description":"Tout d'abord, la r\u00e9ponse \u00e0 la question que tout le monde se pose et qui agite le monde du running minimaliste : comment porter ses EVO ? Avec ou sans","breadcrumb":{"@id":"https:\/\/www.wanarun.net\/blog\/vrai-test-terra-plana-evo-la-suite-6368.html#breadcrumb"},"inLanguage":"fr-FR","potentialAction":[{"@type":"ReadAction","target":["https:\/\/www.wanarun.net\/blog\/vrai-test-terra-plana-evo-la-suite-6368.html"]}]},{"@type":"BreadcrumbList","@id":"https:\/\/www.wanarun.net\/blog\/vrai-test-terra-plana-evo-la-suite-6368.html#breadcrumb","itemListElement":[{"@type":"ListItem","position":1,"name":"Vrai Test TERRA PLANA EVO &#8230; la suite"}]},{"@type":"Article","@id":"https:\/\/www.wanarun.net\/blog\/vrai-test-terra-plana-evo-la-suite-6368.html#article","isPartOf":{"@id":"https:\/\/www.wanarun.net\/blog\/vrai-test-terra-plana-evo-la-suite-6368.html#webpage"},"author":{"@id":"https:\/\/www.wanarun.net\/blog\/#\/schema\/person\/1f6463621f44a2b66c33ff32ccdab3e8"},"headline":"Vrai Test TERRA PLANA EVO &#8230; la suite","datePublished":"2010-06-10T02:00:29+00:00","dateModified":"2010-06-08T06:03:03+00:00","mainEntityOfPage":{"@id":"https:\/\/www.wanarun.net\/blog\/vrai-test-terra-plana-evo-la-suite-6368.html#webpage"},"wordCount":783,"commentCount":2,"publisher":{"@id":"https:\/\/www.wanarun.net\/blog\/#organization"},"image":{"@id":"https:\/\/www.wanarun.net\/blog\/vrai-test-terra-plana-evo-la-suite-6368.html#primaryimage"},"thumbnailUrl":"https:\/\/www.wanarun.net\/blog\/wp-content\/uploads\/2010\/06\/TERRA3-300x207.jpg","keywords":["Acqua","barefoot","EVO","minimalist running","nike free","pieds nus","running minimaliste","semelle","Terra Plana","Terra Plana EVO","VFF","Vibram","Vibram Five Fingers"],"articleSection":["Technologie","Tests"],"inLanguage":"fr-FR","potentialAction":[{"@type":"CommentAction","name":"Comment","target":["https:\/\/www.wanarun.net\/blog\/vrai-test-terra-plana-evo-la-suite-6368.html#respond"]}]},{"@type":"Person","@id":"https:\/\/www.wanarun.net\/blog\/#\/schema\/person\/1f6463621f44a2b66c33ff32ccdab3e8","name":"fredbros","image":{"@type":"ImageObject","inLanguage":"fr-FR","@id":"https:\/\/www.wanarun.net\/blog\/#\/schema\/person\/image\/","url":"https:\/\/secure.gravatar.com\/avatar\/0706328db4ae4ea1111c0fe8b464d6a7?s=96&d=mm&r=g","contentUrl":"https:\/\/secure.gravatar.com\/avatar\/0706328db4ae4ea1111c0fe8b464d6a7?s=96&d=mm&r=g","caption":"fredbros"},"url":"https:\/\/www.wanarun.net\/blog\/author\/fred"}]}},"_links":{"self":[{"href":"https:\/\/www.wanarun.net\/blog\/wp-json\/wp\/v2\/posts\/6368"}],"collection":[{"href":"https:\/\/www.wanarun.net\/blog\/wp-json\/wp\/v2\/posts"}],"about":[{"href":"https:\/\/www.wanarun.net\/blog\/wp-json\/wp\/v2\/types\/post"}],"author":[{"embeddable":true,"href":"https:\/\/www.wanarun.net\/blog\/wp-json\/wp\/v2\/users\/21"}],"replies":[{"embeddable":true,"href":"https:\/\/www.wanarun.net\/blog\/wp-json\/wp\/v2\/comments?post=6368"}],"version-history":[{"count":5,"href":"https:\/\/www.wanarun.net\/blog\/wp-json\/wp\/v2\/posts\/6368\/revisions"}],"predecessor-version":[{"id":6402,"href":"https:\/\/www.wanarun.net\/blog\/wp-json\/wp\/v2\/posts\/6368\/revisions\/6402"}],"wp:attachment":[{"href":"https:\/\/www.wanarun.net\/blog\/wp-json\/wp\/v2\/media?parent=6368"}],"wp:term":[{"taxonomy":"category","embeddable":true,"href":"https:\/\/www.wanarun.net\/blog\/wp-json\/wp\/v2\/categories?post=6368"},{"taxonomy":"post_tag","embeddable":true,"href":"https:\/\/www.wanarun.net\/blog\/wp-json\/wp\/v2\/tags?post=6368"}],"curies":[{"name":"wp","href":"https:\/\/api.w.org\/{rel}","templated":true}]}}