{"id":58585,"date":"2018-02-24T22:34:47","date_gmt":"2018-02-24T21:34:47","guid":{"rendered":"https:\/\/www.wanarun.net\/blog\/?p=58585"},"modified":"2018-02-24T22:34:47","modified_gmt":"2018-02-24T21:34:47","slug":"martin-fourcade-avait-ete-traileur","status":"publish","type":"post","link":"https:\/\/www.wanarun.net\/blog\/martin-fourcade-avait-ete-traileur-58585.html","title":{"rendered":"Et si Martin Fourcade avait \u00e9t\u00e9 un traileur ?"},"content":{"rendered":"<p><img loading=\"lazy\" class=\"alignleft size-thumbnail wp-image-58587\" src=\"https:\/\/www.wanarun.net\/blog\/wp-content\/uploads\/2018\/02\/martin-fourcade-traileur-150x150.jpg\" alt=\"\" width=\"150\" height=\"150\" srcset=\"https:\/\/www.wanarun.net\/blog\/wp-content\/uploads\/2018\/02\/martin-fourcade-traileur-150x150.jpg 150w, https:\/\/www.wanarun.net\/blog\/wp-content\/uploads\/2018\/02\/martin-fourcade-traileur-100x100.jpg 100w\" sizes=\"(max-width: 150px) 100vw, 150px\" \/> Les jeux olympiques d&rsquo;hiver 2018 \u00e0 Pyeongchang s&rsquo;ach\u00e8vent et si les fran\u00e7ais ont r\u00e9pondu pr\u00e9sents, on ne peut qu&rsquo;admirer la performance du pyr\u00e9n\u00e9en Martin Fourcade, le biathl\u00e8te a remport\u00e9 3 titres et il aurait sans aucun doute pu faire encore mieux&#8230; Quand il \u00e9tait plus jeune Martin Fourcade \u00e9tait souvent oppos\u00e9 \u00e0 un athl\u00e8te beaucoup plus connu dans le monde du Trail : un certain Xavier Th\u00e9venard (ils sont tous les deux n\u00e9s en 1988).<\/p>\n<p>Inutile de vous pr\u00e9senter Xavier, \u00e0 Chamonix, son terrain de pr\u00e9dilection, il a tout gagn\u00e9 :\u00a0CCC, UTMB, TDS, OCC, 80 km du Mont-Blanc,&#8230; Et pourtant, quand il faisait du biathlon dans sa jeunesse, Xavier Th\u00e9venard \u00e9tait souvent en opposition avec un autre jeune de la m\u00eame g\u00e9n\u00e9ration : un certain Martin Fourcade. En fouillant un peu sur internet vous trouverez des photos de podium avec les 2 prodiges.<\/p>\n<p>On peut facilement imaginer que Martin Fourcade a des capacit\u00e9s tout aussi excellentes que Xavier Th\u00e9venard, m\u00eame si dans certaines interviews, il avoue que les efforts du biathlon restent assez courts par rapport \u00e0 des efforts comme le marathon ou le triathlon. Triathlon qu&rsquo;il a \u00e9galement pratiqu\u00e9 quand la neige manque et en compl\u00e9ment de son <a href=\"\/blog\/plan-d-entrainement-comment-lire-entre-les-lignes-17508.html\"target=\"_top\" title=\"entrainement\" >entrainement<\/a> en ski de fond et en tir.<\/p>\n<p>Les fondeurs sont tr\u00e8s souvent des tr\u00e8s bons traileurs, il suffit d&rsquo;aller dans les courses de montagne durant l&rsquo;\u00e9t\u00e9 et vous vous opposerez \u00e0 des fondeurs en pleine pr\u00e9paration de la saison d&rsquo;hiver. Dans les Vosges, il n&rsquo;est pas rare de les voir truster toutes les places sur le podium.<\/p>\n<p>Il est fort \u00e0 parier que vu son entrainement, Martin Fourcade serait dans les meilleurs sur une course de montagne de 10 &#8211; 15 kilom\u00e8tres sans aucun souci. Mais pourrait t&rsquo;il rivaliser avec les plus grands sur un ultra comme Fran\u00e7ois d&rsquo;Haene ou Kilian Jornet (l&rsquo;autre pyr\u00e9n\u00e9en), c&rsquo;est une forme d&rsquo;endurance qui demande tout de m\u00eame une pr\u00e9paration sp\u00e9cifique.<\/p>\n<p>En tout cas, il a su nous faire passer des moments de suspense avec l&rsquo;intensit\u00e9 dramatique du biathlon o\u00f9 un tir peut tout changer. Finalement on ne regrette pas que Martin Fourcade soit biathl\u00e8te et Xavier Th\u00e9venard traileur, c&rsquo;est tr\u00e8s bien comme \u00e7a.<\/p>\n<p>Photo : <a href=\"https:\/\/www.instagram.com\/martinfourcade\/?hl=fr\">Instagram Martin Fourcade<\/a>.<\/p>\n","protected":false},"excerpt":{"rendered":"<a href=\"https:\/\/www.wanarun.net\/blog\/martin-fourcade-avait-ete-traileur-58585.html\"><img width=\"150\" height=\"150\" src=\"https:\/\/www.wanarun.net\/blog\/wp-content\/uploads\/2018\/02\/martin-fourcade-traileur-150x150.jpg\" class=\"alignleft tfe wp-post-image\" alt=\"\" loading=\"lazy\" srcset=\"https:\/\/www.wanarun.net\/blog\/wp-content\/uploads\/2018\/02\/martin-fourcade-traileur-150x150.jpg 150w, https:\/\/www.wanarun.net\/blog\/wp-content\/uploads\/2018\/02\/martin-fourcade-traileur-100x100.jpg 100w\" sizes=\"(max-width: 150px) 100vw, 150px\" \/><\/a><p>Les jeux olympiques d&rsquo;hiver 2018 \u00e0 Pyeongchang s&rsquo;ach\u00e8vent et si les fran\u00e7ais ont r\u00e9pondu pr\u00e9sents, on ne peut qu&rsquo;admirer la performance du pyr\u00e9n\u00e9en Martin Fourcade, le biathl\u00e8te a remport\u00e9 3 titres et il aurait sans aucun doute pu faire encore mieux&#8230; Quand il \u00e9tait plus jeune Martin Fourcade \u00e9tait souvent oppos\u00e9 \u00e0 un athl\u00e8te beaucoup [&hellip;]<\/p>\n","protected":false},"author":1,"featured_media":58587,"comment_status":"open","ping_status":"open","sticky":false,"template":"","format":"standard","meta":[],"categories":[4676,161],"tags":[],"yoast_head":"<!-- This site is optimized with the Yoast SEO plugin v18.9 - https:\/\/yoast.com\/wordpress\/plugins\/seo\/ -->\n<title>Et si Martin Fourcade avait \u00e9t\u00e9 un traileur ?<\/title>\n<meta name=\"description\" content=\"Les jeux olympiques d&#039;hiver 2018 \u00e0 Pyeongchang s&#039;ach\u00e8vent et si les fran\u00e7ais ont r\u00e9pondu pr\u00e9sents, on ne peut qu&#039;admirer la performance du pyr\u00e9n\u00e9en Martin\" \/>\n<meta name=\"robots\" content=\"index, follow, max-snippet:-1, max-image-preview:large, max-video-preview:-1\" \/>\n<link rel=\"canonical\" href=\"https:\/\/www.wanarun.net\/blog\/martin-fourcade-avait-ete-traileur-58585.html\" \/>\n<meta property=\"og:locale\" content=\"fr_FR\" \/>\n<meta property=\"og:type\" content=\"article\" \/>\n<meta property=\"og:title\" content=\"Et si Martin Fourcade avait \u00e9t\u00e9 un traileur ?\" \/>\n<meta property=\"og:description\" content=\"Les jeux olympiques d&#039;hiver 2018 \u00e0 Pyeongchang s&#039;ach\u00e8vent et si les fran\u00e7ais ont r\u00e9pondu pr\u00e9sents, on ne peut qu&#039;admirer la performance du pyr\u00e9n\u00e9en Martin\" \/>\n<meta property=\"og:url\" content=\"https:\/\/www.wanarun.net\/blog\/martin-fourcade-avait-ete-traileur-58585.html\" \/>\n<meta property=\"og:site_name\" content=\"Wanarun, le blog du running, du trail et de la course \u00e0 pied\" \/>\n<meta property=\"article:publisher\" content=\"https:\/\/www.facebook.com\/wanarun\/\" \/>\n<meta property=\"article:published_time\" content=\"2018-02-24T21:34:47+00:00\" \/>\n<meta property=\"og:image\" content=\"https:\/\/www.wanarun.net\/blog\/wp-content\/uploads\/2018\/02\/martin-fourcade-traileur.jpg\" \/>\n\t<meta property=\"og:image:width\" content=\"640\" \/>\n\t<meta property=\"og:image:height\" content=\"480\" \/>\n\t<meta property=\"og:image:type\" content=\"image\/jpeg\" \/>\n<meta name=\"twitter:label1\" content=\"\u00c9crit par\" \/>\n\t<meta name=\"twitter:data1\" content=\"Manu\" \/>\n\t<meta name=\"twitter:label2\" content=\"Dur\u00e9e de lecture estim\u00e9e\" \/>\n\t<meta name=\"twitter:data2\" content=\"2 minutes\" \/>\n<script type=\"application\/ld+json\" class=\"yoast-schema-graph\">{\"@context\":\"https:\/\/schema.org\",\"@graph\":[{\"@type\":\"Organization\",\"@id\":\"https:\/\/www.wanarun.net\/blog\/#organization\",\"name\":\"Wanarun\",\"url\":\"https:\/\/www.wanarun.net\/blog\/\",\"sameAs\":[\"https:\/\/www.instagram.com\/wanarunnet\/\",\"https:\/\/www.youtube.com\/user\/wanarunnet\",\"https:\/\/www.facebook.com\/wanarun\/\",\"https:\/\/twitter.com\/wanarun\"],\"logo\":{\"@type\":\"ImageObject\",\"inLanguage\":\"fr-FR\",\"@id\":\"https:\/\/www.wanarun.net\/blog\/#\/schema\/logo\/image\/\",\"url\":\"https:\/\/www.wanarun.net\/blog\/wp-content\/uploads\/2018\/03\/logo-wanarun.jpg\",\"contentUrl\":\"https:\/\/www.wanarun.net\/blog\/wp-content\/uploads\/2018\/03\/logo-wanarun.jpg\",\"width\":1196,\"height\":1082,\"caption\":\"Wanarun\"},\"image\":{\"@id\":\"https:\/\/www.wanarun.net\/blog\/#\/schema\/logo\/image\/\"}},{\"@type\":\"WebSite\",\"@id\":\"https:\/\/www.wanarun.net\/blog\/#website\",\"url\":\"https:\/\/www.wanarun.net\/blog\/\",\"name\":\"Wanarun, le blog du running, du trail et de la course \u00e0 pied\",\"description\":\"Informations, remarques, avis, conseils sur la course \u00e0 pied.\",\"publisher\":{\"@id\":\"https:\/\/www.wanarun.net\/blog\/#organization\"},\"potentialAction\":[{\"@type\":\"SearchAction\",\"target\":{\"@type\":\"EntryPoint\",\"urlTemplate\":\"https:\/\/www.wanarun.net\/blog\/?s={search_term_string}\"},\"query-input\":\"required name=search_term_string\"}],\"inLanguage\":\"fr-FR\"},{\"@type\":\"ImageObject\",\"inLanguage\":\"fr-FR\",\"@id\":\"https:\/\/www.wanarun.net\/blog\/martin-fourcade-avait-ete-traileur-58585.html#primaryimage\",\"url\":\"https:\/\/www.wanarun.net\/blog\/wp-content\/uploads\/2018\/02\/martin-fourcade-traileur.jpg\",\"contentUrl\":\"https:\/\/www.wanarun.net\/blog\/wp-content\/uploads\/2018\/02\/martin-fourcade-traileur.jpg\",\"width\":640,\"height\":480},{\"@type\":\"WebPage\",\"@id\":\"https:\/\/www.wanarun.net\/blog\/martin-fourcade-avait-ete-traileur-58585.html#webpage\",\"url\":\"https:\/\/www.wanarun.net\/blog\/martin-fourcade-avait-ete-traileur-58585.html\",\"name\":\"Et si Martin Fourcade avait \u00e9t\u00e9 un traileur ?\",\"isPartOf\":{\"@id\":\"https:\/\/www.wanarun.net\/blog\/#website\"},\"primaryImageOfPage\":{\"@id\":\"https:\/\/www.wanarun.net\/blog\/martin-fourcade-avait-ete-traileur-58585.html#primaryimage\"},\"datePublished\":\"2018-02-24T21:34:47+00:00\",\"dateModified\":\"2018-02-24T21:34:47+00:00\",\"description\":\"Les jeux olympiques d'hiver 2018 \u00e0 Pyeongchang s'ach\u00e8vent et si les fran\u00e7ais ont r\u00e9pondu pr\u00e9sents, on ne peut qu'admirer la performance du pyr\u00e9n\u00e9en Martin\",\"breadcrumb\":{\"@id\":\"https:\/\/www.wanarun.net\/blog\/martin-fourcade-avait-ete-traileur-58585.html#breadcrumb\"},\"inLanguage\":\"fr-FR\",\"potentialAction\":[{\"@type\":\"ReadAction\",\"target\":[\"https:\/\/www.wanarun.net\/blog\/martin-fourcade-avait-ete-traileur-58585.html\"]}]},{\"@type\":\"BreadcrumbList\",\"@id\":\"https:\/\/www.wanarun.net\/blog\/martin-fourcade-avait-ete-traileur-58585.html#breadcrumb\",\"itemListElement\":[{\"@type\":\"ListItem\",\"position\":1,\"name\":\"Et si Martin Fourcade avait \u00e9t\u00e9 un traileur ?\"}]},{\"@type\":\"Article\",\"@id\":\"https:\/\/www.wanarun.net\/blog\/martin-fourcade-avait-ete-traileur-58585.html#article\",\"isPartOf\":{\"@id\":\"https:\/\/www.wanarun.net\/blog\/martin-fourcade-avait-ete-traileur-58585.html#webpage\"},\"author\":{\"@id\":\"https:\/\/www.wanarun.net\/blog\/#\/schema\/person\/bfb3bc166306771639fdc2bc6ac79771\"},\"headline\":\"Et si Martin Fourcade avait \u00e9t\u00e9 un traileur ?\",\"datePublished\":\"2018-02-24T21:34:47+00:00\",\"dateModified\":\"2018-02-24T21:34:47+00:00\",\"mainEntityOfPage\":{\"@id\":\"https:\/\/www.wanarun.net\/blog\/martin-fourcade-avait-ete-traileur-58585.html#webpage\"},\"wordCount\":390,\"commentCount\":1,\"publisher\":{\"@id\":\"https:\/\/www.wanarun.net\/blog\/#organization\"},\"image\":{\"@id\":\"https:\/\/www.wanarun.net\/blog\/martin-fourcade-avait-ete-traileur-58585.html#primaryimage\"},\"thumbnailUrl\":\"https:\/\/www.wanarun.net\/blog\/wp-content\/uploads\/2018\/02\/martin-fourcade-traileur.jpg\",\"articleSection\":[\"Athl\u00e8tes\",\"Humeur\"],\"inLanguage\":\"fr-FR\",\"potentialAction\":[{\"@type\":\"CommentAction\",\"name\":\"Comment\",\"target\":[\"https:\/\/www.wanarun.net\/blog\/martin-fourcade-avait-ete-traileur-58585.html#respond\"]}]},{\"@type\":\"Person\",\"@id\":\"https:\/\/www.wanarun.net\/blog\/#\/schema\/person\/bfb3bc166306771639fdc2bc6ac79771\",\"name\":\"Manu\",\"image\":{\"@type\":\"ImageObject\",\"inLanguage\":\"fr-FR\",\"@id\":\"https:\/\/www.wanarun.net\/blog\/#\/schema\/person\/image\/\",\"url\":\"https:\/\/secure.gravatar.com\/avatar\/717b7c28298e2900c61bceb611a4918a?s=96&d=mm&r=g\",\"contentUrl\":\"https:\/\/secure.gravatar.com\/avatar\/717b7c28298e2900c61bceb611a4918a?s=96&d=mm&r=g\",\"caption\":\"Manu\"},\"sameAs\":[\"https:\/\/www.wanarun.net\"],\"url\":\"https:\/\/www.wanarun.net\/blog\/author\/admin\"}]}<\/script>\n<!-- \/ Yoast SEO plugin. -->","yoast_head_json":{"title":"Et si Martin Fourcade avait \u00e9t\u00e9 un traileur ?","description":"Les jeux olympiques d'hiver 2018 \u00e0 Pyeongchang s'ach\u00e8vent et si les fran\u00e7ais ont r\u00e9pondu pr\u00e9sents, on ne peut qu'admirer la performance du pyr\u00e9n\u00e9en Martin","robots":{"index":"index","follow":"follow","max-snippet":"max-snippet:-1","max-image-preview":"max-image-preview:large","max-video-preview":"max-video-preview:-1"},"canonical":"https:\/\/www.wanarun.net\/blog\/martin-fourcade-avait-ete-traileur-58585.html","og_locale":"fr_FR","og_type":"article","og_title":"Et si Martin Fourcade avait \u00e9t\u00e9 un traileur ?","og_description":"Les jeux olympiques d'hiver 2018 \u00e0 Pyeongchang s'ach\u00e8vent et si les fran\u00e7ais ont r\u00e9pondu pr\u00e9sents, on ne peut qu'admirer la performance du pyr\u00e9n\u00e9en Martin","og_url":"https:\/\/www.wanarun.net\/blog\/martin-fourcade-avait-ete-traileur-58585.html","og_site_name":"Wanarun, le blog du running, du trail et de la course \u00e0 pied","article_publisher":"https:\/\/www.facebook.com\/wanarun\/","article_published_time":"2018-02-24T21:34:47+00:00","og_image":[{"width":640,"height":480,"url":"https:\/\/www.wanarun.net\/blog\/wp-content\/uploads\/2018\/02\/martin-fourcade-traileur.jpg","type":"image\/jpeg"}],"twitter_misc":{"\u00c9crit par":"Manu","Dur\u00e9e de lecture estim\u00e9e":"2 minutes"},"schema":{"@context":"https:\/\/schema.org","@graph":[{"@type":"Organization","@id":"https:\/\/www.wanarun.net\/blog\/#organization","name":"Wanarun","url":"https:\/\/www.wanarun.net\/blog\/","sameAs":["https:\/\/www.instagram.com\/wanarunnet\/","https:\/\/www.youtube.com\/user\/wanarunnet","https:\/\/www.facebook.com\/wanarun\/","https:\/\/twitter.com\/wanarun"],"logo":{"@type":"ImageObject","inLanguage":"fr-FR","@id":"https:\/\/www.wanarun.net\/blog\/#\/schema\/logo\/image\/","url":"https:\/\/www.wanarun.net\/blog\/wp-content\/uploads\/2018\/03\/logo-wanarun.jpg","contentUrl":"https:\/\/www.wanarun.net\/blog\/wp-content\/uploads\/2018\/03\/logo-wanarun.jpg","width":1196,"height":1082,"caption":"Wanarun"},"image":{"@id":"https:\/\/www.wanarun.net\/blog\/#\/schema\/logo\/image\/"}},{"@type":"WebSite","@id":"https:\/\/www.wanarun.net\/blog\/#website","url":"https:\/\/www.wanarun.net\/blog\/","name":"Wanarun, le blog du running, du trail et de la course \u00e0 pied","description":"Informations, remarques, avis, conseils sur la course \u00e0 pied.","publisher":{"@id":"https:\/\/www.wanarun.net\/blog\/#organization"},"potentialAction":[{"@type":"SearchAction","target":{"@type":"EntryPoint","urlTemplate":"https:\/\/www.wanarun.net\/blog\/?s={search_term_string}"},"query-input":"required name=search_term_string"}],"inLanguage":"fr-FR"},{"@type":"ImageObject","inLanguage":"fr-FR","@id":"https:\/\/www.wanarun.net\/blog\/martin-fourcade-avait-ete-traileur-58585.html#primaryimage","url":"https:\/\/www.wanarun.net\/blog\/wp-content\/uploads\/2018\/02\/martin-fourcade-traileur.jpg","contentUrl":"https:\/\/www.wanarun.net\/blog\/wp-content\/uploads\/2018\/02\/martin-fourcade-traileur.jpg","width":640,"height":480},{"@type":"WebPage","@id":"https:\/\/www.wanarun.net\/blog\/martin-fourcade-avait-ete-traileur-58585.html#webpage","url":"https:\/\/www.wanarun.net\/blog\/martin-fourcade-avait-ete-traileur-58585.html","name":"Et si Martin Fourcade avait \u00e9t\u00e9 un traileur ?","isPartOf":{"@id":"https:\/\/www.wanarun.net\/blog\/#website"},"primaryImageOfPage":{"@id":"https:\/\/www.wanarun.net\/blog\/martin-fourcade-avait-ete-traileur-58585.html#primaryimage"},"datePublished":"2018-02-24T21:34:47+00:00","dateModified":"2018-02-24T21:34:47+00:00","description":"Les jeux olympiques d'hiver 2018 \u00e0 Pyeongchang s'ach\u00e8vent et si les fran\u00e7ais ont r\u00e9pondu pr\u00e9sents, on ne peut qu'admirer la performance du pyr\u00e9n\u00e9en Martin","breadcrumb":{"@id":"https:\/\/www.wanarun.net\/blog\/martin-fourcade-avait-ete-traileur-58585.html#breadcrumb"},"inLanguage":"fr-FR","potentialAction":[{"@type":"ReadAction","target":["https:\/\/www.wanarun.net\/blog\/martin-fourcade-avait-ete-traileur-58585.html"]}]},{"@type":"BreadcrumbList","@id":"https:\/\/www.wanarun.net\/blog\/martin-fourcade-avait-ete-traileur-58585.html#breadcrumb","itemListElement":[{"@type":"ListItem","position":1,"name":"Et si Martin Fourcade avait \u00e9t\u00e9 un traileur ?"}]},{"@type":"Article","@id":"https:\/\/www.wanarun.net\/blog\/martin-fourcade-avait-ete-traileur-58585.html#article","isPartOf":{"@id":"https:\/\/www.wanarun.net\/blog\/martin-fourcade-avait-ete-traileur-58585.html#webpage"},"author":{"@id":"https:\/\/www.wanarun.net\/blog\/#\/schema\/person\/bfb3bc166306771639fdc2bc6ac79771"},"headline":"Et si Martin Fourcade avait \u00e9t\u00e9 un traileur ?","datePublished":"2018-02-24T21:34:47+00:00","dateModified":"2018-02-24T21:34:47+00:00","mainEntityOfPage":{"@id":"https:\/\/www.wanarun.net\/blog\/martin-fourcade-avait-ete-traileur-58585.html#webpage"},"wordCount":390,"commentCount":1,"publisher":{"@id":"https:\/\/www.wanarun.net\/blog\/#organization"},"image":{"@id":"https:\/\/www.wanarun.net\/blog\/martin-fourcade-avait-ete-traileur-58585.html#primaryimage"},"thumbnailUrl":"https:\/\/www.wanarun.net\/blog\/wp-content\/uploads\/2018\/02\/martin-fourcade-traileur.jpg","articleSection":["Athl\u00e8tes","Humeur"],"inLanguage":"fr-FR","potentialAction":[{"@type":"CommentAction","name":"Comment","target":["https:\/\/www.wanarun.net\/blog\/martin-fourcade-avait-ete-traileur-58585.html#respond"]}]},{"@type":"Person","@id":"https:\/\/www.wanarun.net\/blog\/#\/schema\/person\/bfb3bc166306771639fdc2bc6ac79771","name":"Manu","image":{"@type":"ImageObject","inLanguage":"fr-FR","@id":"https:\/\/www.wanarun.net\/blog\/#\/schema\/person\/image\/","url":"https:\/\/secure.gravatar.com\/avatar\/717b7c28298e2900c61bceb611a4918a?s=96&d=mm&r=g","contentUrl":"https:\/\/secure.gravatar.com\/avatar\/717b7c28298e2900c61bceb611a4918a?s=96&d=mm&r=g","caption":"Manu"},"sameAs":["https:\/\/www.wanarun.net"],"url":"https:\/\/www.wanarun.net\/blog\/author\/admin"}]}},"_links":{"self":[{"href":"https:\/\/www.wanarun.net\/blog\/wp-json\/wp\/v2\/posts\/58585"}],"collection":[{"href":"https:\/\/www.wanarun.net\/blog\/wp-json\/wp\/v2\/posts"}],"about":[{"href":"https:\/\/www.wanarun.net\/blog\/wp-json\/wp\/v2\/types\/post"}],"author":[{"embeddable":true,"href":"https:\/\/www.wanarun.net\/blog\/wp-json\/wp\/v2\/users\/1"}],"replies":[{"embeddable":true,"href":"https:\/\/www.wanarun.net\/blog\/wp-json\/wp\/v2\/comments?post=58585"}],"version-history":[{"count":1,"href":"https:\/\/www.wanarun.net\/blog\/wp-json\/wp\/v2\/posts\/58585\/revisions"}],"predecessor-version":[{"id":58588,"href":"https:\/\/www.wanarun.net\/blog\/wp-json\/wp\/v2\/posts\/58585\/revisions\/58588"}],"wp:featuredmedia":[{"embeddable":true,"href":"https:\/\/www.wanarun.net\/blog\/wp-json\/wp\/v2\/media\/58587"}],"wp:attachment":[{"href":"https:\/\/www.wanarun.net\/blog\/wp-json\/wp\/v2\/media?parent=58585"}],"wp:term":[{"taxonomy":"category","embeddable":true,"href":"https:\/\/www.wanarun.net\/blog\/wp-json\/wp\/v2\/categories?post=58585"},{"taxonomy":"post_tag","embeddable":true,"href":"https:\/\/www.wanarun.net\/blog\/wp-json\/wp\/v2\/tags?post=58585"}],"curies":[{"name":"wp","href":"https:\/\/api.w.org\/{rel}","templated":true}]}}