{"id":5685,"date":"2010-05-05T22:24:17","date_gmt":"2010-05-05T21:24:17","guid":{"rendered":"http:\/\/www.wanarun.net\/blog\/?p=5685"},"modified":"2010-05-05T22:24:17","modified_gmt":"2010-05-05T21:24:17","slug":"barefoot-et-vibram-mon-etat-desprit-pour-le-moment","status":"publish","type":"post","link":"https:\/\/www.wanarun.net\/blog\/barefoot-et-vibram-mon-etat-desprit-pour-le-moment-5685.html","title":{"rendered":"Barefoot et Vibram : mon \u00e9tat d&rsquo;esprit pour le moment"},"content":{"rendered":"<p><img loading=\"lazy\" class=\"alignleft size-medium wp-image-5686\" title=\"corrida-heillecourt-2010-course-veteran-2600\" src=\"https:\/\/www.wanarun.net\/blog\/wp-content\/uploads\/2010\/05\/corrida-heillecourt-2010-course-veteran-2600-200x300.jpg\" alt=\"\" width=\"200\" height=\"300\" srcset=\"https:\/\/www.wanarun.net\/blog\/wp-content\/uploads\/2010\/05\/corrida-heillecourt-2010-course-veteran-2600-200x300.jpg 200w, https:\/\/www.wanarun.net\/blog\/wp-content\/uploads\/2010\/05\/corrida-heillecourt-2010-course-veteran-2600.jpg 320w\" sizes=\"(max-width: 200px) 100vw, 200px\" \/>J&rsquo;avoue que je suis emball\u00e9 par le concept de courir pied nus, le cot\u00e9 naturel, la libert\u00e9 et tous ces explications sur la posture de l&rsquo;homme, sur la pr\u00e9sence des doigts de pied (\u00e0 la place des palmes)&#8230;<\/p>\n<p>J&rsquo;adore le look des <a href=\"\/blog\/vrai-test-vibram-five-fingers-kso-suite-et-fin-6132.html\"title=\"Vibram Five Fingers\" >Vibrams<\/a> et d&rsquo;ailleurs j&rsquo;en ai achet\u00e9 et je les ai chauss\u00e9 aujourd&rsquo;hui \u00e0 la maison mais c&rsquo;est plus pour le c\u00f4t\u00e9 original que pour le c\u00f4t\u00e9 biom\u00e9canique.<\/p>\n<p>Pourtant je suis un adepte du pied nu : \u00e0 la maison, quand il fait chaud, &#8230; Dans ma jeunesse, je marchais souvent pieds nus&#8230;<\/p>\n<p>J&rsquo;ai \u00e9cout\u00e9 toutes les explications de Peter \u00e0 la marathon expo sur les bienfaits, les arguments scientifiques&#8230;<\/p>\n<p>J&rsquo;\u00e9tais intrigu\u00e9 par ces chaussures lunaires et simples mais voil\u00e0 cela remet en cause plein de choses. Et les quelques foul\u00e9es que j&rsquo;ai r\u00e9alis\u00e9 avec les Vibrams ne me mettent pas en confiance. Le maintien de la cheville, la stabilit\u00e9 d&rsquo;une semelle me manque&#8230;<\/p>\n<p>Alors mon jugement n&rsquo;est pas d\u00e9finitif, je suis encore curieux et j&rsquo;ai encore envie de d\u00e9couvrir des sensations nouvelles mais il va falloir que je murisse un peu tout \u00e7a&#8230;<\/p>\n<p>Cela dit ce que j&rsquo;appr\u00e9cie dans les Vibrams c&rsquo;est le fait que les doigts de pied sont libres, les uns par rapport aux autres en comparaison avec une paire de chaussures classiques. J&rsquo;ai eu du mal \u00e0 les enfiler la premi\u00e8re fois. Que chaque doigts de pied trouvent sa place sans se coller les uns aux autres&#8230; Mais apr\u00e8s quelques minutes d&rsquo;inconfort, cela devient plutot agr\u00e9able et apr\u00e8s les avoir enlev\u00e9, j&rsquo;ai eu un sentiment agr\u00e9able&#8230; L&rsquo;impression que mes doigts de pied respirait mieux de ne pas avoir \u00e9t\u00e9 compress\u00e9 ensemble pendant une longue p\u00e9riode&#8230;<\/p>\n<p>A suivre&#8230;<\/p>\n","protected":false},"excerpt":{"rendered":"<a href=\"https:\/\/www.wanarun.net\/blog\/barefoot-et-vibram-mon-etat-desprit-pour-le-moment-5685.html\"><img width=\"150\" src=\"\" class=\"alignleft wp-post-image tfe\" alt=\"\" title=\"\" \/><\/a><p>J&rsquo;avoue que je suis emball\u00e9 par le concept de courir pied nus, le cot\u00e9 naturel, la libert\u00e9 et tous ces explications sur la posture de l&rsquo;homme, sur la pr\u00e9sence des doigts de pied (\u00e0 la place des palmes)&#8230; J&rsquo;adore le look des Vibrams et d&rsquo;ailleurs j&rsquo;en ai achet\u00e9 et je les ai chauss\u00e9 aujourd&rsquo;hui \u00e0 [&hellip;]<\/p>\n","protected":false},"author":1,"featured_media":0,"comment_status":"open","ping_status":"open","sticky":false,"template":"","format":"standard","meta":[],"categories":[161],"tags":[628,568],"yoast_head":"<!-- This site is optimized with the Yoast SEO plugin v18.9 - https:\/\/yoast.com\/wordpress\/plugins\/seo\/ -->\n<title>Barefoot et Vibram : mon \u00e9tat d&#039;esprit pour le moment<\/title>\n<meta name=\"description\" content=\"J&#039;avoue que je suis emball\u00e9 par le concept de courir pied nus, le cot\u00e9 naturel, la libert\u00e9 et tous ces explications sur la posture de l&#039;homme, sur la\" \/>\n<meta name=\"robots\" content=\"index, follow, max-snippet:-1, max-image-preview:large, max-video-preview:-1\" \/>\n<link rel=\"canonical\" href=\"https:\/\/www.wanarun.net\/blog\/barefoot-et-vibram-mon-etat-desprit-pour-le-moment-5685.html\" \/>\n<meta property=\"og:locale\" content=\"fr_FR\" \/>\n<meta property=\"og:type\" content=\"article\" \/>\n<meta property=\"og:title\" content=\"Barefoot et Vibram : mon \u00e9tat d&#039;esprit pour le moment\" \/>\n<meta property=\"og:description\" content=\"J&#039;avoue que je suis emball\u00e9 par le concept de courir pied nus, le cot\u00e9 naturel, la libert\u00e9 et tous ces explications sur la posture de l&#039;homme, sur la\" \/>\n<meta property=\"og:url\" content=\"https:\/\/www.wanarun.net\/blog\/barefoot-et-vibram-mon-etat-desprit-pour-le-moment-5685.html\" \/>\n<meta property=\"og:site_name\" content=\"Wanarun, le blog du running, du trail et de la course \u00e0 pied\" \/>\n<meta property=\"article:publisher\" content=\"https:\/\/www.facebook.com\/wanarun\/\" \/>\n<meta property=\"article:published_time\" content=\"2010-05-05T21:24:17+00:00\" \/>\n<meta property=\"og:image\" content=\"https:\/\/www.wanarun.net\/blog\/wp-content\/uploads\/2010\/05\/corrida-heillecourt-2010-course-veteran-2600-200x300.jpg\" \/>\n<meta name=\"twitter:label1\" content=\"\u00c9crit par\" \/>\n\t<meta name=\"twitter:data1\" content=\"Manu\" \/>\n\t<meta name=\"twitter:label2\" content=\"Dur\u00e9e de lecture estim\u00e9e\" \/>\n\t<meta name=\"twitter:data2\" content=\"1 minute\" \/>\n<script type=\"application\/ld+json\" class=\"yoast-schema-graph\">{\"@context\":\"https:\/\/schema.org\",\"@graph\":[{\"@type\":\"Organization\",\"@id\":\"https:\/\/www.wanarun.net\/blog\/#organization\",\"name\":\"Wanarun\",\"url\":\"https:\/\/www.wanarun.net\/blog\/\",\"sameAs\":[\"https:\/\/www.instagram.com\/wanarunnet\/\",\"https:\/\/www.youtube.com\/user\/wanarunnet\",\"https:\/\/www.facebook.com\/wanarun\/\",\"https:\/\/twitter.com\/wanarun\"],\"logo\":{\"@type\":\"ImageObject\",\"inLanguage\":\"fr-FR\",\"@id\":\"https:\/\/www.wanarun.net\/blog\/#\/schema\/logo\/image\/\",\"url\":\"https:\/\/www.wanarun.net\/blog\/wp-content\/uploads\/2018\/03\/logo-wanarun.jpg\",\"contentUrl\":\"https:\/\/www.wanarun.net\/blog\/wp-content\/uploads\/2018\/03\/logo-wanarun.jpg\",\"width\":1196,\"height\":1082,\"caption\":\"Wanarun\"},\"image\":{\"@id\":\"https:\/\/www.wanarun.net\/blog\/#\/schema\/logo\/image\/\"}},{\"@type\":\"WebSite\",\"@id\":\"https:\/\/www.wanarun.net\/blog\/#website\",\"url\":\"https:\/\/www.wanarun.net\/blog\/\",\"name\":\"Wanarun, le blog du running, du trail et de la course \u00e0 pied\",\"description\":\"Informations, remarques, avis, conseils sur la course \u00e0 pied.\",\"publisher\":{\"@id\":\"https:\/\/www.wanarun.net\/blog\/#organization\"},\"potentialAction\":[{\"@type\":\"SearchAction\",\"target\":{\"@type\":\"EntryPoint\",\"urlTemplate\":\"https:\/\/www.wanarun.net\/blog\/?s={search_term_string}\"},\"query-input\":\"required name=search_term_string\"}],\"inLanguage\":\"fr-FR\"},{\"@type\":\"ImageObject\",\"inLanguage\":\"fr-FR\",\"@id\":\"https:\/\/www.wanarun.net\/blog\/barefoot-et-vibram-mon-etat-desprit-pour-le-moment-5685.html#primaryimage\",\"url\":\"https:\/\/www.wanarun.net\/blog\/wp-content\/uploads\/2010\/05\/corrida-heillecourt-2010-course-veteran-2600.jpg\",\"contentUrl\":\"https:\/\/www.wanarun.net\/blog\/wp-content\/uploads\/2010\/05\/corrida-heillecourt-2010-course-veteran-2600.jpg\",\"width\":320,\"height\":480},{\"@type\":\"WebPage\",\"@id\":\"https:\/\/www.wanarun.net\/blog\/barefoot-et-vibram-mon-etat-desprit-pour-le-moment-5685.html#webpage\",\"url\":\"https:\/\/www.wanarun.net\/blog\/barefoot-et-vibram-mon-etat-desprit-pour-le-moment-5685.html\",\"name\":\"Barefoot et Vibram : mon \u00e9tat d'esprit pour le moment\",\"isPartOf\":{\"@id\":\"https:\/\/www.wanarun.net\/blog\/#website\"},\"primaryImageOfPage\":{\"@id\":\"https:\/\/www.wanarun.net\/blog\/barefoot-et-vibram-mon-etat-desprit-pour-le-moment-5685.html#primaryimage\"},\"datePublished\":\"2010-05-05T21:24:17+00:00\",\"dateModified\":\"2010-05-05T21:24:17+00:00\",\"description\":\"J'avoue que je suis emball\u00e9 par le concept de courir pied nus, le cot\u00e9 naturel, la libert\u00e9 et tous ces explications sur la posture de l'homme, sur la\",\"breadcrumb\":{\"@id\":\"https:\/\/www.wanarun.net\/blog\/barefoot-et-vibram-mon-etat-desprit-pour-le-moment-5685.html#breadcrumb\"},\"inLanguage\":\"fr-FR\",\"potentialAction\":[{\"@type\":\"ReadAction\",\"target\":[\"https:\/\/www.wanarun.net\/blog\/barefoot-et-vibram-mon-etat-desprit-pour-le-moment-5685.html\"]}]},{\"@type\":\"BreadcrumbList\",\"@id\":\"https:\/\/www.wanarun.net\/blog\/barefoot-et-vibram-mon-etat-desprit-pour-le-moment-5685.html#breadcrumb\",\"itemListElement\":[{\"@type\":\"ListItem\",\"position\":1,\"name\":\"Barefoot et Vibram : mon \u00e9tat d&rsquo;esprit pour le moment\"}]},{\"@type\":\"Article\",\"@id\":\"https:\/\/www.wanarun.net\/blog\/barefoot-et-vibram-mon-etat-desprit-pour-le-moment-5685.html#article\",\"isPartOf\":{\"@id\":\"https:\/\/www.wanarun.net\/blog\/barefoot-et-vibram-mon-etat-desprit-pour-le-moment-5685.html#webpage\"},\"author\":{\"@id\":\"https:\/\/www.wanarun.net\/blog\/#\/schema\/person\/bfb3bc166306771639fdc2bc6ac79771\"},\"headline\":\"Barefoot et Vibram : mon \u00e9tat d&rsquo;esprit pour le moment\",\"datePublished\":\"2010-05-05T21:24:17+00:00\",\"dateModified\":\"2010-05-05T21:24:17+00:00\",\"mainEntityOfPage\":{\"@id\":\"https:\/\/www.wanarun.net\/blog\/barefoot-et-vibram-mon-etat-desprit-pour-le-moment-5685.html#webpage\"},\"wordCount\":300,\"commentCount\":1,\"publisher\":{\"@id\":\"https:\/\/www.wanarun.net\/blog\/#organization\"},\"image\":{\"@id\":\"https:\/\/www.wanarun.net\/blog\/barefoot-et-vibram-mon-etat-desprit-pour-le-moment-5685.html#primaryimage\"},\"thumbnailUrl\":\"https:\/\/www.wanarun.net\/blog\/wp-content\/uploads\/2010\/05\/corrida-heillecourt-2010-course-veteran-2600-200x300.jpg\",\"keywords\":[\"barefoot\",\"Vibram\"],\"articleSection\":[\"Humeur\"],\"inLanguage\":\"fr-FR\",\"potentialAction\":[{\"@type\":\"CommentAction\",\"name\":\"Comment\",\"target\":[\"https:\/\/www.wanarun.net\/blog\/barefoot-et-vibram-mon-etat-desprit-pour-le-moment-5685.html#respond\"]}]},{\"@type\":\"Person\",\"@id\":\"https:\/\/www.wanarun.net\/blog\/#\/schema\/person\/bfb3bc166306771639fdc2bc6ac79771\",\"name\":\"Manu\",\"image\":{\"@type\":\"ImageObject\",\"inLanguage\":\"fr-FR\",\"@id\":\"https:\/\/www.wanarun.net\/blog\/#\/schema\/person\/image\/\",\"url\":\"https:\/\/secure.gravatar.com\/avatar\/717b7c28298e2900c61bceb611a4918a?s=96&d=mm&r=g\",\"contentUrl\":\"https:\/\/secure.gravatar.com\/avatar\/717b7c28298e2900c61bceb611a4918a?s=96&d=mm&r=g\",\"caption\":\"Manu\"},\"sameAs\":[\"https:\/\/www.wanarun.net\"],\"url\":\"https:\/\/www.wanarun.net\/blog\/author\/admin\"}]}<\/script>\n<!-- \/ Yoast SEO plugin. -->","yoast_head_json":{"title":"Barefoot et Vibram : mon \u00e9tat d'esprit pour le moment","description":"J'avoue que je suis emball\u00e9 par le concept de courir pied nus, le cot\u00e9 naturel, la libert\u00e9 et tous ces explications sur la posture de l'homme, sur la","robots":{"index":"index","follow":"follow","max-snippet":"max-snippet:-1","max-image-preview":"max-image-preview:large","max-video-preview":"max-video-preview:-1"},"canonical":"https:\/\/www.wanarun.net\/blog\/barefoot-et-vibram-mon-etat-desprit-pour-le-moment-5685.html","og_locale":"fr_FR","og_type":"article","og_title":"Barefoot et Vibram : mon \u00e9tat d'esprit pour le moment","og_description":"J'avoue que je suis emball\u00e9 par le concept de courir pied nus, le cot\u00e9 naturel, la libert\u00e9 et tous ces explications sur la posture de l'homme, sur la","og_url":"https:\/\/www.wanarun.net\/blog\/barefoot-et-vibram-mon-etat-desprit-pour-le-moment-5685.html","og_site_name":"Wanarun, le blog du running, du trail et de la course \u00e0 pied","article_publisher":"https:\/\/www.facebook.com\/wanarun\/","article_published_time":"2010-05-05T21:24:17+00:00","og_image":[{"url":"https:\/\/www.wanarun.net\/blog\/wp-content\/uploads\/2010\/05\/corrida-heillecourt-2010-course-veteran-2600-200x300.jpg"}],"twitter_misc":{"\u00c9crit par":"Manu","Dur\u00e9e de lecture estim\u00e9e":"1 minute"},"schema":{"@context":"https:\/\/schema.org","@graph":[{"@type":"Organization","@id":"https:\/\/www.wanarun.net\/blog\/#organization","name":"Wanarun","url":"https:\/\/www.wanarun.net\/blog\/","sameAs":["https:\/\/www.instagram.com\/wanarunnet\/","https:\/\/www.youtube.com\/user\/wanarunnet","https:\/\/www.facebook.com\/wanarun\/","https:\/\/twitter.com\/wanarun"],"logo":{"@type":"ImageObject","inLanguage":"fr-FR","@id":"https:\/\/www.wanarun.net\/blog\/#\/schema\/logo\/image\/","url":"https:\/\/www.wanarun.net\/blog\/wp-content\/uploads\/2018\/03\/logo-wanarun.jpg","contentUrl":"https:\/\/www.wanarun.net\/blog\/wp-content\/uploads\/2018\/03\/logo-wanarun.jpg","width":1196,"height":1082,"caption":"Wanarun"},"image":{"@id":"https:\/\/www.wanarun.net\/blog\/#\/schema\/logo\/image\/"}},{"@type":"WebSite","@id":"https:\/\/www.wanarun.net\/blog\/#website","url":"https:\/\/www.wanarun.net\/blog\/","name":"Wanarun, le blog du running, du trail et de la course \u00e0 pied","description":"Informations, remarques, avis, conseils sur la course \u00e0 pied.","publisher":{"@id":"https:\/\/www.wanarun.net\/blog\/#organization"},"potentialAction":[{"@type":"SearchAction","target":{"@type":"EntryPoint","urlTemplate":"https:\/\/www.wanarun.net\/blog\/?s={search_term_string}"},"query-input":"required name=search_term_string"}],"inLanguage":"fr-FR"},{"@type":"ImageObject","inLanguage":"fr-FR","@id":"https:\/\/www.wanarun.net\/blog\/barefoot-et-vibram-mon-etat-desprit-pour-le-moment-5685.html#primaryimage","url":"https:\/\/www.wanarun.net\/blog\/wp-content\/uploads\/2010\/05\/corrida-heillecourt-2010-course-veteran-2600.jpg","contentUrl":"https:\/\/www.wanarun.net\/blog\/wp-content\/uploads\/2010\/05\/corrida-heillecourt-2010-course-veteran-2600.jpg","width":320,"height":480},{"@type":"WebPage","@id":"https:\/\/www.wanarun.net\/blog\/barefoot-et-vibram-mon-etat-desprit-pour-le-moment-5685.html#webpage","url":"https:\/\/www.wanarun.net\/blog\/barefoot-et-vibram-mon-etat-desprit-pour-le-moment-5685.html","name":"Barefoot et Vibram : mon \u00e9tat d'esprit pour le moment","isPartOf":{"@id":"https:\/\/www.wanarun.net\/blog\/#website"},"primaryImageOfPage":{"@id":"https:\/\/www.wanarun.net\/blog\/barefoot-et-vibram-mon-etat-desprit-pour-le-moment-5685.html#primaryimage"},"datePublished":"2010-05-05T21:24:17+00:00","dateModified":"2010-05-05T21:24:17+00:00","description":"J'avoue que je suis emball\u00e9 par le concept de courir pied nus, le cot\u00e9 naturel, la libert\u00e9 et tous ces explications sur la posture de l'homme, sur la","breadcrumb":{"@id":"https:\/\/www.wanarun.net\/blog\/barefoot-et-vibram-mon-etat-desprit-pour-le-moment-5685.html#breadcrumb"},"inLanguage":"fr-FR","potentialAction":[{"@type":"ReadAction","target":["https:\/\/www.wanarun.net\/blog\/barefoot-et-vibram-mon-etat-desprit-pour-le-moment-5685.html"]}]},{"@type":"BreadcrumbList","@id":"https:\/\/www.wanarun.net\/blog\/barefoot-et-vibram-mon-etat-desprit-pour-le-moment-5685.html#breadcrumb","itemListElement":[{"@type":"ListItem","position":1,"name":"Barefoot et Vibram : mon \u00e9tat d&rsquo;esprit pour le moment"}]},{"@type":"Article","@id":"https:\/\/www.wanarun.net\/blog\/barefoot-et-vibram-mon-etat-desprit-pour-le-moment-5685.html#article","isPartOf":{"@id":"https:\/\/www.wanarun.net\/blog\/barefoot-et-vibram-mon-etat-desprit-pour-le-moment-5685.html#webpage"},"author":{"@id":"https:\/\/www.wanarun.net\/blog\/#\/schema\/person\/bfb3bc166306771639fdc2bc6ac79771"},"headline":"Barefoot et Vibram : mon \u00e9tat d&rsquo;esprit pour le moment","datePublished":"2010-05-05T21:24:17+00:00","dateModified":"2010-05-05T21:24:17+00:00","mainEntityOfPage":{"@id":"https:\/\/www.wanarun.net\/blog\/barefoot-et-vibram-mon-etat-desprit-pour-le-moment-5685.html#webpage"},"wordCount":300,"commentCount":1,"publisher":{"@id":"https:\/\/www.wanarun.net\/blog\/#organization"},"image":{"@id":"https:\/\/www.wanarun.net\/blog\/barefoot-et-vibram-mon-etat-desprit-pour-le-moment-5685.html#primaryimage"},"thumbnailUrl":"https:\/\/www.wanarun.net\/blog\/wp-content\/uploads\/2010\/05\/corrida-heillecourt-2010-course-veteran-2600-200x300.jpg","keywords":["barefoot","Vibram"],"articleSection":["Humeur"],"inLanguage":"fr-FR","potentialAction":[{"@type":"CommentAction","name":"Comment","target":["https:\/\/www.wanarun.net\/blog\/barefoot-et-vibram-mon-etat-desprit-pour-le-moment-5685.html#respond"]}]},{"@type":"Person","@id":"https:\/\/www.wanarun.net\/blog\/#\/schema\/person\/bfb3bc166306771639fdc2bc6ac79771","name":"Manu","image":{"@type":"ImageObject","inLanguage":"fr-FR","@id":"https:\/\/www.wanarun.net\/blog\/#\/schema\/person\/image\/","url":"https:\/\/secure.gravatar.com\/avatar\/717b7c28298e2900c61bceb611a4918a?s=96&d=mm&r=g","contentUrl":"https:\/\/secure.gravatar.com\/avatar\/717b7c28298e2900c61bceb611a4918a?s=96&d=mm&r=g","caption":"Manu"},"sameAs":["https:\/\/www.wanarun.net"],"url":"https:\/\/www.wanarun.net\/blog\/author\/admin"}]}},"_links":{"self":[{"href":"https:\/\/www.wanarun.net\/blog\/wp-json\/wp\/v2\/posts\/5685"}],"collection":[{"href":"https:\/\/www.wanarun.net\/blog\/wp-json\/wp\/v2\/posts"}],"about":[{"href":"https:\/\/www.wanarun.net\/blog\/wp-json\/wp\/v2\/types\/post"}],"author":[{"embeddable":true,"href":"https:\/\/www.wanarun.net\/blog\/wp-json\/wp\/v2\/users\/1"}],"replies":[{"embeddable":true,"href":"https:\/\/www.wanarun.net\/blog\/wp-json\/wp\/v2\/comments?post=5685"}],"version-history":[{"count":1,"href":"https:\/\/www.wanarun.net\/blog\/wp-json\/wp\/v2\/posts\/5685\/revisions"}],"predecessor-version":[{"id":5687,"href":"https:\/\/www.wanarun.net\/blog\/wp-json\/wp\/v2\/posts\/5685\/revisions\/5687"}],"wp:attachment":[{"href":"https:\/\/www.wanarun.net\/blog\/wp-json\/wp\/v2\/media?parent=5685"}],"wp:term":[{"taxonomy":"category","embeddable":true,"href":"https:\/\/www.wanarun.net\/blog\/wp-json\/wp\/v2\/categories?post=5685"},{"taxonomy":"post_tag","embeddable":true,"href":"https:\/\/www.wanarun.net\/blog\/wp-json\/wp\/v2\/tags?post=5685"}],"curies":[{"name":"wp","href":"https:\/\/api.w.org\/{rel}","templated":true}]}}