{"id":5006,"date":"2010-04-06T17:00:22","date_gmt":"2010-04-06T16:00:22","guid":{"rendered":"http:\/\/www.wanarun.net\/blog\/?p=5006"},"modified":"2010-04-06T08:48:09","modified_gmt":"2010-04-06T07:48:09","slug":"courir-pieds-nus-a-la-matinale-de-canal","status":"publish","type":"post","link":"https:\/\/www.wanarun.net\/blog\/courir-pieds-nus-a-la-matinale-de-canal-5006.html","title":{"rendered":"\u00ab\u00a0Courir pieds nus\u00a0\u00bb \u00e0 La Matinale de Canal+"},"content":{"rendered":"<p>Le sujet \u00e0 la mode en ce moment, aussi bien \u00e0 la <a href=\"https:\/\/www.wanarun.net\/blog\/tag\/marathon-ac\">Marathon Ac&rsquo;<\/a> que sur <a title=\"courir nu pied \/ barefoot running\" href=\"http:\/\/www.facebook.com\/pages\/courir-nu-pied-barefoot-running\/109514362398701\">Facebook<\/a>, c&rsquo;est \u00e9videmment la course pieds nus. Et bien le ph\u00e9nom\u00e8ne va encore au-del\u00e0 puisqu&rsquo;il y a m\u00eame eu un reportage ce matin dans La Matinale de Canal+. Non, ce n&rsquo;\u00e9tait pas une \u00e9mission sp\u00e9cialement d\u00e9di\u00e9e comme on a pu en voir pour les r\u00e9gionales mais tout de m\u00eame un petit reportage de quelques minutes pour pr\u00e9senter cette nouvelle pratique et agr\u00e9ment\u00e9 d&rsquo;un interview de Jean-Michel Serra, m\u00e9decin de la F\u00e9d\u00e9ration Fran\u00e7aise d&rsquo;Athl\u00e9tisme.<\/p>\n<p>Si vous n&rsquo;\u00eates pas un habitu\u00e9 de l&rsquo;\u00e9mission, vous pouvez revoir le sujet sur le site Internet de Canal+ : <a href=\"http:\/\/player.canalplus.fr\/#\/332508\">Player CANAL +<\/a>, La Matinale du 06\/04, 7h15-8h20, d\u00e9but de la s\u00e9quence au bout de 54&rsquo;48 de vid\u00e9o (soit 8h15 ce matin).<\/p>\n","protected":false},"excerpt":{"rendered":"<a href=\"https:\/\/www.wanarun.net\/blog\/courir-pieds-nus-a-la-matinale-de-canal-5006.html\"><img width=\"150\" src=\"\" class=\"alignleft wp-post-image tfe\" alt=\"\" title=\"\" \/><\/a><p>Le sujet \u00e0 la mode en ce moment, aussi bien \u00e0 la Marathon Ac&rsquo; que sur Facebook, c&rsquo;est \u00e9videmment la course pieds nus. Et bien le ph\u00e9nom\u00e8ne va encore au-del\u00e0 puisqu&rsquo;il y a m\u00eame eu un reportage ce matin dans La Matinale de Canal+. Non, ce n&rsquo;\u00e9tait pas une \u00e9mission sp\u00e9cialement d\u00e9di\u00e9e comme on a [&hellip;]<\/p>\n","protected":false},"author":19,"featured_media":0,"comment_status":"open","ping_status":"open","sticky":false,"template":"","format":"standard","meta":[],"categories":[19],"tags":[628,690,190,691,461,57],"yoast_head":"<!-- This site is optimized with the Yoast SEO plugin v18.9 - https:\/\/yoast.com\/wordpress\/plugins\/seo\/ -->\n<title>&quot;Courir pieds nus&quot; \u00e0 La Matinale de Canal+<\/title>\n<meta name=\"description\" content=\"Le sujet \u00e0 la mode en ce moment, aussi bien \u00e0 la Marathon Ac&#039; que sur Facebook, c&#039;est \u00e9videmment la course pieds nus. Et bien le ph\u00e9nom\u00e8ne va encore\" \/>\n<meta name=\"robots\" content=\"index, follow, max-snippet:-1, max-image-preview:large, max-video-preview:-1\" \/>\n<link rel=\"canonical\" href=\"https:\/\/www.wanarun.net\/blog\/courir-pieds-nus-a-la-matinale-de-canal-5006.html\" \/>\n<meta property=\"og:locale\" content=\"fr_FR\" \/>\n<meta property=\"og:type\" content=\"article\" \/>\n<meta property=\"og:title\" content=\"&quot;Courir pieds nus&quot; \u00e0 La Matinale de Canal+\" \/>\n<meta property=\"og:description\" content=\"Le sujet \u00e0 la mode en ce moment, aussi bien \u00e0 la Marathon Ac&#039; que sur Facebook, c&#039;est \u00e9videmment la course pieds nus. Et bien le ph\u00e9nom\u00e8ne va encore\" \/>\n<meta property=\"og:url\" content=\"https:\/\/www.wanarun.net\/blog\/courir-pieds-nus-a-la-matinale-de-canal-5006.html\" \/>\n<meta property=\"og:site_name\" content=\"Wanarun, le blog du running, du trail et de la course \u00e0 pied\" \/>\n<meta property=\"article:publisher\" content=\"https:\/\/www.facebook.com\/wanarun\/\" \/>\n<meta property=\"article:published_time\" content=\"2010-04-06T16:00:22+00:00\" \/>\n<meta property=\"article:modified_time\" content=\"2010-04-06T07:48:09+00:00\" \/>\n<meta name=\"twitter:label1\" content=\"\u00c9crit par\" \/>\n\t<meta name=\"twitter:data1\" content=\"Mathieu Reizer\" \/>\n\t<meta name=\"twitter:label2\" content=\"Dur\u00e9e de lecture estim\u00e9e\" \/>\n\t<meta name=\"twitter:data2\" content=\"1 minute\" \/>\n<script type=\"application\/ld+json\" class=\"yoast-schema-graph\">{\"@context\":\"https:\/\/schema.org\",\"@graph\":[{\"@type\":\"Organization\",\"@id\":\"https:\/\/www.wanarun.net\/blog\/#organization\",\"name\":\"Wanarun\",\"url\":\"https:\/\/www.wanarun.net\/blog\/\",\"sameAs\":[\"https:\/\/www.instagram.com\/wanarunnet\/\",\"https:\/\/www.youtube.com\/user\/wanarunnet\",\"https:\/\/www.facebook.com\/wanarun\/\",\"https:\/\/twitter.com\/wanarun\"],\"logo\":{\"@type\":\"ImageObject\",\"inLanguage\":\"fr-FR\",\"@id\":\"https:\/\/www.wanarun.net\/blog\/#\/schema\/logo\/image\/\",\"url\":\"https:\/\/www.wanarun.net\/blog\/wp-content\/uploads\/2018\/03\/logo-wanarun.jpg\",\"contentUrl\":\"https:\/\/www.wanarun.net\/blog\/wp-content\/uploads\/2018\/03\/logo-wanarun.jpg\",\"width\":1196,\"height\":1082,\"caption\":\"Wanarun\"},\"image\":{\"@id\":\"https:\/\/www.wanarun.net\/blog\/#\/schema\/logo\/image\/\"}},{\"@type\":\"WebSite\",\"@id\":\"https:\/\/www.wanarun.net\/blog\/#website\",\"url\":\"https:\/\/www.wanarun.net\/blog\/\",\"name\":\"Wanarun, le blog du running, du trail et de la course \u00e0 pied\",\"description\":\"Informations, remarques, avis, conseils sur la course \u00e0 pied.\",\"publisher\":{\"@id\":\"https:\/\/www.wanarun.net\/blog\/#organization\"},\"potentialAction\":[{\"@type\":\"SearchAction\",\"target\":{\"@type\":\"EntryPoint\",\"urlTemplate\":\"https:\/\/www.wanarun.net\/blog\/?s={search_term_string}\"},\"query-input\":\"required name=search_term_string\"}],\"inLanguage\":\"fr-FR\"},{\"@type\":\"WebPage\",\"@id\":\"https:\/\/www.wanarun.net\/blog\/courir-pieds-nus-a-la-matinale-de-canal-5006.html#webpage\",\"url\":\"https:\/\/www.wanarun.net\/blog\/courir-pieds-nus-a-la-matinale-de-canal-5006.html\",\"name\":\"\\\"Courir pieds nus\\\" \u00e0 La Matinale de Canal+\",\"isPartOf\":{\"@id\":\"https:\/\/www.wanarun.net\/blog\/#website\"},\"datePublished\":\"2010-04-06T16:00:22+00:00\",\"dateModified\":\"2010-04-06T07:48:09+00:00\",\"description\":\"Le sujet \u00e0 la mode en ce moment, aussi bien \u00e0 la Marathon Ac' que sur Facebook, c'est \u00e9videmment la course pieds nus. Et bien le ph\u00e9nom\u00e8ne va encore\",\"breadcrumb\":{\"@id\":\"https:\/\/www.wanarun.net\/blog\/courir-pieds-nus-a-la-matinale-de-canal-5006.html#breadcrumb\"},\"inLanguage\":\"fr-FR\",\"potentialAction\":[{\"@type\":\"ReadAction\",\"target\":[\"https:\/\/www.wanarun.net\/blog\/courir-pieds-nus-a-la-matinale-de-canal-5006.html\"]}]},{\"@type\":\"BreadcrumbList\",\"@id\":\"https:\/\/www.wanarun.net\/blog\/courir-pieds-nus-a-la-matinale-de-canal-5006.html#breadcrumb\",\"itemListElement\":[{\"@type\":\"ListItem\",\"position\":1,\"name\":\"\u00ab\u00a0Courir pieds nus\u00a0\u00bb \u00e0 La Matinale de Canal+\"}]},{\"@type\":\"Article\",\"@id\":\"https:\/\/www.wanarun.net\/blog\/courir-pieds-nus-a-la-matinale-de-canal-5006.html#article\",\"isPartOf\":{\"@id\":\"https:\/\/www.wanarun.net\/blog\/courir-pieds-nus-a-la-matinale-de-canal-5006.html#webpage\"},\"author\":{\"@id\":\"https:\/\/www.wanarun.net\/blog\/#\/schema\/person\/508c18358ef761c7eefc693529a42955\"},\"headline\":\"\u00ab\u00a0Courir pieds nus\u00a0\u00bb \u00e0 La Matinale de Canal+\",\"datePublished\":\"2010-04-06T16:00:22+00:00\",\"dateModified\":\"2010-04-06T07:48:09+00:00\",\"mainEntityOfPage\":{\"@id\":\"https:\/\/www.wanarun.net\/blog\/courir-pieds-nus-a-la-matinale-de-canal-5006.html#webpage\"},\"wordCount\":156,\"commentCount\":0,\"publisher\":{\"@id\":\"https:\/\/www.wanarun.net\/blog\/#organization\"},\"keywords\":[\"barefoot\",\"canal+\",\"FFA\",\"la matinale\",\"pieds nus\",\"t\u00e9l\u00e9vision\"],\"articleSection\":[\"Presse\"],\"inLanguage\":\"fr-FR\",\"potentialAction\":[{\"@type\":\"CommentAction\",\"name\":\"Comment\",\"target\":[\"https:\/\/www.wanarun.net\/blog\/courir-pieds-nus-a-la-matinale-de-canal-5006.html#respond\"]}]},{\"@type\":\"Person\",\"@id\":\"https:\/\/www.wanarun.net\/blog\/#\/schema\/person\/508c18358ef761c7eefc693529a42955\",\"name\":\"Mathieu Reizer\",\"image\":{\"@type\":\"ImageObject\",\"inLanguage\":\"fr-FR\",\"@id\":\"https:\/\/www.wanarun.net\/blog\/#\/schema\/person\/image\/\",\"url\":\"https:\/\/secure.gravatar.com\/avatar\/a55ab4503c885c8f69ce565c8239bfcc?s=96&d=mm&r=g\",\"contentUrl\":\"https:\/\/secure.gravatar.com\/avatar\/a55ab4503c885c8f69ce565c8239bfcc?s=96&d=mm&r=g\",\"caption\":\"Mathieu Reizer\"},\"sameAs\":[\"http:\/\/www.wanarun.net\/blog\/author\/mathieu\/\"],\"url\":\"https:\/\/www.wanarun.net\/blog\/author\/mathieu\"}]}<\/script>\n<!-- \/ Yoast SEO plugin. -->","yoast_head_json":{"title":"\"Courir pieds nus\" \u00e0 La Matinale de Canal+","description":"Le sujet \u00e0 la mode en ce moment, aussi bien \u00e0 la Marathon Ac' que sur Facebook, c'est \u00e9videmment la course pieds nus. Et bien le ph\u00e9nom\u00e8ne va encore","robots":{"index":"index","follow":"follow","max-snippet":"max-snippet:-1","max-image-preview":"max-image-preview:large","max-video-preview":"max-video-preview:-1"},"canonical":"https:\/\/www.wanarun.net\/blog\/courir-pieds-nus-a-la-matinale-de-canal-5006.html","og_locale":"fr_FR","og_type":"article","og_title":"\"Courir pieds nus\" \u00e0 La Matinale de Canal+","og_description":"Le sujet \u00e0 la mode en ce moment, aussi bien \u00e0 la Marathon Ac' que sur Facebook, c'est \u00e9videmment la course pieds nus. Et bien le ph\u00e9nom\u00e8ne va encore","og_url":"https:\/\/www.wanarun.net\/blog\/courir-pieds-nus-a-la-matinale-de-canal-5006.html","og_site_name":"Wanarun, le blog du running, du trail et de la course \u00e0 pied","article_publisher":"https:\/\/www.facebook.com\/wanarun\/","article_published_time":"2010-04-06T16:00:22+00:00","article_modified_time":"2010-04-06T07:48:09+00:00","twitter_misc":{"\u00c9crit par":"Mathieu Reizer","Dur\u00e9e de lecture estim\u00e9e":"1 minute"},"schema":{"@context":"https:\/\/schema.org","@graph":[{"@type":"Organization","@id":"https:\/\/www.wanarun.net\/blog\/#organization","name":"Wanarun","url":"https:\/\/www.wanarun.net\/blog\/","sameAs":["https:\/\/www.instagram.com\/wanarunnet\/","https:\/\/www.youtube.com\/user\/wanarunnet","https:\/\/www.facebook.com\/wanarun\/","https:\/\/twitter.com\/wanarun"],"logo":{"@type":"ImageObject","inLanguage":"fr-FR","@id":"https:\/\/www.wanarun.net\/blog\/#\/schema\/logo\/image\/","url":"https:\/\/www.wanarun.net\/blog\/wp-content\/uploads\/2018\/03\/logo-wanarun.jpg","contentUrl":"https:\/\/www.wanarun.net\/blog\/wp-content\/uploads\/2018\/03\/logo-wanarun.jpg","width":1196,"height":1082,"caption":"Wanarun"},"image":{"@id":"https:\/\/www.wanarun.net\/blog\/#\/schema\/logo\/image\/"}},{"@type":"WebSite","@id":"https:\/\/www.wanarun.net\/blog\/#website","url":"https:\/\/www.wanarun.net\/blog\/","name":"Wanarun, le blog du running, du trail et de la course \u00e0 pied","description":"Informations, remarques, avis, conseils sur la course \u00e0 pied.","publisher":{"@id":"https:\/\/www.wanarun.net\/blog\/#organization"},"potentialAction":[{"@type":"SearchAction","target":{"@type":"EntryPoint","urlTemplate":"https:\/\/www.wanarun.net\/blog\/?s={search_term_string}"},"query-input":"required name=search_term_string"}],"inLanguage":"fr-FR"},{"@type":"WebPage","@id":"https:\/\/www.wanarun.net\/blog\/courir-pieds-nus-a-la-matinale-de-canal-5006.html#webpage","url":"https:\/\/www.wanarun.net\/blog\/courir-pieds-nus-a-la-matinale-de-canal-5006.html","name":"\"Courir pieds nus\" \u00e0 La Matinale de Canal+","isPartOf":{"@id":"https:\/\/www.wanarun.net\/blog\/#website"},"datePublished":"2010-04-06T16:00:22+00:00","dateModified":"2010-04-06T07:48:09+00:00","description":"Le sujet \u00e0 la mode en ce moment, aussi bien \u00e0 la Marathon Ac' que sur Facebook, c'est \u00e9videmment la course pieds nus. Et bien le ph\u00e9nom\u00e8ne va encore","breadcrumb":{"@id":"https:\/\/www.wanarun.net\/blog\/courir-pieds-nus-a-la-matinale-de-canal-5006.html#breadcrumb"},"inLanguage":"fr-FR","potentialAction":[{"@type":"ReadAction","target":["https:\/\/www.wanarun.net\/blog\/courir-pieds-nus-a-la-matinale-de-canal-5006.html"]}]},{"@type":"BreadcrumbList","@id":"https:\/\/www.wanarun.net\/blog\/courir-pieds-nus-a-la-matinale-de-canal-5006.html#breadcrumb","itemListElement":[{"@type":"ListItem","position":1,"name":"\u00ab\u00a0Courir pieds nus\u00a0\u00bb \u00e0 La Matinale de Canal+"}]},{"@type":"Article","@id":"https:\/\/www.wanarun.net\/blog\/courir-pieds-nus-a-la-matinale-de-canal-5006.html#article","isPartOf":{"@id":"https:\/\/www.wanarun.net\/blog\/courir-pieds-nus-a-la-matinale-de-canal-5006.html#webpage"},"author":{"@id":"https:\/\/www.wanarun.net\/blog\/#\/schema\/person\/508c18358ef761c7eefc693529a42955"},"headline":"\u00ab\u00a0Courir pieds nus\u00a0\u00bb \u00e0 La Matinale de Canal+","datePublished":"2010-04-06T16:00:22+00:00","dateModified":"2010-04-06T07:48:09+00:00","mainEntityOfPage":{"@id":"https:\/\/www.wanarun.net\/blog\/courir-pieds-nus-a-la-matinale-de-canal-5006.html#webpage"},"wordCount":156,"commentCount":0,"publisher":{"@id":"https:\/\/www.wanarun.net\/blog\/#organization"},"keywords":["barefoot","canal+","FFA","la matinale","pieds nus","t\u00e9l\u00e9vision"],"articleSection":["Presse"],"inLanguage":"fr-FR","potentialAction":[{"@type":"CommentAction","name":"Comment","target":["https:\/\/www.wanarun.net\/blog\/courir-pieds-nus-a-la-matinale-de-canal-5006.html#respond"]}]},{"@type":"Person","@id":"https:\/\/www.wanarun.net\/blog\/#\/schema\/person\/508c18358ef761c7eefc693529a42955","name":"Mathieu Reizer","image":{"@type":"ImageObject","inLanguage":"fr-FR","@id":"https:\/\/www.wanarun.net\/blog\/#\/schema\/person\/image\/","url":"https:\/\/secure.gravatar.com\/avatar\/a55ab4503c885c8f69ce565c8239bfcc?s=96&d=mm&r=g","contentUrl":"https:\/\/secure.gravatar.com\/avatar\/a55ab4503c885c8f69ce565c8239bfcc?s=96&d=mm&r=g","caption":"Mathieu Reizer"},"sameAs":["http:\/\/www.wanarun.net\/blog\/author\/mathieu\/"],"url":"https:\/\/www.wanarun.net\/blog\/author\/mathieu"}]}},"_links":{"self":[{"href":"https:\/\/www.wanarun.net\/blog\/wp-json\/wp\/v2\/posts\/5006"}],"collection":[{"href":"https:\/\/www.wanarun.net\/blog\/wp-json\/wp\/v2\/posts"}],"about":[{"href":"https:\/\/www.wanarun.net\/blog\/wp-json\/wp\/v2\/types\/post"}],"author":[{"embeddable":true,"href":"https:\/\/www.wanarun.net\/blog\/wp-json\/wp\/v2\/users\/19"}],"replies":[{"embeddable":true,"href":"https:\/\/www.wanarun.net\/blog\/wp-json\/wp\/v2\/comments?post=5006"}],"version-history":[{"count":5,"href":"https:\/\/www.wanarun.net\/blog\/wp-json\/wp\/v2\/posts\/5006\/revisions"}],"predecessor-version":[{"id":5009,"href":"https:\/\/www.wanarun.net\/blog\/wp-json\/wp\/v2\/posts\/5006\/revisions\/5009"}],"wp:attachment":[{"href":"https:\/\/www.wanarun.net\/blog\/wp-json\/wp\/v2\/media?parent=5006"}],"wp:term":[{"taxonomy":"category","embeddable":true,"href":"https:\/\/www.wanarun.net\/blog\/wp-json\/wp\/v2\/categories?post=5006"},{"taxonomy":"post_tag","embeddable":true,"href":"https:\/\/www.wanarun.net\/blog\/wp-json\/wp\/v2\/tags?post=5006"}],"curies":[{"name":"wp","href":"https:\/\/api.w.org\/{rel}","templated":true}]}}