{"id":49507,"date":"2016-04-25T21:08:51","date_gmt":"2016-04-25T20:08:51","guid":{"rendered":"http:\/\/www.wanarun.net\/blog\/?p=49507"},"modified":"2019-10-17T12:59:31","modified_gmt":"2019-10-17T11:59:31","slug":"veste-haglofs-gram-comp-test","status":"publish","type":"post","link":"https:\/\/www.wanarun.net\/blog\/veste-haglofs-gram-comp-test-49507.html","title":{"rendered":"Veste Hagl\u00f6fs Gram Comp : le test"},"content":{"rendered":"<p><img loading=\"lazy\" class=\"alignleft size-thumbnail wp-image-49533\" src=\"https:\/\/www.wanarun.net\/blog\/wp-content\/uploads\/2016\/04\/veste-haglofs-gral-comp-gore-tex-150x150.jpg\" alt=\"veste-haglofs-gral-comp-gore-tex\" width=\"150\" height=\"150\" srcset=\"https:\/\/www.wanarun.net\/blog\/wp-content\/uploads\/2016\/04\/veste-haglofs-gral-comp-gore-tex-150x150.jpg 150w, https:\/\/www.wanarun.net\/blog\/wp-content\/uploads\/2016\/04\/veste-haglofs-gral-comp-gore-tex-100x100.jpg 100w\" sizes=\"(max-width: 150px) 100vw, 150px\" \/> Dans le milieu des v\u00eatements imperm\u00e9ables, un certain nombre d&rsquo;\u00e9quipementiers utilisent la m\u00eame membrane : le Gore-Tex. Comme beaucoup de traileurs, vous \u00eates sans doute \u00e0 la recherche d&rsquo;une veste compatible UTMB. En effet, si vous ne le savez pas encore, sur ce type de course, il y a une liste de mat\u00e9riel obligatoire.\u00a0 L&rsquo;un des \u00e9l\u00e9ments les plus importants : une veste avec capuche imperm\u00e9able en membrane de type Gore Tex.<\/p>\n<p>Avant chaque d\u00e9part, les sacs sont contr\u00f4l\u00e9s pour v\u00e9rifier que chaque coureur poss\u00e8dent l&rsquo;ensemble du mat\u00e9riel obligatoire. Ils sont particuli\u00e8rement vigilants sur cette fameuse veste car si vous vous retrouvez au milieu du grand col ferret ou d&rsquo;un autre col du m\u00eame type \u00e0 plus de 2500 m\u00e8tres d&rsquo;altitude et que la m\u00e9t\u00e9o fait des siennes, il en va de votre s\u00e9curit\u00e9.<\/p>\n<p>Ce qui est int\u00e9ressant, c&rsquo;est que les vestes sont confectionn\u00e9es \u00e0 partir de la m\u00eame mati\u00e8re, il est donc int\u00e9ressant de voir comme chaque marque adapte la membrane Gore Tex afin de faire un produit diff\u00e9rent de la concurrence.<\/p>\n<p>Pour ceux qui ne connaissent pas, la marque Hagl\u00f6fs est d&rsquo;origine su\u00e9doise. Elle a \u00e9t\u00e9 cr\u00e9\u00e9e en 1914 et elle est sp\u00e9cialis\u00e9e dans les v\u00eatements de montagne et plus g\u00e9n\u00e9ralement\u00a0 la randonn\u00e9e. Depuis 2010, elle fait partie du groupe Asics. Le deux marques sont assez compl\u00e9mentaires,\u00a0 Hagl\u00f6fs apporte au groupe Asics, une pr\u00e9sence dans toutes les activit\u00e9s de montagne et elles ont un segment assez proche en commun sur la partie trail.<\/p>\n<p>Inutile de vous dire que la membrane fait largement le boulot, on reste au sec sans souci (d&rsquo;ailleurs je remercie la m\u00e9t\u00e9o tr\u00e8s capricieuse de ce mois d&rsquo;avril qui m&rsquo;a permis de tester cette veste sous une pluie gla\u00e7ante et dense). Le plus de cette veste r\u00e9side dans le syst\u00e8me de capuche alors que g\u00e9n\u00e9ralement le syst\u00e8me de serrage se trouve autour du visage, le syst\u00e8me utilis\u00e9 par Hagl\u00f6fs se trouve sur le haut du cr\u00e2ne et permet de bloquer la capuche sur le cr\u00e2ne tout en laissant l&rsquo;ouverture autour du visage plus large et permettant \u00e0 la rigidit\u00e9 d&rsquo;une petite casquette de prot\u00e9ger le visage des intemp\u00e9ries. Pour mieux comprendre, voil\u00e0 une petite photo :<\/p>\n<p><img loading=\"lazy\" class=\"aligncenter size-full-single-page wp-image-49537\" src=\"https:\/\/www.wanarun.net\/blog\/wp-content\/uploads\/2016\/04\/systeme-serrage-veste-haglofs-620x465.jpg\" alt=\"systeme-serrage-veste-haglofs\" width=\"620\" height=\"465\" srcset=\"https:\/\/www.wanarun.net\/blog\/wp-content\/uploads\/2016\/04\/systeme-serrage-veste-haglofs-620x465.jpg 620w, https:\/\/www.wanarun.net\/blog\/wp-content\/uploads\/2016\/04\/systeme-serrage-veste-haglofs-300x225.jpg 300w, https:\/\/www.wanarun.net\/blog\/wp-content\/uploads\/2016\/04\/systeme-serrage-veste-haglofs-768x576.jpg 768w, https:\/\/www.wanarun.net\/blog\/wp-content\/uploads\/2016\/04\/systeme-serrage-veste-haglofs-1024x768.jpg 1024w, https:\/\/www.wanarun.net\/blog\/wp-content\/uploads\/2016\/04\/systeme-serrage-veste-haglofs-150x113.jpg 150w, https:\/\/www.wanarun.net\/blog\/wp-content\/uploads\/2016\/04\/systeme-serrage-veste-haglofs.jpg 1280w\" sizes=\"(max-width: 620px) 100vw, 620px\" \/><\/p>\n<p>C&rsquo;est la premi\u00e8re fois que j&rsquo;utilise une veste qui poss\u00e8de ce syst\u00e8me de serrage sur la capuche et il faut avouer que c&rsquo;est tr\u00e8s efficace et moins d\u00e9sagr\u00e9able que le syst\u00e8me de serrage classique qui laisse un rond pour la bouche, le nez et les yeux.<\/p>\n<p>Dans la liste des petites astuces en plus, des \u00e9lastiques au niveau des pouces pour bien tenir les manches ainsi qu&rsquo;une poche tr\u00e8s \u00e9tanche.<\/p>\n<p>La coupe est un peu plus large que les vestes concurrentes, ce qui permet de rajouter une couche en dessous. Plus pr\u00e9cis\u00e9ment, ceux qui prennent une taille au dessus pour leur veste, dans le cas de cette veste, ce n&rsquo;est pas n\u00e9cessaire.<\/p>\n<p>&nbsp;<\/p>\n<p>&nbsp;<\/p>\n<p><img loading=\"lazy\" class=\"aligncenter size-full-single-page wp-image-49534\" src=\"https:\/\/www.wanarun.net\/blog\/wp-content\/uploads\/2016\/04\/veste-haglofs-gral-comp-gore-tex-bleu-1-620x397.jpg\" alt=\"veste-haglofs-gral-comp-gore-tex-bleu-1\" width=\"620\" height=\"397\" srcset=\"https:\/\/www.wanarun.net\/blog\/wp-content\/uploads\/2016\/04\/veste-haglofs-gral-comp-gore-tex-bleu-1-620x397.jpg 620w, https:\/\/www.wanarun.net\/blog\/wp-content\/uploads\/2016\/04\/veste-haglofs-gral-comp-gore-tex-bleu-1-300x192.jpg 300w, https:\/\/www.wanarun.net\/blog\/wp-content\/uploads\/2016\/04\/veste-haglofs-gral-comp-gore-tex-bleu-1-768x492.jpg 768w, https:\/\/www.wanarun.net\/blog\/wp-content\/uploads\/2016\/04\/veste-haglofs-gral-comp-gore-tex-bleu-1-1024x655.jpg 1024w, https:\/\/www.wanarun.net\/blog\/wp-content\/uploads\/2016\/04\/veste-haglofs-gral-comp-gore-tex-bleu-1-150x96.jpg 150w\" sizes=\"(max-width: 620px) 100vw, 620px\" \/><\/p>\n","protected":false},"excerpt":{"rendered":"<a href=\"https:\/\/www.wanarun.net\/blog\/veste-haglofs-gram-comp-test-49507.html\"><img width=\"150\" height=\"150\" src=\"https:\/\/www.wanarun.net\/blog\/wp-content\/uploads\/2016\/04\/veste-haglofs-gral-comp-gore-tex-150x150.jpg\" class=\"alignleft tfe wp-post-image\" alt=\"\" loading=\"lazy\" srcset=\"https:\/\/www.wanarun.net\/blog\/wp-content\/uploads\/2016\/04\/veste-haglofs-gral-comp-gore-tex-150x150.jpg 150w, https:\/\/www.wanarun.net\/blog\/wp-content\/uploads\/2016\/04\/veste-haglofs-gral-comp-gore-tex-100x100.jpg 100w\" sizes=\"(max-width: 150px) 100vw, 150px\" \/><\/a><p>Dans le milieu des v\u00eatements imperm\u00e9ables, un certain nombre d&rsquo;\u00e9quipementiers utilisent la m\u00eame membrane : le Gore-Tex. Comme beaucoup de traileurs, vous \u00eates sans doute \u00e0 la recherche d&rsquo;une veste compatible UTMB. En effet, si vous ne le savez pas encore, sur ce type de course, il y a une liste de mat\u00e9riel obligatoire.\u00a0 L&rsquo;un [&hellip;]<\/p>\n","protected":false},"author":1,"featured_media":49533,"comment_status":"open","ping_status":"open","sticky":false,"template":"","format":"standard","meta":[],"categories":[12506,9,12504,12513],"tags":[10202],"yoast_head":"<!-- This site is optimized with the Yoast SEO plugin v18.9 - https:\/\/yoast.com\/wordpress\/plugins\/seo\/ -->\n<title>Veste Hagl\u00f6fs Gram Comp : le test<\/title>\n<meta name=\"description\" content=\"Dans le milieu des v\u00eatements imperm\u00e9ables, un certain nombre d&#039;\u00e9quipementiers utilisent la m\u00eame membrane : le Gore-Tex. Comme beaucoup de traileurs, vous\" \/>\n<meta name=\"robots\" content=\"index, follow, max-snippet:-1, max-image-preview:large, max-video-preview:-1\" \/>\n<link rel=\"canonical\" href=\"https:\/\/www.wanarun.net\/blog\/veste-haglofs-gram-comp-test-49507.html\" \/>\n<meta property=\"og:locale\" content=\"fr_FR\" \/>\n<meta property=\"og:type\" content=\"article\" \/>\n<meta property=\"og:title\" content=\"Veste Hagl\u00f6fs Gram Comp : le test\" \/>\n<meta property=\"og:description\" content=\"Dans le milieu des v\u00eatements imperm\u00e9ables, un certain nombre d&#039;\u00e9quipementiers utilisent la m\u00eame membrane : le Gore-Tex. Comme beaucoup de traileurs, vous\" \/>\n<meta property=\"og:url\" content=\"https:\/\/www.wanarun.net\/blog\/veste-haglofs-gram-comp-test-49507.html\" \/>\n<meta property=\"og:site_name\" content=\"Wanarun, le blog du running, du trail et de la course \u00e0 pied\" \/>\n<meta property=\"article:publisher\" content=\"https:\/\/www.facebook.com\/wanarun\/\" \/>\n<meta property=\"article:published_time\" content=\"2016-04-25T20:08:51+00:00\" \/>\n<meta property=\"article:modified_time\" content=\"2019-10-17T11:59:31+00:00\" \/>\n<meta property=\"og:image\" content=\"https:\/\/www.wanarun.net\/blog\/wp-content\/uploads\/2016\/04\/veste-haglofs-gral-comp-gore-tex.jpg\" \/>\n\t<meta property=\"og:image:width\" content=\"1280\" \/>\n\t<meta property=\"og:image:height\" content=\"960\" \/>\n\t<meta property=\"og:image:type\" content=\"image\/jpeg\" \/>\n<meta name=\"twitter:label1\" content=\"\u00c9crit par\" \/>\n\t<meta name=\"twitter:data1\" content=\"Manu\" \/>\n\t<meta name=\"twitter:label2\" content=\"Dur\u00e9e de lecture estim\u00e9e\" \/>\n\t<meta name=\"twitter:data2\" content=\"3 minutes\" \/>\n<script type=\"application\/ld+json\" class=\"yoast-schema-graph\">{\"@context\":\"https:\/\/schema.org\",\"@graph\":[{\"@type\":\"Organization\",\"@id\":\"https:\/\/www.wanarun.net\/blog\/#organization\",\"name\":\"Wanarun\",\"url\":\"https:\/\/www.wanarun.net\/blog\/\",\"sameAs\":[\"https:\/\/www.instagram.com\/wanarunnet\/\",\"https:\/\/www.youtube.com\/user\/wanarunnet\",\"https:\/\/www.facebook.com\/wanarun\/\",\"https:\/\/twitter.com\/wanarun\"],\"logo\":{\"@type\":\"ImageObject\",\"inLanguage\":\"fr-FR\",\"@id\":\"https:\/\/www.wanarun.net\/blog\/#\/schema\/logo\/image\/\",\"url\":\"https:\/\/www.wanarun.net\/blog\/wp-content\/uploads\/2018\/03\/logo-wanarun.jpg\",\"contentUrl\":\"https:\/\/www.wanarun.net\/blog\/wp-content\/uploads\/2018\/03\/logo-wanarun.jpg\",\"width\":1196,\"height\":1082,\"caption\":\"Wanarun\"},\"image\":{\"@id\":\"https:\/\/www.wanarun.net\/blog\/#\/schema\/logo\/image\/\"}},{\"@type\":\"WebSite\",\"@id\":\"https:\/\/www.wanarun.net\/blog\/#website\",\"url\":\"https:\/\/www.wanarun.net\/blog\/\",\"name\":\"Wanarun, le blog du running, du trail et de la course \u00e0 pied\",\"description\":\"Informations, remarques, avis, conseils sur la course \u00e0 pied.\",\"publisher\":{\"@id\":\"https:\/\/www.wanarun.net\/blog\/#organization\"},\"potentialAction\":[{\"@type\":\"SearchAction\",\"target\":{\"@type\":\"EntryPoint\",\"urlTemplate\":\"https:\/\/www.wanarun.net\/blog\/?s={search_term_string}\"},\"query-input\":\"required name=search_term_string\"}],\"inLanguage\":\"fr-FR\"},{\"@type\":\"ImageObject\",\"inLanguage\":\"fr-FR\",\"@id\":\"https:\/\/www.wanarun.net\/blog\/veste-haglofs-gram-comp-test-49507.html#primaryimage\",\"url\":\"https:\/\/www.wanarun.net\/blog\/wp-content\/uploads\/2016\/04\/veste-haglofs-gral-comp-gore-tex.jpg\",\"contentUrl\":\"https:\/\/www.wanarun.net\/blog\/wp-content\/uploads\/2016\/04\/veste-haglofs-gral-comp-gore-tex.jpg\",\"width\":1280,\"height\":960},{\"@type\":\"WebPage\",\"@id\":\"https:\/\/www.wanarun.net\/blog\/veste-haglofs-gram-comp-test-49507.html#webpage\",\"url\":\"https:\/\/www.wanarun.net\/blog\/veste-haglofs-gram-comp-test-49507.html\",\"name\":\"Veste Hagl\u00f6fs Gram Comp : le test\",\"isPartOf\":{\"@id\":\"https:\/\/www.wanarun.net\/blog\/#website\"},\"primaryImageOfPage\":{\"@id\":\"https:\/\/www.wanarun.net\/blog\/veste-haglofs-gram-comp-test-49507.html#primaryimage\"},\"datePublished\":\"2016-04-25T20:08:51+00:00\",\"dateModified\":\"2019-10-17T11:59:31+00:00\",\"description\":\"Dans le milieu des v\u00eatements imperm\u00e9ables, un certain nombre d'\u00e9quipementiers utilisent la m\u00eame membrane : le Gore-Tex. Comme beaucoup de traileurs, vous\",\"breadcrumb\":{\"@id\":\"https:\/\/www.wanarun.net\/blog\/veste-haglofs-gram-comp-test-49507.html#breadcrumb\"},\"inLanguage\":\"fr-FR\",\"potentialAction\":[{\"@type\":\"ReadAction\",\"target\":[\"https:\/\/www.wanarun.net\/blog\/veste-haglofs-gram-comp-test-49507.html\"]}]},{\"@type\":\"BreadcrumbList\",\"@id\":\"https:\/\/www.wanarun.net\/blog\/veste-haglofs-gram-comp-test-49507.html#breadcrumb\",\"itemListElement\":[{\"@type\":\"ListItem\",\"position\":1,\"name\":\"Veste Hagl\u00f6fs Gram Comp : le test\"}]},{\"@type\":\"Article\",\"@id\":\"https:\/\/www.wanarun.net\/blog\/veste-haglofs-gram-comp-test-49507.html#article\",\"isPartOf\":{\"@id\":\"https:\/\/www.wanarun.net\/blog\/veste-haglofs-gram-comp-test-49507.html#webpage\"},\"author\":{\"@id\":\"https:\/\/www.wanarun.net\/blog\/#\/schema\/person\/bfb3bc166306771639fdc2bc6ac79771\"},\"headline\":\"Veste Hagl\u00f6fs Gram Comp : le test\",\"datePublished\":\"2016-04-25T20:08:51+00:00\",\"dateModified\":\"2019-10-17T11:59:31+00:00\",\"mainEntityOfPage\":{\"@id\":\"https:\/\/www.wanarun.net\/blog\/veste-haglofs-gram-comp-test-49507.html#webpage\"},\"wordCount\":536,\"commentCount\":1,\"publisher\":{\"@id\":\"https:\/\/www.wanarun.net\/blog\/#organization\"},\"image\":{\"@id\":\"https:\/\/www.wanarun.net\/blog\/veste-haglofs-gram-comp-test-49507.html#primaryimage\"},\"thumbnailUrl\":\"https:\/\/www.wanarun.net\/blog\/wp-content\/uploads\/2016\/04\/veste-haglofs-gral-comp-gore-tex.jpg\",\"keywords\":[\"haglofs\"],\"articleSection\":[\"Hiver\",\"Tests\",\"Textiles\",\"Veste coupe-vent\"],\"inLanguage\":\"fr-FR\",\"potentialAction\":[{\"@type\":\"CommentAction\",\"name\":\"Comment\",\"target\":[\"https:\/\/www.wanarun.net\/blog\/veste-haglofs-gram-comp-test-49507.html#respond\"]}]},{\"@type\":\"Person\",\"@id\":\"https:\/\/www.wanarun.net\/blog\/#\/schema\/person\/bfb3bc166306771639fdc2bc6ac79771\",\"name\":\"Manu\",\"image\":{\"@type\":\"ImageObject\",\"inLanguage\":\"fr-FR\",\"@id\":\"https:\/\/www.wanarun.net\/blog\/#\/schema\/person\/image\/\",\"url\":\"https:\/\/secure.gravatar.com\/avatar\/717b7c28298e2900c61bceb611a4918a?s=96&d=mm&r=g\",\"contentUrl\":\"https:\/\/secure.gravatar.com\/avatar\/717b7c28298e2900c61bceb611a4918a?s=96&d=mm&r=g\",\"caption\":\"Manu\"},\"sameAs\":[\"https:\/\/www.wanarun.net\"],\"url\":\"https:\/\/www.wanarun.net\/blog\/author\/admin\"}]}<\/script>\n<!-- \/ Yoast SEO plugin. -->","yoast_head_json":{"title":"Veste Hagl\u00f6fs Gram Comp : le test","description":"Dans le milieu des v\u00eatements imperm\u00e9ables, un certain nombre d'\u00e9quipementiers utilisent la m\u00eame membrane : le Gore-Tex. Comme beaucoup de traileurs, vous","robots":{"index":"index","follow":"follow","max-snippet":"max-snippet:-1","max-image-preview":"max-image-preview:large","max-video-preview":"max-video-preview:-1"},"canonical":"https:\/\/www.wanarun.net\/blog\/veste-haglofs-gram-comp-test-49507.html","og_locale":"fr_FR","og_type":"article","og_title":"Veste Hagl\u00f6fs Gram Comp : le test","og_description":"Dans le milieu des v\u00eatements imperm\u00e9ables, un certain nombre d'\u00e9quipementiers utilisent la m\u00eame membrane : le Gore-Tex. Comme beaucoup de traileurs, vous","og_url":"https:\/\/www.wanarun.net\/blog\/veste-haglofs-gram-comp-test-49507.html","og_site_name":"Wanarun, le blog du running, du trail et de la course \u00e0 pied","article_publisher":"https:\/\/www.facebook.com\/wanarun\/","article_published_time":"2016-04-25T20:08:51+00:00","article_modified_time":"2019-10-17T11:59:31+00:00","og_image":[{"width":1280,"height":960,"url":"https:\/\/www.wanarun.net\/blog\/wp-content\/uploads\/2016\/04\/veste-haglofs-gral-comp-gore-tex.jpg","type":"image\/jpeg"}],"twitter_misc":{"\u00c9crit par":"Manu","Dur\u00e9e de lecture estim\u00e9e":"3 minutes"},"schema":{"@context":"https:\/\/schema.org","@graph":[{"@type":"Organization","@id":"https:\/\/www.wanarun.net\/blog\/#organization","name":"Wanarun","url":"https:\/\/www.wanarun.net\/blog\/","sameAs":["https:\/\/www.instagram.com\/wanarunnet\/","https:\/\/www.youtube.com\/user\/wanarunnet","https:\/\/www.facebook.com\/wanarun\/","https:\/\/twitter.com\/wanarun"],"logo":{"@type":"ImageObject","inLanguage":"fr-FR","@id":"https:\/\/www.wanarun.net\/blog\/#\/schema\/logo\/image\/","url":"https:\/\/www.wanarun.net\/blog\/wp-content\/uploads\/2018\/03\/logo-wanarun.jpg","contentUrl":"https:\/\/www.wanarun.net\/blog\/wp-content\/uploads\/2018\/03\/logo-wanarun.jpg","width":1196,"height":1082,"caption":"Wanarun"},"image":{"@id":"https:\/\/www.wanarun.net\/blog\/#\/schema\/logo\/image\/"}},{"@type":"WebSite","@id":"https:\/\/www.wanarun.net\/blog\/#website","url":"https:\/\/www.wanarun.net\/blog\/","name":"Wanarun, le blog du running, du trail et de la course \u00e0 pied","description":"Informations, remarques, avis, conseils sur la course \u00e0 pied.","publisher":{"@id":"https:\/\/www.wanarun.net\/blog\/#organization"},"potentialAction":[{"@type":"SearchAction","target":{"@type":"EntryPoint","urlTemplate":"https:\/\/www.wanarun.net\/blog\/?s={search_term_string}"},"query-input":"required name=search_term_string"}],"inLanguage":"fr-FR"},{"@type":"ImageObject","inLanguage":"fr-FR","@id":"https:\/\/www.wanarun.net\/blog\/veste-haglofs-gram-comp-test-49507.html#primaryimage","url":"https:\/\/www.wanarun.net\/blog\/wp-content\/uploads\/2016\/04\/veste-haglofs-gral-comp-gore-tex.jpg","contentUrl":"https:\/\/www.wanarun.net\/blog\/wp-content\/uploads\/2016\/04\/veste-haglofs-gral-comp-gore-tex.jpg","width":1280,"height":960},{"@type":"WebPage","@id":"https:\/\/www.wanarun.net\/blog\/veste-haglofs-gram-comp-test-49507.html#webpage","url":"https:\/\/www.wanarun.net\/blog\/veste-haglofs-gram-comp-test-49507.html","name":"Veste Hagl\u00f6fs Gram Comp : le test","isPartOf":{"@id":"https:\/\/www.wanarun.net\/blog\/#website"},"primaryImageOfPage":{"@id":"https:\/\/www.wanarun.net\/blog\/veste-haglofs-gram-comp-test-49507.html#primaryimage"},"datePublished":"2016-04-25T20:08:51+00:00","dateModified":"2019-10-17T11:59:31+00:00","description":"Dans le milieu des v\u00eatements imperm\u00e9ables, un certain nombre d'\u00e9quipementiers utilisent la m\u00eame membrane : le Gore-Tex. Comme beaucoup de traileurs, vous","breadcrumb":{"@id":"https:\/\/www.wanarun.net\/blog\/veste-haglofs-gram-comp-test-49507.html#breadcrumb"},"inLanguage":"fr-FR","potentialAction":[{"@type":"ReadAction","target":["https:\/\/www.wanarun.net\/blog\/veste-haglofs-gram-comp-test-49507.html"]}]},{"@type":"BreadcrumbList","@id":"https:\/\/www.wanarun.net\/blog\/veste-haglofs-gram-comp-test-49507.html#breadcrumb","itemListElement":[{"@type":"ListItem","position":1,"name":"Veste Hagl\u00f6fs Gram Comp : le test"}]},{"@type":"Article","@id":"https:\/\/www.wanarun.net\/blog\/veste-haglofs-gram-comp-test-49507.html#article","isPartOf":{"@id":"https:\/\/www.wanarun.net\/blog\/veste-haglofs-gram-comp-test-49507.html#webpage"},"author":{"@id":"https:\/\/www.wanarun.net\/blog\/#\/schema\/person\/bfb3bc166306771639fdc2bc6ac79771"},"headline":"Veste Hagl\u00f6fs Gram Comp : le test","datePublished":"2016-04-25T20:08:51+00:00","dateModified":"2019-10-17T11:59:31+00:00","mainEntityOfPage":{"@id":"https:\/\/www.wanarun.net\/blog\/veste-haglofs-gram-comp-test-49507.html#webpage"},"wordCount":536,"commentCount":1,"publisher":{"@id":"https:\/\/www.wanarun.net\/blog\/#organization"},"image":{"@id":"https:\/\/www.wanarun.net\/blog\/veste-haglofs-gram-comp-test-49507.html#primaryimage"},"thumbnailUrl":"https:\/\/www.wanarun.net\/blog\/wp-content\/uploads\/2016\/04\/veste-haglofs-gral-comp-gore-tex.jpg","keywords":["haglofs"],"articleSection":["Hiver","Tests","Textiles","Veste coupe-vent"],"inLanguage":"fr-FR","potentialAction":[{"@type":"CommentAction","name":"Comment","target":["https:\/\/www.wanarun.net\/blog\/veste-haglofs-gram-comp-test-49507.html#respond"]}]},{"@type":"Person","@id":"https:\/\/www.wanarun.net\/blog\/#\/schema\/person\/bfb3bc166306771639fdc2bc6ac79771","name":"Manu","image":{"@type":"ImageObject","inLanguage":"fr-FR","@id":"https:\/\/www.wanarun.net\/blog\/#\/schema\/person\/image\/","url":"https:\/\/secure.gravatar.com\/avatar\/717b7c28298e2900c61bceb611a4918a?s=96&d=mm&r=g","contentUrl":"https:\/\/secure.gravatar.com\/avatar\/717b7c28298e2900c61bceb611a4918a?s=96&d=mm&r=g","caption":"Manu"},"sameAs":["https:\/\/www.wanarun.net"],"url":"https:\/\/www.wanarun.net\/blog\/author\/admin"}]}},"_links":{"self":[{"href":"https:\/\/www.wanarun.net\/blog\/wp-json\/wp\/v2\/posts\/49507"}],"collection":[{"href":"https:\/\/www.wanarun.net\/blog\/wp-json\/wp\/v2\/posts"}],"about":[{"href":"https:\/\/www.wanarun.net\/blog\/wp-json\/wp\/v2\/types\/post"}],"author":[{"embeddable":true,"href":"https:\/\/www.wanarun.net\/blog\/wp-json\/wp\/v2\/users\/1"}],"replies":[{"embeddable":true,"href":"https:\/\/www.wanarun.net\/blog\/wp-json\/wp\/v2\/comments?post=49507"}],"version-history":[{"count":3,"href":"https:\/\/www.wanarun.net\/blog\/wp-json\/wp\/v2\/posts\/49507\/revisions"}],"predecessor-version":[{"id":49583,"href":"https:\/\/www.wanarun.net\/blog\/wp-json\/wp\/v2\/posts\/49507\/revisions\/49583"}],"wp:featuredmedia":[{"embeddable":true,"href":"https:\/\/www.wanarun.net\/blog\/wp-json\/wp\/v2\/media\/49533"}],"wp:attachment":[{"href":"https:\/\/www.wanarun.net\/blog\/wp-json\/wp\/v2\/media?parent=49507"}],"wp:term":[{"taxonomy":"category","embeddable":true,"href":"https:\/\/www.wanarun.net\/blog\/wp-json\/wp\/v2\/categories?post=49507"},{"taxonomy":"post_tag","embeddable":true,"href":"https:\/\/www.wanarun.net\/blog\/wp-json\/wp\/v2\/tags?post=49507"}],"curies":[{"name":"wp","href":"https:\/\/api.w.org\/{rel}","templated":true}]}}