{"id":48084,"date":"2016-01-17T21:31:33","date_gmt":"2016-01-17T20:31:33","guid":{"rendered":"http:\/\/www.wanarun.net\/blog\/?p=48084"},"modified":"2019-10-05T08:39:47","modified_gmt":"2019-10-05T07:39:47","slug":"le-coeur-et-les-jambes","status":"publish","type":"post","link":"https:\/\/www.wanarun.net\/blog\/le-coeur-et-les-jambes-48084.html","title":{"rendered":"Documentaire \u00ab\u00a0Le coeur et les jambes\u00a0\u00bb"},"content":{"rendered":"<p><img loading=\"lazy\" class=\"alignleft size-thumbnail wp-image-48091\" src=\"https:\/\/www.wanarun.net\/blog\/wp-content\/uploads\/2016\/01\/documentaire-coeur-jambes-150x150.jpg\" alt=\"documentaire-coeur-jambes\" width=\"150\" height=\"150\" srcset=\"https:\/\/www.wanarun.net\/blog\/wp-content\/uploads\/2016\/01\/documentaire-coeur-jambes-150x150.jpg 150w, https:\/\/www.wanarun.net\/blog\/wp-content\/uploads\/2016\/01\/documentaire-coeur-jambes-100x100.jpg 100w\" sizes=\"(max-width: 150px) 100vw, 150px\" \/>A-t-on encore besoin de pr\u00e9senter le marathon des sables ? Beaucoup de choses ont \u00e9t\u00e9 \u00e9crites sur cette course mythique. Chaque ann\u00e9e, au mois d\u2019avril, on vibre en d\u00e9couvrant les images, r\u00e9cits ou vid\u00e9os.<\/p>\n<p>Si je vous parle du marathon des sables aujourd\u2019hui c\u2019est pour vous pr\u00e9senter \u201cl\u2019aventure collective hors du commun\u201d v\u00e9cue par Emmanuel, Camille et Jessica. Et cette aventure Sylvie Mallard, canadienne de son \u00e9tat, a d\u00e9cid\u00e9 de nous la faire partager au travers d\u2019un documentaire produit, r\u00e9alis\u00e9 et mont\u00e9 par ses soins et pour lequel un appel \u00e0 financement vient d\u2019\u00eatre lanc\u00e9.<\/p>\n<p>Attardons-nous sur les 3 protagonistes de l\u2019aventure entour\u00e9s de 8 coureurs et 2 accompagnatrices.<\/p>\n<p>Emmanuel, 15 ans, parapl\u00e9gique depuis un accident de voiture \u00e0 l\u2019\u00e2ge de 13 ans, a franchi la ligne d\u2019arriv\u00e9e du marathon des sables.<br \/>\nCamille, 16 ans, amput\u00e9e f\u00e9morale de la jambe droite, a franchi la ligne d\u2019arriv\u00e9e du marathon des sables.<br \/>\nJessica, 17 ans, atteinte d\u2019une maladie neurologique inconnue, a franchi la ligne d\u2019arriv\u00e9e du marathon des sables.<\/p>\n<p>Comme le d\u00e9crit Sylvie sur la page Facebook du projet : \u201ccette histoire n\u2019est pas celle de l\u2019exploit sportif ; elle est celle de la notion de limite. Celle que l\u2019on s\u2019impose \u00e0 soi\u00ad-m\u00eame, qu&rsquo;elle soit morale ou physique, mais aussi et surtout celle que la soci\u00e9t\u00e9 impose malgr\u00e9 elle, aux gens souffrant d\u2019un handicap ou d\u2019une maladie\u201d.<\/p>\n<p>Des premi\u00e8res vid\u00e9os ont \u00e9t\u00e9 mises en ligne sur la cha\u00eenes Vimeo du projet. Je vous propose de d\u00e9couvrir le teaser. Les pr\u00e9sentations d\u2019Emmanuel, Camille et Jessica sont \u00e9galement disponibles.<\/p>\n<p>Le budget du projet est de 36 000$CA (un peu moins de 23 000 euros) qui serviront \u00e0 produire le documentaire (post-production, montage, \u00e9talonnage, online, design sonore et mixage audio) et compl\u00e9ter les tournages : des images d&rsquo;entra\u00eenement en hiver, des entrevues avec les coureurs, les jeunes et leurs parents, puis, du visuel des jeunes dans leur quotidien et en r\u00e9adaptation. Certains tournages sont pr\u00e9vus \u201cchez nos cousins fran\u00e7ais\u201d comme me le signale Sylvie !<\/p>\n<p>La <a href=\"https:\/\/www.facebook.com\/Documentaire-Le-coeur-et-les-jambes-471122953068144\/\">page Facebook<\/a> pour suivre le projet avec des pr\u00e9sentations, des photos.<\/p>\n","protected":false},"excerpt":{"rendered":"<a href=\"https:\/\/www.wanarun.net\/blog\/le-coeur-et-les-jambes-48084.html\"><img width=\"150\" height=\"150\" src=\"https:\/\/www.wanarun.net\/blog\/wp-content\/uploads\/2016\/01\/documentaire-coeur-jambes-150x150.jpg\" class=\"alignleft tfe wp-post-image\" alt=\"\" loading=\"lazy\" srcset=\"https:\/\/www.wanarun.net\/blog\/wp-content\/uploads\/2016\/01\/documentaire-coeur-jambes-150x150.jpg 150w, https:\/\/www.wanarun.net\/blog\/wp-content\/uploads\/2016\/01\/documentaire-coeur-jambes-100x100.jpg 100w\" sizes=\"(max-width: 150px) 100vw, 150px\" \/><\/a><p>A-t-on encore besoin de pr\u00e9senter le marathon des sables ? Beaucoup de choses ont \u00e9t\u00e9 \u00e9crites sur cette course mythique. Chaque ann\u00e9e, au mois d\u2019avril, on vibre en d\u00e9couvrant les images, r\u00e9cits ou vid\u00e9os. Si je vous parle du marathon des sables aujourd\u2019hui c\u2019est pour vous pr\u00e9senter \u201cl\u2019aventure collective hors du commun\u201d v\u00e9cue par Emmanuel, [&hellip;]<\/p>\n","protected":false},"author":18,"featured_media":48091,"comment_status":"open","ping_status":"open","sticky":false,"template":"","format":"standard","meta":[],"categories":[1705,1649],"tags":[],"yoast_head":"<!-- This site is optimized with the Yoast SEO plugin v18.9 - https:\/\/yoast.com\/wordpress\/plugins\/seo\/ -->\n<title>Documentaire &quot;Le coeur et les jambes&quot;<\/title>\n<meta name=\"description\" content=\"A-t-on encore besoin de pr\u00e9senter le marathon des sables ? Beaucoup de choses ont \u00e9t\u00e9 \u00e9crites sur cette course mythique. Chaque ann\u00e9e, au mois d\u2019avril, on\" \/>\n<meta name=\"robots\" content=\"index, follow, max-snippet:-1, max-image-preview:large, max-video-preview:-1\" \/>\n<link rel=\"canonical\" href=\"https:\/\/www.wanarun.net\/blog\/le-coeur-et-les-jambes-48084.html\" \/>\n<meta property=\"og:locale\" content=\"fr_FR\" \/>\n<meta property=\"og:type\" content=\"article\" \/>\n<meta property=\"og:title\" content=\"Documentaire &quot;Le coeur et les jambes&quot;\" \/>\n<meta property=\"og:description\" content=\"A-t-on encore besoin de pr\u00e9senter le marathon des sables ? Beaucoup de choses ont \u00e9t\u00e9 \u00e9crites sur cette course mythique. Chaque ann\u00e9e, au mois d\u2019avril, on\" \/>\n<meta property=\"og:url\" content=\"https:\/\/www.wanarun.net\/blog\/le-coeur-et-les-jambes-48084.html\" \/>\n<meta property=\"og:site_name\" content=\"Wanarun, le blog du running, du trail et de la course \u00e0 pied\" \/>\n<meta property=\"article:publisher\" content=\"https:\/\/www.facebook.com\/wanarun\/\" \/>\n<meta property=\"article:published_time\" content=\"2016-01-17T20:31:33+00:00\" \/>\n<meta property=\"article:modified_time\" content=\"2019-10-05T07:39:47+00:00\" \/>\n<meta property=\"og:image\" content=\"https:\/\/www.wanarun.net\/blog\/wp-content\/uploads\/2016\/01\/documentaire-coeur-jambes.jpg\" \/>\n\t<meta property=\"og:image:width\" content=\"1920\" \/>\n\t<meta property=\"og:image:height\" content=\"1080\" \/>\n\t<meta property=\"og:image:type\" content=\"image\/jpeg\" \/>\n<meta name=\"twitter:label1\" content=\"\u00c9crit par\" \/>\n\t<meta name=\"twitter:data1\" content=\"Vincent\" \/>\n\t<meta name=\"twitter:label2\" content=\"Dur\u00e9e de lecture estim\u00e9e\" \/>\n\t<meta name=\"twitter:data2\" content=\"2 minutes\" \/>\n<script type=\"application\/ld+json\" class=\"yoast-schema-graph\">{\"@context\":\"https:\/\/schema.org\",\"@graph\":[{\"@type\":\"Organization\",\"@id\":\"https:\/\/www.wanarun.net\/blog\/#organization\",\"name\":\"Wanarun\",\"url\":\"https:\/\/www.wanarun.net\/blog\/\",\"sameAs\":[\"https:\/\/www.instagram.com\/wanarunnet\/\",\"https:\/\/www.youtube.com\/user\/wanarunnet\",\"https:\/\/www.facebook.com\/wanarun\/\",\"https:\/\/twitter.com\/wanarun\"],\"logo\":{\"@type\":\"ImageObject\",\"inLanguage\":\"fr-FR\",\"@id\":\"https:\/\/www.wanarun.net\/blog\/#\/schema\/logo\/image\/\",\"url\":\"https:\/\/www.wanarun.net\/blog\/wp-content\/uploads\/2018\/03\/logo-wanarun.jpg\",\"contentUrl\":\"https:\/\/www.wanarun.net\/blog\/wp-content\/uploads\/2018\/03\/logo-wanarun.jpg\",\"width\":1196,\"height\":1082,\"caption\":\"Wanarun\"},\"image\":{\"@id\":\"https:\/\/www.wanarun.net\/blog\/#\/schema\/logo\/image\/\"}},{\"@type\":\"WebSite\",\"@id\":\"https:\/\/www.wanarun.net\/blog\/#website\",\"url\":\"https:\/\/www.wanarun.net\/blog\/\",\"name\":\"Wanarun, le blog du running, du trail et de la course \u00e0 pied\",\"description\":\"Informations, remarques, avis, conseils sur la course \u00e0 pied.\",\"publisher\":{\"@id\":\"https:\/\/www.wanarun.net\/blog\/#organization\"},\"potentialAction\":[{\"@type\":\"SearchAction\",\"target\":{\"@type\":\"EntryPoint\",\"urlTemplate\":\"https:\/\/www.wanarun.net\/blog\/?s={search_term_string}\"},\"query-input\":\"required name=search_term_string\"}],\"inLanguage\":\"fr-FR\"},{\"@type\":\"ImageObject\",\"inLanguage\":\"fr-FR\",\"@id\":\"https:\/\/www.wanarun.net\/blog\/le-coeur-et-les-jambes-48084.html#primaryimage\",\"url\":\"https:\/\/www.wanarun.net\/blog\/wp-content\/uploads\/2016\/01\/documentaire-coeur-jambes.jpg\",\"contentUrl\":\"https:\/\/www.wanarun.net\/blog\/wp-content\/uploads\/2016\/01\/documentaire-coeur-jambes.jpg\",\"width\":1920,\"height\":1080},{\"@type\":\"WebPage\",\"@id\":\"https:\/\/www.wanarun.net\/blog\/le-coeur-et-les-jambes-48084.html#webpage\",\"url\":\"https:\/\/www.wanarun.net\/blog\/le-coeur-et-les-jambes-48084.html\",\"name\":\"Documentaire \\\"Le coeur et les jambes\\\"\",\"isPartOf\":{\"@id\":\"https:\/\/www.wanarun.net\/blog\/#website\"},\"primaryImageOfPage\":{\"@id\":\"https:\/\/www.wanarun.net\/blog\/le-coeur-et-les-jambes-48084.html#primaryimage\"},\"datePublished\":\"2016-01-17T20:31:33+00:00\",\"dateModified\":\"2019-10-05T07:39:47+00:00\",\"description\":\"A-t-on encore besoin de pr\u00e9senter le marathon des sables ? Beaucoup de choses ont \u00e9t\u00e9 \u00e9crites sur cette course mythique. Chaque ann\u00e9e, au mois d\u2019avril, on\",\"breadcrumb\":{\"@id\":\"https:\/\/www.wanarun.net\/blog\/le-coeur-et-les-jambes-48084.html#breadcrumb\"},\"inLanguage\":\"fr-FR\",\"potentialAction\":[{\"@type\":\"ReadAction\",\"target\":[\"https:\/\/www.wanarun.net\/blog\/le-coeur-et-les-jambes-48084.html\"]}]},{\"@type\":\"BreadcrumbList\",\"@id\":\"https:\/\/www.wanarun.net\/blog\/le-coeur-et-les-jambes-48084.html#breadcrumb\",\"itemListElement\":[{\"@type\":\"ListItem\",\"position\":1,\"name\":\"Documentaire \u00ab\u00a0Le coeur et les jambes\u00a0\u00bb\"}]},{\"@type\":\"Article\",\"@id\":\"https:\/\/www.wanarun.net\/blog\/le-coeur-et-les-jambes-48084.html#article\",\"isPartOf\":{\"@id\":\"https:\/\/www.wanarun.net\/blog\/le-coeur-et-les-jambes-48084.html#webpage\"},\"author\":{\"@id\":\"https:\/\/www.wanarun.net\/blog\/#\/schema\/person\/9c652272e54781c67072549fab29efea\"},\"headline\":\"Documentaire \u00ab\u00a0Le coeur et les jambes\u00a0\u00bb\",\"datePublished\":\"2016-01-17T20:31:33+00:00\",\"dateModified\":\"2019-10-05T07:39:47+00:00\",\"mainEntityOfPage\":{\"@id\":\"https:\/\/www.wanarun.net\/blog\/le-coeur-et-les-jambes-48084.html#webpage\"},\"wordCount\":379,\"commentCount\":0,\"publisher\":{\"@id\":\"https:\/\/www.wanarun.net\/blog\/#organization\"},\"image\":{\"@id\":\"https:\/\/www.wanarun.net\/blog\/le-coeur-et-les-jambes-48084.html#primaryimage\"},\"thumbnailUrl\":\"https:\/\/www.wanarun.net\/blog\/wp-content\/uploads\/2016\/01\/documentaire-coeur-jambes.jpg\",\"articleSection\":[\"Portrait\",\"R\u00e9cits de course\"],\"inLanguage\":\"fr-FR\",\"potentialAction\":[{\"@type\":\"CommentAction\",\"name\":\"Comment\",\"target\":[\"https:\/\/www.wanarun.net\/blog\/le-coeur-et-les-jambes-48084.html#respond\"]}]},{\"@type\":\"Person\",\"@id\":\"https:\/\/www.wanarun.net\/blog\/#\/schema\/person\/9c652272e54781c67072549fab29efea\",\"name\":\"Vincent\",\"image\":{\"@type\":\"ImageObject\",\"inLanguage\":\"fr-FR\",\"@id\":\"https:\/\/www.wanarun.net\/blog\/#\/schema\/person\/image\/\",\"url\":\"https:\/\/secure.gravatar.com\/avatar\/0cb3c1a4d350c7c55a794e44667e2830?s=96&d=mm&r=g\",\"contentUrl\":\"https:\/\/secure.gravatar.com\/avatar\/0cb3c1a4d350c7c55a794e44667e2830?s=96&d=mm&r=g\",\"caption\":\"Vincent\"},\"sameAs\":[\"http:\/\/www.les4bellais.fr\"],\"url\":\"https:\/\/www.wanarun.net\/blog\/author\/vincent\"}]}<\/script>\n<!-- \/ Yoast SEO plugin. -->","yoast_head_json":{"title":"Documentaire \"Le coeur et les jambes\"","description":"A-t-on encore besoin de pr\u00e9senter le marathon des sables ? Beaucoup de choses ont \u00e9t\u00e9 \u00e9crites sur cette course mythique. Chaque ann\u00e9e, au mois d\u2019avril, on","robots":{"index":"index","follow":"follow","max-snippet":"max-snippet:-1","max-image-preview":"max-image-preview:large","max-video-preview":"max-video-preview:-1"},"canonical":"https:\/\/www.wanarun.net\/blog\/le-coeur-et-les-jambes-48084.html","og_locale":"fr_FR","og_type":"article","og_title":"Documentaire \"Le coeur et les jambes\"","og_description":"A-t-on encore besoin de pr\u00e9senter le marathon des sables ? Beaucoup de choses ont \u00e9t\u00e9 \u00e9crites sur cette course mythique. Chaque ann\u00e9e, au mois d\u2019avril, on","og_url":"https:\/\/www.wanarun.net\/blog\/le-coeur-et-les-jambes-48084.html","og_site_name":"Wanarun, le blog du running, du trail et de la course \u00e0 pied","article_publisher":"https:\/\/www.facebook.com\/wanarun\/","article_published_time":"2016-01-17T20:31:33+00:00","article_modified_time":"2019-10-05T07:39:47+00:00","og_image":[{"width":1920,"height":1080,"url":"https:\/\/www.wanarun.net\/blog\/wp-content\/uploads\/2016\/01\/documentaire-coeur-jambes.jpg","type":"image\/jpeg"}],"twitter_misc":{"\u00c9crit par":"Vincent","Dur\u00e9e de lecture estim\u00e9e":"2 minutes"},"schema":{"@context":"https:\/\/schema.org","@graph":[{"@type":"Organization","@id":"https:\/\/www.wanarun.net\/blog\/#organization","name":"Wanarun","url":"https:\/\/www.wanarun.net\/blog\/","sameAs":["https:\/\/www.instagram.com\/wanarunnet\/","https:\/\/www.youtube.com\/user\/wanarunnet","https:\/\/www.facebook.com\/wanarun\/","https:\/\/twitter.com\/wanarun"],"logo":{"@type":"ImageObject","inLanguage":"fr-FR","@id":"https:\/\/www.wanarun.net\/blog\/#\/schema\/logo\/image\/","url":"https:\/\/www.wanarun.net\/blog\/wp-content\/uploads\/2018\/03\/logo-wanarun.jpg","contentUrl":"https:\/\/www.wanarun.net\/blog\/wp-content\/uploads\/2018\/03\/logo-wanarun.jpg","width":1196,"height":1082,"caption":"Wanarun"},"image":{"@id":"https:\/\/www.wanarun.net\/blog\/#\/schema\/logo\/image\/"}},{"@type":"WebSite","@id":"https:\/\/www.wanarun.net\/blog\/#website","url":"https:\/\/www.wanarun.net\/blog\/","name":"Wanarun, le blog du running, du trail et de la course \u00e0 pied","description":"Informations, remarques, avis, conseils sur la course \u00e0 pied.","publisher":{"@id":"https:\/\/www.wanarun.net\/blog\/#organization"},"potentialAction":[{"@type":"SearchAction","target":{"@type":"EntryPoint","urlTemplate":"https:\/\/www.wanarun.net\/blog\/?s={search_term_string}"},"query-input":"required name=search_term_string"}],"inLanguage":"fr-FR"},{"@type":"ImageObject","inLanguage":"fr-FR","@id":"https:\/\/www.wanarun.net\/blog\/le-coeur-et-les-jambes-48084.html#primaryimage","url":"https:\/\/www.wanarun.net\/blog\/wp-content\/uploads\/2016\/01\/documentaire-coeur-jambes.jpg","contentUrl":"https:\/\/www.wanarun.net\/blog\/wp-content\/uploads\/2016\/01\/documentaire-coeur-jambes.jpg","width":1920,"height":1080},{"@type":"WebPage","@id":"https:\/\/www.wanarun.net\/blog\/le-coeur-et-les-jambes-48084.html#webpage","url":"https:\/\/www.wanarun.net\/blog\/le-coeur-et-les-jambes-48084.html","name":"Documentaire \"Le coeur et les jambes\"","isPartOf":{"@id":"https:\/\/www.wanarun.net\/blog\/#website"},"primaryImageOfPage":{"@id":"https:\/\/www.wanarun.net\/blog\/le-coeur-et-les-jambes-48084.html#primaryimage"},"datePublished":"2016-01-17T20:31:33+00:00","dateModified":"2019-10-05T07:39:47+00:00","description":"A-t-on encore besoin de pr\u00e9senter le marathon des sables ? Beaucoup de choses ont \u00e9t\u00e9 \u00e9crites sur cette course mythique. Chaque ann\u00e9e, au mois d\u2019avril, on","breadcrumb":{"@id":"https:\/\/www.wanarun.net\/blog\/le-coeur-et-les-jambes-48084.html#breadcrumb"},"inLanguage":"fr-FR","potentialAction":[{"@type":"ReadAction","target":["https:\/\/www.wanarun.net\/blog\/le-coeur-et-les-jambes-48084.html"]}]},{"@type":"BreadcrumbList","@id":"https:\/\/www.wanarun.net\/blog\/le-coeur-et-les-jambes-48084.html#breadcrumb","itemListElement":[{"@type":"ListItem","position":1,"name":"Documentaire \u00ab\u00a0Le coeur et les jambes\u00a0\u00bb"}]},{"@type":"Article","@id":"https:\/\/www.wanarun.net\/blog\/le-coeur-et-les-jambes-48084.html#article","isPartOf":{"@id":"https:\/\/www.wanarun.net\/blog\/le-coeur-et-les-jambes-48084.html#webpage"},"author":{"@id":"https:\/\/www.wanarun.net\/blog\/#\/schema\/person\/9c652272e54781c67072549fab29efea"},"headline":"Documentaire \u00ab\u00a0Le coeur et les jambes\u00a0\u00bb","datePublished":"2016-01-17T20:31:33+00:00","dateModified":"2019-10-05T07:39:47+00:00","mainEntityOfPage":{"@id":"https:\/\/www.wanarun.net\/blog\/le-coeur-et-les-jambes-48084.html#webpage"},"wordCount":379,"commentCount":0,"publisher":{"@id":"https:\/\/www.wanarun.net\/blog\/#organization"},"image":{"@id":"https:\/\/www.wanarun.net\/blog\/le-coeur-et-les-jambes-48084.html#primaryimage"},"thumbnailUrl":"https:\/\/www.wanarun.net\/blog\/wp-content\/uploads\/2016\/01\/documentaire-coeur-jambes.jpg","articleSection":["Portrait","R\u00e9cits de course"],"inLanguage":"fr-FR","potentialAction":[{"@type":"CommentAction","name":"Comment","target":["https:\/\/www.wanarun.net\/blog\/le-coeur-et-les-jambes-48084.html#respond"]}]},{"@type":"Person","@id":"https:\/\/www.wanarun.net\/blog\/#\/schema\/person\/9c652272e54781c67072549fab29efea","name":"Vincent","image":{"@type":"ImageObject","inLanguage":"fr-FR","@id":"https:\/\/www.wanarun.net\/blog\/#\/schema\/person\/image\/","url":"https:\/\/secure.gravatar.com\/avatar\/0cb3c1a4d350c7c55a794e44667e2830?s=96&d=mm&r=g","contentUrl":"https:\/\/secure.gravatar.com\/avatar\/0cb3c1a4d350c7c55a794e44667e2830?s=96&d=mm&r=g","caption":"Vincent"},"sameAs":["http:\/\/www.les4bellais.fr"],"url":"https:\/\/www.wanarun.net\/blog\/author\/vincent"}]}},"_links":{"self":[{"href":"https:\/\/www.wanarun.net\/blog\/wp-json\/wp\/v2\/posts\/48084"}],"collection":[{"href":"https:\/\/www.wanarun.net\/blog\/wp-json\/wp\/v2\/posts"}],"about":[{"href":"https:\/\/www.wanarun.net\/blog\/wp-json\/wp\/v2\/types\/post"}],"author":[{"embeddable":true,"href":"https:\/\/www.wanarun.net\/blog\/wp-json\/wp\/v2\/users\/18"}],"replies":[{"embeddable":true,"href":"https:\/\/www.wanarun.net\/blog\/wp-json\/wp\/v2\/comments?post=48084"}],"version-history":[{"count":5,"href":"https:\/\/www.wanarun.net\/blog\/wp-json\/wp\/v2\/posts\/48084\/revisions"}],"predecessor-version":[{"id":67863,"href":"https:\/\/www.wanarun.net\/blog\/wp-json\/wp\/v2\/posts\/48084\/revisions\/67863"}],"wp:featuredmedia":[{"embeddable":true,"href":"https:\/\/www.wanarun.net\/blog\/wp-json\/wp\/v2\/media\/48091"}],"wp:attachment":[{"href":"https:\/\/www.wanarun.net\/blog\/wp-json\/wp\/v2\/media?parent=48084"}],"wp:term":[{"taxonomy":"category","embeddable":true,"href":"https:\/\/www.wanarun.net\/blog\/wp-json\/wp\/v2\/categories?post=48084"},{"taxonomy":"post_tag","embeddable":true,"href":"https:\/\/www.wanarun.net\/blog\/wp-json\/wp\/v2\/tags?post=48084"}],"curies":[{"name":"wp","href":"https:\/\/api.w.org\/{rel}","templated":true}]}}