{"id":48046,"date":"2016-01-12T07:32:10","date_gmt":"2016-01-12T06:32:10","guid":{"rendered":"http:\/\/www.wanarun.net\/blog\/?p=48046"},"modified":"2016-01-12T07:32:10","modified_gmt":"2016-01-12T06:32:10","slug":"1ere-edition-du-nimes-urban-trail","status":"publish","type":"post","link":"https:\/\/www.wanarun.net\/blog\/1ere-edition-du-nimes-urban-trail-48046.html","title":{"rendered":"1\u00e8re \u00e9dition du N\u00eemes Urban Trail"},"content":{"rendered":"<p><img loading=\"lazy\" class=\"alignleft size-thumbnail wp-image-48053\" src=\"https:\/\/www.wanarun.net\/blog\/wp-content\/uploads\/2016\/01\/trail-urbain-nimes-150x150.jpg\" alt=\"trail-urbain-nimes\" width=\"150\" height=\"150\" srcset=\"https:\/\/www.wanarun.net\/blog\/wp-content\/uploads\/2016\/01\/trail-urbain-nimes-150x150.jpg 150w, https:\/\/www.wanarun.net\/blog\/wp-content\/uploads\/2016\/01\/trail-urbain-nimes-100x100.jpg 100w\" sizes=\"(max-width: 150px) 100vw, 150px\" \/>Le 21 f\u00e9vrier 2016 se d\u00e9roulera la premi\u00e8re \u00e9dition du N\u00eemes Urban Trail. L\u2019occasion de d\u00e9couvrir la ville romaine en courant.<\/p>\n<p>Au programme deux formats : 25km (500mD+) et 10km (150mD+).<\/p>\n<p>C\u2019est l\u2019association N\u00eemes Trail Attitude qui porte ce projet depuis de longs mois. Les 30 passionn\u00e9s de l\u2019association n\u2019en sont pas \u00e0 leur premier coup d\u2019essai. En effet, pendant 9 ans, ils ont \u00e9t\u00e9 aux manettes de l\u2019Hivernatrail qui se d\u00e9roule \u00e0 Saint-C\u00f4me-et-Maru\u00e9jols au mois de d\u00e9cembre.<\/p>\n<p><em>\u201cLe N\u00eemes Urban Trail c\u2019est l\u2019histoire d\u2019une rencontre avec Nicolas Carbo, le patron d\u2019un bar n\u00eemois, qui souhaitait monter un trail dans la ville et notre association\u201d<\/em> souligne Beno\u00eet Goiset, l\u2019une des chevilles ouvri\u00e8res du N\u00eemes Urban Trail. Ce coureur aguerri (9 participations \u00e0 la Saint\u00e9Lyon, entre autres), n\u00eemois d\u2019origine mais exil\u00e9 \u00e0 Lyon depuis quelques ann\u00e9es pour raisons professionnelles, est intarissable sur sa ville. Il n\u2019h\u00e9site pas \u00e0 citer en exemple celui qui a montr\u00e9 la voie : le Lyon Urban Trail. <em>\u201cC\u2019est le plus beau de France dans une ville remarquable. Extra Sport fait de l\u2019excellent travail sur cette course\u201d<\/em>.<\/p>\n<p><em>\u201cNous aurions souhait\u00e9 pouvoir donner le d\u00e9part du NUT dans les ar\u00e8nes. Une campagne de fouille ne nous le permettra pas\u201d<\/em>. Les participants auront tout de m\u00eame le privil\u00e8ge de fouler les coursives de l\u2019un des monuments embl\u00e9matiques de la ville.<\/p>\n<p><em>\u201cNous avons pass\u00e9 des heures au cadastre et dans les archives de la ville afin de proposer un parcours qui surprendra les coureurs, m\u00eame les r\u00e9gionaux de l\u2019\u00e9tape. Pas de possibilit\u00e9 de se lasser : \u00e7a monte, \u00e7a tournicote, \u00e7a descend\u2026\u201d<\/em>.<\/p>\n<p>Les organisateurs promettent \u00e9galement des passages dans des lieux jamais ouverts au public.<\/p>\n<p><em>\u201cLes coureurs emprunteront notamment des cours d\u2019\u00e9coles et passages priv\u00e9s, traverseront la L\u00e9gion \u00e9trang\u00e8re avec haie d&rsquo;honneur\u201d<\/em>. L\u2019arriv\u00e9e est pr\u00e9vue aux Jardins de la Fontaine apr\u00e8s une belle mont\u00e9e chronom\u00e9tr\u00e9e. Cette derni\u00e8re servira de support au challenge \u201cFabrice Tullio\u201d, coureur n\u00eemois disparu il y a quelques ann\u00e9es. Les trois premiers hommes et femmes seront r\u00e9compens\u00e9s (incluant \u00e9galement les participants du 10 km).<\/p>\n<p>Deux formats :<\/p>\n<ul>\n<li>10km et 150m D+ : un trail tr\u00e8s urbain ; une d\u00e9couverte de la ville et de ses sites incontournables<\/li>\n<li>20km et 500m D+ : \u00e0 l\u2019urbain il sera propos\u00e9 une d\u00e9couverte de l\u2019une des 7 collines de la ville avec un passage dans la garrigue avoisinante.<\/li>\n<\/ul>\n<p>Solidaire, le N\u00eemes Urban Trail soutien l\u2019<a href=\"http:\/\/www.assoverticale.com\">association VERTICALE<\/a> (recherche sur la moelle \u00e9pini\u00e8re) et reversera 1 euro sur chaque inscription.<\/p>\n<p>Beno\u00eet Goiset tient \u00e0 souligner l\u2019engagement total de la ville de N\u00eemes dans cette aventure. <em>\u201cLes services municipaux seront mobilis\u00e9s avant, pendant et apr\u00e8s la course\u201d<\/em>.<\/p>\n<p>3 000 dossards maximum pour les deux courses (\u00e0 ce jour pr\u00e8s de 2 400 ont \u00e9t\u00e9 attribu\u00e9s), des tarifs tr\u00e8s attractifs (16 et 12 euros), un porte-parole d\u2019une \u00e9quipe d\u2019organisateurs enthousiaste, c\u2019est certain le N\u00eemes Urban Trail a de beaux jours devant lui.<\/p>\n<p>Wanarun y sera pour courir et vous faire vivre l\u2019\u00e9v\u00e9nement.<\/p>\n<p>Le <a href=\"http:\/\/nimesurbantrail.com\">site web<\/a> du NUT.<br \/>\nLa <a href=\"https:\/\/www.facebook.com\/nimesurbantrail\/\">page Facebook<\/a> de l\u2019\u00e9v\u00e9nement.<\/p>\n<p>&nbsp;<\/p>\n","protected":false},"excerpt":{"rendered":"<a href=\"https:\/\/www.wanarun.net\/blog\/1ere-edition-du-nimes-urban-trail-48046.html\"><img width=\"150\" height=\"150\" src=\"https:\/\/www.wanarun.net\/blog\/wp-content\/uploads\/2016\/01\/trail-urbain-nimes-150x150.jpg\" class=\"alignleft tfe wp-post-image\" alt=\"\" loading=\"lazy\" srcset=\"https:\/\/www.wanarun.net\/blog\/wp-content\/uploads\/2016\/01\/trail-urbain-nimes-150x150.jpg 150w, https:\/\/www.wanarun.net\/blog\/wp-content\/uploads\/2016\/01\/trail-urbain-nimes-100x100.jpg 100w\" sizes=\"(max-width: 150px) 100vw, 150px\" \/><\/a><p>Le 21 f\u00e9vrier 2016 se d\u00e9roulera la premi\u00e8re \u00e9dition du N\u00eemes Urban Trail. L\u2019occasion de d\u00e9couvrir la ville romaine en courant. Au programme deux formats : 25km (500mD+) et 10km (150mD+). C\u2019est l\u2019association N\u00eemes Trail Attitude qui porte ce projet depuis de longs mois. Les 30 passionn\u00e9s de l\u2019association n\u2019en sont pas \u00e0 leur premier [&hellip;]<\/p>\n","protected":false},"author":18,"featured_media":48053,"comment_status":"open","ping_status":"open","sticky":false,"template":"","format":"standard","meta":[],"categories":[7],"tags":[],"yoast_head":"<!-- This site is optimized with the Yoast SEO plugin v18.9 - https:\/\/yoast.com\/wordpress\/plugins\/seo\/ -->\n<title>1\u00e8re \u00e9dition du N\u00eemes Urban Trail<\/title>\n<meta name=\"description\" content=\"Le 21 f\u00e9vrier 2016 se d\u00e9roulera la premi\u00e8re \u00e9dition du N\u00eemes Urban Trail. L\u2019occasion de d\u00e9couvrir la ville romaine en courant. Au programme deux formats :\" \/>\n<meta name=\"robots\" content=\"index, follow, max-snippet:-1, max-image-preview:large, max-video-preview:-1\" \/>\n<link rel=\"canonical\" href=\"https:\/\/www.wanarun.net\/blog\/1ere-edition-du-nimes-urban-trail-48046.html\" \/>\n<meta property=\"og:locale\" content=\"fr_FR\" \/>\n<meta property=\"og:type\" content=\"article\" \/>\n<meta property=\"og:title\" content=\"1\u00e8re \u00e9dition du N\u00eemes Urban Trail\" \/>\n<meta property=\"og:description\" content=\"Le 21 f\u00e9vrier 2016 se d\u00e9roulera la premi\u00e8re \u00e9dition du N\u00eemes Urban Trail. L\u2019occasion de d\u00e9couvrir la ville romaine en courant. Au programme deux formats :\" \/>\n<meta property=\"og:url\" content=\"https:\/\/www.wanarun.net\/blog\/1ere-edition-du-nimes-urban-trail-48046.html\" \/>\n<meta property=\"og:site_name\" content=\"Wanarun, le blog du running, du trail et de la course \u00e0 pied\" \/>\n<meta property=\"article:publisher\" content=\"https:\/\/www.facebook.com\/wanarun\/\" \/>\n<meta property=\"article:published_time\" content=\"2016-01-12T06:32:10+00:00\" \/>\n<meta property=\"og:image\" content=\"https:\/\/www.wanarun.net\/blog\/wp-content\/uploads\/2016\/01\/trail-urbain-nimes.jpg\" \/>\n\t<meta property=\"og:image:width\" content=\"1200\" \/>\n\t<meta property=\"og:image:height\" content=\"800\" \/>\n\t<meta property=\"og:image:type\" content=\"image\/jpeg\" \/>\n<meta name=\"twitter:label1\" content=\"\u00c9crit par\" \/>\n\t<meta name=\"twitter:data1\" content=\"Vincent\" \/>\n\t<meta name=\"twitter:label2\" content=\"Dur\u00e9e de lecture estim\u00e9e\" \/>\n\t<meta name=\"twitter:data2\" content=\"3 minutes\" \/>\n<script type=\"application\/ld+json\" class=\"yoast-schema-graph\">{\"@context\":\"https:\/\/schema.org\",\"@graph\":[{\"@type\":\"Organization\",\"@id\":\"https:\/\/www.wanarun.net\/blog\/#organization\",\"name\":\"Wanarun\",\"url\":\"https:\/\/www.wanarun.net\/blog\/\",\"sameAs\":[\"https:\/\/www.instagram.com\/wanarunnet\/\",\"https:\/\/www.youtube.com\/user\/wanarunnet\",\"https:\/\/www.facebook.com\/wanarun\/\",\"https:\/\/twitter.com\/wanarun\"],\"logo\":{\"@type\":\"ImageObject\",\"inLanguage\":\"fr-FR\",\"@id\":\"https:\/\/www.wanarun.net\/blog\/#\/schema\/logo\/image\/\",\"url\":\"https:\/\/www.wanarun.net\/blog\/wp-content\/uploads\/2018\/03\/logo-wanarun.jpg\",\"contentUrl\":\"https:\/\/www.wanarun.net\/blog\/wp-content\/uploads\/2018\/03\/logo-wanarun.jpg\",\"width\":1196,\"height\":1082,\"caption\":\"Wanarun\"},\"image\":{\"@id\":\"https:\/\/www.wanarun.net\/blog\/#\/schema\/logo\/image\/\"}},{\"@type\":\"WebSite\",\"@id\":\"https:\/\/www.wanarun.net\/blog\/#website\",\"url\":\"https:\/\/www.wanarun.net\/blog\/\",\"name\":\"Wanarun, le blog du running, du trail et de la course \u00e0 pied\",\"description\":\"Informations, remarques, avis, conseils sur la course \u00e0 pied.\",\"publisher\":{\"@id\":\"https:\/\/www.wanarun.net\/blog\/#organization\"},\"potentialAction\":[{\"@type\":\"SearchAction\",\"target\":{\"@type\":\"EntryPoint\",\"urlTemplate\":\"https:\/\/www.wanarun.net\/blog\/?s={search_term_string}\"},\"query-input\":\"required name=search_term_string\"}],\"inLanguage\":\"fr-FR\"},{\"@type\":\"ImageObject\",\"inLanguage\":\"fr-FR\",\"@id\":\"https:\/\/www.wanarun.net\/blog\/1ere-edition-du-nimes-urban-trail-48046.html#primaryimage\",\"url\":\"https:\/\/www.wanarun.net\/blog\/wp-content\/uploads\/2016\/01\/trail-urbain-nimes.jpg\",\"contentUrl\":\"https:\/\/www.wanarun.net\/blog\/wp-content\/uploads\/2016\/01\/trail-urbain-nimes.jpg\",\"width\":1200,\"height\":800},{\"@type\":\"WebPage\",\"@id\":\"https:\/\/www.wanarun.net\/blog\/1ere-edition-du-nimes-urban-trail-48046.html#webpage\",\"url\":\"https:\/\/www.wanarun.net\/blog\/1ere-edition-du-nimes-urban-trail-48046.html\",\"name\":\"1\u00e8re \u00e9dition du N\u00eemes Urban Trail\",\"isPartOf\":{\"@id\":\"https:\/\/www.wanarun.net\/blog\/#website\"},\"primaryImageOfPage\":{\"@id\":\"https:\/\/www.wanarun.net\/blog\/1ere-edition-du-nimes-urban-trail-48046.html#primaryimage\"},\"datePublished\":\"2016-01-12T06:32:10+00:00\",\"dateModified\":\"2016-01-12T06:32:10+00:00\",\"description\":\"Le 21 f\u00e9vrier 2016 se d\u00e9roulera la premi\u00e8re \u00e9dition du N\u00eemes Urban Trail. L\u2019occasion de d\u00e9couvrir la ville romaine en courant. Au programme deux formats :\",\"breadcrumb\":{\"@id\":\"https:\/\/www.wanarun.net\/blog\/1ere-edition-du-nimes-urban-trail-48046.html#breadcrumb\"},\"inLanguage\":\"fr-FR\",\"potentialAction\":[{\"@type\":\"ReadAction\",\"target\":[\"https:\/\/www.wanarun.net\/blog\/1ere-edition-du-nimes-urban-trail-48046.html\"]}]},{\"@type\":\"BreadcrumbList\",\"@id\":\"https:\/\/www.wanarun.net\/blog\/1ere-edition-du-nimes-urban-trail-48046.html#breadcrumb\",\"itemListElement\":[{\"@type\":\"ListItem\",\"position\":1,\"name\":\"1\u00e8re \u00e9dition du N\u00eemes Urban Trail\"}]},{\"@type\":\"Article\",\"@id\":\"https:\/\/www.wanarun.net\/blog\/1ere-edition-du-nimes-urban-trail-48046.html#article\",\"isPartOf\":{\"@id\":\"https:\/\/www.wanarun.net\/blog\/1ere-edition-du-nimes-urban-trail-48046.html#webpage\"},\"author\":{\"@id\":\"https:\/\/www.wanarun.net\/blog\/#\/schema\/person\/9c652272e54781c67072549fab29efea\"},\"headline\":\"1\u00e8re \u00e9dition du N\u00eemes Urban Trail\",\"datePublished\":\"2016-01-12T06:32:10+00:00\",\"dateModified\":\"2016-01-12T06:32:10+00:00\",\"mainEntityOfPage\":{\"@id\":\"https:\/\/www.wanarun.net\/blog\/1ere-edition-du-nimes-urban-trail-48046.html#webpage\"},\"wordCount\":561,\"commentCount\":1,\"publisher\":{\"@id\":\"https:\/\/www.wanarun.net\/blog\/#organization\"},\"image\":{\"@id\":\"https:\/\/www.wanarun.net\/blog\/1ere-edition-du-nimes-urban-trail-48046.html#primaryimage\"},\"thumbnailUrl\":\"https:\/\/www.wanarun.net\/blog\/wp-content\/uploads\/2016\/01\/trail-urbain-nimes.jpg\",\"articleSection\":[\"Course\"],\"inLanguage\":\"fr-FR\",\"potentialAction\":[{\"@type\":\"CommentAction\",\"name\":\"Comment\",\"target\":[\"https:\/\/www.wanarun.net\/blog\/1ere-edition-du-nimes-urban-trail-48046.html#respond\"]}]},{\"@type\":\"Person\",\"@id\":\"https:\/\/www.wanarun.net\/blog\/#\/schema\/person\/9c652272e54781c67072549fab29efea\",\"name\":\"Vincent\",\"image\":{\"@type\":\"ImageObject\",\"inLanguage\":\"fr-FR\",\"@id\":\"https:\/\/www.wanarun.net\/blog\/#\/schema\/person\/image\/\",\"url\":\"https:\/\/secure.gravatar.com\/avatar\/0cb3c1a4d350c7c55a794e44667e2830?s=96&d=mm&r=g\",\"contentUrl\":\"https:\/\/secure.gravatar.com\/avatar\/0cb3c1a4d350c7c55a794e44667e2830?s=96&d=mm&r=g\",\"caption\":\"Vincent\"},\"sameAs\":[\"http:\/\/www.les4bellais.fr\"],\"url\":\"https:\/\/www.wanarun.net\/blog\/author\/vincent\"}]}<\/script>\n<!-- \/ Yoast SEO plugin. -->","yoast_head_json":{"title":"1\u00e8re \u00e9dition du N\u00eemes Urban Trail","description":"Le 21 f\u00e9vrier 2016 se d\u00e9roulera la premi\u00e8re \u00e9dition du N\u00eemes Urban Trail. L\u2019occasion de d\u00e9couvrir la ville romaine en courant. Au programme deux formats :","robots":{"index":"index","follow":"follow","max-snippet":"max-snippet:-1","max-image-preview":"max-image-preview:large","max-video-preview":"max-video-preview:-1"},"canonical":"https:\/\/www.wanarun.net\/blog\/1ere-edition-du-nimes-urban-trail-48046.html","og_locale":"fr_FR","og_type":"article","og_title":"1\u00e8re \u00e9dition du N\u00eemes Urban Trail","og_description":"Le 21 f\u00e9vrier 2016 se d\u00e9roulera la premi\u00e8re \u00e9dition du N\u00eemes Urban Trail. L\u2019occasion de d\u00e9couvrir la ville romaine en courant. Au programme deux formats :","og_url":"https:\/\/www.wanarun.net\/blog\/1ere-edition-du-nimes-urban-trail-48046.html","og_site_name":"Wanarun, le blog du running, du trail et de la course \u00e0 pied","article_publisher":"https:\/\/www.facebook.com\/wanarun\/","article_published_time":"2016-01-12T06:32:10+00:00","og_image":[{"width":1200,"height":800,"url":"https:\/\/www.wanarun.net\/blog\/wp-content\/uploads\/2016\/01\/trail-urbain-nimes.jpg","type":"image\/jpeg"}],"twitter_misc":{"\u00c9crit par":"Vincent","Dur\u00e9e de lecture estim\u00e9e":"3 minutes"},"schema":{"@context":"https:\/\/schema.org","@graph":[{"@type":"Organization","@id":"https:\/\/www.wanarun.net\/blog\/#organization","name":"Wanarun","url":"https:\/\/www.wanarun.net\/blog\/","sameAs":["https:\/\/www.instagram.com\/wanarunnet\/","https:\/\/www.youtube.com\/user\/wanarunnet","https:\/\/www.facebook.com\/wanarun\/","https:\/\/twitter.com\/wanarun"],"logo":{"@type":"ImageObject","inLanguage":"fr-FR","@id":"https:\/\/www.wanarun.net\/blog\/#\/schema\/logo\/image\/","url":"https:\/\/www.wanarun.net\/blog\/wp-content\/uploads\/2018\/03\/logo-wanarun.jpg","contentUrl":"https:\/\/www.wanarun.net\/blog\/wp-content\/uploads\/2018\/03\/logo-wanarun.jpg","width":1196,"height":1082,"caption":"Wanarun"},"image":{"@id":"https:\/\/www.wanarun.net\/blog\/#\/schema\/logo\/image\/"}},{"@type":"WebSite","@id":"https:\/\/www.wanarun.net\/blog\/#website","url":"https:\/\/www.wanarun.net\/blog\/","name":"Wanarun, le blog du running, du trail et de la course \u00e0 pied","description":"Informations, remarques, avis, conseils sur la course \u00e0 pied.","publisher":{"@id":"https:\/\/www.wanarun.net\/blog\/#organization"},"potentialAction":[{"@type":"SearchAction","target":{"@type":"EntryPoint","urlTemplate":"https:\/\/www.wanarun.net\/blog\/?s={search_term_string}"},"query-input":"required name=search_term_string"}],"inLanguage":"fr-FR"},{"@type":"ImageObject","inLanguage":"fr-FR","@id":"https:\/\/www.wanarun.net\/blog\/1ere-edition-du-nimes-urban-trail-48046.html#primaryimage","url":"https:\/\/www.wanarun.net\/blog\/wp-content\/uploads\/2016\/01\/trail-urbain-nimes.jpg","contentUrl":"https:\/\/www.wanarun.net\/blog\/wp-content\/uploads\/2016\/01\/trail-urbain-nimes.jpg","width":1200,"height":800},{"@type":"WebPage","@id":"https:\/\/www.wanarun.net\/blog\/1ere-edition-du-nimes-urban-trail-48046.html#webpage","url":"https:\/\/www.wanarun.net\/blog\/1ere-edition-du-nimes-urban-trail-48046.html","name":"1\u00e8re \u00e9dition du N\u00eemes Urban Trail","isPartOf":{"@id":"https:\/\/www.wanarun.net\/blog\/#website"},"primaryImageOfPage":{"@id":"https:\/\/www.wanarun.net\/blog\/1ere-edition-du-nimes-urban-trail-48046.html#primaryimage"},"datePublished":"2016-01-12T06:32:10+00:00","dateModified":"2016-01-12T06:32:10+00:00","description":"Le 21 f\u00e9vrier 2016 se d\u00e9roulera la premi\u00e8re \u00e9dition du N\u00eemes Urban Trail. L\u2019occasion de d\u00e9couvrir la ville romaine en courant. Au programme deux formats :","breadcrumb":{"@id":"https:\/\/www.wanarun.net\/blog\/1ere-edition-du-nimes-urban-trail-48046.html#breadcrumb"},"inLanguage":"fr-FR","potentialAction":[{"@type":"ReadAction","target":["https:\/\/www.wanarun.net\/blog\/1ere-edition-du-nimes-urban-trail-48046.html"]}]},{"@type":"BreadcrumbList","@id":"https:\/\/www.wanarun.net\/blog\/1ere-edition-du-nimes-urban-trail-48046.html#breadcrumb","itemListElement":[{"@type":"ListItem","position":1,"name":"1\u00e8re \u00e9dition du N\u00eemes Urban Trail"}]},{"@type":"Article","@id":"https:\/\/www.wanarun.net\/blog\/1ere-edition-du-nimes-urban-trail-48046.html#article","isPartOf":{"@id":"https:\/\/www.wanarun.net\/blog\/1ere-edition-du-nimes-urban-trail-48046.html#webpage"},"author":{"@id":"https:\/\/www.wanarun.net\/blog\/#\/schema\/person\/9c652272e54781c67072549fab29efea"},"headline":"1\u00e8re \u00e9dition du N\u00eemes Urban Trail","datePublished":"2016-01-12T06:32:10+00:00","dateModified":"2016-01-12T06:32:10+00:00","mainEntityOfPage":{"@id":"https:\/\/www.wanarun.net\/blog\/1ere-edition-du-nimes-urban-trail-48046.html#webpage"},"wordCount":561,"commentCount":1,"publisher":{"@id":"https:\/\/www.wanarun.net\/blog\/#organization"},"image":{"@id":"https:\/\/www.wanarun.net\/blog\/1ere-edition-du-nimes-urban-trail-48046.html#primaryimage"},"thumbnailUrl":"https:\/\/www.wanarun.net\/blog\/wp-content\/uploads\/2016\/01\/trail-urbain-nimes.jpg","articleSection":["Course"],"inLanguage":"fr-FR","potentialAction":[{"@type":"CommentAction","name":"Comment","target":["https:\/\/www.wanarun.net\/blog\/1ere-edition-du-nimes-urban-trail-48046.html#respond"]}]},{"@type":"Person","@id":"https:\/\/www.wanarun.net\/blog\/#\/schema\/person\/9c652272e54781c67072549fab29efea","name":"Vincent","image":{"@type":"ImageObject","inLanguage":"fr-FR","@id":"https:\/\/www.wanarun.net\/blog\/#\/schema\/person\/image\/","url":"https:\/\/secure.gravatar.com\/avatar\/0cb3c1a4d350c7c55a794e44667e2830?s=96&d=mm&r=g","contentUrl":"https:\/\/secure.gravatar.com\/avatar\/0cb3c1a4d350c7c55a794e44667e2830?s=96&d=mm&r=g","caption":"Vincent"},"sameAs":["http:\/\/www.les4bellais.fr"],"url":"https:\/\/www.wanarun.net\/blog\/author\/vincent"}]}},"_links":{"self":[{"href":"https:\/\/www.wanarun.net\/blog\/wp-json\/wp\/v2\/posts\/48046"}],"collection":[{"href":"https:\/\/www.wanarun.net\/blog\/wp-json\/wp\/v2\/posts"}],"about":[{"href":"https:\/\/www.wanarun.net\/blog\/wp-json\/wp\/v2\/types\/post"}],"author":[{"embeddable":true,"href":"https:\/\/www.wanarun.net\/blog\/wp-json\/wp\/v2\/users\/18"}],"replies":[{"embeddable":true,"href":"https:\/\/www.wanarun.net\/blog\/wp-json\/wp\/v2\/comments?post=48046"}],"version-history":[{"count":4,"href":"https:\/\/www.wanarun.net\/blog\/wp-json\/wp\/v2\/posts\/48046\/revisions"}],"predecessor-version":[{"id":48055,"href":"https:\/\/www.wanarun.net\/blog\/wp-json\/wp\/v2\/posts\/48046\/revisions\/48055"}],"wp:featuredmedia":[{"embeddable":true,"href":"https:\/\/www.wanarun.net\/blog\/wp-json\/wp\/v2\/media\/48053"}],"wp:attachment":[{"href":"https:\/\/www.wanarun.net\/blog\/wp-json\/wp\/v2\/media?parent=48046"}],"wp:term":[{"taxonomy":"category","embeddable":true,"href":"https:\/\/www.wanarun.net\/blog\/wp-json\/wp\/v2\/categories?post=48046"},{"taxonomy":"post_tag","embeddable":true,"href":"https:\/\/www.wanarun.net\/blog\/wp-json\/wp\/v2\/tags?post=48046"}],"curies":[{"name":"wp","href":"https:\/\/api.w.org\/{rel}","templated":true}]}}