{"id":47543,"date":"2015-11-16T21:18:40","date_gmt":"2015-11-16T20:18:40","guid":{"rendered":"http:\/\/www.wanarun.net\/blog\/?p=47543"},"modified":"2015-11-16T21:20:39","modified_gmt":"2015-11-16T20:20:39","slug":"julien-chorier-annonce-la-couleur-pour-2016","status":"publish","type":"post","link":"https:\/\/www.wanarun.net\/blog\/julien-chorier-annonce-la-couleur-pour-2016-47543.html","title":{"rendered":"Julien Chorier annonce la couleur pour 2016"},"content":{"rendered":"<p><a href=\"https:\/\/www.wanarun.net\/blog\/wp-content\/uploads\/2015\/11\/julien-chorier-2016-.jpg\"><img loading=\"lazy\" class=\"alignleft size-thumbnail wp-image-47544\" src=\"https:\/\/www.wanarun.net\/blog\/wp-content\/uploads\/2015\/11\/julien-chorier-2016--150x150.jpg\" alt=\"julien-chorier-2016\" width=\"150\" height=\"150\" srcset=\"https:\/\/www.wanarun.net\/blog\/wp-content\/uploads\/2015\/11\/julien-chorier-2016--150x150.jpg 150w, https:\/\/www.wanarun.net\/blog\/wp-content\/uploads\/2015\/11\/julien-chorier-2016--100x100.jpg 100w\" sizes=\"(max-width: 150px) 100vw, 150px\" \/><\/a>Julien Chorier vient de publier son programme pour l&rsquo;ann\u00e9e 2016. Bien s\u00fbr il n&rsquo;est pas dans nos habitudes de commenter ce type d&rsquo;informations mais ce programme est tr\u00e8s original et j&rsquo;ai h\u00e2te de voir le r\u00e9sultat de cette pr\u00e9paration. Julien Chorier est un athl\u00e8te mod\u00e8le, j&rsquo;ai eu la chance de discuter avec lui \u00e0 plusieurs reprises : accessible, humble, toujours souriant,&#8230; Traileur souvent sur le devant de la sc\u00e8ne, il cumule depuis quelques ann\u00e9es un palmar\u00e8s international impressionnant : Ultra-Trail du Mont-Fuji, Grand Raid de la R\u00e9union, Madeira Island Ultratrail, Hardrock 100, CCC mais aussi de nombreux podiums&#8230;<\/p>\n<p>Au programme, une partie assez classique puisque Julien sera au d\u00e9part de la TransGranCanaria et du Lavaredo Ultra-Trail. Jusque l\u00e0 rien de sp\u00e9cial mais pour pr\u00e9parer la course des Dolomites en Italie, Julien va participer \u00e0 l&rsquo;Ironman de Nice (et au Half-Ironman du pays d&rsquo;Aix) l&rsquo;un des triathlons les plus difficiles de France : 3,8 km de natation en pleine mer, 180 km de v\u00e9lo et un marathon&#8230; tout cela pour une course de pr\u00e9paration&#8230;<\/p>\n<p>Alors que pour un triathl\u00e8te, l&rsquo;Ironman est l&rsquo;une des courses ultimes, Julien l&rsquo;ins\u00e8re dans sa pr\u00e9paration en vue d&rsquo;un Ultratrail. D\u00e9marche int\u00e9ressante, qui permettra sans doute de travailler l&rsquo;endurance et les longues distances tout en limitant les impacts car le v\u00e9lo et la natation sont des sports port\u00e9s, donc moins contraignantes pour les articulations que la course \u00e0 pied et le trail.<\/p>\n<p>Alors quelles sont les chances de Julien au milieu des Ironmans ?<\/p>\n<p>Il faut savoir que Julien est un ancien cycliste, que c&rsquo;est \u00e9galement un marathonien sur route puisqu&rsquo;il a couru le marathon de Paris 2015 en 2h35. Seul point noir : la natation, il l&rsquo;avoue lui m\u00eame, il n&rsquo;est pas un bon nageur et il va particuli\u00e8rement appuyer sa pr\u00e9paration sur ce point.<\/p>\n<p>Je rejoins largement Julien dans cette perspective, travailler l&rsquo;endurance de diff\u00e9rentes mani\u00e8res en v\u00e9lo et en natation permet d&rsquo;avoir une pr\u00e9paration encore plus compl\u00e8te et sans doute moins monotone.<\/p>\n<p>Attendons donc le mois de juillet pour voir ses r\u00e9sultats en triathlon et en trail&#8230;<\/p>\n<p>Bravo Julien pour ce beau d\u00e9fi sans langue de bois, je ne doute pas que tu appr\u00e9cieras le milieu du triathlon.<\/p>\n<p>Cr\u00e9dit Photo : <a href=\"http:\/\/www.timlloydphoto.com\/\">Tim Lloyd<\/a><\/p>\n<p>&nbsp;<\/p>\n","protected":false},"excerpt":{"rendered":"<a href=\"https:\/\/www.wanarun.net\/blog\/julien-chorier-annonce-la-couleur-pour-2016-47543.html\"><img width=\"150\" height=\"150\" src=\"https:\/\/www.wanarun.net\/blog\/wp-content\/uploads\/2015\/11\/julien-chorier-2016--150x150.jpg\" class=\"alignleft tfe wp-post-image\" alt=\"\" loading=\"lazy\" srcset=\"https:\/\/www.wanarun.net\/blog\/wp-content\/uploads\/2015\/11\/julien-chorier-2016--150x150.jpg 150w, https:\/\/www.wanarun.net\/blog\/wp-content\/uploads\/2015\/11\/julien-chorier-2016--100x100.jpg 100w\" sizes=\"(max-width: 150px) 100vw, 150px\" \/><\/a><p>Julien Chorier vient de publier son programme pour l&rsquo;ann\u00e9e 2016. Bien s\u00fbr il n&rsquo;est pas dans nos habitudes de commenter ce type d&rsquo;informations mais ce programme est tr\u00e8s original et j&rsquo;ai h\u00e2te de voir le r\u00e9sultat de cette pr\u00e9paration. Julien Chorier est un athl\u00e8te mod\u00e8le, j&rsquo;ai eu la chance de discuter avec lui \u00e0 plusieurs [&hellip;]<\/p>\n","protected":false},"author":1,"featured_media":47544,"comment_status":"open","ping_status":"open","sticky":false,"template":"","format":"standard","meta":[],"categories":[4676],"tags":[1477,795],"yoast_head":"<!-- This site is optimized with the Yoast SEO plugin v18.9 - https:\/\/yoast.com\/wordpress\/plugins\/seo\/ -->\n<title>Julien Chorier annonce la couleur pour 2016<\/title>\n<meta name=\"description\" content=\"Julien Chorier vient de publier son programme pour l&#039;ann\u00e9e 2016. Bien s\u00fbr il n&#039;est pas dans nos habitudes de commenter ce type d&#039;informations mais ce\" \/>\n<meta name=\"robots\" content=\"index, follow, max-snippet:-1, max-image-preview:large, max-video-preview:-1\" \/>\n<link rel=\"canonical\" href=\"https:\/\/www.wanarun.net\/blog\/julien-chorier-annonce-la-couleur-pour-2016-47543.html\" \/>\n<meta property=\"og:locale\" content=\"fr_FR\" \/>\n<meta property=\"og:type\" content=\"article\" \/>\n<meta property=\"og:title\" content=\"Julien Chorier annonce la couleur pour 2016\" \/>\n<meta property=\"og:description\" content=\"Julien Chorier vient de publier son programme pour l&#039;ann\u00e9e 2016. Bien s\u00fbr il n&#039;est pas dans nos habitudes de commenter ce type d&#039;informations mais ce\" \/>\n<meta property=\"og:url\" content=\"https:\/\/www.wanarun.net\/blog\/julien-chorier-annonce-la-couleur-pour-2016-47543.html\" \/>\n<meta property=\"og:site_name\" content=\"Wanarun, le blog du running, du trail et de la course \u00e0 pied\" \/>\n<meta property=\"article:publisher\" content=\"https:\/\/www.facebook.com\/wanarun\/\" \/>\n<meta property=\"article:published_time\" content=\"2015-11-16T20:18:40+00:00\" \/>\n<meta property=\"article:modified_time\" content=\"2015-11-16T20:20:39+00:00\" \/>\n<meta property=\"og:image\" content=\"https:\/\/www.wanarun.net\/blog\/wp-content\/uploads\/2015\/11\/julien-chorier-2016-.jpg\" \/>\n\t<meta property=\"og:image:width\" content=\"1200\" \/>\n\t<meta property=\"og:image:height\" content=\"800\" \/>\n\t<meta property=\"og:image:type\" content=\"image\/jpeg\" \/>\n<meta name=\"twitter:label1\" content=\"\u00c9crit par\" \/>\n\t<meta name=\"twitter:data1\" content=\"Manu\" \/>\n\t<meta name=\"twitter:label2\" content=\"Dur\u00e9e de lecture estim\u00e9e\" \/>\n\t<meta name=\"twitter:data2\" content=\"2 minutes\" \/>\n<script type=\"application\/ld+json\" class=\"yoast-schema-graph\">{\"@context\":\"https:\/\/schema.org\",\"@graph\":[{\"@type\":\"Organization\",\"@id\":\"https:\/\/www.wanarun.net\/blog\/#organization\",\"name\":\"Wanarun\",\"url\":\"https:\/\/www.wanarun.net\/blog\/\",\"sameAs\":[\"https:\/\/www.instagram.com\/wanarunnet\/\",\"https:\/\/www.youtube.com\/user\/wanarunnet\",\"https:\/\/www.facebook.com\/wanarun\/\",\"https:\/\/twitter.com\/wanarun\"],\"logo\":{\"@type\":\"ImageObject\",\"inLanguage\":\"fr-FR\",\"@id\":\"https:\/\/www.wanarun.net\/blog\/#\/schema\/logo\/image\/\",\"url\":\"https:\/\/www.wanarun.net\/blog\/wp-content\/uploads\/2018\/03\/logo-wanarun.jpg\",\"contentUrl\":\"https:\/\/www.wanarun.net\/blog\/wp-content\/uploads\/2018\/03\/logo-wanarun.jpg\",\"width\":1196,\"height\":1082,\"caption\":\"Wanarun\"},\"image\":{\"@id\":\"https:\/\/www.wanarun.net\/blog\/#\/schema\/logo\/image\/\"}},{\"@type\":\"WebSite\",\"@id\":\"https:\/\/www.wanarun.net\/blog\/#website\",\"url\":\"https:\/\/www.wanarun.net\/blog\/\",\"name\":\"Wanarun, le blog du running, du trail et de la course \u00e0 pied\",\"description\":\"Informations, remarques, avis, conseils sur la course \u00e0 pied.\",\"publisher\":{\"@id\":\"https:\/\/www.wanarun.net\/blog\/#organization\"},\"potentialAction\":[{\"@type\":\"SearchAction\",\"target\":{\"@type\":\"EntryPoint\",\"urlTemplate\":\"https:\/\/www.wanarun.net\/blog\/?s={search_term_string}\"},\"query-input\":\"required name=search_term_string\"}],\"inLanguage\":\"fr-FR\"},{\"@type\":\"ImageObject\",\"inLanguage\":\"fr-FR\",\"@id\":\"https:\/\/www.wanarun.net\/blog\/julien-chorier-annonce-la-couleur-pour-2016-47543.html#primaryimage\",\"url\":\"https:\/\/www.wanarun.net\/blog\/wp-content\/uploads\/2015\/11\/julien-chorier-2016-.jpg\",\"contentUrl\":\"https:\/\/www.wanarun.net\/blog\/wp-content\/uploads\/2015\/11\/julien-chorier-2016-.jpg\",\"width\":1200,\"height\":800},{\"@type\":\"WebPage\",\"@id\":\"https:\/\/www.wanarun.net\/blog\/julien-chorier-annonce-la-couleur-pour-2016-47543.html#webpage\",\"url\":\"https:\/\/www.wanarun.net\/blog\/julien-chorier-annonce-la-couleur-pour-2016-47543.html\",\"name\":\"Julien Chorier annonce la couleur pour 2016\",\"isPartOf\":{\"@id\":\"https:\/\/www.wanarun.net\/blog\/#website\"},\"primaryImageOfPage\":{\"@id\":\"https:\/\/www.wanarun.net\/blog\/julien-chorier-annonce-la-couleur-pour-2016-47543.html#primaryimage\"},\"datePublished\":\"2015-11-16T20:18:40+00:00\",\"dateModified\":\"2015-11-16T20:20:39+00:00\",\"description\":\"Julien Chorier vient de publier son programme pour l'ann\u00e9e 2016. Bien s\u00fbr il n'est pas dans nos habitudes de commenter ce type d'informations mais ce\",\"breadcrumb\":{\"@id\":\"https:\/\/www.wanarun.net\/blog\/julien-chorier-annonce-la-couleur-pour-2016-47543.html#breadcrumb\"},\"inLanguage\":\"fr-FR\",\"potentialAction\":[{\"@type\":\"ReadAction\",\"target\":[\"https:\/\/www.wanarun.net\/blog\/julien-chorier-annonce-la-couleur-pour-2016-47543.html\"]}]},{\"@type\":\"BreadcrumbList\",\"@id\":\"https:\/\/www.wanarun.net\/blog\/julien-chorier-annonce-la-couleur-pour-2016-47543.html#breadcrumb\",\"itemListElement\":[{\"@type\":\"ListItem\",\"position\":1,\"name\":\"Julien Chorier annonce la couleur pour 2016\"}]},{\"@type\":\"Article\",\"@id\":\"https:\/\/www.wanarun.net\/blog\/julien-chorier-annonce-la-couleur-pour-2016-47543.html#article\",\"isPartOf\":{\"@id\":\"https:\/\/www.wanarun.net\/blog\/julien-chorier-annonce-la-couleur-pour-2016-47543.html#webpage\"},\"author\":{\"@id\":\"https:\/\/www.wanarun.net\/blog\/#\/schema\/person\/bfb3bc166306771639fdc2bc6ac79771\"},\"headline\":\"Julien Chorier annonce la couleur pour 2016\",\"datePublished\":\"2015-11-16T20:18:40+00:00\",\"dateModified\":\"2015-11-16T20:20:39+00:00\",\"mainEntityOfPage\":{\"@id\":\"https:\/\/www.wanarun.net\/blog\/julien-chorier-annonce-la-couleur-pour-2016-47543.html#webpage\"},\"wordCount\":398,\"commentCount\":0,\"publisher\":{\"@id\":\"https:\/\/www.wanarun.net\/blog\/#organization\"},\"image\":{\"@id\":\"https:\/\/www.wanarun.net\/blog\/julien-chorier-annonce-la-couleur-pour-2016-47543.html#primaryimage\"},\"thumbnailUrl\":\"https:\/\/www.wanarun.net\/blog\/wp-content\/uploads\/2015\/11\/julien-chorier-2016-.jpg\",\"keywords\":[\"Compressport\",\"Hoka One One\"],\"articleSection\":[\"Athl\u00e8tes\"],\"inLanguage\":\"fr-FR\",\"potentialAction\":[{\"@type\":\"CommentAction\",\"name\":\"Comment\",\"target\":[\"https:\/\/www.wanarun.net\/blog\/julien-chorier-annonce-la-couleur-pour-2016-47543.html#respond\"]}]},{\"@type\":\"Person\",\"@id\":\"https:\/\/www.wanarun.net\/blog\/#\/schema\/person\/bfb3bc166306771639fdc2bc6ac79771\",\"name\":\"Manu\",\"image\":{\"@type\":\"ImageObject\",\"inLanguage\":\"fr-FR\",\"@id\":\"https:\/\/www.wanarun.net\/blog\/#\/schema\/person\/image\/\",\"url\":\"https:\/\/secure.gravatar.com\/avatar\/717b7c28298e2900c61bceb611a4918a?s=96&d=mm&r=g\",\"contentUrl\":\"https:\/\/secure.gravatar.com\/avatar\/717b7c28298e2900c61bceb611a4918a?s=96&d=mm&r=g\",\"caption\":\"Manu\"},\"sameAs\":[\"https:\/\/www.wanarun.net\"],\"url\":\"https:\/\/www.wanarun.net\/blog\/author\/admin\"}]}<\/script>\n<!-- \/ Yoast SEO plugin. -->","yoast_head_json":{"title":"Julien Chorier annonce la couleur pour 2016","description":"Julien Chorier vient de publier son programme pour l'ann\u00e9e 2016. Bien s\u00fbr il n'est pas dans nos habitudes de commenter ce type d'informations mais ce","robots":{"index":"index","follow":"follow","max-snippet":"max-snippet:-1","max-image-preview":"max-image-preview:large","max-video-preview":"max-video-preview:-1"},"canonical":"https:\/\/www.wanarun.net\/blog\/julien-chorier-annonce-la-couleur-pour-2016-47543.html","og_locale":"fr_FR","og_type":"article","og_title":"Julien Chorier annonce la couleur pour 2016","og_description":"Julien Chorier vient de publier son programme pour l'ann\u00e9e 2016. Bien s\u00fbr il n'est pas dans nos habitudes de commenter ce type d'informations mais ce","og_url":"https:\/\/www.wanarun.net\/blog\/julien-chorier-annonce-la-couleur-pour-2016-47543.html","og_site_name":"Wanarun, le blog du running, du trail et de la course \u00e0 pied","article_publisher":"https:\/\/www.facebook.com\/wanarun\/","article_published_time":"2015-11-16T20:18:40+00:00","article_modified_time":"2015-11-16T20:20:39+00:00","og_image":[{"width":1200,"height":800,"url":"https:\/\/www.wanarun.net\/blog\/wp-content\/uploads\/2015\/11\/julien-chorier-2016-.jpg","type":"image\/jpeg"}],"twitter_misc":{"\u00c9crit par":"Manu","Dur\u00e9e de lecture estim\u00e9e":"2 minutes"},"schema":{"@context":"https:\/\/schema.org","@graph":[{"@type":"Organization","@id":"https:\/\/www.wanarun.net\/blog\/#organization","name":"Wanarun","url":"https:\/\/www.wanarun.net\/blog\/","sameAs":["https:\/\/www.instagram.com\/wanarunnet\/","https:\/\/www.youtube.com\/user\/wanarunnet","https:\/\/www.facebook.com\/wanarun\/","https:\/\/twitter.com\/wanarun"],"logo":{"@type":"ImageObject","inLanguage":"fr-FR","@id":"https:\/\/www.wanarun.net\/blog\/#\/schema\/logo\/image\/","url":"https:\/\/www.wanarun.net\/blog\/wp-content\/uploads\/2018\/03\/logo-wanarun.jpg","contentUrl":"https:\/\/www.wanarun.net\/blog\/wp-content\/uploads\/2018\/03\/logo-wanarun.jpg","width":1196,"height":1082,"caption":"Wanarun"},"image":{"@id":"https:\/\/www.wanarun.net\/blog\/#\/schema\/logo\/image\/"}},{"@type":"WebSite","@id":"https:\/\/www.wanarun.net\/blog\/#website","url":"https:\/\/www.wanarun.net\/blog\/","name":"Wanarun, le blog du running, du trail et de la course \u00e0 pied","description":"Informations, remarques, avis, conseils sur la course \u00e0 pied.","publisher":{"@id":"https:\/\/www.wanarun.net\/blog\/#organization"},"potentialAction":[{"@type":"SearchAction","target":{"@type":"EntryPoint","urlTemplate":"https:\/\/www.wanarun.net\/blog\/?s={search_term_string}"},"query-input":"required name=search_term_string"}],"inLanguage":"fr-FR"},{"@type":"ImageObject","inLanguage":"fr-FR","@id":"https:\/\/www.wanarun.net\/blog\/julien-chorier-annonce-la-couleur-pour-2016-47543.html#primaryimage","url":"https:\/\/www.wanarun.net\/blog\/wp-content\/uploads\/2015\/11\/julien-chorier-2016-.jpg","contentUrl":"https:\/\/www.wanarun.net\/blog\/wp-content\/uploads\/2015\/11\/julien-chorier-2016-.jpg","width":1200,"height":800},{"@type":"WebPage","@id":"https:\/\/www.wanarun.net\/blog\/julien-chorier-annonce-la-couleur-pour-2016-47543.html#webpage","url":"https:\/\/www.wanarun.net\/blog\/julien-chorier-annonce-la-couleur-pour-2016-47543.html","name":"Julien Chorier annonce la couleur pour 2016","isPartOf":{"@id":"https:\/\/www.wanarun.net\/blog\/#website"},"primaryImageOfPage":{"@id":"https:\/\/www.wanarun.net\/blog\/julien-chorier-annonce-la-couleur-pour-2016-47543.html#primaryimage"},"datePublished":"2015-11-16T20:18:40+00:00","dateModified":"2015-11-16T20:20:39+00:00","description":"Julien Chorier vient de publier son programme pour l'ann\u00e9e 2016. Bien s\u00fbr il n'est pas dans nos habitudes de commenter ce type d'informations mais ce","breadcrumb":{"@id":"https:\/\/www.wanarun.net\/blog\/julien-chorier-annonce-la-couleur-pour-2016-47543.html#breadcrumb"},"inLanguage":"fr-FR","potentialAction":[{"@type":"ReadAction","target":["https:\/\/www.wanarun.net\/blog\/julien-chorier-annonce-la-couleur-pour-2016-47543.html"]}]},{"@type":"BreadcrumbList","@id":"https:\/\/www.wanarun.net\/blog\/julien-chorier-annonce-la-couleur-pour-2016-47543.html#breadcrumb","itemListElement":[{"@type":"ListItem","position":1,"name":"Julien Chorier annonce la couleur pour 2016"}]},{"@type":"Article","@id":"https:\/\/www.wanarun.net\/blog\/julien-chorier-annonce-la-couleur-pour-2016-47543.html#article","isPartOf":{"@id":"https:\/\/www.wanarun.net\/blog\/julien-chorier-annonce-la-couleur-pour-2016-47543.html#webpage"},"author":{"@id":"https:\/\/www.wanarun.net\/blog\/#\/schema\/person\/bfb3bc166306771639fdc2bc6ac79771"},"headline":"Julien Chorier annonce la couleur pour 2016","datePublished":"2015-11-16T20:18:40+00:00","dateModified":"2015-11-16T20:20:39+00:00","mainEntityOfPage":{"@id":"https:\/\/www.wanarun.net\/blog\/julien-chorier-annonce-la-couleur-pour-2016-47543.html#webpage"},"wordCount":398,"commentCount":0,"publisher":{"@id":"https:\/\/www.wanarun.net\/blog\/#organization"},"image":{"@id":"https:\/\/www.wanarun.net\/blog\/julien-chorier-annonce-la-couleur-pour-2016-47543.html#primaryimage"},"thumbnailUrl":"https:\/\/www.wanarun.net\/blog\/wp-content\/uploads\/2015\/11\/julien-chorier-2016-.jpg","keywords":["Compressport","Hoka One One"],"articleSection":["Athl\u00e8tes"],"inLanguage":"fr-FR","potentialAction":[{"@type":"CommentAction","name":"Comment","target":["https:\/\/www.wanarun.net\/blog\/julien-chorier-annonce-la-couleur-pour-2016-47543.html#respond"]}]},{"@type":"Person","@id":"https:\/\/www.wanarun.net\/blog\/#\/schema\/person\/bfb3bc166306771639fdc2bc6ac79771","name":"Manu","image":{"@type":"ImageObject","inLanguage":"fr-FR","@id":"https:\/\/www.wanarun.net\/blog\/#\/schema\/person\/image\/","url":"https:\/\/secure.gravatar.com\/avatar\/717b7c28298e2900c61bceb611a4918a?s=96&d=mm&r=g","contentUrl":"https:\/\/secure.gravatar.com\/avatar\/717b7c28298e2900c61bceb611a4918a?s=96&d=mm&r=g","caption":"Manu"},"sameAs":["https:\/\/www.wanarun.net"],"url":"https:\/\/www.wanarun.net\/blog\/author\/admin"}]}},"_links":{"self":[{"href":"https:\/\/www.wanarun.net\/blog\/wp-json\/wp\/v2\/posts\/47543"}],"collection":[{"href":"https:\/\/www.wanarun.net\/blog\/wp-json\/wp\/v2\/posts"}],"about":[{"href":"https:\/\/www.wanarun.net\/blog\/wp-json\/wp\/v2\/types\/post"}],"author":[{"embeddable":true,"href":"https:\/\/www.wanarun.net\/blog\/wp-json\/wp\/v2\/users\/1"}],"replies":[{"embeddable":true,"href":"https:\/\/www.wanarun.net\/blog\/wp-json\/wp\/v2\/comments?post=47543"}],"version-history":[{"count":3,"href":"https:\/\/www.wanarun.net\/blog\/wp-json\/wp\/v2\/posts\/47543\/revisions"}],"predecessor-version":[{"id":47548,"href":"https:\/\/www.wanarun.net\/blog\/wp-json\/wp\/v2\/posts\/47543\/revisions\/47548"}],"wp:featuredmedia":[{"embeddable":true,"href":"https:\/\/www.wanarun.net\/blog\/wp-json\/wp\/v2\/media\/47544"}],"wp:attachment":[{"href":"https:\/\/www.wanarun.net\/blog\/wp-json\/wp\/v2\/media?parent=47543"}],"wp:term":[{"taxonomy":"category","embeddable":true,"href":"https:\/\/www.wanarun.net\/blog\/wp-json\/wp\/v2\/categories?post=47543"},{"taxonomy":"post_tag","embeddable":true,"href":"https:\/\/www.wanarun.net\/blog\/wp-json\/wp\/v2\/tags?post=47543"}],"curies":[{"name":"wp","href":"https:\/\/api.w.org\/{rel}","templated":true}]}}