{"id":45107,"date":"2015-06-17T20:19:29","date_gmt":"2015-06-17T19:19:29","guid":{"rendered":"http:\/\/www.wanarun.net\/blog\/?p=45107"},"modified":"2019-10-28T18:05:06","modified_gmt":"2019-10-28T17:05:06","slug":"chronique-du-mont-blanc-6-5-mois-de-preparation-generale","status":"publish","type":"post","link":"https:\/\/www.wanarun.net\/blog\/chronique-du-mont-blanc-6-5-mois-de-preparation-generale-45107.html","title":{"rendered":"Chronique du Mont Blanc 6: 5 mois de pr\u00e9paration g\u00e9n\u00e9rale"},"content":{"rendered":"<p><a href=\"https:\/\/www.wanarun.net\/blog\/wp-content\/uploads\/2009\/08\/utmb.gif\"><img loading=\"lazy\" class=\"alignleft size-full wp-image-2478\" src=\"https:\/\/www.wanarun.net\/blog\/wp-content\/uploads\/2009\/08\/utmb.gif\" alt=\"UTMB ultra trail du mont blanc 2009\" width=\"100\" height=\"99\" \/><\/a>Les 24h de Roche et La Maxi Race concluaient mes 5 mois de pr\u00e9paration g\u00e9n\u00e9rale \u00e0 l&rsquo;UTMB avant d&rsquo;entamer 11 semaines sp\u00e9cifiques.<\/p>\n<p>Le principe que j&rsquo;avais choisi \u00e9tait de participer \u00e0 un assez grand nombre d&rsquo;\u00e9preuves qui venaient en remplacement des sorties longues. L&rsquo;id\u00e9e g\u00e9n\u00e9rale \u00e9tant de changer les types de terrain, d&rsquo;\u00e9viter la monotonie pour garder une motivation intacte. L&rsquo;autre aspect \u00e9tant que la diversit\u00e9 des courses et leur localisation allaient m&rsquo;obliger \u00e0 travailler diff\u00e9rents aspect de l&rsquo;<a href=\"\/blog\/plan-d-entrainement-comment-lire-entre-les-lignes-17508.html\"target=\"_top\" title=\"entrainement\" >entrainement<\/a>: l&rsquo;endurance, la vitesse, les mont\u00e9es, les descentes, l&rsquo;utilisation des b\u00e2tons, la gestion de course et du mat\u00e9riel.<\/p>\n<p><a href=\"https:\/\/www.wanarun.net\/blog\/wp-content\/uploads\/2015\/06\/IMG_0506.jpg\"><img loading=\"lazy\" class=\"alignleft size-medium wp-image-45108\" src=\"https:\/\/www.wanarun.net\/blog\/wp-content\/uploads\/2015\/06\/IMG_0506-300x241.jpg\" alt=\"IMG_0506\" width=\"300\" height=\"241\" srcset=\"https:\/\/www.wanarun.net\/blog\/wp-content\/uploads\/2015\/06\/IMG_0506-300x241.jpg 300w, https:\/\/www.wanarun.net\/blog\/wp-content\/uploads\/2015\/06\/IMG_0506-1024x824.jpg 1024w, https:\/\/www.wanarun.net\/blog\/wp-content\/uploads\/2015\/06\/IMG_0506-150x121.jpg 150w, https:\/\/www.wanarun.net\/blog\/wp-content\/uploads\/2015\/06\/IMG_0506-620x499.jpg 620w\" sizes=\"(max-width: 300px) 100vw, 300px\" \/><\/a>Tout \u00e0 commenc\u00e9 le 4 Janvier par la \u00ab\u00a0Ballade \u00e0 Jo\u00a0\u00bb un off tr\u00e8s sympa de 12 Km pour remettre les baskets apr\u00e8s 1 mois de \u00ab\u00a0No Sport\u00a0\u00bb suite \u00e0 la 180. Puis le 17 Janvier,\u00a0\u00bbLa Nuit Blanche Du Pilat\u00a0\u00bb, 14 Km dans la neige et \u00e0 la frontale. Une semaine apr\u00e8s, les 11 Km de la \u00ab\u00a0Montiale\u00a0\u00bb, toujours dans la neige (fraiche) mais en journ\u00e9e. Et pour terminer cette s\u00e9rie de trails blancs , le 7f\u00e9vrier le \u00ab\u00a0Trail des Lucioles\u00a0\u00bb, 15 Km en semi nocturne. 5 semaines o\u00f9 j&rsquo;ai bien pataug\u00e9 dans la neige, renforc\u00e9 les quadris et r\u00e9alis\u00e9 quelques exercices non n\u00e9gligeables de cardio.<\/p>\n<p>Apr\u00e8s un mois d&rsquo;entrainement sans course ou je retrouvais mon parcours habituel dans le Pilat (\u00e0 raison de 2\/3 s\u00e9ances d&rsquo;1h\/1h30 et une sortie longue de 2h30\/3h le dimanche) \u00a0nous voil\u00e0 le 15 mars et le 1er objectif interm\u00e9diaire: le \u00ab\u00a0Ventoux\u00a0\u00bb et ses 44 Km! Un peu frustr\u00e9 de n&rsquo;avoir pu passer par le sommet du \u00ab\u00a0G\u00e9ant de Provence\u00a0\u00bb, mais ce fut l&rsquo;occasion de prendre beaucoup de plaisir sur une belle course ou j&rsquo;ai encore trouv\u00e9 la neige. Satisfait d&rsquo;avoir enfil\u00e9 les 40 km et les 2500m de D+ sans souci particulier, sans avoir besoin de puiser dans les r\u00e9serves. Une bonne s\u00e9ance de travail compte tenu du type de parcours plut\u00f4t difficile et des conditions de course pas \u00e9videntes.<\/p>\n<p>15 jours apr\u00e8s, je suis au d\u00e9part du \u00ab\u00a0Trail de Saint Jean\u00a0\u00bb. Une course de 23 Km, avec peu de d\u00e9nivel\u00e9, mais qui s&rsquo;annonce roulante et donc rapide. Je ne pensais pas travailler mon endurance \u00e0 vitesse rapide sur ce type d&rsquo;\u00e9preuve mais pourtant cela a \u00e9t\u00e9 le cas! Un bon exercice, plut\u00f4t inhabituel pour moi. C&rsquo;\u00e9tait aussi le but, s&rsquo;aligner sur des courses \u00e0 kilom\u00e9trage \u00ab\u00a0moyen\u00a0\u00bb pour d\u00e9velopper un peu la r\u00e9sistance \u00e0 courir vite longtemps.<\/p>\n<p><a href=\"https:\/\/www.wanarun.net\/blog\/wp-content\/uploads\/2015\/06\/IMG_1664.jpg\"><img loading=\"lazy\" class=\"alignleft size-medium wp-image-45109\" src=\"https:\/\/www.wanarun.net\/blog\/wp-content\/uploads\/2015\/06\/IMG_1664-300x225.jpg\" alt=\"IMG_1664\" width=\"300\" height=\"225\" srcset=\"https:\/\/www.wanarun.net\/blog\/wp-content\/uploads\/2015\/06\/IMG_1664-300x225.jpg 300w, https:\/\/www.wanarun.net\/blog\/wp-content\/uploads\/2015\/06\/IMG_1664-1024x768.jpg 1024w, https:\/\/www.wanarun.net\/blog\/wp-content\/uploads\/2015\/06\/IMG_1664-150x113.jpg 150w, https:\/\/www.wanarun.net\/blog\/wp-content\/uploads\/2015\/06\/IMG_1664-620x465.jpg 620w\" sizes=\"(max-width: 300px) 100vw, 300px\" \/><\/a>3 semaines apr\u00e8s, week end avec les amis \u00e0 Buis les Baronnies, l&rsquo;occasion de participer au trail de La Dr\u00f4me et son 22 Km. Tr\u00e8s belle course, encore dans des conditions m\u00e9t\u00e9o m\u00e9diocres (pluie) et donc un terrain tr\u00e8s boueux. Mais beaucoup de plaisir sur ce parcours dans cette magnifique r\u00e9gion, avec en fond de panorama \u00a0et en souvenir du mois pr\u00e9c\u00e9dent, le Mont Ventoux. Le lendemain en guise de d\u00e9crasage et pour profiter du beau temps revenu, on se fait le 10 Km en mode \u00ab\u00a0marche nordique\u00a0\u00bb.<\/p>\n<p>Un peu de r\u00e9cup avant le 2 \u00e8me objectif interm\u00e9diaire, 15 jours apr\u00e8s, l&rsquo;Ard\u00e9chois et ses 57 Km, le 2 Mai. Apr\u00e8s les 44 km (qui finalement n&rsquo;en furent que 40) du Mont Chauve, l&rsquo;id\u00e9e est de monter la barre pour atteindre les 57 km, tout en restant dans du trail technique avec un bon quota de D+. Autre objectif, devenir enfin finisher de la version 57 km de cette \u00e9preuve que j&rsquo;ai d\u00e9j\u00e0 termin\u00e9 2 fois mais sur le 34. M\u00e9t\u00e9o au top, ciel bleu de cin\u00e9ma et temp\u00e9rature estivale, 9h40 de course pour en terminer. L&rsquo;occasion de reprendre les habitudes du long que ce soit au niveau gestion de la course comme de la logistique (hydratation, alimentation, ) et enfin reprise de l&rsquo;utilisation des b\u00e2tons.<\/p>\n<p><a href=\"https:\/\/www.wanarun.net\/blog\/wp-content\/uploads\/2015\/06\/Frank-et-Th\u00e9o-UBS-2-215x3001.jpg\"><img loading=\"lazy\" class=\"alignleft size-medium wp-image-45113\" src=\"https:\/\/www.wanarun.net\/blog\/wp-content\/uploads\/2015\/06\/Frank-et-Th\u00e9o-UBS-2-215x3001-215x300.jpg\" alt=\"Frank-et-Th\u00e9o-UBS-2-215x300\" width=\"215\" height=\"300\" srcset=\"https:\/\/www.wanarun.net\/blog\/wp-content\/uploads\/2015\/06\/Frank-et-Th\u00e9o-UBS-2-215x3001.jpg 215w, https:\/\/www.wanarun.net\/blog\/wp-content\/uploads\/2015\/06\/Frank-et-Th\u00e9o-UBS-2-215x3001-108x150.jpg 108w\" sizes=\"(max-width: 215px) 100vw, 215px\" \/><\/a>Pas trop le temps de cogiter, car 2 semaines apr\u00e8s, le 16 mai c&rsquo;est l&rsquo;Ultra Boucle de la Sarra. Au d\u00e9part, je me disais que \u00e7a serait un peu anachronique dans ma pr\u00e9paration, mais on ne refuse pas une invitation faite par les amis du Lyon Ultra Run. 6h sur une boucle de 2 Km sur la colline de Fourvi\u00e8re, objectif envisag\u00e9 20 boucles, soit 40 Km, 11200 marches d&rsquo;escaliers et 4 Km de descente \u00e0 30%! Objectif quasiment r\u00e9alis\u00e9 puisque j&rsquo;ai fait 19 tours. Un grand moment de plaisir, partag\u00e9 avec Th\u00e9o sur les 5 premiers tours dans une ambiance tr\u00e8s conviviale. Un gros travail sur la mont\u00e9e, la descente et la r\u00e9sistance pour tenir le rythme sur le plat.<\/p>\n<p>Juste le temps de faire souffler les quadris et les mollets que voil\u00e0 la Maxi-Race (31 mai) et ses 85 Km et 5000m de D+. C&rsquo;est le 3 \u00e8me et dernier objectif avant l&rsquo;UTMB. L&rsquo;id\u00e9e c&rsquo;est de se tester sur une longue distance et donc sur une longue dur\u00e9e de course. C&rsquo;est une \u00e9preuve r\u00e9put\u00e9e difficile, technique avec des barri\u00e8res horaires pointues. Je suis conscient que j&rsquo;ai accumul\u00e9 pas mal de fatigue, notamment ce dernier mois, mais le but n&rsquo;est pas de r\u00e9aliser une perf, ni m\u00eame d&rsquo;aller forc\u00e9ment au bout, mais de voir si avec toute la charge de travail je peux \u00eatre dans le tempo de la course. Ce qui fait que je suis tr\u00e8s satisfait d&rsquo;avoir parcouru 71 Km (85% de la course) et 15h30 de course \u00a0avant d&rsquo;\u00eatre stopp\u00e9 par la derni\u00e8re barri\u00e8re horaire. D&rsquo;autant plus que j&rsquo;ai bien conscience ou sont les 20&prime; qui me manquent et que j&rsquo;ai termin\u00e9 en tr\u00e8s bonne forme (rentr\u00e9 en voiture dans la foul\u00e9e \u00e0 Saint Etienne). Une tr\u00e8s belle journ\u00e9e, avec une m\u00e9t\u00e9o exceptionnelle, des panoramas grandioses, plein de rencontres de connaissances et avec la faune locale (bouquetins). Une tr\u00e8s bonne sortie longue qui fut \u00e9galement l&rsquo;occasion de tester le sac Raidlight Olmo 8L en vue de l&rsquo;UTMB.<\/p>\n<p><a href=\"https:\/\/www.wanarun.net\/blog\/wp-content\/uploads\/2015\/06\/IMG_1826.jpg\"><img loading=\"lazy\" class=\"alignleft size-medium wp-image-45110\" src=\"https:\/\/www.wanarun.net\/blog\/wp-content\/uploads\/2015\/06\/IMG_1826-196x300.jpg\" alt=\"IMG_1826\" width=\"196\" height=\"300\" srcset=\"https:\/\/www.wanarun.net\/blog\/wp-content\/uploads\/2015\/06\/IMG_1826-196x300.jpg 196w, https:\/\/www.wanarun.net\/blog\/wp-content\/uploads\/2015\/06\/IMG_1826-668x1024.jpg 668w, https:\/\/www.wanarun.net\/blog\/wp-content\/uploads\/2015\/06\/IMG_1826-98x150.jpg 98w, https:\/\/www.wanarun.net\/blog\/wp-content\/uploads\/2015\/06\/IMG_1826-404x620.jpg 404w, https:\/\/www.wanarun.net\/blog\/wp-content\/uploads\/2015\/06\/IMG_1826.jpg 1627w\" sizes=\"(max-width: 196px) 100vw, 196px\" \/><\/a>\u00a0Le programme de pr\u00e9paration sp\u00e9cifique devait d\u00e9marrer le week end suivant (6\/7 Juin), mais il \u00e9tait d\u00e9j\u00e0 pr\u00e9vu de longue date que je retrouve des amis pour participer aux 24h de Roche par \u00e9quipe. Nous devions \u00eatre 10 dans l&rsquo;\u00e9quipe, mais finalement nous n&rsquo;\u00e9tions que 8. Pas grave, on fera quelques relais suppl\u00e9mentaires. Dans l&rsquo;id\u00e9e j&rsquo;y allais pour faire quelques tours tranquilles et surtout profiter de l&rsquo;ambiance de ce type d&rsquo;\u00e9preuve (d\u00e9j\u00e0 particip\u00e9 en 2012) et partager de bons moments avec les amis. Mais voil\u00e0, le virus de la comp\u00e9tition, la d\u00e9termination de chacun \u00e0 donner le de soi m\u00eame, les conditions particuli\u00e8res (canicule durant la journ\u00e9e et tornade la nuit) ont fait que cela c&rsquo;est transform\u00e9 en 10 s\u00e9ances de fractionn\u00e9!! D\u00e9part \u00e0 10h le samedi, nous prenons chacun le relais pour 2 tours de 1.7 km, soit environ 16\/17 mn de course et 1h30 de recup entre chaque relais. R\u00e9sultat, Dimanche 10h, 20 tours, soit 34 Km, quasiment tous \u00e0 90% de FCM. Pour mon dernier tour j&rsquo;ai m\u00eame couru \u00e0 17 km\/h (105%de ma <a href=\"\/tableau-calcul-vma\/\"target=\"_top\" title=\"VMA\" >VMA<\/a>). Ce qui devait \u00eatre quelques tours de ballade s&rsquo;est transform\u00e9 en une super s\u00e9ance de fractionn\u00e9 et de travail sur la vitesse.<\/p>\n<p>&nbsp;<\/p>\n<p>Depuis dimanche, je\u00a0me repose et je viens de terminer une semaine compl\u00e8te de \u00ab\u00a0No Sport\u00a0\u00bb. Pour me remettre dans le bain, ce soir c&rsquo;est \u00ab\u00a0La trag\u00e9die du dossard 512 de Yohann M\u00e9tay\u00a0\u00bb et demain retour sur les chemin du Pilat pour rentrer dans les 11 semaines de pr\u00e9paration sp\u00e9cifique \u00e0 l&rsquo;UTMB \ud83d\ude42<\/p>\n<p>Bilan: 11 \u00e9preuves, 337 Km, satisfaisant car je sors sans blessure et avec le sentiment d&rsquo;avoir bien travaill\u00e9 tous les points qui me semble important pour l&rsquo;UTMB. D\u00e9sormais, plus de course, ni de dossard, toute la pr\u00e9paration de ces 11 semaines va consister \u00e0 m&rsquo;amener dans les meilleures conditions physiques et mentales le vendredi 28 Aout \u00e0 18h00 \u00e0 Chamonix. En 2012, le TGV (1er Juillet) et l&rsquo;Oriente (Corse) d\u00e9but Aout m&rsquo;avait \u00e0 la fois marqu\u00e9 physiquement \u00a0(blessure au TGV qui m&rsquo;avait envoy\u00e9 aux urgences) et mentalement et j&rsquo;\u00e9tais arriv\u00e9 us\u00e9 \u00e0 Chamonix. On dit que l&rsquo;exp\u00e9rience paye&#8230;:-)<\/p>\n<p>Ultra Salutations.<\/p>\n<p><a href=\"https:\/\/www.wanarun.net\/blog\/wp-content\/uploads\/2015\/06\/DSC_0932-200x300.jpg\"><img loading=\"lazy\" class=\"alignleft size-medium wp-image-45115\" src=\"https:\/\/www.wanarun.net\/blog\/wp-content\/uploads\/2015\/06\/DSC_0932-200x300-200x300.jpg\" alt=\"DSC_0932-200x300\" width=\"200\" height=\"300\" srcset=\"https:\/\/www.wanarun.net\/blog\/wp-content\/uploads\/2015\/06\/DSC_0932-200x300.jpg 200w, https:\/\/www.wanarun.net\/blog\/wp-content\/uploads\/2015\/06\/DSC_0932-200x300-100x150.jpg 100w\" sizes=\"(max-width: 200px) 100vw, 200px\" \/><\/a><\/p>\n<p>&nbsp;<\/p>\n<p>\u00ab\u00a0Faire les choses avec le s\u00e9rieux d&rsquo;un enfant qui joue\u00a0\u00bb (JL.Aubert)<\/p>\n<p>&nbsp;<\/p>\n<p>&nbsp;<\/p>\n<p>&nbsp;<\/p>\n<p>&nbsp;<\/p>\n<p>&nbsp;<\/p>\n<p>&nbsp;<\/p>\n<p>&nbsp;<\/p>\n<p>&nbsp;<\/p>\n<p>&nbsp;<\/p>\n<p>&nbsp;<\/p>\n<p>&nbsp;<\/p>\n","protected":false},"excerpt":{"rendered":"<a href=\"https:\/\/www.wanarun.net\/blog\/chronique-du-mont-blanc-6-5-mois-de-preparation-generale-45107.html\"><img width=\"150\" height=\"150\" src=\"https:\/\/www.wanarun.net\/blog\/wp-content\/uploads\/2015\/06\/IMG_1664-150x150.jpg\" class=\"alignleft tfe wp-post-image\" alt=\"\" loading=\"lazy\" srcset=\"https:\/\/www.wanarun.net\/blog\/wp-content\/uploads\/2015\/06\/IMG_1664-150x150.jpg 150w, https:\/\/www.wanarun.net\/blog\/wp-content\/uploads\/2015\/06\/IMG_1664-100x100.jpg 100w\" sizes=\"(max-width: 150px) 100vw, 150px\" \/><\/a><p>Les 24h de Roche et La Maxi Race concluaient mes 5 mois de pr\u00e9paration g\u00e9n\u00e9rale \u00e0 l&rsquo;UTMB avant d&rsquo;entamer 11 semaines sp\u00e9cifiques. Le principe que j&rsquo;avais choisi \u00e9tait de participer \u00e0 un assez grand nombre d&rsquo;\u00e9preuves qui venaient en remplacement des sorties longues. L&rsquo;id\u00e9e g\u00e9n\u00e9rale \u00e9tant de changer les types de terrain, d&rsquo;\u00e9viter la monotonie [&hellip;]<\/p>\n","protected":false},"author":32,"featured_media":45109,"comment_status":"open","ping_status":"open","sticky":false,"template":"","format":"standard","meta":[],"categories":[7],"tags":[],"yoast_head":"<!-- This site is optimized with the Yoast SEO plugin v18.9 - https:\/\/yoast.com\/wordpress\/plugins\/seo\/ -->\n<title>Chronique du Mont Blanc 6: 5 mois de pr\u00e9paration g\u00e9n\u00e9rale<\/title>\n<meta name=\"description\" content=\"Les 24h de Roche et La Maxi Race concluaient mes 5 mois de pr\u00e9paration g\u00e9n\u00e9rale \u00e0 l&#039;UTMB avant d&#039;entamer 11 semaines sp\u00e9cifiques. Le principe que j&#039;avais\" \/>\n<meta name=\"robots\" content=\"index, follow, max-snippet:-1, max-image-preview:large, max-video-preview:-1\" \/>\n<link rel=\"canonical\" href=\"https:\/\/www.wanarun.net\/blog\/chronique-du-mont-blanc-6-5-mois-de-preparation-generale-45107.html\" \/>\n<meta property=\"og:locale\" content=\"fr_FR\" \/>\n<meta property=\"og:type\" content=\"article\" \/>\n<meta property=\"og:title\" content=\"Chronique du Mont Blanc 6: 5 mois de pr\u00e9paration g\u00e9n\u00e9rale\" \/>\n<meta property=\"og:description\" content=\"Les 24h de Roche et La Maxi Race concluaient mes 5 mois de pr\u00e9paration g\u00e9n\u00e9rale \u00e0 l&#039;UTMB avant d&#039;entamer 11 semaines sp\u00e9cifiques. Le principe que j&#039;avais\" \/>\n<meta property=\"og:url\" content=\"https:\/\/www.wanarun.net\/blog\/chronique-du-mont-blanc-6-5-mois-de-preparation-generale-45107.html\" \/>\n<meta property=\"og:site_name\" content=\"Wanarun, le blog du running, du trail et de la course \u00e0 pied\" \/>\n<meta property=\"article:publisher\" content=\"https:\/\/www.facebook.com\/wanarun\/\" \/>\n<meta property=\"article:published_time\" content=\"2015-06-17T19:19:29+00:00\" \/>\n<meta property=\"article:modified_time\" content=\"2019-10-28T17:05:06+00:00\" \/>\n<meta property=\"og:image\" content=\"https:\/\/www.wanarun.net\/blog\/wp-content\/uploads\/2015\/06\/IMG_1664-1024x768.jpg\" \/>\n\t<meta property=\"og:image:width\" content=\"1024\" \/>\n\t<meta property=\"og:image:height\" content=\"768\" \/>\n\t<meta property=\"og:image:type\" content=\"image\/jpeg\" \/>\n<meta name=\"twitter:label1\" content=\"\u00c9crit par\" \/>\n\t<meta name=\"twitter:data1\" content=\"frank\" \/>\n\t<meta name=\"twitter:label2\" content=\"Dur\u00e9e de lecture estim\u00e9e\" \/>\n\t<meta name=\"twitter:data2\" content=\"7 minutes\" \/>\n<script type=\"application\/ld+json\" class=\"yoast-schema-graph\">{\"@context\":\"https:\/\/schema.org\",\"@graph\":[{\"@type\":\"Organization\",\"@id\":\"https:\/\/www.wanarun.net\/blog\/#organization\",\"name\":\"Wanarun\",\"url\":\"https:\/\/www.wanarun.net\/blog\/\",\"sameAs\":[\"https:\/\/www.instagram.com\/wanarunnet\/\",\"https:\/\/www.youtube.com\/user\/wanarunnet\",\"https:\/\/www.facebook.com\/wanarun\/\",\"https:\/\/twitter.com\/wanarun\"],\"logo\":{\"@type\":\"ImageObject\",\"inLanguage\":\"fr-FR\",\"@id\":\"https:\/\/www.wanarun.net\/blog\/#\/schema\/logo\/image\/\",\"url\":\"https:\/\/www.wanarun.net\/blog\/wp-content\/uploads\/2018\/03\/logo-wanarun.jpg\",\"contentUrl\":\"https:\/\/www.wanarun.net\/blog\/wp-content\/uploads\/2018\/03\/logo-wanarun.jpg\",\"width\":1196,\"height\":1082,\"caption\":\"Wanarun\"},\"image\":{\"@id\":\"https:\/\/www.wanarun.net\/blog\/#\/schema\/logo\/image\/\"}},{\"@type\":\"WebSite\",\"@id\":\"https:\/\/www.wanarun.net\/blog\/#website\",\"url\":\"https:\/\/www.wanarun.net\/blog\/\",\"name\":\"Wanarun, le blog du running, du trail et de la course \u00e0 pied\",\"description\":\"Informations, remarques, avis, conseils sur la course \u00e0 pied.\",\"publisher\":{\"@id\":\"https:\/\/www.wanarun.net\/blog\/#organization\"},\"potentialAction\":[{\"@type\":\"SearchAction\",\"target\":{\"@type\":\"EntryPoint\",\"urlTemplate\":\"https:\/\/www.wanarun.net\/blog\/?s={search_term_string}\"},\"query-input\":\"required name=search_term_string\"}],\"inLanguage\":\"fr-FR\"},{\"@type\":\"ImageObject\",\"inLanguage\":\"fr-FR\",\"@id\":\"https:\/\/www.wanarun.net\/blog\/chronique-du-mont-blanc-6-5-mois-de-preparation-generale-45107.html#primaryimage\",\"url\":\"https:\/\/www.wanarun.net\/blog\/wp-content\/uploads\/2015\/06\/IMG_1664.jpg\",\"contentUrl\":\"https:\/\/www.wanarun.net\/blog\/wp-content\/uploads\/2015\/06\/IMG_1664.jpg\",\"width\":3264,\"height\":2448},{\"@type\":\"WebPage\",\"@id\":\"https:\/\/www.wanarun.net\/blog\/chronique-du-mont-blanc-6-5-mois-de-preparation-generale-45107.html#webpage\",\"url\":\"https:\/\/www.wanarun.net\/blog\/chronique-du-mont-blanc-6-5-mois-de-preparation-generale-45107.html\",\"name\":\"Chronique du Mont Blanc 6: 5 mois de pr\u00e9paration g\u00e9n\u00e9rale\",\"isPartOf\":{\"@id\":\"https:\/\/www.wanarun.net\/blog\/#website\"},\"primaryImageOfPage\":{\"@id\":\"https:\/\/www.wanarun.net\/blog\/chronique-du-mont-blanc-6-5-mois-de-preparation-generale-45107.html#primaryimage\"},\"datePublished\":\"2015-06-17T19:19:29+00:00\",\"dateModified\":\"2019-10-28T17:05:06+00:00\",\"description\":\"Les 24h de Roche et La Maxi Race concluaient mes 5 mois de pr\u00e9paration g\u00e9n\u00e9rale \u00e0 l'UTMB avant d'entamer 11 semaines sp\u00e9cifiques. Le principe que j'avais\",\"breadcrumb\":{\"@id\":\"https:\/\/www.wanarun.net\/blog\/chronique-du-mont-blanc-6-5-mois-de-preparation-generale-45107.html#breadcrumb\"},\"inLanguage\":\"fr-FR\",\"potentialAction\":[{\"@type\":\"ReadAction\",\"target\":[\"https:\/\/www.wanarun.net\/blog\/chronique-du-mont-blanc-6-5-mois-de-preparation-generale-45107.html\"]}]},{\"@type\":\"BreadcrumbList\",\"@id\":\"https:\/\/www.wanarun.net\/blog\/chronique-du-mont-blanc-6-5-mois-de-preparation-generale-45107.html#breadcrumb\",\"itemListElement\":[{\"@type\":\"ListItem\",\"position\":1,\"name\":\"Chronique du Mont Blanc 6: 5 mois de pr\u00e9paration g\u00e9n\u00e9rale\"}]},{\"@type\":\"Article\",\"@id\":\"https:\/\/www.wanarun.net\/blog\/chronique-du-mont-blanc-6-5-mois-de-preparation-generale-45107.html#article\",\"isPartOf\":{\"@id\":\"https:\/\/www.wanarun.net\/blog\/chronique-du-mont-blanc-6-5-mois-de-preparation-generale-45107.html#webpage\"},\"author\":{\"@id\":\"https:\/\/www.wanarun.net\/blog\/#\/schema\/person\/6e17f3439587cb3d76c98bf3cc66adff\"},\"headline\":\"Chronique du Mont Blanc 6: 5 mois de pr\u00e9paration g\u00e9n\u00e9rale\",\"datePublished\":\"2015-06-17T19:19:29+00:00\",\"dateModified\":\"2019-10-28T17:05:06+00:00\",\"mainEntityOfPage\":{\"@id\":\"https:\/\/www.wanarun.net\/blog\/chronique-du-mont-blanc-6-5-mois-de-preparation-generale-45107.html#webpage\"},\"wordCount\":1370,\"commentCount\":0,\"publisher\":{\"@id\":\"https:\/\/www.wanarun.net\/blog\/#organization\"},\"image\":{\"@id\":\"https:\/\/www.wanarun.net\/blog\/chronique-du-mont-blanc-6-5-mois-de-preparation-generale-45107.html#primaryimage\"},\"thumbnailUrl\":\"https:\/\/www.wanarun.net\/blog\/wp-content\/uploads\/2015\/06\/IMG_1664.jpg\",\"articleSection\":[\"Course\"],\"inLanguage\":\"fr-FR\",\"potentialAction\":[{\"@type\":\"CommentAction\",\"name\":\"Comment\",\"target\":[\"https:\/\/www.wanarun.net\/blog\/chronique-du-mont-blanc-6-5-mois-de-preparation-generale-45107.html#respond\"]}]},{\"@type\":\"Person\",\"@id\":\"https:\/\/www.wanarun.net\/blog\/#\/schema\/person\/6e17f3439587cb3d76c98bf3cc66adff\",\"name\":\"frank\",\"image\":{\"@type\":\"ImageObject\",\"inLanguage\":\"fr-FR\",\"@id\":\"https:\/\/www.wanarun.net\/blog\/#\/schema\/person\/image\/\",\"url\":\"https:\/\/secure.gravatar.com\/avatar\/4601bdb0671f481a105f991aaaf9c88f?s=96&d=mm&r=g\",\"contentUrl\":\"https:\/\/secure.gravatar.com\/avatar\/4601bdb0671f481a105f991aaaf9c88f?s=96&d=mm&r=g\",\"caption\":\"frank\"},\"url\":\"https:\/\/www.wanarun.net\/blog\/author\/frank\"}]}<\/script>\n<!-- \/ Yoast SEO plugin. -->","yoast_head_json":{"title":"Chronique du Mont Blanc 6: 5 mois de pr\u00e9paration g\u00e9n\u00e9rale","description":"Les 24h de Roche et La Maxi Race concluaient mes 5 mois de pr\u00e9paration g\u00e9n\u00e9rale \u00e0 l'UTMB avant d'entamer 11 semaines sp\u00e9cifiques. Le principe que j'avais","robots":{"index":"index","follow":"follow","max-snippet":"max-snippet:-1","max-image-preview":"max-image-preview:large","max-video-preview":"max-video-preview:-1"},"canonical":"https:\/\/www.wanarun.net\/blog\/chronique-du-mont-blanc-6-5-mois-de-preparation-generale-45107.html","og_locale":"fr_FR","og_type":"article","og_title":"Chronique du Mont Blanc 6: 5 mois de pr\u00e9paration g\u00e9n\u00e9rale","og_description":"Les 24h de Roche et La Maxi Race concluaient mes 5 mois de pr\u00e9paration g\u00e9n\u00e9rale \u00e0 l'UTMB avant d'entamer 11 semaines sp\u00e9cifiques. Le principe que j'avais","og_url":"https:\/\/www.wanarun.net\/blog\/chronique-du-mont-blanc-6-5-mois-de-preparation-generale-45107.html","og_site_name":"Wanarun, le blog du running, du trail et de la course \u00e0 pied","article_publisher":"https:\/\/www.facebook.com\/wanarun\/","article_published_time":"2015-06-17T19:19:29+00:00","article_modified_time":"2019-10-28T17:05:06+00:00","og_image":[{"width":1024,"height":768,"url":"https:\/\/www.wanarun.net\/blog\/wp-content\/uploads\/2015\/06\/IMG_1664-1024x768.jpg","type":"image\/jpeg"}],"twitter_misc":{"\u00c9crit par":"frank","Dur\u00e9e de lecture estim\u00e9e":"7 minutes"},"schema":{"@context":"https:\/\/schema.org","@graph":[{"@type":"Organization","@id":"https:\/\/www.wanarun.net\/blog\/#organization","name":"Wanarun","url":"https:\/\/www.wanarun.net\/blog\/","sameAs":["https:\/\/www.instagram.com\/wanarunnet\/","https:\/\/www.youtube.com\/user\/wanarunnet","https:\/\/www.facebook.com\/wanarun\/","https:\/\/twitter.com\/wanarun"],"logo":{"@type":"ImageObject","inLanguage":"fr-FR","@id":"https:\/\/www.wanarun.net\/blog\/#\/schema\/logo\/image\/","url":"https:\/\/www.wanarun.net\/blog\/wp-content\/uploads\/2018\/03\/logo-wanarun.jpg","contentUrl":"https:\/\/www.wanarun.net\/blog\/wp-content\/uploads\/2018\/03\/logo-wanarun.jpg","width":1196,"height":1082,"caption":"Wanarun"},"image":{"@id":"https:\/\/www.wanarun.net\/blog\/#\/schema\/logo\/image\/"}},{"@type":"WebSite","@id":"https:\/\/www.wanarun.net\/blog\/#website","url":"https:\/\/www.wanarun.net\/blog\/","name":"Wanarun, le blog du running, du trail et de la course \u00e0 pied","description":"Informations, remarques, avis, conseils sur la course \u00e0 pied.","publisher":{"@id":"https:\/\/www.wanarun.net\/blog\/#organization"},"potentialAction":[{"@type":"SearchAction","target":{"@type":"EntryPoint","urlTemplate":"https:\/\/www.wanarun.net\/blog\/?s={search_term_string}"},"query-input":"required name=search_term_string"}],"inLanguage":"fr-FR"},{"@type":"ImageObject","inLanguage":"fr-FR","@id":"https:\/\/www.wanarun.net\/blog\/chronique-du-mont-blanc-6-5-mois-de-preparation-generale-45107.html#primaryimage","url":"https:\/\/www.wanarun.net\/blog\/wp-content\/uploads\/2015\/06\/IMG_1664.jpg","contentUrl":"https:\/\/www.wanarun.net\/blog\/wp-content\/uploads\/2015\/06\/IMG_1664.jpg","width":3264,"height":2448},{"@type":"WebPage","@id":"https:\/\/www.wanarun.net\/blog\/chronique-du-mont-blanc-6-5-mois-de-preparation-generale-45107.html#webpage","url":"https:\/\/www.wanarun.net\/blog\/chronique-du-mont-blanc-6-5-mois-de-preparation-generale-45107.html","name":"Chronique du Mont Blanc 6: 5 mois de pr\u00e9paration g\u00e9n\u00e9rale","isPartOf":{"@id":"https:\/\/www.wanarun.net\/blog\/#website"},"primaryImageOfPage":{"@id":"https:\/\/www.wanarun.net\/blog\/chronique-du-mont-blanc-6-5-mois-de-preparation-generale-45107.html#primaryimage"},"datePublished":"2015-06-17T19:19:29+00:00","dateModified":"2019-10-28T17:05:06+00:00","description":"Les 24h de Roche et La Maxi Race concluaient mes 5 mois de pr\u00e9paration g\u00e9n\u00e9rale \u00e0 l'UTMB avant d'entamer 11 semaines sp\u00e9cifiques. Le principe que j'avais","breadcrumb":{"@id":"https:\/\/www.wanarun.net\/blog\/chronique-du-mont-blanc-6-5-mois-de-preparation-generale-45107.html#breadcrumb"},"inLanguage":"fr-FR","potentialAction":[{"@type":"ReadAction","target":["https:\/\/www.wanarun.net\/blog\/chronique-du-mont-blanc-6-5-mois-de-preparation-generale-45107.html"]}]},{"@type":"BreadcrumbList","@id":"https:\/\/www.wanarun.net\/blog\/chronique-du-mont-blanc-6-5-mois-de-preparation-generale-45107.html#breadcrumb","itemListElement":[{"@type":"ListItem","position":1,"name":"Chronique du Mont Blanc 6: 5 mois de pr\u00e9paration g\u00e9n\u00e9rale"}]},{"@type":"Article","@id":"https:\/\/www.wanarun.net\/blog\/chronique-du-mont-blanc-6-5-mois-de-preparation-generale-45107.html#article","isPartOf":{"@id":"https:\/\/www.wanarun.net\/blog\/chronique-du-mont-blanc-6-5-mois-de-preparation-generale-45107.html#webpage"},"author":{"@id":"https:\/\/www.wanarun.net\/blog\/#\/schema\/person\/6e17f3439587cb3d76c98bf3cc66adff"},"headline":"Chronique du Mont Blanc 6: 5 mois de pr\u00e9paration g\u00e9n\u00e9rale","datePublished":"2015-06-17T19:19:29+00:00","dateModified":"2019-10-28T17:05:06+00:00","mainEntityOfPage":{"@id":"https:\/\/www.wanarun.net\/blog\/chronique-du-mont-blanc-6-5-mois-de-preparation-generale-45107.html#webpage"},"wordCount":1370,"commentCount":0,"publisher":{"@id":"https:\/\/www.wanarun.net\/blog\/#organization"},"image":{"@id":"https:\/\/www.wanarun.net\/blog\/chronique-du-mont-blanc-6-5-mois-de-preparation-generale-45107.html#primaryimage"},"thumbnailUrl":"https:\/\/www.wanarun.net\/blog\/wp-content\/uploads\/2015\/06\/IMG_1664.jpg","articleSection":["Course"],"inLanguage":"fr-FR","potentialAction":[{"@type":"CommentAction","name":"Comment","target":["https:\/\/www.wanarun.net\/blog\/chronique-du-mont-blanc-6-5-mois-de-preparation-generale-45107.html#respond"]}]},{"@type":"Person","@id":"https:\/\/www.wanarun.net\/blog\/#\/schema\/person\/6e17f3439587cb3d76c98bf3cc66adff","name":"frank","image":{"@type":"ImageObject","inLanguage":"fr-FR","@id":"https:\/\/www.wanarun.net\/blog\/#\/schema\/person\/image\/","url":"https:\/\/secure.gravatar.com\/avatar\/4601bdb0671f481a105f991aaaf9c88f?s=96&d=mm&r=g","contentUrl":"https:\/\/secure.gravatar.com\/avatar\/4601bdb0671f481a105f991aaaf9c88f?s=96&d=mm&r=g","caption":"frank"},"url":"https:\/\/www.wanarun.net\/blog\/author\/frank"}]}},"_links":{"self":[{"href":"https:\/\/www.wanarun.net\/blog\/wp-json\/wp\/v2\/posts\/45107"}],"collection":[{"href":"https:\/\/www.wanarun.net\/blog\/wp-json\/wp\/v2\/posts"}],"about":[{"href":"https:\/\/www.wanarun.net\/blog\/wp-json\/wp\/v2\/types\/post"}],"author":[{"embeddable":true,"href":"https:\/\/www.wanarun.net\/blog\/wp-json\/wp\/v2\/users\/32"}],"replies":[{"embeddable":true,"href":"https:\/\/www.wanarun.net\/blog\/wp-json\/wp\/v2\/comments?post=45107"}],"version-history":[{"count":11,"href":"https:\/\/www.wanarun.net\/blog\/wp-json\/wp\/v2\/posts\/45107\/revisions"}],"predecessor-version":[{"id":45160,"href":"https:\/\/www.wanarun.net\/blog\/wp-json\/wp\/v2\/posts\/45107\/revisions\/45160"}],"wp:featuredmedia":[{"embeddable":true,"href":"https:\/\/www.wanarun.net\/blog\/wp-json\/wp\/v2\/media\/45109"}],"wp:attachment":[{"href":"https:\/\/www.wanarun.net\/blog\/wp-json\/wp\/v2\/media?parent=45107"}],"wp:term":[{"taxonomy":"category","embeddable":true,"href":"https:\/\/www.wanarun.net\/blog\/wp-json\/wp\/v2\/categories?post=45107"},{"taxonomy":"post_tag","embeddable":true,"href":"https:\/\/www.wanarun.net\/blog\/wp-json\/wp\/v2\/tags?post=45107"}],"curies":[{"name":"wp","href":"https:\/\/api.w.org\/{rel}","templated":true}]}}