{"id":4308,"date":"2010-03-08T05:00:40","date_gmt":"2010-03-08T04:00:40","guid":{"rendered":"http:\/\/www.wanarun.net\/blog\/?p=4308"},"modified":"2010-03-08T14:22:14","modified_gmt":"2010-03-08T13:22:14","slug":"semi-de-paris-les-excuses-damaury-sport-organisation","status":"publish","type":"post","link":"https:\/\/www.wanarun.net\/blog\/semi-de-paris-les-excuses-damaury-sport-organisation-4308.html","title":{"rendered":"Semi de Paris &#8211; Les excuses d&rsquo;Amaury Sport Organisation"},"content":{"rendered":"<p>Le communiqu\u00e9 d&rsquo;ASO sur le site web de la course : http:\/\/www.semideparis.com\/2010\/fr\/excuses.html<\/p>\n<p>\u00ab\u00a0A toutes et \u00e0 tous,<\/p>\n<p>A l\u2019occasion de cette 18<sup>\u00e8me<\/sup> \u00e9dition du Semi-Marathon de Paris, confront\u00e9s \u00e0 des modifications de parcours importantes en raison des travaux de tramway, nous avons souhait\u00e9 reconfigurer les zones d\u00e9part et arriv\u00e9e.<\/p>\n<p>Pour ce qui concerne le d\u00e9part, et r\u00e9pondant en cela aux souhaits de nombreux coureurs, nous avons organis\u00e9 cette zone en permettant l\u2019entr\u00e9e sur la gauche et la droite des sas, ce qui a \u00e9t\u00e9 de nature \u00e0 en faciliter grandement l\u2019acc\u00e8s.<br \/>\nCette reconfiguration du d\u00e9part a eu pour cons\u00e9quence de modifier tr\u00e8s sensiblement la zone arriv\u00e9e.<\/p>\n<p>Nous avons malheureusement sous-estim\u00e9 les flux, compte tenu de la largeur de la voie.<br \/>\nLa r\u00e9cup\u00e9ration des puces de chronom\u00e9trage comme la distribution des m\u00e9dailles n\u2019ont pu s\u2019effectuer correctement pour les coureurs dont les temps d\u2019arriv\u00e9e s\u2019\u00e9chelonnent entre 1h50 et 2h20 environs.<br \/>\nNous sommes conscients que ceci est de notre enti\u00e8re responsabilit\u00e9 et vous prions de bien vouloir accepter nos excuses pour ce d\u00e9sagr\u00e9ment.<\/p>\n<p>D\u00e8s aujourd\u2019hui, nous avons analys\u00e9 cette anomalie en terme d\u2019organisation et nous prendrons rapidement les d\u00e9cisions qui s\u2019imposent afin d\u2019\u00e9viter qu\u2019une telle situation se reproduise \u00e0 l\u2019avenir.<\/p>\n<p>Hormis ce probl\u00e8me qui certes n\u2019est pas n\u00e9gligeable, nous pensons que cette 18<sup>\u00e8me<\/sup> \u00e9dition s\u2019est d\u00e9roul\u00e9e dans de bonnes conditions et nous vous remercions par avance de nous donner votre sentiment sur le questionnaire en ligne qui concerne la totalit\u00e9 des points de l\u2019organisation.<\/p>\n<p>Dans cette attente, l\u2019ensemble du comit\u00e9 d\u2019organisation vous prie d\u2019accepter l\u2019assurance de ses sentiments d\u00e9vou\u00e9s.\u00a0\u00bb<\/p>\n<p>Commentaire : c&rsquo;est d\u00e9j\u00e0 un premier pas de pr\u00e9senter des excuses. Le second serait de rembourser une partie des frais d&rsquo;inscription aux \u00ab\u00a0victimes\u00a0\u00bb, pour faire un geste.<\/p>\n<p>Si vous voulez faire conna\u00eetre votre m\u00e9contentement : <a href=\"mailto:semideparis@aso.fr\">semideparis@aso.fr<\/a><\/p>\n","protected":false},"excerpt":{"rendered":"<a href=\"https:\/\/www.wanarun.net\/blog\/semi-de-paris-les-excuses-damaury-sport-organisation-4308.html\"><img width=\"150\" src=\"\" class=\"alignleft wp-post-image tfe\" alt=\"\" title=\"\" \/><\/a><p>Le communiqu\u00e9 d&rsquo;ASO sur le site web de la course : http:\/\/www.semideparis.com\/2010\/fr\/excuses.html \u00ab\u00a0A toutes et \u00e0 tous, A l\u2019occasion de cette 18\u00e8me \u00e9dition du Semi-Marathon de Paris, confront\u00e9s \u00e0 des modifications de parcours importantes en raison des travaux de tramway, nous avons souhait\u00e9 reconfigurer les zones d\u00e9part et arriv\u00e9e. Pour ce qui concerne le d\u00e9part, [&hellip;]<\/p>\n","protected":false},"author":21,"featured_media":0,"comment_status":"open","ping_status":"open","sticky":false,"template":"","format":"standard","meta":[],"categories":[7],"tags":[334,540,539,543,145,32,9876,541,542],"yoast_head":"<!-- This site is optimized with the Yoast SEO plugin v18.9 - https:\/\/yoast.com\/wordpress\/plugins\/seo\/ -->\n<title>Semi de Paris - Les excuses d&#039;Amaury Sport Organisation<\/title>\n<meta name=\"description\" content=\"Le communiqu\u00e9 d&#039;ASO sur le site web de la course : http:\/\/www.semideparis.com\/2010\/fr\/excuses.html &quot;A toutes et \u00e0 tous, A l\u2019occasion de cette 18\u00e8me\" \/>\n<meta name=\"robots\" content=\"index, follow, max-snippet:-1, max-image-preview:large, max-video-preview:-1\" \/>\n<link rel=\"canonical\" href=\"https:\/\/www.wanarun.net\/blog\/semi-de-paris-les-excuses-damaury-sport-organisation-4308.html\" \/>\n<meta property=\"og:locale\" content=\"fr_FR\" \/>\n<meta property=\"og:type\" content=\"article\" \/>\n<meta property=\"og:title\" content=\"Semi de Paris - Les excuses d&#039;Amaury Sport Organisation\" \/>\n<meta property=\"og:description\" content=\"Le communiqu\u00e9 d&#039;ASO sur le site web de la course : http:\/\/www.semideparis.com\/2010\/fr\/excuses.html &quot;A toutes et \u00e0 tous, A l\u2019occasion de cette 18\u00e8me\" \/>\n<meta property=\"og:url\" content=\"https:\/\/www.wanarun.net\/blog\/semi-de-paris-les-excuses-damaury-sport-organisation-4308.html\" \/>\n<meta property=\"og:site_name\" content=\"Wanarun, le blog du running, du trail et de la course \u00e0 pied\" \/>\n<meta property=\"article:publisher\" content=\"https:\/\/www.facebook.com\/wanarun\/\" \/>\n<meta property=\"article:published_time\" content=\"2010-03-08T04:00:40+00:00\" \/>\n<meta property=\"article:modified_time\" content=\"2010-03-08T13:22:14+00:00\" \/>\n<meta name=\"twitter:label1\" content=\"\u00c9crit par\" \/>\n\t<meta name=\"twitter:data1\" content=\"fredbros\" \/>\n\t<meta name=\"twitter:label2\" content=\"Dur\u00e9e de lecture estim\u00e9e\" \/>\n\t<meta name=\"twitter:data2\" content=\"2 minutes\" \/>\n<script type=\"application\/ld+json\" class=\"yoast-schema-graph\">{\"@context\":\"https:\/\/schema.org\",\"@graph\":[{\"@type\":\"Organization\",\"@id\":\"https:\/\/www.wanarun.net\/blog\/#organization\",\"name\":\"Wanarun\",\"url\":\"https:\/\/www.wanarun.net\/blog\/\",\"sameAs\":[\"https:\/\/www.instagram.com\/wanarunnet\/\",\"https:\/\/www.youtube.com\/user\/wanarunnet\",\"https:\/\/www.facebook.com\/wanarun\/\",\"https:\/\/twitter.com\/wanarun\"],\"logo\":{\"@type\":\"ImageObject\",\"inLanguage\":\"fr-FR\",\"@id\":\"https:\/\/www.wanarun.net\/blog\/#\/schema\/logo\/image\/\",\"url\":\"https:\/\/www.wanarun.net\/blog\/wp-content\/uploads\/2018\/03\/logo-wanarun.jpg\",\"contentUrl\":\"https:\/\/www.wanarun.net\/blog\/wp-content\/uploads\/2018\/03\/logo-wanarun.jpg\",\"width\":1196,\"height\":1082,\"caption\":\"Wanarun\"},\"image\":{\"@id\":\"https:\/\/www.wanarun.net\/blog\/#\/schema\/logo\/image\/\"}},{\"@type\":\"WebSite\",\"@id\":\"https:\/\/www.wanarun.net\/blog\/#website\",\"url\":\"https:\/\/www.wanarun.net\/blog\/\",\"name\":\"Wanarun, le blog du running, du trail et de la course \u00e0 pied\",\"description\":\"Informations, remarques, avis, conseils sur la course \u00e0 pied.\",\"publisher\":{\"@id\":\"https:\/\/www.wanarun.net\/blog\/#organization\"},\"potentialAction\":[{\"@type\":\"SearchAction\",\"target\":{\"@type\":\"EntryPoint\",\"urlTemplate\":\"https:\/\/www.wanarun.net\/blog\/?s={search_term_string}\"},\"query-input\":\"required name=search_term_string\"}],\"inLanguage\":\"fr-FR\"},{\"@type\":\"WebPage\",\"@id\":\"https:\/\/www.wanarun.net\/blog\/semi-de-paris-les-excuses-damaury-sport-organisation-4308.html#webpage\",\"url\":\"https:\/\/www.wanarun.net\/blog\/semi-de-paris-les-excuses-damaury-sport-organisation-4308.html\",\"name\":\"Semi de Paris - Les excuses d'Amaury Sport Organisation\",\"isPartOf\":{\"@id\":\"https:\/\/www.wanarun.net\/blog\/#website\"},\"datePublished\":\"2010-03-08T04:00:40+00:00\",\"dateModified\":\"2010-03-08T13:22:14+00:00\",\"description\":\"Le communiqu\u00e9 d'ASO sur le site web de la course : http:\/\/www.semideparis.com\/2010\/fr\/excuses.html \\\"A toutes et \u00e0 tous, A l\u2019occasion de cette 18\u00e8me\",\"breadcrumb\":{\"@id\":\"https:\/\/www.wanarun.net\/blog\/semi-de-paris-les-excuses-damaury-sport-organisation-4308.html#breadcrumb\"},\"inLanguage\":\"fr-FR\",\"potentialAction\":[{\"@type\":\"ReadAction\",\"target\":[\"https:\/\/www.wanarun.net\/blog\/semi-de-paris-les-excuses-damaury-sport-organisation-4308.html\"]}]},{\"@type\":\"BreadcrumbList\",\"@id\":\"https:\/\/www.wanarun.net\/blog\/semi-de-paris-les-excuses-damaury-sport-organisation-4308.html#breadcrumb\",\"itemListElement\":[{\"@type\":\"ListItem\",\"position\":1,\"name\":\"Semi de Paris &#8211; Les excuses d&rsquo;Amaury Sport Organisation\"}]},{\"@type\":\"Article\",\"@id\":\"https:\/\/www.wanarun.net\/blog\/semi-de-paris-les-excuses-damaury-sport-organisation-4308.html#article\",\"isPartOf\":{\"@id\":\"https:\/\/www.wanarun.net\/blog\/semi-de-paris-les-excuses-damaury-sport-organisation-4308.html#webpage\"},\"author\":{\"@id\":\"https:\/\/www.wanarun.net\/blog\/#\/schema\/person\/1f6463621f44a2b66c33ff32ccdab3e8\"},\"headline\":\"Semi de Paris &#8211; Les excuses d&rsquo;Amaury Sport Organisation\",\"datePublished\":\"2010-03-08T04:00:40+00:00\",\"dateModified\":\"2010-03-08T13:22:14+00:00\",\"mainEntityOfPage\":{\"@id\":\"https:\/\/www.wanarun.net\/blog\/semi-de-paris-les-excuses-damaury-sport-organisation-4308.html#webpage\"},\"wordCount\":353,\"commentCount\":13,\"publisher\":{\"@id\":\"https:\/\/www.wanarun.net\/blog\/#organization\"},\"keywords\":[\"2010\",\"amaury sport organisation\",\"ASO\",\"b\u00e9n\u00e9vole\",\"classement\",\"Paris\",\"R\u00e9sultats\",\"semi de paris\",\"Semi Marathon de Paris\"],\"articleSection\":[\"Course\"],\"inLanguage\":\"fr-FR\",\"potentialAction\":[{\"@type\":\"CommentAction\",\"name\":\"Comment\",\"target\":[\"https:\/\/www.wanarun.net\/blog\/semi-de-paris-les-excuses-damaury-sport-organisation-4308.html#respond\"]}]},{\"@type\":\"Person\",\"@id\":\"https:\/\/www.wanarun.net\/blog\/#\/schema\/person\/1f6463621f44a2b66c33ff32ccdab3e8\",\"name\":\"fredbros\",\"image\":{\"@type\":\"ImageObject\",\"inLanguage\":\"fr-FR\",\"@id\":\"https:\/\/www.wanarun.net\/blog\/#\/schema\/person\/image\/\",\"url\":\"https:\/\/secure.gravatar.com\/avatar\/0706328db4ae4ea1111c0fe8b464d6a7?s=96&d=mm&r=g\",\"contentUrl\":\"https:\/\/secure.gravatar.com\/avatar\/0706328db4ae4ea1111c0fe8b464d6a7?s=96&d=mm&r=g\",\"caption\":\"fredbros\"},\"url\":\"https:\/\/www.wanarun.net\/blog\/author\/fred\"}]}<\/script>\n<!-- \/ Yoast SEO plugin. -->","yoast_head_json":{"title":"Semi de Paris - Les excuses d'Amaury Sport Organisation","description":"Le communiqu\u00e9 d'ASO sur le site web de la course : http:\/\/www.semideparis.com\/2010\/fr\/excuses.html \"A toutes et \u00e0 tous, A l\u2019occasion de cette 18\u00e8me","robots":{"index":"index","follow":"follow","max-snippet":"max-snippet:-1","max-image-preview":"max-image-preview:large","max-video-preview":"max-video-preview:-1"},"canonical":"https:\/\/www.wanarun.net\/blog\/semi-de-paris-les-excuses-damaury-sport-organisation-4308.html","og_locale":"fr_FR","og_type":"article","og_title":"Semi de Paris - Les excuses d'Amaury Sport Organisation","og_description":"Le communiqu\u00e9 d'ASO sur le site web de la course : http:\/\/www.semideparis.com\/2010\/fr\/excuses.html \"A toutes et \u00e0 tous, A l\u2019occasion de cette 18\u00e8me","og_url":"https:\/\/www.wanarun.net\/blog\/semi-de-paris-les-excuses-damaury-sport-organisation-4308.html","og_site_name":"Wanarun, le blog du running, du trail et de la course \u00e0 pied","article_publisher":"https:\/\/www.facebook.com\/wanarun\/","article_published_time":"2010-03-08T04:00:40+00:00","article_modified_time":"2010-03-08T13:22:14+00:00","twitter_misc":{"\u00c9crit par":"fredbros","Dur\u00e9e de lecture estim\u00e9e":"2 minutes"},"schema":{"@context":"https:\/\/schema.org","@graph":[{"@type":"Organization","@id":"https:\/\/www.wanarun.net\/blog\/#organization","name":"Wanarun","url":"https:\/\/www.wanarun.net\/blog\/","sameAs":["https:\/\/www.instagram.com\/wanarunnet\/","https:\/\/www.youtube.com\/user\/wanarunnet","https:\/\/www.facebook.com\/wanarun\/","https:\/\/twitter.com\/wanarun"],"logo":{"@type":"ImageObject","inLanguage":"fr-FR","@id":"https:\/\/www.wanarun.net\/blog\/#\/schema\/logo\/image\/","url":"https:\/\/www.wanarun.net\/blog\/wp-content\/uploads\/2018\/03\/logo-wanarun.jpg","contentUrl":"https:\/\/www.wanarun.net\/blog\/wp-content\/uploads\/2018\/03\/logo-wanarun.jpg","width":1196,"height":1082,"caption":"Wanarun"},"image":{"@id":"https:\/\/www.wanarun.net\/blog\/#\/schema\/logo\/image\/"}},{"@type":"WebSite","@id":"https:\/\/www.wanarun.net\/blog\/#website","url":"https:\/\/www.wanarun.net\/blog\/","name":"Wanarun, le blog du running, du trail et de la course \u00e0 pied","description":"Informations, remarques, avis, conseils sur la course \u00e0 pied.","publisher":{"@id":"https:\/\/www.wanarun.net\/blog\/#organization"},"potentialAction":[{"@type":"SearchAction","target":{"@type":"EntryPoint","urlTemplate":"https:\/\/www.wanarun.net\/blog\/?s={search_term_string}"},"query-input":"required name=search_term_string"}],"inLanguage":"fr-FR"},{"@type":"WebPage","@id":"https:\/\/www.wanarun.net\/blog\/semi-de-paris-les-excuses-damaury-sport-organisation-4308.html#webpage","url":"https:\/\/www.wanarun.net\/blog\/semi-de-paris-les-excuses-damaury-sport-organisation-4308.html","name":"Semi de Paris - Les excuses d'Amaury Sport Organisation","isPartOf":{"@id":"https:\/\/www.wanarun.net\/blog\/#website"},"datePublished":"2010-03-08T04:00:40+00:00","dateModified":"2010-03-08T13:22:14+00:00","description":"Le communiqu\u00e9 d'ASO sur le site web de la course : http:\/\/www.semideparis.com\/2010\/fr\/excuses.html \"A toutes et \u00e0 tous, A l\u2019occasion de cette 18\u00e8me","breadcrumb":{"@id":"https:\/\/www.wanarun.net\/blog\/semi-de-paris-les-excuses-damaury-sport-organisation-4308.html#breadcrumb"},"inLanguage":"fr-FR","potentialAction":[{"@type":"ReadAction","target":["https:\/\/www.wanarun.net\/blog\/semi-de-paris-les-excuses-damaury-sport-organisation-4308.html"]}]},{"@type":"BreadcrumbList","@id":"https:\/\/www.wanarun.net\/blog\/semi-de-paris-les-excuses-damaury-sport-organisation-4308.html#breadcrumb","itemListElement":[{"@type":"ListItem","position":1,"name":"Semi de Paris &#8211; Les excuses d&rsquo;Amaury Sport Organisation"}]},{"@type":"Article","@id":"https:\/\/www.wanarun.net\/blog\/semi-de-paris-les-excuses-damaury-sport-organisation-4308.html#article","isPartOf":{"@id":"https:\/\/www.wanarun.net\/blog\/semi-de-paris-les-excuses-damaury-sport-organisation-4308.html#webpage"},"author":{"@id":"https:\/\/www.wanarun.net\/blog\/#\/schema\/person\/1f6463621f44a2b66c33ff32ccdab3e8"},"headline":"Semi de Paris &#8211; Les excuses d&rsquo;Amaury Sport Organisation","datePublished":"2010-03-08T04:00:40+00:00","dateModified":"2010-03-08T13:22:14+00:00","mainEntityOfPage":{"@id":"https:\/\/www.wanarun.net\/blog\/semi-de-paris-les-excuses-damaury-sport-organisation-4308.html#webpage"},"wordCount":353,"commentCount":13,"publisher":{"@id":"https:\/\/www.wanarun.net\/blog\/#organization"},"keywords":["2010","amaury sport organisation","ASO","b\u00e9n\u00e9vole","classement","Paris","R\u00e9sultats","semi de paris","Semi Marathon de Paris"],"articleSection":["Course"],"inLanguage":"fr-FR","potentialAction":[{"@type":"CommentAction","name":"Comment","target":["https:\/\/www.wanarun.net\/blog\/semi-de-paris-les-excuses-damaury-sport-organisation-4308.html#respond"]}]},{"@type":"Person","@id":"https:\/\/www.wanarun.net\/blog\/#\/schema\/person\/1f6463621f44a2b66c33ff32ccdab3e8","name":"fredbros","image":{"@type":"ImageObject","inLanguage":"fr-FR","@id":"https:\/\/www.wanarun.net\/blog\/#\/schema\/person\/image\/","url":"https:\/\/secure.gravatar.com\/avatar\/0706328db4ae4ea1111c0fe8b464d6a7?s=96&d=mm&r=g","contentUrl":"https:\/\/secure.gravatar.com\/avatar\/0706328db4ae4ea1111c0fe8b464d6a7?s=96&d=mm&r=g","caption":"fredbros"},"url":"https:\/\/www.wanarun.net\/blog\/author\/fred"}]}},"_links":{"self":[{"href":"https:\/\/www.wanarun.net\/blog\/wp-json\/wp\/v2\/posts\/4308"}],"collection":[{"href":"https:\/\/www.wanarun.net\/blog\/wp-json\/wp\/v2\/posts"}],"about":[{"href":"https:\/\/www.wanarun.net\/blog\/wp-json\/wp\/v2\/types\/post"}],"author":[{"embeddable":true,"href":"https:\/\/www.wanarun.net\/blog\/wp-json\/wp\/v2\/users\/21"}],"replies":[{"embeddable":true,"href":"https:\/\/www.wanarun.net\/blog\/wp-json\/wp\/v2\/comments?post=4308"}],"version-history":[{"count":4,"href":"https:\/\/www.wanarun.net\/blog\/wp-json\/wp\/v2\/posts\/4308\/revisions"}],"predecessor-version":[{"id":4334,"href":"https:\/\/www.wanarun.net\/blog\/wp-json\/wp\/v2\/posts\/4308\/revisions\/4334"}],"wp:attachment":[{"href":"https:\/\/www.wanarun.net\/blog\/wp-json\/wp\/v2\/media?parent=4308"}],"wp:term":[{"taxonomy":"category","embeddable":true,"href":"https:\/\/www.wanarun.net\/blog\/wp-json\/wp\/v2\/categories?post=4308"},{"taxonomy":"post_tag","embeddable":true,"href":"https:\/\/www.wanarun.net\/blog\/wp-json\/wp\/v2\/tags?post=4308"}],"curies":[{"name":"wp","href":"https:\/\/api.w.org\/{rel}","templated":true}]}}