{"id":42831,"date":"2015-02-07T08:05:43","date_gmt":"2015-02-07T07:05:43","guid":{"rendered":"http:\/\/www.wanarun.net\/blog\/?p=42831"},"modified":"2015-02-07T08:06:06","modified_gmt":"2015-02-07T07:06:06","slug":"metier-du-running-responsable-de-rayon","status":"publish","type":"post","link":"https:\/\/www.wanarun.net\/blog\/metier-du-running-responsable-de-rayon-42831.html","title":{"rendered":"M\u00e9tier du running : responsable de rayon"},"content":{"rendered":"<h2><a href=\"https:\/\/www.wanarun.net\/blog\/wp-content\/uploads\/2015\/02\/metier-running-responsable-rayon.jpg\"><img loading=\"lazy\" class=\"alignleft size-thumbnail wp-image-42832\" src=\"https:\/\/www.wanarun.net\/blog\/wp-content\/uploads\/2015\/02\/metier-running-responsable-rayon-150x150.jpg\" alt=\"metier-running-responsable-rayon\" width=\"150\" height=\"150\" srcset=\"https:\/\/www.wanarun.net\/blog\/wp-content\/uploads\/2015\/02\/metier-running-responsable-rayon-150x150.jpg 150w, https:\/\/www.wanarun.net\/blog\/wp-content\/uploads\/2015\/02\/metier-running-responsable-rayon-100x100.jpg 100w\" sizes=\"(max-width: 150px) 100vw, 150px\" \/><\/a>L\u2019homme qui aimait les d\u00e9fis !<\/h2>\n<p>Nous avons rencontr\u00e9 J\u00e9r\u00e9my alors qu\u2019il venait juste d\u2019int\u00e9grer ses nouvelles fonctions de responsable de rayon au D\u00e9cathlon de Colomiers. C\u2019est qui g\u00e8re en effet tout ce qui touche \u00e0 la course \u00e0 pied et \u00e0 la marche depuis la fin du mois de novembre dans cette grande surface proche de Toulouse. Il se disait heureux, pr\u00eat \u00e0 relever ce nouveau d\u00e9fi qui s\u2019offre \u00e0 lui. Nous avons donc pris quelques minutes pour mieux cerner le personnage. V\u00e9ritable passionn\u00e9 de course s\u2019il en est !<\/p>\n<p><em>Bonjour J\u00e9r\u00e9my, avant toute chose, peux\u2010tu te pr\u00e9senter rapidement \u00e0 nos lecteurs ? D\u2019o\u00f9 tu viens ? Quel est ton cursus ?<\/em><br \/>\nEt bien je suis originaire et natif d\u2019Ari\u00e8ge. Plus pr\u00e9cis\u00e9ment d\u2019un petit village qui se nomme Saint\u2010Jean du Falga pr\u00e8s de Pamiers. J\u2019ai pass\u00e9 toute ma jeunesse \u00e0 jouer au football. D\u2019abord dans les cat\u00e9gories jeunes et puis jusqu\u2019en r\u00e9gional. Je viens d\u2019une famille de footeux. J\u2019ai baign\u00e9 dedans jusqu\u2019\u00e0 mes 17 ans. Ensuite j\u2019ai d\u00e9barqu\u00e9 \u00e0 Toulouse pour commencer mes \u00e9tudes \u00e0 la fac de m\u00e9decine\u2026 C\u2019est plus tard seulement que je vais d\u00e9couvrir le monde de la course \u00e0 pied.<\/p>\n<p><em>Justement quel est ton premier rapport \u00e0 la course, si je puis dire ?<\/em><\/p>\n<p>Quand j\u2019ai commenc\u00e9 mes \u00e9tudes, j\u2019ai carr\u00e9ment tout arr\u00eat\u00e9 au niveau sport. J\u2019ai m\u00eame r\u00e9ussi \u00e0 prendre dix kilos et quand j\u2019allais faire un petit footing avec mon p\u00e8re, une fois par semaine en gros, je souffrais le martyr. Et puis j\u2019ai int\u00e9gr\u00e9 une \u00e9cole d\u2019ost\u00e9os et lors d\u2019un stage, on s\u2019est retrouv\u00e9 \u00e0 quelques uns \u00e0 faire des soins aux coureurs lors du Trail des Citadelles. Pour moi cela a \u00e9t\u00e9 le d\u00e9clic. Ce devait \u00eatre en 2009. Je me suis dit que j\u2019\u00e9tais capable de le faire aussi. Et on a pari\u00e9 avec qu\u2019un copain qu\u2019on le finirait l\u2019ann\u00e9e suivante. Je parle bien \u00e9videmment de la petite distance. Ce fut mon premier d\u00e9fi. Et de l\u00e0 j\u2019ai commenc\u00e9 \u00e0 m\u2019entra\u00eener plus r\u00e9guli\u00e8rement.<\/p>\n<p><em>Du coup depuis cette premi\u00e8re exp\u00e9rience, on peut dire que tu es mont\u00e9 en puissance ann\u00e9e apr\u00e8s ann\u00e9e ?<\/em><\/p>\n<p>Oui, c\u2019est devenu une passion. L\u2019ann\u00e9e qui a suivi ce stage d\u2019ost\u00e9os, je me suis donc inscrit au 20km des Citadelles et pour m\u2019y pr\u00e9parer j\u2019ai particip\u00e9 au Forest Trail. Ce fut une premi\u00e8re aventure pour moi et v\u00e9ritablement un excellent souvenir. Je finis pas trop mal, 31\u00e8me je crois bien en moins de deux heures. En fait je m\u2019\u00e9tais perdu cette nuit\u2010l\u00e0 et puis du coup ensuite j\u2019ai jamais voulu perdre le contact avec celui qui me pr\u00e9c\u00e9dait et j\u2019ai serr\u00e9 les dents pour rester dans sa foul\u00e9e de peur de me repaumer.<\/p>\n<p>Et j\u2019ai tenu le choc ainsi. Puis il y eut donc les Citadelles mais avec le d\u00e9nivel\u00e9 et le peu d\u2019<a href=\"\/blog\/plan-d-entrainement-comment-lire-entre-les-lignes-17508.html\"target=\"_top\" title=\"entrainement\" >entrainement<\/a> que j\u2019avais en montagne, ce fut vraiment dur. Et depuis, c\u2019est vrai que je me suis pris au jeu et j\u2019en fais de plus en plus\u2026Je suis sur de nombreuses \u00e9preuves de la r\u00e9gion.<br \/>\n<em>Parall\u00e8lement \u00e0 cela, tu termines aussi tes \u00e9tudes d\u2019ost\u00e9opathe, c\u2019est cela ?<\/em><br \/>\nOui, enfin, pas tout \u00e0 fait puisque dans le m\u00eame temps, j\u2019ai cherch\u00e9 un autre boulot pour pouvoir subvenir \u00e0 mes besoins. Et c\u2019est l\u00e0, o\u00f9, en envoyant des CV ici et l\u00e0, j\u2019ai \u00e9t\u00e9 embauch\u00e9 chez D\u00e9cathlon Escalquens. J\u2019ai donc d\u00e9but\u00e9 par un mi\u2010temps, d\u2019embl\u00e9e, au rayon running. Et j\u2019ai \u00e9t\u00e9 emball\u00e9 presqu\u2019aussit\u00f4t. Je faisais de la mise en rayon mais aussi pas mal de conseils et de rencontrer ainsi des gens, de parler, d\u2019\u00e9changer, \u00e7a m\u2019a emball\u00e9\u2026 Sans parler que dans le magasin, on est entour\u00e9 de pas mal d\u2019autres sportifs v\u00e9ritablement passionn\u00e9s et \u00e7a permet de tisser des liens d\u2019amiti\u00e9 qui font beaucoup de bien. Enfin c\u2019est mon avis. Du coup, j\u2019ai obtenu mon dipl\u00f4me d\u2019ost\u00e9o en 2011 et j\u2019ai mont\u00e9 mon cabinet en Ari\u00e8ge dans la foul\u00e9e tout en gardant mon poste chez D\u00e9cathlon o\u00f9 je pouvais justement assez facilement choisir mes horaires de boulot.<\/p>\n<p><em>Donc pour toi, tout allait pour le mieux dans le meilleur des mondes non ? Et pourtant\u2026<\/em><\/p>\n<p>Oui je peux dire que la situation m\u2019allait bien car je faisais pas mal de comp\u00e9titions en plus du boulot et surtout que j\u2019arrivais \u00e0 progresser. J\u2019ai eu pas mal de satisfactions avec notamment un podium \u00e0 Entre Save et Galop o\u00f9 \u00e0 la base j\u2019y suis all\u00e9 juste pour accompagner ma compagne et o\u00f9 j\u2019ai d\u00e9cid\u00e9 au tout dernier moment de la faire \u00e0 fond ou encore au trail des Novis o\u00f9 avec Nicolas, mon chef de rayon, on s\u2019est aussi retrouv\u00e9 sur le podium en relais\u2026 Mais bon, ce qui n\u2019\u00e9tait pas \u00e9vident pour moi, c\u2019est que j\u2019avais mon cabinet en Ari\u00e8ge et que je devais\u00a0 tout le temps faire les trajets en voiture\u2026 Aussi comme chez D\u00e9cathlon, on est tr\u00e8s \u00e0 l\u2019\u00e9coute des envies et des volont\u00e9s de chacun, que l\u2019on peut aussi facilement \u00e9voluer et progresser au sein m\u00eame de l\u2019entreprise, on est arriv\u00e9 \u00e0 cette proposition de devenir chef de rayon, \u00e0 mon tour, du D\u00e9cathlon de Colomiers. J\u2019ai donc bien r\u00e9fl\u00e9chi et j\u2019ai d\u00e9cid\u00e9 de vendre carr\u00e9ment mon cabinet. Je trouvais de toute fa\u00e7on le march\u00e9 un peu trop satur\u00e9 dans cette profession et vue l\u2019\u00e9coute et l\u2019attention que j\u2019ai re\u00e7u chez D\u00e9cathlon, j\u2019ai pens\u00e9 qu\u2019il \u00e9tait mieux pour moi d\u2019accepter cette proposition. C\u2019est un nouveau d\u00e9fi. Encore un. J\u2019esp\u00e8re juste, au fond de moi, arriver \u00e0 trouver encore assez de temps pour pouvoir m\u2019entra\u00eener\u2026<\/p>\n<p><em>Une sacr\u00e9e d\u00e9cision donc. Et pour finir, dis nous juste le meilleur moment que tu as v\u00e9cu en trail et puis aussi quel sportif tu admires plus que les autres ?<\/em><\/p>\n<p>Pour ce qui est d\u2019une image forte que j\u2019ai pu vivre jusqu\u2019\u00e0 pr\u00e9sent et bien sans h\u00e9sitation, je pense aux derniers kilom\u00e8tres lors du Marathon des Causses de l\u2019ann\u00e9e pass\u00e9e. On revient sur Millau et on surplombe la vall\u00e9e \u00e0 un moment\u2026L\u00e0 j\u2019ai entendu la voix du speaker au loin et je savais que c\u2019\u00e9tait presque fini. Du coup j\u2019ai ressenti quelque chose de bizarre comme un m\u00e9lange de soulagement de savoir que j\u2019allais bient\u00f4t en finir et puis un malaise de savoir aussi que c\u2019\u00e9tait d\u00e9j\u00e0 fini et que la f\u00eate \u00e9tait du coup termin\u00e9e elle aussi. Bizarre sensation. Pour ce qui du sportif et bien je pense aussit\u00f4t \u00e0 un footballeur : Carles Puyol, le d\u00e9fenseur du Bar\u00e7a. Pour moi c\u2019est l\u2019exemple m\u00eame du gars qui a une volont\u00e9 de fer, qui arrive \u00e0 se surpasser pour les autres. Il n\u2019a pas des qualit\u00e9s ph\u00e9nom\u00e9nales, \u00e0 mon avis, et pourtant il a tout gagn\u00e9 en foot, de la Coupe du Monde, en passant par la Ligue des Champions et l\u2019Europe\u2026 J\u2019adore !<\/p>\n<p><em>Merci en tout cas pour ces r\u00e9ponses et on te retrouve o\u00f9 ?<\/em><\/p>\n<p>Et bien j\u2019aimerais bien faire un trail un peu plus long. Pour le moment, je me suis arr\u00eat\u00e9 au 65km du Montcalm l\u2019an pass\u00e9 et j\u2019ai bien termin\u00e9 ; assez frais, m\u00eame si la descente fut p\u00e9rilleuse \u00e0 mes yeux. L\u00e0 je tenterais bien le GRP 80km ou m\u00eame un poil plus long, pourquoi pas\u2026 pour voir et toujours me lancer de nouveaux d\u00e9fis !<\/p>\n","protected":false},"excerpt":{"rendered":"<a href=\"https:\/\/www.wanarun.net\/blog\/metier-du-running-responsable-de-rayon-42831.html\"><img width=\"150\" height=\"150\" src=\"https:\/\/www.wanarun.net\/blog\/wp-content\/uploads\/2015\/02\/metier-running-responsable-rayon-150x150.jpg\" class=\"alignleft tfe wp-post-image\" alt=\"\" loading=\"lazy\" srcset=\"https:\/\/www.wanarun.net\/blog\/wp-content\/uploads\/2015\/02\/metier-running-responsable-rayon-150x150.jpg 150w, https:\/\/www.wanarun.net\/blog\/wp-content\/uploads\/2015\/02\/metier-running-responsable-rayon-100x100.jpg 100w\" sizes=\"(max-width: 150px) 100vw, 150px\" \/><\/a><p>L\u2019homme qui aimait les d\u00e9fis ! Nous avons rencontr\u00e9 J\u00e9r\u00e9my alors qu\u2019il venait juste d\u2019int\u00e9grer ses nouvelles fonctions de responsable de rayon au D\u00e9cathlon de Colomiers. C\u2019est qui g\u00e8re en effet tout ce qui touche \u00e0 la course \u00e0 pied et \u00e0 la marche depuis la fin du mois de novembre dans cette grande surface [&hellip;]<\/p>\n","protected":false},"author":37,"featured_media":42832,"comment_status":"open","ping_status":"open","sticky":false,"template":"","format":"standard","meta":[],"categories":[1705],"tags":[],"yoast_head":"<!-- This site is optimized with the Yoast SEO plugin v18.9 - https:\/\/yoast.com\/wordpress\/plugins\/seo\/ -->\n<title>M\u00e9tier du running : responsable de rayon<\/title>\n<meta name=\"description\" content=\"L\u2019homme qui aimait les d\u00e9fis ! Nous avons rencontr\u00e9 J\u00e9r\u00e9my alors qu\u2019il venait juste d\u2019int\u00e9grer ses nouvelles fonctions de responsable de rayon au\" \/>\n<meta name=\"robots\" content=\"index, follow, max-snippet:-1, max-image-preview:large, max-video-preview:-1\" \/>\n<link rel=\"canonical\" href=\"https:\/\/www.wanarun.net\/blog\/metier-du-running-responsable-de-rayon-42831.html\" \/>\n<meta property=\"og:locale\" content=\"fr_FR\" \/>\n<meta property=\"og:type\" content=\"article\" \/>\n<meta property=\"og:title\" content=\"M\u00e9tier du running : responsable de rayon\" \/>\n<meta property=\"og:description\" content=\"L\u2019homme qui aimait les d\u00e9fis ! Nous avons rencontr\u00e9 J\u00e9r\u00e9my alors qu\u2019il venait juste d\u2019int\u00e9grer ses nouvelles fonctions de responsable de rayon au\" \/>\n<meta property=\"og:url\" content=\"https:\/\/www.wanarun.net\/blog\/metier-du-running-responsable-de-rayon-42831.html\" \/>\n<meta property=\"og:site_name\" content=\"Wanarun, le blog du running, du trail et de la course \u00e0 pied\" \/>\n<meta property=\"article:publisher\" content=\"https:\/\/www.facebook.com\/wanarun\/\" \/>\n<meta property=\"article:published_time\" content=\"2015-02-07T07:05:43+00:00\" \/>\n<meta property=\"article:modified_time\" content=\"2015-02-07T07:06:06+00:00\" \/>\n<meta property=\"og:image\" content=\"https:\/\/www.wanarun.net\/blog\/wp-content\/uploads\/2015\/02\/metier-running-responsable-rayon.jpg\" \/>\n\t<meta property=\"og:image:width\" content=\"1388\" \/>\n\t<meta property=\"og:image:height\" content=\"810\" \/>\n\t<meta property=\"og:image:type\" content=\"image\/jpeg\" \/>\n<meta name=\"twitter:label1\" content=\"\u00c9crit par\" \/>\n\t<meta name=\"twitter:data1\" content=\"remy\" \/>\n\t<meta name=\"twitter:label2\" content=\"Dur\u00e9e de lecture estim\u00e9e\" \/>\n\t<meta name=\"twitter:data2\" content=\"7 minutes\" \/>\n<script type=\"application\/ld+json\" class=\"yoast-schema-graph\">{\"@context\":\"https:\/\/schema.org\",\"@graph\":[{\"@type\":\"Organization\",\"@id\":\"https:\/\/www.wanarun.net\/blog\/#organization\",\"name\":\"Wanarun\",\"url\":\"https:\/\/www.wanarun.net\/blog\/\",\"sameAs\":[\"https:\/\/www.instagram.com\/wanarunnet\/\",\"https:\/\/www.youtube.com\/user\/wanarunnet\",\"https:\/\/www.facebook.com\/wanarun\/\",\"https:\/\/twitter.com\/wanarun\"],\"logo\":{\"@type\":\"ImageObject\",\"inLanguage\":\"fr-FR\",\"@id\":\"https:\/\/www.wanarun.net\/blog\/#\/schema\/logo\/image\/\",\"url\":\"https:\/\/www.wanarun.net\/blog\/wp-content\/uploads\/2018\/03\/logo-wanarun.jpg\",\"contentUrl\":\"https:\/\/www.wanarun.net\/blog\/wp-content\/uploads\/2018\/03\/logo-wanarun.jpg\",\"width\":1196,\"height\":1082,\"caption\":\"Wanarun\"},\"image\":{\"@id\":\"https:\/\/www.wanarun.net\/blog\/#\/schema\/logo\/image\/\"}},{\"@type\":\"WebSite\",\"@id\":\"https:\/\/www.wanarun.net\/blog\/#website\",\"url\":\"https:\/\/www.wanarun.net\/blog\/\",\"name\":\"Wanarun, le blog du running, du trail et de la course \u00e0 pied\",\"description\":\"Informations, remarques, avis, conseils sur la course \u00e0 pied.\",\"publisher\":{\"@id\":\"https:\/\/www.wanarun.net\/blog\/#organization\"},\"potentialAction\":[{\"@type\":\"SearchAction\",\"target\":{\"@type\":\"EntryPoint\",\"urlTemplate\":\"https:\/\/www.wanarun.net\/blog\/?s={search_term_string}\"},\"query-input\":\"required name=search_term_string\"}],\"inLanguage\":\"fr-FR\"},{\"@type\":\"ImageObject\",\"inLanguage\":\"fr-FR\",\"@id\":\"https:\/\/www.wanarun.net\/blog\/metier-du-running-responsable-de-rayon-42831.html#primaryimage\",\"url\":\"https:\/\/www.wanarun.net\/blog\/wp-content\/uploads\/2015\/02\/metier-running-responsable-rayon.jpg\",\"contentUrl\":\"https:\/\/www.wanarun.net\/blog\/wp-content\/uploads\/2015\/02\/metier-running-responsable-rayon.jpg\",\"width\":1388,\"height\":810},{\"@type\":\"WebPage\",\"@id\":\"https:\/\/www.wanarun.net\/blog\/metier-du-running-responsable-de-rayon-42831.html#webpage\",\"url\":\"https:\/\/www.wanarun.net\/blog\/metier-du-running-responsable-de-rayon-42831.html\",\"name\":\"M\u00e9tier du running : responsable de rayon\",\"isPartOf\":{\"@id\":\"https:\/\/www.wanarun.net\/blog\/#website\"},\"primaryImageOfPage\":{\"@id\":\"https:\/\/www.wanarun.net\/blog\/metier-du-running-responsable-de-rayon-42831.html#primaryimage\"},\"datePublished\":\"2015-02-07T07:05:43+00:00\",\"dateModified\":\"2015-02-07T07:06:06+00:00\",\"description\":\"L\u2019homme qui aimait les d\u00e9fis ! Nous avons rencontr\u00e9 J\u00e9r\u00e9my alors qu\u2019il venait juste d\u2019int\u00e9grer ses nouvelles fonctions de responsable de rayon au\",\"breadcrumb\":{\"@id\":\"https:\/\/www.wanarun.net\/blog\/metier-du-running-responsable-de-rayon-42831.html#breadcrumb\"},\"inLanguage\":\"fr-FR\",\"potentialAction\":[{\"@type\":\"ReadAction\",\"target\":[\"https:\/\/www.wanarun.net\/blog\/metier-du-running-responsable-de-rayon-42831.html\"]}]},{\"@type\":\"BreadcrumbList\",\"@id\":\"https:\/\/www.wanarun.net\/blog\/metier-du-running-responsable-de-rayon-42831.html#breadcrumb\",\"itemListElement\":[{\"@type\":\"ListItem\",\"position\":1,\"name\":\"M\u00e9tier du running : responsable de rayon\"}]},{\"@type\":\"Article\",\"@id\":\"https:\/\/www.wanarun.net\/blog\/metier-du-running-responsable-de-rayon-42831.html#article\",\"isPartOf\":{\"@id\":\"https:\/\/www.wanarun.net\/blog\/metier-du-running-responsable-de-rayon-42831.html#webpage\"},\"author\":{\"@id\":\"https:\/\/www.wanarun.net\/blog\/#\/schema\/person\/e58c406c799b3270a5a760496a3ff881\"},\"headline\":\"M\u00e9tier du running : responsable de rayon\",\"datePublished\":\"2015-02-07T07:05:43+00:00\",\"dateModified\":\"2015-02-07T07:06:06+00:00\",\"mainEntityOfPage\":{\"@id\":\"https:\/\/www.wanarun.net\/blog\/metier-du-running-responsable-de-rayon-42831.html#webpage\"},\"wordCount\":1364,\"commentCount\":1,\"publisher\":{\"@id\":\"https:\/\/www.wanarun.net\/blog\/#organization\"},\"image\":{\"@id\":\"https:\/\/www.wanarun.net\/blog\/metier-du-running-responsable-de-rayon-42831.html#primaryimage\"},\"thumbnailUrl\":\"https:\/\/www.wanarun.net\/blog\/wp-content\/uploads\/2015\/02\/metier-running-responsable-rayon.jpg\",\"articleSection\":[\"Portrait\"],\"inLanguage\":\"fr-FR\",\"potentialAction\":[{\"@type\":\"CommentAction\",\"name\":\"Comment\",\"target\":[\"https:\/\/www.wanarun.net\/blog\/metier-du-running-responsable-de-rayon-42831.html#respond\"]}]},{\"@type\":\"Person\",\"@id\":\"https:\/\/www.wanarun.net\/blog\/#\/schema\/person\/e58c406c799b3270a5a760496a3ff881\",\"name\":\"remy\",\"image\":{\"@type\":\"ImageObject\",\"inLanguage\":\"fr-FR\",\"@id\":\"https:\/\/www.wanarun.net\/blog\/#\/schema\/person\/image\/\",\"url\":\"https:\/\/secure.gravatar.com\/avatar\/310a82a0e14c4ee37e4d788b11d27669?s=96&d=mm&r=g\",\"contentUrl\":\"https:\/\/secure.gravatar.com\/avatar\/310a82a0e14c4ee37e4d788b11d27669?s=96&d=mm&r=g\",\"caption\":\"remy\"},\"sameAs\":[\"http:\/\/www.runningmag.fr\"],\"url\":\"https:\/\/www.wanarun.net\/blog\/author\/remy\"}]}<\/script>\n<!-- \/ Yoast SEO plugin. -->","yoast_head_json":{"title":"M\u00e9tier du running : responsable de rayon","description":"L\u2019homme qui aimait les d\u00e9fis ! Nous avons rencontr\u00e9 J\u00e9r\u00e9my alors qu\u2019il venait juste d\u2019int\u00e9grer ses nouvelles fonctions de responsable de rayon au","robots":{"index":"index","follow":"follow","max-snippet":"max-snippet:-1","max-image-preview":"max-image-preview:large","max-video-preview":"max-video-preview:-1"},"canonical":"https:\/\/www.wanarun.net\/blog\/metier-du-running-responsable-de-rayon-42831.html","og_locale":"fr_FR","og_type":"article","og_title":"M\u00e9tier du running : responsable de rayon","og_description":"L\u2019homme qui aimait les d\u00e9fis ! Nous avons rencontr\u00e9 J\u00e9r\u00e9my alors qu\u2019il venait juste d\u2019int\u00e9grer ses nouvelles fonctions de responsable de rayon au","og_url":"https:\/\/www.wanarun.net\/blog\/metier-du-running-responsable-de-rayon-42831.html","og_site_name":"Wanarun, le blog du running, du trail et de la course \u00e0 pied","article_publisher":"https:\/\/www.facebook.com\/wanarun\/","article_published_time":"2015-02-07T07:05:43+00:00","article_modified_time":"2015-02-07T07:06:06+00:00","og_image":[{"width":1388,"height":810,"url":"https:\/\/www.wanarun.net\/blog\/wp-content\/uploads\/2015\/02\/metier-running-responsable-rayon.jpg","type":"image\/jpeg"}],"twitter_misc":{"\u00c9crit par":"remy","Dur\u00e9e de lecture estim\u00e9e":"7 minutes"},"schema":{"@context":"https:\/\/schema.org","@graph":[{"@type":"Organization","@id":"https:\/\/www.wanarun.net\/blog\/#organization","name":"Wanarun","url":"https:\/\/www.wanarun.net\/blog\/","sameAs":["https:\/\/www.instagram.com\/wanarunnet\/","https:\/\/www.youtube.com\/user\/wanarunnet","https:\/\/www.facebook.com\/wanarun\/","https:\/\/twitter.com\/wanarun"],"logo":{"@type":"ImageObject","inLanguage":"fr-FR","@id":"https:\/\/www.wanarun.net\/blog\/#\/schema\/logo\/image\/","url":"https:\/\/www.wanarun.net\/blog\/wp-content\/uploads\/2018\/03\/logo-wanarun.jpg","contentUrl":"https:\/\/www.wanarun.net\/blog\/wp-content\/uploads\/2018\/03\/logo-wanarun.jpg","width":1196,"height":1082,"caption":"Wanarun"},"image":{"@id":"https:\/\/www.wanarun.net\/blog\/#\/schema\/logo\/image\/"}},{"@type":"WebSite","@id":"https:\/\/www.wanarun.net\/blog\/#website","url":"https:\/\/www.wanarun.net\/blog\/","name":"Wanarun, le blog du running, du trail et de la course \u00e0 pied","description":"Informations, remarques, avis, conseils sur la course \u00e0 pied.","publisher":{"@id":"https:\/\/www.wanarun.net\/blog\/#organization"},"potentialAction":[{"@type":"SearchAction","target":{"@type":"EntryPoint","urlTemplate":"https:\/\/www.wanarun.net\/blog\/?s={search_term_string}"},"query-input":"required name=search_term_string"}],"inLanguage":"fr-FR"},{"@type":"ImageObject","inLanguage":"fr-FR","@id":"https:\/\/www.wanarun.net\/blog\/metier-du-running-responsable-de-rayon-42831.html#primaryimage","url":"https:\/\/www.wanarun.net\/blog\/wp-content\/uploads\/2015\/02\/metier-running-responsable-rayon.jpg","contentUrl":"https:\/\/www.wanarun.net\/blog\/wp-content\/uploads\/2015\/02\/metier-running-responsable-rayon.jpg","width":1388,"height":810},{"@type":"WebPage","@id":"https:\/\/www.wanarun.net\/blog\/metier-du-running-responsable-de-rayon-42831.html#webpage","url":"https:\/\/www.wanarun.net\/blog\/metier-du-running-responsable-de-rayon-42831.html","name":"M\u00e9tier du running : responsable de rayon","isPartOf":{"@id":"https:\/\/www.wanarun.net\/blog\/#website"},"primaryImageOfPage":{"@id":"https:\/\/www.wanarun.net\/blog\/metier-du-running-responsable-de-rayon-42831.html#primaryimage"},"datePublished":"2015-02-07T07:05:43+00:00","dateModified":"2015-02-07T07:06:06+00:00","description":"L\u2019homme qui aimait les d\u00e9fis ! Nous avons rencontr\u00e9 J\u00e9r\u00e9my alors qu\u2019il venait juste d\u2019int\u00e9grer ses nouvelles fonctions de responsable de rayon au","breadcrumb":{"@id":"https:\/\/www.wanarun.net\/blog\/metier-du-running-responsable-de-rayon-42831.html#breadcrumb"},"inLanguage":"fr-FR","potentialAction":[{"@type":"ReadAction","target":["https:\/\/www.wanarun.net\/blog\/metier-du-running-responsable-de-rayon-42831.html"]}]},{"@type":"BreadcrumbList","@id":"https:\/\/www.wanarun.net\/blog\/metier-du-running-responsable-de-rayon-42831.html#breadcrumb","itemListElement":[{"@type":"ListItem","position":1,"name":"M\u00e9tier du running : responsable de rayon"}]},{"@type":"Article","@id":"https:\/\/www.wanarun.net\/blog\/metier-du-running-responsable-de-rayon-42831.html#article","isPartOf":{"@id":"https:\/\/www.wanarun.net\/blog\/metier-du-running-responsable-de-rayon-42831.html#webpage"},"author":{"@id":"https:\/\/www.wanarun.net\/blog\/#\/schema\/person\/e58c406c799b3270a5a760496a3ff881"},"headline":"M\u00e9tier du running : responsable de rayon","datePublished":"2015-02-07T07:05:43+00:00","dateModified":"2015-02-07T07:06:06+00:00","mainEntityOfPage":{"@id":"https:\/\/www.wanarun.net\/blog\/metier-du-running-responsable-de-rayon-42831.html#webpage"},"wordCount":1364,"commentCount":1,"publisher":{"@id":"https:\/\/www.wanarun.net\/blog\/#organization"},"image":{"@id":"https:\/\/www.wanarun.net\/blog\/metier-du-running-responsable-de-rayon-42831.html#primaryimage"},"thumbnailUrl":"https:\/\/www.wanarun.net\/blog\/wp-content\/uploads\/2015\/02\/metier-running-responsable-rayon.jpg","articleSection":["Portrait"],"inLanguage":"fr-FR","potentialAction":[{"@type":"CommentAction","name":"Comment","target":["https:\/\/www.wanarun.net\/blog\/metier-du-running-responsable-de-rayon-42831.html#respond"]}]},{"@type":"Person","@id":"https:\/\/www.wanarun.net\/blog\/#\/schema\/person\/e58c406c799b3270a5a760496a3ff881","name":"remy","image":{"@type":"ImageObject","inLanguage":"fr-FR","@id":"https:\/\/www.wanarun.net\/blog\/#\/schema\/person\/image\/","url":"https:\/\/secure.gravatar.com\/avatar\/310a82a0e14c4ee37e4d788b11d27669?s=96&d=mm&r=g","contentUrl":"https:\/\/secure.gravatar.com\/avatar\/310a82a0e14c4ee37e4d788b11d27669?s=96&d=mm&r=g","caption":"remy"},"sameAs":["http:\/\/www.runningmag.fr"],"url":"https:\/\/www.wanarun.net\/blog\/author\/remy"}]}},"_links":{"self":[{"href":"https:\/\/www.wanarun.net\/blog\/wp-json\/wp\/v2\/posts\/42831"}],"collection":[{"href":"https:\/\/www.wanarun.net\/blog\/wp-json\/wp\/v2\/posts"}],"about":[{"href":"https:\/\/www.wanarun.net\/blog\/wp-json\/wp\/v2\/types\/post"}],"author":[{"embeddable":true,"href":"https:\/\/www.wanarun.net\/blog\/wp-json\/wp\/v2\/users\/37"}],"replies":[{"embeddable":true,"href":"https:\/\/www.wanarun.net\/blog\/wp-json\/wp\/v2\/comments?post=42831"}],"version-history":[{"count":1,"href":"https:\/\/www.wanarun.net\/blog\/wp-json\/wp\/v2\/posts\/42831\/revisions"}],"predecessor-version":[{"id":42833,"href":"https:\/\/www.wanarun.net\/blog\/wp-json\/wp\/v2\/posts\/42831\/revisions\/42833"}],"wp:featuredmedia":[{"embeddable":true,"href":"https:\/\/www.wanarun.net\/blog\/wp-json\/wp\/v2\/media\/42832"}],"wp:attachment":[{"href":"https:\/\/www.wanarun.net\/blog\/wp-json\/wp\/v2\/media?parent=42831"}],"wp:term":[{"taxonomy":"category","embeddable":true,"href":"https:\/\/www.wanarun.net\/blog\/wp-json\/wp\/v2\/categories?post=42831"},{"taxonomy":"post_tag","embeddable":true,"href":"https:\/\/www.wanarun.net\/blog\/wp-json\/wp\/v2\/tags?post=42831"}],"curies":[{"name":"wp","href":"https:\/\/api.w.org\/{rel}","templated":true}]}}