{"id":40093,"date":"2014-08-12T20:04:00","date_gmt":"2014-08-12T19:04:00","guid":{"rendered":"http:\/\/www.wanarun.net\/blog\/?p=40093"},"modified":"2014-08-12T20:04:00","modified_gmt":"2014-08-12T19:04:00","slug":"programme-championnats-deurope-dathletisme-2014-zurich","status":"publish","type":"post","link":"https:\/\/www.wanarun.net\/blog\/programme-championnats-deurope-dathletisme-2014-zurich-40093.html","title":{"rendered":"Programme des championnats d&rsquo;Europe d&rsquo;athl\u00e9tisme 2014 \u00e0 Zurich"},"content":{"rendered":"<p><img loading=\"lazy\" class=\"alignleft size-thumbnail wp-image-40173\" src=\"https:\/\/www.wanarun.net\/blog\/wp-content\/uploads\/2014\/08\/programme-championnat-d-europe-2014-zurich-150x150.jpg\" alt=\"programme-championnat-d-europe-2014-zurich\" width=\"150\" height=\"150\" srcset=\"https:\/\/www.wanarun.net\/blog\/wp-content\/uploads\/2014\/08\/programme-championnat-d-europe-2014-zurich-150x150.jpg 150w, https:\/\/www.wanarun.net\/blog\/wp-content\/uploads\/2014\/08\/programme-championnat-d-europe-2014-zurich-100x100.jpg 100w\" sizes=\"(max-width: 150px) 100vw, 150px\" \/>Cette ann\u00e9e pas de jeux olympiques, ni de championnats du monde. L&rsquo;athl\u00e9tisme devra se compter des <strong>championnats d&rsquo;Europe \u00e0 Zurich<\/strong>. Une occasion de supporter une \u00e9quipe de France qui semble en forme avec de nombreuses chances de m\u00e9dailles : Renaud Lavillenie, Jimmy Vicaut, Christophe Lemaitre, Eloyse Lesueur,\u00a0 Christelle Daunay,&#8230; et beaucoup d&rsquo;autres. Du 12 au 17 aout 2014, vous aurez la possibilit\u00e9 de suivre les \u00e9preuves sur les chaines du groupe France t\u00e9l\u00e9vision mais aussi sur Eurosport.<\/p>\n<p>Voil\u00e0 le d\u00e9tail du programme et les horaires<\/p>\n<h2>Mardi 12 aout 2014<\/h2>\n<ul>\n<li>10h04\tHommes\tPoids\tQualifications A\/B<\/li>\n<li>10h11\tHommes\tD\u00e9cathlon\t100m\tMatin<\/li>\n<li>10h30\tFemmes\tPerche\tQualifications A\/B\t<\/li>\n<li>10h35\tFemmes\t1500m\tS\u00e9ries\t<\/li>\n<li>10h50\tFemmes\tJavelot\tQualifications A<\/li>\n<li>11h00\tHommes\t400m Haies\tS\u00e9ries\t<\/li>\n<li>11h35\tHommes\tD\u00e9cathlon\tLongueur A\/B<\/li>\n<li>11h42\tFemmes\t100m\tS\u00e9ries\t<\/li>\n<li>12h16\tFemmes\tJavelot\tQualifications B<\/li>\n<li>12h20\tHommes\t3000m Steeple\tS\u00e9ries\t<\/li>\n<li>12h46\tHommes\t400m\tS\u00e9ries\t<\/li>\n<li>13h05\tHommes\tD\u00e9cathlon\tPoids A\/B<\/li>\n<li>13h12\tHommes\tTriple Saut\tQualifications A\/B<\/li>\n<li>13h30\tFemmes\t100m Haies\tS\u00e9ries\t<\/li>\n<li>17h15\tHommes\tDisque\tQualifications A<\/li>\n<li>17h20\tHommes\tD\u00e9cathlon\tHauteur A\/B\t<\/li>\n<li>18h00\tFemmes\t400m \tS\u00e9ries\t<\/li>\n<li>18h28\tHommes\t100m\tS\u00e9ries\t<\/li>\n<li>18h45\tHommes\tDisque\tQualifications B<\/li>\n<li>19h05\tHommes\t800m\tS\u00e9ries\t<\/li>\n<li>19h34\tHommes\tPoids\tFinale\t<\/li>\n<li>19h42\tHommes\tD\u00e9cathlon\t400m \t<\/li>\n<li>20h07\tFemmes\tLongueur\tQualifications A\/B<\/li>\n<li>20h10\tFemmes\t10000m\tFinale\t<\/li>\n<li>20h56\tFemmes\t100m Haies\tDemi-Finale<\/li>\n<\/ul>\n<h2>Mercredi 13 aout 2014<\/h2>\n<ul>\n<li>09h20\tHommes\t20km Marche\tFinale\t<\/li>\n<li>10h05\tHommes\tD\u00e9cathlon\t110m Haies<\/li>\n<li>10h07\tHommes\tHauteur\tQualifications A\/B<\/li>\n<li>10h50\tHommes\tD\u00e9cathlon\tDisque A\t<\/li>\n<li>10h55\tFemmes\t400m Haies\tS\u00e9ries\t<\/li>\n<li>11h40\tHommes\t110m Haies\tS\u00e9ries\t<\/li>\n<li>12h03\tHommes\tD\u00e9cathlon\tDisque B\t<\/li>\n<li>12h22\tFemmes\t800m\tS\u00e9ries\t<\/li>\n<li>13h15\tFemmes\tMarteau\tQualifications A<\/li>\n<li>13h40\tHommes\tD\u00e9cathlon\tPerche A\/B\t<\/li>\n<li>14h35\tFemmes\tMarteau\tQualifications B\t<\/li>\n<li>17h55\tHommes\t400m Haies\tDemi-Finale\t<\/li>\n<li>17h58\tHommes\tD\u00e9cathlon\tJavelot A\t<\/li>\n<li>18h17\tFemmes\t100m\tDemi-Finale\t<\/li>\n<li>18h30\tFemmes\tTriple Saut\tQualifications A\/B<\/li>\n<li>18h40\tFemmes\t400m \tDemi-Finale\t<\/li>\n<li>18h54\tHommes\t400m \tDemi-Finale\t<\/li>\n<li>19h10\tHommes\tD\u00e9cathlon\tJavelot B\t<\/li>\n<li>19h23\tHommes\t100m\tDemi-Finale\t<\/li>\n<li>19h50\tHommes\t10000m\tFinale\t<\/li>\n<li>20h00\tFemmes\tLongueur\tFinale\t<\/li>\n<li>20h27\tFemmes\t100m\tFinale\t<\/li>\n<li>20h36\tHommes\tDisque\tFinale\t<\/li>\n<li>20h37\tHommes\tD\u00e9cathlon\t1500m\t<\/li>\n<li>21h08\tHommes\t800m\tDemi-Finale\t<\/li>\n<li>21h34\tFemmes\t100m Haies\tFinale\t<\/li>\n<li>21h49\tHommes\t100m\tFinale\t<\/li>\n<\/ul>\n<h2>Jeudi 14 aout 2014<\/h2>\n<ul>\n<li>09h10\tFemmes\t20km Marche\tFinale\t<\/li>\n<li>10h07\tHommes\tMarteau\tQualifications A\t<\/li>\n<li>10h15\tHommes\tPerche\tQualifications A\/B\t<\/li>\n<li>10h30\tFemmes\tHeptathlon\t100m Haies\t<\/li>\n<li>11h10\tFemmes\t200m\tS\u00e9ries\t<\/li>\n<li>11h32\tHommes\tMarteau\tQualifications B\t<\/li>\n<li>12h05\tFemmes\tHeptathlon\tHauteur A\/B\t<\/li>\n<li>12h05\tHommes\t200m\tS\u00e9ries\t<\/li>\n<li>17h30\tHommes\tJavelot\tQualifications A\t<\/li>\n<li>18h10\tFemmes\t400m Haies\tDemi-Finale\t<\/li>\n<li>18h38\tFemmes\t800m\tDemi-Finale\t<\/li>\n<li>18h45\tHommes\tJavelot\tQualifications B\t<\/li>\n<li>19h15\tHommes\t110m Haies\tDemi-Finale\t<\/li>\n<li>19h19\tFemmes\tPerche\tFinale\t<\/li>\n<li>19h42\tFemmes\t200m\tDemi-Finale\t<\/li>\n<li>19h50\tFemmes\tHeptathlon\tPoids A\/B\t<\/li>\n<li>20h10\tHommes\tTriple Saut\tFinale\t<\/li>\n<li>20h15\tHommes\t200m\tDemi-Finale\t<\/li>\n<li>20h40\tFemmes\tJavelot\tFinale\t<\/li>\n<li>20h45\tHommes\t3000m Steeple\tFinale\t<\/li>\n<li>21h12\tFemmes\tHeptathlon\t200m\t<\/li>\n<li>21h50\tHommes\t110m Haies \tFinale\t<\/li>\n<\/ul>\n<h2>Vendredi 15 aout 2014<\/h2>\n<ul>\n<li>09h10\tHommes\t50km Marche\tFinale\t<\/li>\n<li>10h04\tFemmes\tPoids\tQualifications A\/B\t<\/li>\n<li>10h10\tFemmes\tDisque\tQualifications A\t<\/li>\n<li>10h35\tFemmes\tHauteur\tQualifications A\/B\t<\/li>\n<li>11h00\tFemmes\t3000m Steeple\tS\u00e9ries\t<\/li>\n<li>11h30\tFemmes\tDisque\tQualifications B\t<\/li>\n<li>11h40\tFemmes\tHeptathlon\tLongueur A\/B\t<\/li>\n<li>11h50\tHommes\t1500m\tS\u00e9ries\t<\/li>\n<li>18h04\tFemmes\tHeptathlon\tJavelot A\t<\/li>\n<li>18h50\tHommes\t400m\tFinale\t<\/li>\n<li>19h10\tFemmes\t400m\tFinale\t<\/li>\n<li>19h15\tFemmes\tHeptathlon\tJavelot B\t<\/li>\n<li>19h25\tFemmes\t1500m\tFinale\t<\/li>\n<li>19h30\tHommes\tLongueur\tQualifications A\/B\t<\/li>\n<li>19h46\tHommes\tHauteur\tFinale\t<\/li>\n<li>19h55\tHommes\t800m\tFinale\t<\/li>\n<li>20h25\tFemmes\t200m\tFinale\t<\/li>\n<li>20h40\tFemmes\tMarteau\tFinale\t<\/li>\n<li>20h52\tHommes\t400m Haies\tFinale\t<\/li>\n<li>21h15\tFemmes\tHeptathlon\t800m\t<\/li>\n<li>21h49\tHommes\t200m\tFinale\t<\/li>\n<\/ul>\n<h2>Samedi 16 aout 2014<\/h2>\n<ul>\n<li>09h00\tFemmes\tMarathon\tFinale\t<\/li>\n<li>15h00\tHommes\tMarteau\tFinale\t<\/li>\n<li>15h03\tHommes\tPerche\tFinale\t<\/li>\n<li>15h10\tFemmes\t4x100m\tS\u00e9ries\t<\/li>\n<li>15h35\tHommes\t4x100m\tS\u00e9ries\t<\/li>\n<li>16h05\tFemmes\t800m\tFinale\t<\/li>\n<li>16h20\tFemmes\t4x400m\tS\u00e9ries\t<\/li>\n<li>16h40\tFemmes\tTriple Saut\tFinale\t<\/li>\n<li>16h45\tFemmes\tDisque\tFinale\t<\/li>\n<li>16h48\tHommes\t4x400m\tS\u00e9ries\t<\/li>\n<li>17h15\tFemmes\t400m Haies\tFinale\t<\/li>\n<li>17h40\tFemmes\t5000m\tFinale\t<\/li>\n<\/ul>\n<h2>Dimanche 17 aout 2014<\/h2>\n<ul>\n<li>09h00\tHommes\tMarathon\tFinale\t<\/li>\n<li>15h00\tFemmes\tPoids\tFinale\t<\/li>\n<li>15h05\tHommes\t1500m\tFinale\t<\/li>\n<li>15h16\tFemmes\tHauteur\tFinale\t<\/li>\n<li>15h22\tFemmes\t4x400m\tFinale\t<\/li>\n<li>15h42\tHommes\t4x400m\tFinale\t<\/li>\n<li>15h56\tHommes\tLongueur\tFinale\t<\/li>\n<li>16h08\tFemmes\t3000m Steeple\tFinale\t<\/li>\n<li>16h11\tHommes\tJavelot\tFinale\t<\/li>\n<li>16h30\tHommes\t5000m\tFinale\t<\/li>\n<li>17h05\tHommes\t4x100m\tFinale\t<\/li>\n<li>17h22\tFemmes\t4x100m\tFinale\t<\/li>\n<\/ul>\n","protected":false},"excerpt":{"rendered":"<a href=\"https:\/\/www.wanarun.net\/blog\/programme-championnats-deurope-dathletisme-2014-zurich-40093.html\"><img width=\"150\" height=\"150\" src=\"https:\/\/www.wanarun.net\/blog\/wp-content\/uploads\/2014\/08\/programme-championnat-d-europe-2014-zurich-150x150.jpg\" class=\"alignleft tfe wp-post-image\" alt=\"\" loading=\"lazy\" srcset=\"https:\/\/www.wanarun.net\/blog\/wp-content\/uploads\/2014\/08\/programme-championnat-d-europe-2014-zurich-150x150.jpg 150w, https:\/\/www.wanarun.net\/blog\/wp-content\/uploads\/2014\/08\/programme-championnat-d-europe-2014-zurich-100x100.jpg 100w\" sizes=\"(max-width: 150px) 100vw, 150px\" \/><\/a><p>Cette ann\u00e9e pas de jeux olympiques, ni de championnats du monde. L&rsquo;athl\u00e9tisme devra se compter des championnats d&rsquo;Europe \u00e0 Zurich. Une occasion de supporter une \u00e9quipe de France qui semble en forme avec de nombreuses chances de m\u00e9dailles : Renaud Lavillenie, Jimmy Vicaut, Christophe Lemaitre, Eloyse Lesueur,\u00a0 Christelle Daunay,&#8230; et beaucoup d&rsquo;autres. Du 12 au [&hellip;]<\/p>\n","protected":false},"author":1,"featured_media":40173,"comment_status":"open","ping_status":"open","sticky":false,"template":"","format":"standard","meta":[],"categories":[7],"tags":[],"yoast_head":"<!-- This site is optimized with the Yoast SEO plugin v18.9 - https:\/\/yoast.com\/wordpress\/plugins\/seo\/ -->\n<title>Programme des championnats d&#039;Europe d&#039;athl\u00e9tisme 2014 \u00e0 Zurich<\/title>\n<meta name=\"description\" content=\"Cette ann\u00e9e pas de jeux olympiques, ni de championnats du monde. L&#039;athl\u00e9tisme devra se compter des championnats d&#039;Europe \u00e0 Zurich. Une occasion de\" \/>\n<meta name=\"robots\" content=\"index, follow, max-snippet:-1, max-image-preview:large, max-video-preview:-1\" \/>\n<link rel=\"canonical\" href=\"https:\/\/www.wanarun.net\/blog\/programme-championnats-deurope-dathletisme-2014-zurich-40093.html\" \/>\n<meta property=\"og:locale\" content=\"fr_FR\" \/>\n<meta property=\"og:type\" content=\"article\" \/>\n<meta property=\"og:title\" content=\"Programme des championnats d&#039;Europe d&#039;athl\u00e9tisme 2014 \u00e0 Zurich\" \/>\n<meta property=\"og:description\" content=\"Cette ann\u00e9e pas de jeux olympiques, ni de championnats du monde. L&#039;athl\u00e9tisme devra se compter des championnats d&#039;Europe \u00e0 Zurich. Une occasion de\" \/>\n<meta property=\"og:url\" content=\"https:\/\/www.wanarun.net\/blog\/programme-championnats-deurope-dathletisme-2014-zurich-40093.html\" \/>\n<meta property=\"og:site_name\" content=\"Wanarun, le blog du running, du trail et de la course \u00e0 pied\" \/>\n<meta property=\"article:publisher\" content=\"https:\/\/www.facebook.com\/wanarun\/\" \/>\n<meta property=\"article:published_time\" content=\"2014-08-12T19:04:00+00:00\" \/>\n<meta property=\"og:image\" content=\"https:\/\/www.wanarun.net\/blog\/wp-content\/uploads\/2014\/08\/programme-championnat-d-europe-2014-zurich.jpg\" \/>\n\t<meta property=\"og:image:width\" content=\"2048\" \/>\n\t<meta property=\"og:image:height\" content=\"1536\" \/>\n\t<meta property=\"og:image:type\" content=\"image\/jpeg\" \/>\n<meta name=\"twitter:label1\" content=\"\u00c9crit par\" \/>\n\t<meta name=\"twitter:data1\" content=\"Manu\" \/>\n\t<meta name=\"twitter:label2\" content=\"Dur\u00e9e de lecture estim\u00e9e\" \/>\n\t<meta name=\"twitter:data2\" content=\"3 minutes\" \/>\n<script type=\"application\/ld+json\" class=\"yoast-schema-graph\">{\"@context\":\"https:\/\/schema.org\",\"@graph\":[{\"@type\":\"Organization\",\"@id\":\"https:\/\/www.wanarun.net\/blog\/#organization\",\"name\":\"Wanarun\",\"url\":\"https:\/\/www.wanarun.net\/blog\/\",\"sameAs\":[\"https:\/\/www.instagram.com\/wanarunnet\/\",\"https:\/\/www.youtube.com\/user\/wanarunnet\",\"https:\/\/www.facebook.com\/wanarun\/\",\"https:\/\/twitter.com\/wanarun\"],\"logo\":{\"@type\":\"ImageObject\",\"inLanguage\":\"fr-FR\",\"@id\":\"https:\/\/www.wanarun.net\/blog\/#\/schema\/logo\/image\/\",\"url\":\"https:\/\/www.wanarun.net\/blog\/wp-content\/uploads\/2018\/03\/logo-wanarun.jpg\",\"contentUrl\":\"https:\/\/www.wanarun.net\/blog\/wp-content\/uploads\/2018\/03\/logo-wanarun.jpg\",\"width\":1196,\"height\":1082,\"caption\":\"Wanarun\"},\"image\":{\"@id\":\"https:\/\/www.wanarun.net\/blog\/#\/schema\/logo\/image\/\"}},{\"@type\":\"WebSite\",\"@id\":\"https:\/\/www.wanarun.net\/blog\/#website\",\"url\":\"https:\/\/www.wanarun.net\/blog\/\",\"name\":\"Wanarun, le blog du running, du trail et de la course \u00e0 pied\",\"description\":\"Informations, remarques, avis, conseils sur la course \u00e0 pied.\",\"publisher\":{\"@id\":\"https:\/\/www.wanarun.net\/blog\/#organization\"},\"potentialAction\":[{\"@type\":\"SearchAction\",\"target\":{\"@type\":\"EntryPoint\",\"urlTemplate\":\"https:\/\/www.wanarun.net\/blog\/?s={search_term_string}\"},\"query-input\":\"required name=search_term_string\"}],\"inLanguage\":\"fr-FR\"},{\"@type\":\"ImageObject\",\"inLanguage\":\"fr-FR\",\"@id\":\"https:\/\/www.wanarun.net\/blog\/programme-championnats-deurope-dathletisme-2014-zurich-40093.html#primaryimage\",\"url\":\"https:\/\/www.wanarun.net\/blog\/wp-content\/uploads\/2014\/08\/programme-championnat-d-europe-2014-zurich.jpg\",\"contentUrl\":\"https:\/\/www.wanarun.net\/blog\/wp-content\/uploads\/2014\/08\/programme-championnat-d-europe-2014-zurich.jpg\",\"width\":2048,\"height\":1536},{\"@type\":\"WebPage\",\"@id\":\"https:\/\/www.wanarun.net\/blog\/programme-championnats-deurope-dathletisme-2014-zurich-40093.html#webpage\",\"url\":\"https:\/\/www.wanarun.net\/blog\/programme-championnats-deurope-dathletisme-2014-zurich-40093.html\",\"name\":\"Programme des championnats d'Europe d'athl\u00e9tisme 2014 \u00e0 Zurich\",\"isPartOf\":{\"@id\":\"https:\/\/www.wanarun.net\/blog\/#website\"},\"primaryImageOfPage\":{\"@id\":\"https:\/\/www.wanarun.net\/blog\/programme-championnats-deurope-dathletisme-2014-zurich-40093.html#primaryimage\"},\"datePublished\":\"2014-08-12T19:04:00+00:00\",\"dateModified\":\"2014-08-12T19:04:00+00:00\",\"description\":\"Cette ann\u00e9e pas de jeux olympiques, ni de championnats du monde. L'athl\u00e9tisme devra se compter des championnats d'Europe \u00e0 Zurich. Une occasion de\",\"breadcrumb\":{\"@id\":\"https:\/\/www.wanarun.net\/blog\/programme-championnats-deurope-dathletisme-2014-zurich-40093.html#breadcrumb\"},\"inLanguage\":\"fr-FR\",\"potentialAction\":[{\"@type\":\"ReadAction\",\"target\":[\"https:\/\/www.wanarun.net\/blog\/programme-championnats-deurope-dathletisme-2014-zurich-40093.html\"]}]},{\"@type\":\"BreadcrumbList\",\"@id\":\"https:\/\/www.wanarun.net\/blog\/programme-championnats-deurope-dathletisme-2014-zurich-40093.html#breadcrumb\",\"itemListElement\":[{\"@type\":\"ListItem\",\"position\":1,\"name\":\"Programme des championnats d&rsquo;Europe d&rsquo;athl\u00e9tisme 2014 \u00e0 Zurich\"}]},{\"@type\":\"Article\",\"@id\":\"https:\/\/www.wanarun.net\/blog\/programme-championnats-deurope-dathletisme-2014-zurich-40093.html#article\",\"isPartOf\":{\"@id\":\"https:\/\/www.wanarun.net\/blog\/programme-championnats-deurope-dathletisme-2014-zurich-40093.html#webpage\"},\"author\":{\"@id\":\"https:\/\/www.wanarun.net\/blog\/#\/schema\/person\/bfb3bc166306771639fdc2bc6ac79771\"},\"headline\":\"Programme des championnats d&rsquo;Europe d&rsquo;athl\u00e9tisme 2014 \u00e0 Zurich\",\"datePublished\":\"2014-08-12T19:04:00+00:00\",\"dateModified\":\"2014-08-12T19:04:00+00:00\",\"mainEntityOfPage\":{\"@id\":\"https:\/\/www.wanarun.net\/blog\/programme-championnats-deurope-dathletisme-2014-zurich-40093.html#webpage\"},\"wordCount\":699,\"commentCount\":0,\"publisher\":{\"@id\":\"https:\/\/www.wanarun.net\/blog\/#organization\"},\"image\":{\"@id\":\"https:\/\/www.wanarun.net\/blog\/programme-championnats-deurope-dathletisme-2014-zurich-40093.html#primaryimage\"},\"thumbnailUrl\":\"https:\/\/www.wanarun.net\/blog\/wp-content\/uploads\/2014\/08\/programme-championnat-d-europe-2014-zurich.jpg\",\"articleSection\":[\"Course\"],\"inLanguage\":\"fr-FR\",\"potentialAction\":[{\"@type\":\"CommentAction\",\"name\":\"Comment\",\"target\":[\"https:\/\/www.wanarun.net\/blog\/programme-championnats-deurope-dathletisme-2014-zurich-40093.html#respond\"]}]},{\"@type\":\"Person\",\"@id\":\"https:\/\/www.wanarun.net\/blog\/#\/schema\/person\/bfb3bc166306771639fdc2bc6ac79771\",\"name\":\"Manu\",\"image\":{\"@type\":\"ImageObject\",\"inLanguage\":\"fr-FR\",\"@id\":\"https:\/\/www.wanarun.net\/blog\/#\/schema\/person\/image\/\",\"url\":\"https:\/\/secure.gravatar.com\/avatar\/717b7c28298e2900c61bceb611a4918a?s=96&d=mm&r=g\",\"contentUrl\":\"https:\/\/secure.gravatar.com\/avatar\/717b7c28298e2900c61bceb611a4918a?s=96&d=mm&r=g\",\"caption\":\"Manu\"},\"sameAs\":[\"https:\/\/www.wanarun.net\"],\"url\":\"https:\/\/www.wanarun.net\/blog\/author\/admin\"}]}<\/script>\n<!-- \/ Yoast SEO plugin. -->","yoast_head_json":{"title":"Programme des championnats d'Europe d'athl\u00e9tisme 2014 \u00e0 Zurich","description":"Cette ann\u00e9e pas de jeux olympiques, ni de championnats du monde. L'athl\u00e9tisme devra se compter des championnats d'Europe \u00e0 Zurich. Une occasion de","robots":{"index":"index","follow":"follow","max-snippet":"max-snippet:-1","max-image-preview":"max-image-preview:large","max-video-preview":"max-video-preview:-1"},"canonical":"https:\/\/www.wanarun.net\/blog\/programme-championnats-deurope-dathletisme-2014-zurich-40093.html","og_locale":"fr_FR","og_type":"article","og_title":"Programme des championnats d'Europe d'athl\u00e9tisme 2014 \u00e0 Zurich","og_description":"Cette ann\u00e9e pas de jeux olympiques, ni de championnats du monde. L'athl\u00e9tisme devra se compter des championnats d'Europe \u00e0 Zurich. Une occasion de","og_url":"https:\/\/www.wanarun.net\/blog\/programme-championnats-deurope-dathletisme-2014-zurich-40093.html","og_site_name":"Wanarun, le blog du running, du trail et de la course \u00e0 pied","article_publisher":"https:\/\/www.facebook.com\/wanarun\/","article_published_time":"2014-08-12T19:04:00+00:00","og_image":[{"width":2048,"height":1536,"url":"https:\/\/www.wanarun.net\/blog\/wp-content\/uploads\/2014\/08\/programme-championnat-d-europe-2014-zurich.jpg","type":"image\/jpeg"}],"twitter_misc":{"\u00c9crit par":"Manu","Dur\u00e9e de lecture estim\u00e9e":"3 minutes"},"schema":{"@context":"https:\/\/schema.org","@graph":[{"@type":"Organization","@id":"https:\/\/www.wanarun.net\/blog\/#organization","name":"Wanarun","url":"https:\/\/www.wanarun.net\/blog\/","sameAs":["https:\/\/www.instagram.com\/wanarunnet\/","https:\/\/www.youtube.com\/user\/wanarunnet","https:\/\/www.facebook.com\/wanarun\/","https:\/\/twitter.com\/wanarun"],"logo":{"@type":"ImageObject","inLanguage":"fr-FR","@id":"https:\/\/www.wanarun.net\/blog\/#\/schema\/logo\/image\/","url":"https:\/\/www.wanarun.net\/blog\/wp-content\/uploads\/2018\/03\/logo-wanarun.jpg","contentUrl":"https:\/\/www.wanarun.net\/blog\/wp-content\/uploads\/2018\/03\/logo-wanarun.jpg","width":1196,"height":1082,"caption":"Wanarun"},"image":{"@id":"https:\/\/www.wanarun.net\/blog\/#\/schema\/logo\/image\/"}},{"@type":"WebSite","@id":"https:\/\/www.wanarun.net\/blog\/#website","url":"https:\/\/www.wanarun.net\/blog\/","name":"Wanarun, le blog du running, du trail et de la course \u00e0 pied","description":"Informations, remarques, avis, conseils sur la course \u00e0 pied.","publisher":{"@id":"https:\/\/www.wanarun.net\/blog\/#organization"},"potentialAction":[{"@type":"SearchAction","target":{"@type":"EntryPoint","urlTemplate":"https:\/\/www.wanarun.net\/blog\/?s={search_term_string}"},"query-input":"required name=search_term_string"}],"inLanguage":"fr-FR"},{"@type":"ImageObject","inLanguage":"fr-FR","@id":"https:\/\/www.wanarun.net\/blog\/programme-championnats-deurope-dathletisme-2014-zurich-40093.html#primaryimage","url":"https:\/\/www.wanarun.net\/blog\/wp-content\/uploads\/2014\/08\/programme-championnat-d-europe-2014-zurich.jpg","contentUrl":"https:\/\/www.wanarun.net\/blog\/wp-content\/uploads\/2014\/08\/programme-championnat-d-europe-2014-zurich.jpg","width":2048,"height":1536},{"@type":"WebPage","@id":"https:\/\/www.wanarun.net\/blog\/programme-championnats-deurope-dathletisme-2014-zurich-40093.html#webpage","url":"https:\/\/www.wanarun.net\/blog\/programme-championnats-deurope-dathletisme-2014-zurich-40093.html","name":"Programme des championnats d'Europe d'athl\u00e9tisme 2014 \u00e0 Zurich","isPartOf":{"@id":"https:\/\/www.wanarun.net\/blog\/#website"},"primaryImageOfPage":{"@id":"https:\/\/www.wanarun.net\/blog\/programme-championnats-deurope-dathletisme-2014-zurich-40093.html#primaryimage"},"datePublished":"2014-08-12T19:04:00+00:00","dateModified":"2014-08-12T19:04:00+00:00","description":"Cette ann\u00e9e pas de jeux olympiques, ni de championnats du monde. L'athl\u00e9tisme devra se compter des championnats d'Europe \u00e0 Zurich. Une occasion de","breadcrumb":{"@id":"https:\/\/www.wanarun.net\/blog\/programme-championnats-deurope-dathletisme-2014-zurich-40093.html#breadcrumb"},"inLanguage":"fr-FR","potentialAction":[{"@type":"ReadAction","target":["https:\/\/www.wanarun.net\/blog\/programme-championnats-deurope-dathletisme-2014-zurich-40093.html"]}]},{"@type":"BreadcrumbList","@id":"https:\/\/www.wanarun.net\/blog\/programme-championnats-deurope-dathletisme-2014-zurich-40093.html#breadcrumb","itemListElement":[{"@type":"ListItem","position":1,"name":"Programme des championnats d&rsquo;Europe d&rsquo;athl\u00e9tisme 2014 \u00e0 Zurich"}]},{"@type":"Article","@id":"https:\/\/www.wanarun.net\/blog\/programme-championnats-deurope-dathletisme-2014-zurich-40093.html#article","isPartOf":{"@id":"https:\/\/www.wanarun.net\/blog\/programme-championnats-deurope-dathletisme-2014-zurich-40093.html#webpage"},"author":{"@id":"https:\/\/www.wanarun.net\/blog\/#\/schema\/person\/bfb3bc166306771639fdc2bc6ac79771"},"headline":"Programme des championnats d&rsquo;Europe d&rsquo;athl\u00e9tisme 2014 \u00e0 Zurich","datePublished":"2014-08-12T19:04:00+00:00","dateModified":"2014-08-12T19:04:00+00:00","mainEntityOfPage":{"@id":"https:\/\/www.wanarun.net\/blog\/programme-championnats-deurope-dathletisme-2014-zurich-40093.html#webpage"},"wordCount":699,"commentCount":0,"publisher":{"@id":"https:\/\/www.wanarun.net\/blog\/#organization"},"image":{"@id":"https:\/\/www.wanarun.net\/blog\/programme-championnats-deurope-dathletisme-2014-zurich-40093.html#primaryimage"},"thumbnailUrl":"https:\/\/www.wanarun.net\/blog\/wp-content\/uploads\/2014\/08\/programme-championnat-d-europe-2014-zurich.jpg","articleSection":["Course"],"inLanguage":"fr-FR","potentialAction":[{"@type":"CommentAction","name":"Comment","target":["https:\/\/www.wanarun.net\/blog\/programme-championnats-deurope-dathletisme-2014-zurich-40093.html#respond"]}]},{"@type":"Person","@id":"https:\/\/www.wanarun.net\/blog\/#\/schema\/person\/bfb3bc166306771639fdc2bc6ac79771","name":"Manu","image":{"@type":"ImageObject","inLanguage":"fr-FR","@id":"https:\/\/www.wanarun.net\/blog\/#\/schema\/person\/image\/","url":"https:\/\/secure.gravatar.com\/avatar\/717b7c28298e2900c61bceb611a4918a?s=96&d=mm&r=g","contentUrl":"https:\/\/secure.gravatar.com\/avatar\/717b7c28298e2900c61bceb611a4918a?s=96&d=mm&r=g","caption":"Manu"},"sameAs":["https:\/\/www.wanarun.net"],"url":"https:\/\/www.wanarun.net\/blog\/author\/admin"}]}},"_links":{"self":[{"href":"https:\/\/www.wanarun.net\/blog\/wp-json\/wp\/v2\/posts\/40093"}],"collection":[{"href":"https:\/\/www.wanarun.net\/blog\/wp-json\/wp\/v2\/posts"}],"about":[{"href":"https:\/\/www.wanarun.net\/blog\/wp-json\/wp\/v2\/types\/post"}],"author":[{"embeddable":true,"href":"https:\/\/www.wanarun.net\/blog\/wp-json\/wp\/v2\/users\/1"}],"replies":[{"embeddable":true,"href":"https:\/\/www.wanarun.net\/blog\/wp-json\/wp\/v2\/comments?post=40093"}],"version-history":[{"count":4,"href":"https:\/\/www.wanarun.net\/blog\/wp-json\/wp\/v2\/posts\/40093\/revisions"}],"predecessor-version":[{"id":40176,"href":"https:\/\/www.wanarun.net\/blog\/wp-json\/wp\/v2\/posts\/40093\/revisions\/40176"}],"wp:featuredmedia":[{"embeddable":true,"href":"https:\/\/www.wanarun.net\/blog\/wp-json\/wp\/v2\/media\/40173"}],"wp:attachment":[{"href":"https:\/\/www.wanarun.net\/blog\/wp-json\/wp\/v2\/media?parent=40093"}],"wp:term":[{"taxonomy":"category","embeddable":true,"href":"https:\/\/www.wanarun.net\/blog\/wp-json\/wp\/v2\/categories?post=40093"},{"taxonomy":"post_tag","embeddable":true,"href":"https:\/\/www.wanarun.net\/blog\/wp-json\/wp\/v2\/tags?post=40093"}],"curies":[{"name":"wp","href":"https:\/\/api.w.org\/{rel}","templated":true}]}}