{"id":39167,"date":"2014-06-14T08:41:58","date_gmt":"2014-06-14T07:41:58","guid":{"rendered":"http:\/\/www.wanarun.net\/blog\/?p=39167"},"modified":"2014-06-14T08:41:58","modified_gmt":"2014-06-14T07:41:58","slug":"maxi-race-maxi-trail","status":"publish","type":"post","link":"https:\/\/www.wanarun.net\/blog\/maxi-race-maxi-trail-39167.html","title":{"rendered":"La Maxi Race : un maxi trail !"},"content":{"rendered":"<p>Lorsque je me suis inscrit sur la XL-Race (la Maxi-Race sur deux jours) nous \u00e9tions en d\u00e9cembre 2013. Je sortais de la clinique apr\u00e8s une deuxi\u00e8me crise de coliques n\u00e9phr\u00e9tiques et j\u2019avais franchement du mal \u00e0 me projeter 6 mois plus tard. J\u2019avais tr\u00e8s peu couru depuis la CCC fin ao\u00fbt \u00e0 Chamonix suite \u00e0 une accumulation de p\u00e9pins dont ces foutus cailloux.<\/p>\n<p>Bref une ann\u00e9e 2013 \u00e0 oublier : forfait sur le trail du Verbier, forfait sur la Saint\u00e9Lyon\u2026<\/p>\n<p>Pour ce nouveau rendez-vous en montagne on ne peut pas dire que ma pr\u00e9paration ait \u00e9t\u00e9 des plus s\u00e9rieuse : pas de plan, une douleur sacro-illiaque persistante, pas de sorties dans les Vosges pour manger un peu de d\u00e9nivel\u00e9. Toute juste une 3\u00e8me participation au Lyon Urban Trail mi avril (36km) et un trail local (27km), 3 semaines avant Annecy.<\/p>\n<h4>Jeudi 29 mai<\/h4>\n<p>Nous arrivons \u00e0 Annecy en d\u00e9but d\u2019apr\u00e8s-midi et prenons possession de nos chambres au Balcons du Lac d\u2019Annecy situ\u00e9 \u00e0 S\u00e9vrier (je recommande chaudement l\u2019endroit). La vue sur le lac est magnifique. Face \u00e0 nous de splendides montagnes surplombes le lac. Il nous faudra les arpenter le 2\u00e8me jour\u2026<\/p>\n<p><a href=\"https:\/\/www.wanarun.net\/blog\/wp-content\/uploads\/2014\/06\/maxi-race-wanarun-009.jpg\"><img loading=\"lazy\" class=\"aligncenter wp-image-39177 size-full-single-page\" src=\"https:\/\/www.wanarun.net\/blog\/wp-content\/uploads\/2014\/06\/maxi-race-wanarun-009-620x348.jpg\" alt=\"maxi-race-wanarun-009\" width=\"620\" height=\"348\" srcset=\"https:\/\/www.wanarun.net\/blog\/wp-content\/uploads\/2014\/06\/maxi-race-wanarun-009-620x348.jpg 620w, https:\/\/www.wanarun.net\/blog\/wp-content\/uploads\/2014\/06\/maxi-race-wanarun-009-300x168.jpg 300w, https:\/\/www.wanarun.net\/blog\/wp-content\/uploads\/2014\/06\/maxi-race-wanarun-009-150x84.jpg 150w, https:\/\/www.wanarun.net\/blog\/wp-content\/uploads\/2014\/06\/maxi-race-wanarun-009.jpg 1024w\" sizes=\"(max-width: 620px) 100vw, 620px\" \/><\/a><\/p>\n<h4>Vendredi 30 mai<\/h4>\n<p>Petit d\u00e9crassage matinal au bord du lac avec quelques worldtrailanders. 4km au compteur, pas plus. Au total nous sommes 16 de la #teamwtl \u00e0 participer aux diff\u00e9rentes \u00e9preuves. A noter une 36\u00e8me place sur le XL-Race (3\u00e8me V1) et une 46\u00e8me place sur le Marathon-Race. Apr\u00e8s la visite du village, d\u00e8s 12h30, nous sommes parmi les premiers \u00e0 retirer nos dossards. Le reste de la journ\u00e9e sera consacr\u00e9 \u00e0 la sieste et la pr\u00e9paration du sac pour le lendemain matin.<\/p>\n<h4>Samedi 31 mai<\/h4>\n<p>Le r\u00e9veil sonne \u00e0 1 heure ! Petit-d\u00e9jeuner et \u00e0 2h15 nous sommes au village d\u00e9part pour accompagner Philippe engag\u00e9 sur la Maxi-Race (le d\u00e9part est pr\u00e9vu \u00e0 3 heures). Le temps d\u2019apercevoir Xavier Th\u00e9venard qui peaufine sa pr\u00e9paration (en fait derri\u00e8re sa voiture comme tout le monde !) et de saluer Sabine de Le Pape que je me retrouve une premi\u00e8re fois sur la ligne de d\u00e9part pour encourager les concurrents de la Maxi-Race. J\u2019y retourne une heure plus tard, \u00e0 4 heures, et cette fois-ci pour entamer ma XL-Race en longeant une partie du lac sur quelques kilom\u00e8tres ; lac que je retrouverai le dimanche \u00e0 l\u2019arriv\u00e9e.<\/p>\n<p>En un peu moins de 3 heures la premi\u00e8re sensation forte de ce week-end s\u2019appelle le sommet du Semnoz ! Impossible de ne pas s\u2019arr\u00eater devant cette v\u00e9ritable mer de nuages sur notre gauche !<\/p>\n<p><a href=\"https:\/\/www.wanarun.net\/blog\/wp-content\/uploads\/2014\/06\/maxi-race-wanarun-002.jpg\"><img loading=\"lazy\" class=\"aligncenter size-full-single-page wp-image-39170\" src=\"https:\/\/www.wanarun.net\/blog\/wp-content\/uploads\/2014\/06\/maxi-race-wanarun-002-620x348.jpg\" alt=\"maxi-race-wanarun-002\" width=\"620\" height=\"348\" srcset=\"https:\/\/www.wanarun.net\/blog\/wp-content\/uploads\/2014\/06\/maxi-race-wanarun-002-620x348.jpg 620w, https:\/\/www.wanarun.net\/blog\/wp-content\/uploads\/2014\/06\/maxi-race-wanarun-002-300x168.jpg 300w, https:\/\/www.wanarun.net\/blog\/wp-content\/uploads\/2014\/06\/maxi-race-wanarun-002-150x84.jpg 150w, https:\/\/www.wanarun.net\/blog\/wp-content\/uploads\/2014\/06\/maxi-race-wanarun-002.jpg 1024w\" sizes=\"(max-width: 620px) 100vw, 620px\" \/><\/a><\/p>\n<p><a href=\"https:\/\/www.wanarun.net\/blog\/wp-content\/uploads\/2014\/06\/maxi-race-wanarun-001.jpg\"><img loading=\"lazy\" class=\"aligncenter size-full-single-page wp-image-39169\" src=\"https:\/\/www.wanarun.net\/blog\/wp-content\/uploads\/2014\/06\/maxi-race-wanarun-001-620x348.jpg\" alt=\"maxi-race-wanarun-001\" width=\"620\" height=\"348\" srcset=\"https:\/\/www.wanarun.net\/blog\/wp-content\/uploads\/2014\/06\/maxi-race-wanarun-001-620x348.jpg 620w, https:\/\/www.wanarun.net\/blog\/wp-content\/uploads\/2014\/06\/maxi-race-wanarun-001-300x168.jpg 300w, https:\/\/www.wanarun.net\/blog\/wp-content\/uploads\/2014\/06\/maxi-race-wanarun-001-150x84.jpg 150w, https:\/\/www.wanarun.net\/blog\/wp-content\/uploads\/2014\/06\/maxi-race-wanarun-001.jpg 1024w\" sizes=\"(max-width: 620px) 100vw, 620px\" \/><\/a><a href=\"https:\/\/www.wanarun.net\/blog\/wp-content\/uploads\/2014\/06\/maxi-race-wanarun-001.jpg\"><br \/>\n<\/a><\/p>\n<p>S\u2019en suivent quasiment 10km de descente pour rejoindre Saint-Eustache. A 9h30 je suis au sommet de la 2\u00e8me difficult\u00e9 de la journ\u00e9e : le col de la Cochette. Un peu moins de 2 heures plus tard j\u2019arrive \u00e0 Doussard, terminus de la premi\u00e8re journ\u00e9e. 44km au compteur, 2300m D+ en 7h13. Nous rejoignons rapidement l\u2019h\u00f4tel : d\u00e9jeuner, sieste et piscine (uniquement trempage des cuisses dans une eau fra\u00eeche !) au programme.<\/p>\n<h4>Dimanche 1er juin<\/h4>\n<p>Grasse matin\u00e9e : le r\u00e9veil sonne \u00e0 5 heures ! A 7heures le coup d\u2019envoi de la 2\u00e8me journ\u00e9e est donn\u00e9 depuis Doussard. Au programme : 42km et 2600m D+. Etrangement les jambes ne sont pas lourdes, les cuisses sont \u00e0 peine douloureuses. C\u2019est parti pour 15km et 1200m D+ pour rejoindre le chalet de l\u2019Aulps puis le pas de l\u2019Aulps qui culmine \u00e0 1650m.<\/p>\n<p><a href=\"https:\/\/www.wanarun.net\/blog\/wp-content\/uploads\/2014\/06\/maxi-race-wanarun-005.jpg\"><img loading=\"lazy\" class=\"aligncenter size-full-single-page wp-image-39173\" src=\"https:\/\/www.wanarun.net\/blog\/wp-content\/uploads\/2014\/06\/maxi-race-wanarun-005-620x348.jpg\" alt=\"maxi-race-wanarun-005\" width=\"620\" height=\"348\" srcset=\"https:\/\/www.wanarun.net\/blog\/wp-content\/uploads\/2014\/06\/maxi-race-wanarun-005-620x348.jpg 620w, https:\/\/www.wanarun.net\/blog\/wp-content\/uploads\/2014\/06\/maxi-race-wanarun-005-300x168.jpg 300w, https:\/\/www.wanarun.net\/blog\/wp-content\/uploads\/2014\/06\/maxi-race-wanarun-005-150x84.jpg 150w, https:\/\/www.wanarun.net\/blog\/wp-content\/uploads\/2014\/06\/maxi-race-wanarun-005.jpg 1024w\" sizes=\"(max-width: 620px) 100vw, 620px\" \/><\/a><\/p>\n<p>La descente vers Villard Dessus est terrible : pas technique mais tr\u00e8s raide ! 7km o\u00f9 les cuisses sont mises \u00e0 rude \u00e9preuve. A 11h25 je suis \u00e0 Menthon Saint-Bernard. Au 33\u00e8me kilom\u00e8tre je croise Anna Frost ! Derni\u00e8re mont\u00e9e de la journ\u00e9e : direction le Mont Baron. Deuxi\u00e8me grosse sensation forte de ce week-end : les points de vues sur le lac sont \u00e0 couper le souffle.<\/p>\n<p><a href=\"https:\/\/www.wanarun.net\/blog\/wp-content\/uploads\/2014\/06\/maxi-race-wanarun-007.jpg\"><img loading=\"lazy\" class=\"aligncenter size-full-single-page wp-image-39175\" src=\"https:\/\/www.wanarun.net\/blog\/wp-content\/uploads\/2014\/06\/maxi-race-wanarun-007-620x348.jpg\" alt=\"maxi-race-wanarun-007\" width=\"620\" height=\"348\" srcset=\"https:\/\/www.wanarun.net\/blog\/wp-content\/uploads\/2014\/06\/maxi-race-wanarun-007-620x348.jpg 620w, https:\/\/www.wanarun.net\/blog\/wp-content\/uploads\/2014\/06\/maxi-race-wanarun-007-300x168.jpg 300w, https:\/\/www.wanarun.net\/blog\/wp-content\/uploads\/2014\/06\/maxi-race-wanarun-007-150x84.jpg 150w, https:\/\/www.wanarun.net\/blog\/wp-content\/uploads\/2014\/06\/maxi-race-wanarun-007.jpg 1024w\" sizes=\"(max-width: 620px) 100vw, 620px\" \/><\/a><\/p>\n<p><a href=\"https:\/\/www.wanarun.net\/blog\/wp-content\/uploads\/2014\/06\/maxi-race-wanarun-006.jpg\"><img loading=\"lazy\" class=\"aligncenter size-full-single-page wp-image-39174\" src=\"https:\/\/www.wanarun.net\/blog\/wp-content\/uploads\/2014\/06\/maxi-race-wanarun-006-620x348.jpg\" alt=\"maxi-race-wanarun-006\" width=\"620\" height=\"348\" srcset=\"https:\/\/www.wanarun.net\/blog\/wp-content\/uploads\/2014\/06\/maxi-race-wanarun-006-620x348.jpg 620w, https:\/\/www.wanarun.net\/blog\/wp-content\/uploads\/2014\/06\/maxi-race-wanarun-006-300x168.jpg 300w, https:\/\/www.wanarun.net\/blog\/wp-content\/uploads\/2014\/06\/maxi-race-wanarun-006-150x84.jpg 150w, https:\/\/www.wanarun.net\/blog\/wp-content\/uploads\/2014\/06\/maxi-race-wanarun-006.jpg 1024w\" sizes=\"(max-width: 620px) 100vw, 620px\" \/><\/a><\/p>\n<p>Le temps de replier les b\u00e2tons et j\u2019attaque la longue descente tr\u00e8s technique vers Annecy. Cailloux et racines sont de la partie ; mais \u00e7a passe plut\u00f4t bien. Comme je l\u2019avais d\u00e9but\u00e9 la veille je termine cette XL-Race le long du lac. La foule est pr\u00e9sente, les potes aussi. Je termine cette seconde journ\u00e9e en 7h39.<\/p>\n<p>Cette XL-Race entre directement dans le top 3 des trails que je recommande. Rendez-vous les 30 et 31 mai 2015 ; la Maxi-Race sera le support des 5\u00e8me\u00a0championnats du monde de trail.<\/p>\n","protected":false},"excerpt":{"rendered":"<a href=\"https:\/\/www.wanarun.net\/blog\/maxi-race-maxi-trail-39167.html\"><img width=\"150\" height=\"150\" src=\"https:\/\/www.wanarun.net\/blog\/wp-content\/uploads\/2014\/06\/maxi-race-wanarun-001-150x150.jpg\" class=\"alignleft tfe wp-post-image\" alt=\"\" loading=\"lazy\" srcset=\"https:\/\/www.wanarun.net\/blog\/wp-content\/uploads\/2014\/06\/maxi-race-wanarun-001-150x150.jpg 150w, https:\/\/www.wanarun.net\/blog\/wp-content\/uploads\/2014\/06\/maxi-race-wanarun-001-100x100.jpg 100w\" sizes=\"(max-width: 150px) 100vw, 150px\" \/><\/a><p>Lorsque je me suis inscrit sur la XL-Race (la Maxi-Race sur deux jours) nous \u00e9tions en d\u00e9cembre 2013. Je sortais de la clinique apr\u00e8s une deuxi\u00e8me crise de coliques n\u00e9phr\u00e9tiques et j\u2019avais franchement du mal \u00e0 me projeter 6 mois plus tard. J\u2019avais tr\u00e8s peu couru depuis la CCC fin ao\u00fbt \u00e0 Chamonix suite \u00e0 [&hellip;]<\/p>\n","protected":false},"author":18,"featured_media":39169,"comment_status":"open","ping_status":"open","sticky":false,"template":"","format":"standard","meta":[],"categories":[1649],"tags":[153],"yoast_head":"<!-- This site is optimized with the Yoast SEO plugin v18.9 - https:\/\/yoast.com\/wordpress\/plugins\/seo\/ -->\n<title>La Maxi Race : un maxi trail !<\/title>\n<meta name=\"description\" content=\"Lorsque je me suis inscrit sur la XL-Race (la Maxi-Race sur deux jours) nous \u00e9tions en d\u00e9cembre 2013. Je sortais de la clinique apr\u00e8s une deuxi\u00e8me crise\" \/>\n<meta name=\"robots\" content=\"index, follow, max-snippet:-1, max-image-preview:large, max-video-preview:-1\" \/>\n<link rel=\"canonical\" href=\"https:\/\/www.wanarun.net\/blog\/maxi-race-maxi-trail-39167.html\" \/>\n<meta property=\"og:locale\" content=\"fr_FR\" \/>\n<meta property=\"og:type\" content=\"article\" \/>\n<meta property=\"og:title\" content=\"La Maxi Race : un maxi trail !\" \/>\n<meta property=\"og:description\" content=\"Lorsque je me suis inscrit sur la XL-Race (la Maxi-Race sur deux jours) nous \u00e9tions en d\u00e9cembre 2013. Je sortais de la clinique apr\u00e8s une deuxi\u00e8me crise\" \/>\n<meta property=\"og:url\" content=\"https:\/\/www.wanarun.net\/blog\/maxi-race-maxi-trail-39167.html\" \/>\n<meta property=\"og:site_name\" content=\"Wanarun, le blog du running, du trail et de la course \u00e0 pied\" \/>\n<meta property=\"article:publisher\" content=\"https:\/\/www.facebook.com\/wanarun\/\" \/>\n<meta property=\"article:published_time\" content=\"2014-06-14T07:41:58+00:00\" \/>\n<meta property=\"og:image\" content=\"https:\/\/www.wanarun.net\/blog\/wp-content\/uploads\/2014\/06\/maxi-race-wanarun-001.jpg\" \/>\n\t<meta property=\"og:image:width\" content=\"1024\" \/>\n\t<meta property=\"og:image:height\" content=\"576\" \/>\n\t<meta property=\"og:image:type\" content=\"image\/jpeg\" \/>\n<meta name=\"twitter:label1\" content=\"\u00c9crit par\" \/>\n\t<meta name=\"twitter:data1\" content=\"Vincent\" \/>\n\t<meta name=\"twitter:label2\" content=\"Dur\u00e9e de lecture estim\u00e9e\" \/>\n\t<meta name=\"twitter:data2\" content=\"4 minutes\" \/>\n<script type=\"application\/ld+json\" class=\"yoast-schema-graph\">{\"@context\":\"https:\/\/schema.org\",\"@graph\":[{\"@type\":\"Organization\",\"@id\":\"https:\/\/www.wanarun.net\/blog\/#organization\",\"name\":\"Wanarun\",\"url\":\"https:\/\/www.wanarun.net\/blog\/\",\"sameAs\":[\"https:\/\/www.instagram.com\/wanarunnet\/\",\"https:\/\/www.youtube.com\/user\/wanarunnet\",\"https:\/\/www.facebook.com\/wanarun\/\",\"https:\/\/twitter.com\/wanarun\"],\"logo\":{\"@type\":\"ImageObject\",\"inLanguage\":\"fr-FR\",\"@id\":\"https:\/\/www.wanarun.net\/blog\/#\/schema\/logo\/image\/\",\"url\":\"https:\/\/www.wanarun.net\/blog\/wp-content\/uploads\/2018\/03\/logo-wanarun.jpg\",\"contentUrl\":\"https:\/\/www.wanarun.net\/blog\/wp-content\/uploads\/2018\/03\/logo-wanarun.jpg\",\"width\":1196,\"height\":1082,\"caption\":\"Wanarun\"},\"image\":{\"@id\":\"https:\/\/www.wanarun.net\/blog\/#\/schema\/logo\/image\/\"}},{\"@type\":\"WebSite\",\"@id\":\"https:\/\/www.wanarun.net\/blog\/#website\",\"url\":\"https:\/\/www.wanarun.net\/blog\/\",\"name\":\"Wanarun, le blog du running, du trail et de la course \u00e0 pied\",\"description\":\"Informations, remarques, avis, conseils sur la course \u00e0 pied.\",\"publisher\":{\"@id\":\"https:\/\/www.wanarun.net\/blog\/#organization\"},\"potentialAction\":[{\"@type\":\"SearchAction\",\"target\":{\"@type\":\"EntryPoint\",\"urlTemplate\":\"https:\/\/www.wanarun.net\/blog\/?s={search_term_string}\"},\"query-input\":\"required name=search_term_string\"}],\"inLanguage\":\"fr-FR\"},{\"@type\":\"ImageObject\",\"inLanguage\":\"fr-FR\",\"@id\":\"https:\/\/www.wanarun.net\/blog\/maxi-race-maxi-trail-39167.html#primaryimage\",\"url\":\"https:\/\/www.wanarun.net\/blog\/wp-content\/uploads\/2014\/06\/maxi-race-wanarun-001.jpg\",\"contentUrl\":\"https:\/\/www.wanarun.net\/blog\/wp-content\/uploads\/2014\/06\/maxi-race-wanarun-001.jpg\",\"width\":1024,\"height\":576},{\"@type\":\"WebPage\",\"@id\":\"https:\/\/www.wanarun.net\/blog\/maxi-race-maxi-trail-39167.html#webpage\",\"url\":\"https:\/\/www.wanarun.net\/blog\/maxi-race-maxi-trail-39167.html\",\"name\":\"La Maxi Race : un maxi trail !\",\"isPartOf\":{\"@id\":\"https:\/\/www.wanarun.net\/blog\/#website\"},\"primaryImageOfPage\":{\"@id\":\"https:\/\/www.wanarun.net\/blog\/maxi-race-maxi-trail-39167.html#primaryimage\"},\"datePublished\":\"2014-06-14T07:41:58+00:00\",\"dateModified\":\"2014-06-14T07:41:58+00:00\",\"description\":\"Lorsque je me suis inscrit sur la XL-Race (la Maxi-Race sur deux jours) nous \u00e9tions en d\u00e9cembre 2013. Je sortais de la clinique apr\u00e8s une deuxi\u00e8me crise\",\"breadcrumb\":{\"@id\":\"https:\/\/www.wanarun.net\/blog\/maxi-race-maxi-trail-39167.html#breadcrumb\"},\"inLanguage\":\"fr-FR\",\"potentialAction\":[{\"@type\":\"ReadAction\",\"target\":[\"https:\/\/www.wanarun.net\/blog\/maxi-race-maxi-trail-39167.html\"]}]},{\"@type\":\"BreadcrumbList\",\"@id\":\"https:\/\/www.wanarun.net\/blog\/maxi-race-maxi-trail-39167.html#breadcrumb\",\"itemListElement\":[{\"@type\":\"ListItem\",\"position\":1,\"name\":\"La Maxi Race : un maxi trail !\"}]},{\"@type\":\"Article\",\"@id\":\"https:\/\/www.wanarun.net\/blog\/maxi-race-maxi-trail-39167.html#article\",\"isPartOf\":{\"@id\":\"https:\/\/www.wanarun.net\/blog\/maxi-race-maxi-trail-39167.html#webpage\"},\"author\":{\"@id\":\"https:\/\/www.wanarun.net\/blog\/#\/schema\/person\/9c652272e54781c67072549fab29efea\"},\"headline\":\"La Maxi Race : un maxi trail !\",\"datePublished\":\"2014-06-14T07:41:58+00:00\",\"dateModified\":\"2014-06-14T07:41:58+00:00\",\"mainEntityOfPage\":{\"@id\":\"https:\/\/www.wanarun.net\/blog\/maxi-race-maxi-trail-39167.html#webpage\"},\"wordCount\":741,\"commentCount\":0,\"publisher\":{\"@id\":\"https:\/\/www.wanarun.net\/blog\/#organization\"},\"image\":{\"@id\":\"https:\/\/www.wanarun.net\/blog\/maxi-race-maxi-trail-39167.html#primaryimage\"},\"thumbnailUrl\":\"https:\/\/www.wanarun.net\/blog\/wp-content\/uploads\/2014\/06\/maxi-race-wanarun-001.jpg\",\"keywords\":[\"Annecy\"],\"articleSection\":[\"R\u00e9cits de course\"],\"inLanguage\":\"fr-FR\",\"potentialAction\":[{\"@type\":\"CommentAction\",\"name\":\"Comment\",\"target\":[\"https:\/\/www.wanarun.net\/blog\/maxi-race-maxi-trail-39167.html#respond\"]}]},{\"@type\":\"Person\",\"@id\":\"https:\/\/www.wanarun.net\/blog\/#\/schema\/person\/9c652272e54781c67072549fab29efea\",\"name\":\"Vincent\",\"image\":{\"@type\":\"ImageObject\",\"inLanguage\":\"fr-FR\",\"@id\":\"https:\/\/www.wanarun.net\/blog\/#\/schema\/person\/image\/\",\"url\":\"https:\/\/secure.gravatar.com\/avatar\/0cb3c1a4d350c7c55a794e44667e2830?s=96&d=mm&r=g\",\"contentUrl\":\"https:\/\/secure.gravatar.com\/avatar\/0cb3c1a4d350c7c55a794e44667e2830?s=96&d=mm&r=g\",\"caption\":\"Vincent\"},\"sameAs\":[\"http:\/\/www.les4bellais.fr\"],\"url\":\"https:\/\/www.wanarun.net\/blog\/author\/vincent\"}]}<\/script>\n<!-- \/ Yoast SEO plugin. -->","yoast_head_json":{"title":"La Maxi Race : un maxi trail !","description":"Lorsque je me suis inscrit sur la XL-Race (la Maxi-Race sur deux jours) nous \u00e9tions en d\u00e9cembre 2013. Je sortais de la clinique apr\u00e8s une deuxi\u00e8me crise","robots":{"index":"index","follow":"follow","max-snippet":"max-snippet:-1","max-image-preview":"max-image-preview:large","max-video-preview":"max-video-preview:-1"},"canonical":"https:\/\/www.wanarun.net\/blog\/maxi-race-maxi-trail-39167.html","og_locale":"fr_FR","og_type":"article","og_title":"La Maxi Race : un maxi trail !","og_description":"Lorsque je me suis inscrit sur la XL-Race (la Maxi-Race sur deux jours) nous \u00e9tions en d\u00e9cembre 2013. Je sortais de la clinique apr\u00e8s une deuxi\u00e8me crise","og_url":"https:\/\/www.wanarun.net\/blog\/maxi-race-maxi-trail-39167.html","og_site_name":"Wanarun, le blog du running, du trail et de la course \u00e0 pied","article_publisher":"https:\/\/www.facebook.com\/wanarun\/","article_published_time":"2014-06-14T07:41:58+00:00","og_image":[{"width":1024,"height":576,"url":"https:\/\/www.wanarun.net\/blog\/wp-content\/uploads\/2014\/06\/maxi-race-wanarun-001.jpg","type":"image\/jpeg"}],"twitter_misc":{"\u00c9crit par":"Vincent","Dur\u00e9e de lecture estim\u00e9e":"4 minutes"},"schema":{"@context":"https:\/\/schema.org","@graph":[{"@type":"Organization","@id":"https:\/\/www.wanarun.net\/blog\/#organization","name":"Wanarun","url":"https:\/\/www.wanarun.net\/blog\/","sameAs":["https:\/\/www.instagram.com\/wanarunnet\/","https:\/\/www.youtube.com\/user\/wanarunnet","https:\/\/www.facebook.com\/wanarun\/","https:\/\/twitter.com\/wanarun"],"logo":{"@type":"ImageObject","inLanguage":"fr-FR","@id":"https:\/\/www.wanarun.net\/blog\/#\/schema\/logo\/image\/","url":"https:\/\/www.wanarun.net\/blog\/wp-content\/uploads\/2018\/03\/logo-wanarun.jpg","contentUrl":"https:\/\/www.wanarun.net\/blog\/wp-content\/uploads\/2018\/03\/logo-wanarun.jpg","width":1196,"height":1082,"caption":"Wanarun"},"image":{"@id":"https:\/\/www.wanarun.net\/blog\/#\/schema\/logo\/image\/"}},{"@type":"WebSite","@id":"https:\/\/www.wanarun.net\/blog\/#website","url":"https:\/\/www.wanarun.net\/blog\/","name":"Wanarun, le blog du running, du trail et de la course \u00e0 pied","description":"Informations, remarques, avis, conseils sur la course \u00e0 pied.","publisher":{"@id":"https:\/\/www.wanarun.net\/blog\/#organization"},"potentialAction":[{"@type":"SearchAction","target":{"@type":"EntryPoint","urlTemplate":"https:\/\/www.wanarun.net\/blog\/?s={search_term_string}"},"query-input":"required name=search_term_string"}],"inLanguage":"fr-FR"},{"@type":"ImageObject","inLanguage":"fr-FR","@id":"https:\/\/www.wanarun.net\/blog\/maxi-race-maxi-trail-39167.html#primaryimage","url":"https:\/\/www.wanarun.net\/blog\/wp-content\/uploads\/2014\/06\/maxi-race-wanarun-001.jpg","contentUrl":"https:\/\/www.wanarun.net\/blog\/wp-content\/uploads\/2014\/06\/maxi-race-wanarun-001.jpg","width":1024,"height":576},{"@type":"WebPage","@id":"https:\/\/www.wanarun.net\/blog\/maxi-race-maxi-trail-39167.html#webpage","url":"https:\/\/www.wanarun.net\/blog\/maxi-race-maxi-trail-39167.html","name":"La Maxi Race : un maxi trail !","isPartOf":{"@id":"https:\/\/www.wanarun.net\/blog\/#website"},"primaryImageOfPage":{"@id":"https:\/\/www.wanarun.net\/blog\/maxi-race-maxi-trail-39167.html#primaryimage"},"datePublished":"2014-06-14T07:41:58+00:00","dateModified":"2014-06-14T07:41:58+00:00","description":"Lorsque je me suis inscrit sur la XL-Race (la Maxi-Race sur deux jours) nous \u00e9tions en d\u00e9cembre 2013. Je sortais de la clinique apr\u00e8s une deuxi\u00e8me crise","breadcrumb":{"@id":"https:\/\/www.wanarun.net\/blog\/maxi-race-maxi-trail-39167.html#breadcrumb"},"inLanguage":"fr-FR","potentialAction":[{"@type":"ReadAction","target":["https:\/\/www.wanarun.net\/blog\/maxi-race-maxi-trail-39167.html"]}]},{"@type":"BreadcrumbList","@id":"https:\/\/www.wanarun.net\/blog\/maxi-race-maxi-trail-39167.html#breadcrumb","itemListElement":[{"@type":"ListItem","position":1,"name":"La Maxi Race : un maxi trail !"}]},{"@type":"Article","@id":"https:\/\/www.wanarun.net\/blog\/maxi-race-maxi-trail-39167.html#article","isPartOf":{"@id":"https:\/\/www.wanarun.net\/blog\/maxi-race-maxi-trail-39167.html#webpage"},"author":{"@id":"https:\/\/www.wanarun.net\/blog\/#\/schema\/person\/9c652272e54781c67072549fab29efea"},"headline":"La Maxi Race : un maxi trail !","datePublished":"2014-06-14T07:41:58+00:00","dateModified":"2014-06-14T07:41:58+00:00","mainEntityOfPage":{"@id":"https:\/\/www.wanarun.net\/blog\/maxi-race-maxi-trail-39167.html#webpage"},"wordCount":741,"commentCount":0,"publisher":{"@id":"https:\/\/www.wanarun.net\/blog\/#organization"},"image":{"@id":"https:\/\/www.wanarun.net\/blog\/maxi-race-maxi-trail-39167.html#primaryimage"},"thumbnailUrl":"https:\/\/www.wanarun.net\/blog\/wp-content\/uploads\/2014\/06\/maxi-race-wanarun-001.jpg","keywords":["Annecy"],"articleSection":["R\u00e9cits de course"],"inLanguage":"fr-FR","potentialAction":[{"@type":"CommentAction","name":"Comment","target":["https:\/\/www.wanarun.net\/blog\/maxi-race-maxi-trail-39167.html#respond"]}]},{"@type":"Person","@id":"https:\/\/www.wanarun.net\/blog\/#\/schema\/person\/9c652272e54781c67072549fab29efea","name":"Vincent","image":{"@type":"ImageObject","inLanguage":"fr-FR","@id":"https:\/\/www.wanarun.net\/blog\/#\/schema\/person\/image\/","url":"https:\/\/secure.gravatar.com\/avatar\/0cb3c1a4d350c7c55a794e44667e2830?s=96&d=mm&r=g","contentUrl":"https:\/\/secure.gravatar.com\/avatar\/0cb3c1a4d350c7c55a794e44667e2830?s=96&d=mm&r=g","caption":"Vincent"},"sameAs":["http:\/\/www.les4bellais.fr"],"url":"https:\/\/www.wanarun.net\/blog\/author\/vincent"}]}},"_links":{"self":[{"href":"https:\/\/www.wanarun.net\/blog\/wp-json\/wp\/v2\/posts\/39167"}],"collection":[{"href":"https:\/\/www.wanarun.net\/blog\/wp-json\/wp\/v2\/posts"}],"about":[{"href":"https:\/\/www.wanarun.net\/blog\/wp-json\/wp\/v2\/types\/post"}],"author":[{"embeddable":true,"href":"https:\/\/www.wanarun.net\/blog\/wp-json\/wp\/v2\/users\/18"}],"replies":[{"embeddable":true,"href":"https:\/\/www.wanarun.net\/blog\/wp-json\/wp\/v2\/comments?post=39167"}],"version-history":[{"count":7,"href":"https:\/\/www.wanarun.net\/blog\/wp-json\/wp\/v2\/posts\/39167\/revisions"}],"predecessor-version":[{"id":39183,"href":"https:\/\/www.wanarun.net\/blog\/wp-json\/wp\/v2\/posts\/39167\/revisions\/39183"}],"wp:featuredmedia":[{"embeddable":true,"href":"https:\/\/www.wanarun.net\/blog\/wp-json\/wp\/v2\/media\/39169"}],"wp:attachment":[{"href":"https:\/\/www.wanarun.net\/blog\/wp-json\/wp\/v2\/media?parent=39167"}],"wp:term":[{"taxonomy":"category","embeddable":true,"href":"https:\/\/www.wanarun.net\/blog\/wp-json\/wp\/v2\/categories?post=39167"},{"taxonomy":"post_tag","embeddable":true,"href":"https:\/\/www.wanarun.net\/blog\/wp-json\/wp\/v2\/tags?post=39167"}],"curies":[{"name":"wp","href":"https:\/\/api.w.org\/{rel}","templated":true}]}}