{"id":38670,"date":"2014-05-20T18:06:01","date_gmt":"2014-05-20T17:06:01","guid":{"rendered":"http:\/\/www.wanarun.net\/blog\/?p=38670"},"modified":"2014-05-20T18:43:55","modified_gmt":"2014-05-20T17:43:55","slug":"nuit-lucioles-documentaire","status":"publish","type":"post","link":"https:\/\/www.wanarun.net\/blog\/nuit-lucioles-documentaire-38670.html","title":{"rendered":"La nuit des lucioles &#8211; Le documentaire sur la Saint\u00e9lyon 2013"},"content":{"rendered":"<p>Cela fait presque un an que l&rsquo;histoire a commenc\u00e9, l&rsquo;id\u00e9e de faire un reportage sur la doyenne des courses : La Saint\u00e9lyon 2013, ann\u00e9e de la soixanti\u00e8me \u00e9dition. Frank et Th\u00e9o me soumettent l&rsquo;id\u00e9e et le budget. Un budget minimum si l&rsquo;on consid\u00e8re le travail qu&rsquo;il y aura : sc\u00e9nario, mat\u00e9riel, \u00e9quipes, montage,&#8230; Tout le monde est motiv\u00e9, je d\u00e9cide d&rsquo;assumer enti\u00e8rement avec ma petite soci\u00e9t\u00e9 l&rsquo;int\u00e9gralit\u00e9 des charges de production,\u00a0 je ne peux pas refuser cette proposition. Th\u00e9o prend son r\u00f4le de r\u00e9alisateur et moi le r\u00f4le de producteur. Il nous faut absolument les accr\u00e9ditations n\u00e9cessaires pour acc\u00e9der au point cl\u00e9 de la course et faire des belles images. L&rsquo;agence de presse InfoCimes (Anne G\u00e9ry et Morgane Raylat) accueille le projet avec beaucoup d&rsquo;enthousiasme. Nous d\u00e9cidons m\u00eame de partager les rushs avec l&rsquo;\u00e9quipe de production de l&rsquo;organisation et France 3. Le planning, le sc\u00e9nario tout est pr\u00eat pour le grand jour.<\/p>\n<p>Pendant ce temps, j&rsquo;essaye de prendre des contacts aupr\u00e8s des diffuseurs mais les portes se ferment (enfin je devrais m\u00eame dire qu&rsquo;elles ne s&rsquo;ouvrent pas). Effectivement ce n&rsquo;est peut \u00eatre pas le finale de la champions league ou de la coupe du monde&#8230; Malgr\u00e9 des contacts plus que s\u00e9rieux, rien n\u2019aboutit&#8230; J&rsquo;envisage de diffuser le reportage en VOD pour essayer de compenser les co\u00fbts de production comme une porte de sortie.<\/p>\n<p>Le tournage se passe tr\u00e8s bien. Th\u00e9o et son \u00e9quipe ont fait un super travail sur place et les \u00e9changes de rushs se sont bien pass\u00e9s.<\/p>\n<p>Pendant que Th\u00e9o travaille sur le montage, je continue ma recherche d&rsquo;un diffuseur, les contacts semblent \u00eatre les bons mais cela ne donne rien&#8230; visiblement le trail, la course de nuit, cela ne parle \u00e0 personne&#8230;<\/p>\n<p>Th\u00e9o m&rsquo;envoie la vid\u00e9o au d\u00e9but du mois d&rsquo;avril, je suis tr\u00e8s content du r\u00e9sultat et je me laisse encore un peu de temps pour voir si un contact se concr\u00e9tise&#8230; je pourrais m\u00eame leur donner un lien pour visualiser le documentaire de 13 minutes (un format adapt\u00e9 \u00e0 la t\u00e9l\u00e9vision). D\u00e9but mai, toujours rien&#8230; Cette nuit en plein milieu d&rsquo;un insomnie, je d\u00e9cide de diffuser le reportage publiquement sur youtube. Peu importe si la production est une pure perte. Nous avons mont\u00e9 ce projet par passion et le but n&rsquo;\u00e9tait pas de devenir millionnaire juste de rentrer dans nos frais. Peu importe le r\u00e9sultat financier de ce projet, nous l&rsquo;avons avec conviction et envie. Nous trouvons que le r\u00e9sultat est beau et nous avons juste envie de le partager avec le plus grand nombre.<\/p>\n<p>Nous profitons de ce sujet sur la Saint\u00e9lyon pour apporter notre soutien \u00e0 <a href=\"http:\/\/www.extropied.com\/comment-vie-bascule-1er-avril-du-cote-mauvaise-blague\/\">Michel Sorine<\/a> (<a href=\"https:\/\/www.wanarun.net\/blog\/edition-de-la-saintelyon-2012-26444.html\">organisateur de la Saint\u00e9lyon<\/a>) suite \u00e0 son grave accident. En esp\u00e9rant que ce reportage saura mettre en valeur cette superbe course.<\/p>\n<h2>Maintenant c&rsquo;est \u00e0 vous de jouer<\/h2>\n<p>Faites savoir aux diffuseurs, que vous ne seriez pas contre un petit reportage de temps en temps sur le trail sans verser dans la caricature du coureur d&rsquo;ultra. <strong>Si il vous plait n&rsquo;h\u00e9sitez pas \u00e0 le faire conna\u00eetre.<\/strong><\/p>\n<p><iframe loading=\"lazy\" src=\"\/\/www.youtube.com\/embed\/XHFlIZANbsU\" width=\"620\" height=\"465\" frameborder=\"0\" allowfullscreen=\"allowfullscreen\"><\/iframe><\/p>\n","protected":false},"excerpt":{"rendered":"<a href=\"https:\/\/www.wanarun.net\/blog\/nuit-lucioles-documentaire-38670.html\"><img width=\"150\" height=\"150\" src=\"https:\/\/www.wanarun.net\/blog\/wp-content\/uploads\/2014\/05\/la-nuit-des-lucioles-saintelyon-2013-150x150.png\" class=\"alignleft tfe wp-post-image\" alt=\"\" loading=\"lazy\" srcset=\"https:\/\/www.wanarun.net\/blog\/wp-content\/uploads\/2014\/05\/la-nuit-des-lucioles-saintelyon-2013-150x150.png 150w, https:\/\/www.wanarun.net\/blog\/wp-content\/uploads\/2014\/05\/la-nuit-des-lucioles-saintelyon-2013-100x100.png 100w\" sizes=\"(max-width: 150px) 100vw, 150px\" \/><\/a><p>Cela fait presque un an que l&rsquo;histoire a commenc\u00e9, l&rsquo;id\u00e9e de faire un reportage sur la doyenne des courses : La Saint\u00e9lyon 2013, ann\u00e9e de la soixanti\u00e8me \u00e9dition. Frank et Th\u00e9o me soumettent l&rsquo;id\u00e9e et le budget. Un budget minimum si l&rsquo;on consid\u00e8re le travail qu&rsquo;il y aura : sc\u00e9nario, mat\u00e9riel, \u00e9quipes, montage,&#8230; Tout le [&hellip;]<\/p>\n","protected":false},"author":1,"featured_media":38678,"comment_status":"open","ping_status":"open","sticky":false,"template":"","format":"standard","meta":[],"categories":[5],"tags":[],"yoast_head":"<!-- This site is optimized with the Yoast SEO plugin v18.9 - https:\/\/yoast.com\/wordpress\/plugins\/seo\/ -->\n<title>La nuit des lucioles - Le documentaire sur la Saint\u00e9lyon 2013<\/title>\n<meta name=\"description\" content=\"Cela fait presque un an que l&#039;histoire a commenc\u00e9, l&#039;id\u00e9e de faire un reportage sur la doyenne des courses : La Saint\u00e9lyon 2013, ann\u00e9e de la soixanti\u00e8me\" \/>\n<meta name=\"robots\" content=\"index, follow, max-snippet:-1, max-image-preview:large, max-video-preview:-1\" \/>\n<link rel=\"canonical\" href=\"https:\/\/www.wanarun.net\/blog\/nuit-lucioles-documentaire-38670.html\" \/>\n<meta property=\"og:locale\" content=\"fr_FR\" \/>\n<meta property=\"og:type\" content=\"article\" \/>\n<meta property=\"og:title\" content=\"La nuit des lucioles - Le documentaire sur la Saint\u00e9lyon 2013\" \/>\n<meta property=\"og:description\" content=\"Cela fait presque un an que l&#039;histoire a commenc\u00e9, l&#039;id\u00e9e de faire un reportage sur la doyenne des courses : La Saint\u00e9lyon 2013, ann\u00e9e de la soixanti\u00e8me\" \/>\n<meta property=\"og:url\" content=\"https:\/\/www.wanarun.net\/blog\/nuit-lucioles-documentaire-38670.html\" \/>\n<meta property=\"og:site_name\" content=\"Wanarun, le blog du running, du trail et de la course \u00e0 pied\" \/>\n<meta property=\"article:publisher\" content=\"https:\/\/www.facebook.com\/wanarun\/\" \/>\n<meta property=\"article:published_time\" content=\"2014-05-20T17:06:01+00:00\" \/>\n<meta property=\"article:modified_time\" content=\"2014-05-20T17:43:55+00:00\" \/>\n<meta property=\"og:image\" content=\"https:\/\/www.wanarun.net\/blog\/wp-content\/uploads\/2014\/05\/la-nuit-des-lucioles-saintelyon-2013.png\" \/>\n\t<meta property=\"og:image:width\" content=\"800\" \/>\n\t<meta property=\"og:image:height\" content=\"449\" \/>\n\t<meta property=\"og:image:type\" content=\"image\/png\" \/>\n<meta name=\"twitter:label1\" content=\"\u00c9crit par\" \/>\n\t<meta name=\"twitter:data1\" content=\"Manu\" \/>\n\t<meta name=\"twitter:label2\" content=\"Dur\u00e9e de lecture estim\u00e9e\" \/>\n\t<meta name=\"twitter:data2\" content=\"3 minutes\" \/>\n<script type=\"application\/ld+json\" class=\"yoast-schema-graph\">{\"@context\":\"https:\/\/schema.org\",\"@graph\":[{\"@type\":\"Organization\",\"@id\":\"https:\/\/www.wanarun.net\/blog\/#organization\",\"name\":\"Wanarun\",\"url\":\"https:\/\/www.wanarun.net\/blog\/\",\"sameAs\":[\"https:\/\/www.instagram.com\/wanarunnet\/\",\"https:\/\/www.youtube.com\/user\/wanarunnet\",\"https:\/\/www.facebook.com\/wanarun\/\",\"https:\/\/twitter.com\/wanarun\"],\"logo\":{\"@type\":\"ImageObject\",\"inLanguage\":\"fr-FR\",\"@id\":\"https:\/\/www.wanarun.net\/blog\/#\/schema\/logo\/image\/\",\"url\":\"https:\/\/www.wanarun.net\/blog\/wp-content\/uploads\/2018\/03\/logo-wanarun.jpg\",\"contentUrl\":\"https:\/\/www.wanarun.net\/blog\/wp-content\/uploads\/2018\/03\/logo-wanarun.jpg\",\"width\":1196,\"height\":1082,\"caption\":\"Wanarun\"},\"image\":{\"@id\":\"https:\/\/www.wanarun.net\/blog\/#\/schema\/logo\/image\/\"}},{\"@type\":\"WebSite\",\"@id\":\"https:\/\/www.wanarun.net\/blog\/#website\",\"url\":\"https:\/\/www.wanarun.net\/blog\/\",\"name\":\"Wanarun, le blog du running, du trail et de la course \u00e0 pied\",\"description\":\"Informations, remarques, avis, conseils sur la course \u00e0 pied.\",\"publisher\":{\"@id\":\"https:\/\/www.wanarun.net\/blog\/#organization\"},\"potentialAction\":[{\"@type\":\"SearchAction\",\"target\":{\"@type\":\"EntryPoint\",\"urlTemplate\":\"https:\/\/www.wanarun.net\/blog\/?s={search_term_string}\"},\"query-input\":\"required name=search_term_string\"}],\"inLanguage\":\"fr-FR\"},{\"@type\":\"ImageObject\",\"inLanguage\":\"fr-FR\",\"@id\":\"https:\/\/www.wanarun.net\/blog\/nuit-lucioles-documentaire-38670.html#primaryimage\",\"url\":\"https:\/\/www.wanarun.net\/blog\/wp-content\/uploads\/2014\/05\/la-nuit-des-lucioles-saintelyon-2013.png\",\"contentUrl\":\"https:\/\/www.wanarun.net\/blog\/wp-content\/uploads\/2014\/05\/la-nuit-des-lucioles-saintelyon-2013.png\",\"width\":800,\"height\":449},{\"@type\":\"WebPage\",\"@id\":\"https:\/\/www.wanarun.net\/blog\/nuit-lucioles-documentaire-38670.html#webpage\",\"url\":\"https:\/\/www.wanarun.net\/blog\/nuit-lucioles-documentaire-38670.html\",\"name\":\"La nuit des lucioles - Le documentaire sur la Saint\u00e9lyon 2013\",\"isPartOf\":{\"@id\":\"https:\/\/www.wanarun.net\/blog\/#website\"},\"primaryImageOfPage\":{\"@id\":\"https:\/\/www.wanarun.net\/blog\/nuit-lucioles-documentaire-38670.html#primaryimage\"},\"datePublished\":\"2014-05-20T17:06:01+00:00\",\"dateModified\":\"2014-05-20T17:43:55+00:00\",\"description\":\"Cela fait presque un an que l'histoire a commenc\u00e9, l'id\u00e9e de faire un reportage sur la doyenne des courses : La Saint\u00e9lyon 2013, ann\u00e9e de la soixanti\u00e8me\",\"breadcrumb\":{\"@id\":\"https:\/\/www.wanarun.net\/blog\/nuit-lucioles-documentaire-38670.html#breadcrumb\"},\"inLanguage\":\"fr-FR\",\"potentialAction\":[{\"@type\":\"ReadAction\",\"target\":[\"https:\/\/www.wanarun.net\/blog\/nuit-lucioles-documentaire-38670.html\"]}]},{\"@type\":\"BreadcrumbList\",\"@id\":\"https:\/\/www.wanarun.net\/blog\/nuit-lucioles-documentaire-38670.html#breadcrumb\",\"itemListElement\":[{\"@type\":\"ListItem\",\"position\":1,\"name\":\"La nuit des lucioles &#8211; Le documentaire sur la Saint\u00e9lyon 2013\"}]},{\"@type\":\"Article\",\"@id\":\"https:\/\/www.wanarun.net\/blog\/nuit-lucioles-documentaire-38670.html#article\",\"isPartOf\":{\"@id\":\"https:\/\/www.wanarun.net\/blog\/nuit-lucioles-documentaire-38670.html#webpage\"},\"author\":{\"@id\":\"https:\/\/www.wanarun.net\/blog\/#\/schema\/person\/bfb3bc166306771639fdc2bc6ac79771\"},\"headline\":\"La nuit des lucioles &#8211; Le documentaire sur la Saint\u00e9lyon 2013\",\"datePublished\":\"2014-05-20T17:06:01+00:00\",\"dateModified\":\"2014-05-20T17:43:55+00:00\",\"mainEntityOfPage\":{\"@id\":\"https:\/\/www.wanarun.net\/blog\/nuit-lucioles-documentaire-38670.html#webpage\"},\"wordCount\":554,\"commentCount\":4,\"publisher\":{\"@id\":\"https:\/\/www.wanarun.net\/blog\/#organization\"},\"image\":{\"@id\":\"https:\/\/www.wanarun.net\/blog\/nuit-lucioles-documentaire-38670.html#primaryimage\"},\"thumbnailUrl\":\"https:\/\/www.wanarun.net\/blog\/wp-content\/uploads\/2014\/05\/la-nuit-des-lucioles-saintelyon-2013.png\",\"articleSection\":[\"Vid\u00e9os\"],\"inLanguage\":\"fr-FR\",\"potentialAction\":[{\"@type\":\"CommentAction\",\"name\":\"Comment\",\"target\":[\"https:\/\/www.wanarun.net\/blog\/nuit-lucioles-documentaire-38670.html#respond\"]}]},{\"@type\":\"Person\",\"@id\":\"https:\/\/www.wanarun.net\/blog\/#\/schema\/person\/bfb3bc166306771639fdc2bc6ac79771\",\"name\":\"Manu\",\"image\":{\"@type\":\"ImageObject\",\"inLanguage\":\"fr-FR\",\"@id\":\"https:\/\/www.wanarun.net\/blog\/#\/schema\/person\/image\/\",\"url\":\"https:\/\/secure.gravatar.com\/avatar\/717b7c28298e2900c61bceb611a4918a?s=96&d=mm&r=g\",\"contentUrl\":\"https:\/\/secure.gravatar.com\/avatar\/717b7c28298e2900c61bceb611a4918a?s=96&d=mm&r=g\",\"caption\":\"Manu\"},\"sameAs\":[\"https:\/\/www.wanarun.net\"],\"url\":\"https:\/\/www.wanarun.net\/blog\/author\/admin\"}]}<\/script>\n<!-- \/ Yoast SEO plugin. -->","yoast_head_json":{"title":"La nuit des lucioles - Le documentaire sur la Saint\u00e9lyon 2013","description":"Cela fait presque un an que l'histoire a commenc\u00e9, l'id\u00e9e de faire un reportage sur la doyenne des courses : La Saint\u00e9lyon 2013, ann\u00e9e de la soixanti\u00e8me","robots":{"index":"index","follow":"follow","max-snippet":"max-snippet:-1","max-image-preview":"max-image-preview:large","max-video-preview":"max-video-preview:-1"},"canonical":"https:\/\/www.wanarun.net\/blog\/nuit-lucioles-documentaire-38670.html","og_locale":"fr_FR","og_type":"article","og_title":"La nuit des lucioles - Le documentaire sur la Saint\u00e9lyon 2013","og_description":"Cela fait presque un an que l'histoire a commenc\u00e9, l'id\u00e9e de faire un reportage sur la doyenne des courses : La Saint\u00e9lyon 2013, ann\u00e9e de la soixanti\u00e8me","og_url":"https:\/\/www.wanarun.net\/blog\/nuit-lucioles-documentaire-38670.html","og_site_name":"Wanarun, le blog du running, du trail et de la course \u00e0 pied","article_publisher":"https:\/\/www.facebook.com\/wanarun\/","article_published_time":"2014-05-20T17:06:01+00:00","article_modified_time":"2014-05-20T17:43:55+00:00","og_image":[{"width":800,"height":449,"url":"https:\/\/www.wanarun.net\/blog\/wp-content\/uploads\/2014\/05\/la-nuit-des-lucioles-saintelyon-2013.png","type":"image\/png"}],"twitter_misc":{"\u00c9crit par":"Manu","Dur\u00e9e de lecture estim\u00e9e":"3 minutes"},"schema":{"@context":"https:\/\/schema.org","@graph":[{"@type":"Organization","@id":"https:\/\/www.wanarun.net\/blog\/#organization","name":"Wanarun","url":"https:\/\/www.wanarun.net\/blog\/","sameAs":["https:\/\/www.instagram.com\/wanarunnet\/","https:\/\/www.youtube.com\/user\/wanarunnet","https:\/\/www.facebook.com\/wanarun\/","https:\/\/twitter.com\/wanarun"],"logo":{"@type":"ImageObject","inLanguage":"fr-FR","@id":"https:\/\/www.wanarun.net\/blog\/#\/schema\/logo\/image\/","url":"https:\/\/www.wanarun.net\/blog\/wp-content\/uploads\/2018\/03\/logo-wanarun.jpg","contentUrl":"https:\/\/www.wanarun.net\/blog\/wp-content\/uploads\/2018\/03\/logo-wanarun.jpg","width":1196,"height":1082,"caption":"Wanarun"},"image":{"@id":"https:\/\/www.wanarun.net\/blog\/#\/schema\/logo\/image\/"}},{"@type":"WebSite","@id":"https:\/\/www.wanarun.net\/blog\/#website","url":"https:\/\/www.wanarun.net\/blog\/","name":"Wanarun, le blog du running, du trail et de la course \u00e0 pied","description":"Informations, remarques, avis, conseils sur la course \u00e0 pied.","publisher":{"@id":"https:\/\/www.wanarun.net\/blog\/#organization"},"potentialAction":[{"@type":"SearchAction","target":{"@type":"EntryPoint","urlTemplate":"https:\/\/www.wanarun.net\/blog\/?s={search_term_string}"},"query-input":"required name=search_term_string"}],"inLanguage":"fr-FR"},{"@type":"ImageObject","inLanguage":"fr-FR","@id":"https:\/\/www.wanarun.net\/blog\/nuit-lucioles-documentaire-38670.html#primaryimage","url":"https:\/\/www.wanarun.net\/blog\/wp-content\/uploads\/2014\/05\/la-nuit-des-lucioles-saintelyon-2013.png","contentUrl":"https:\/\/www.wanarun.net\/blog\/wp-content\/uploads\/2014\/05\/la-nuit-des-lucioles-saintelyon-2013.png","width":800,"height":449},{"@type":"WebPage","@id":"https:\/\/www.wanarun.net\/blog\/nuit-lucioles-documentaire-38670.html#webpage","url":"https:\/\/www.wanarun.net\/blog\/nuit-lucioles-documentaire-38670.html","name":"La nuit des lucioles - Le documentaire sur la Saint\u00e9lyon 2013","isPartOf":{"@id":"https:\/\/www.wanarun.net\/blog\/#website"},"primaryImageOfPage":{"@id":"https:\/\/www.wanarun.net\/blog\/nuit-lucioles-documentaire-38670.html#primaryimage"},"datePublished":"2014-05-20T17:06:01+00:00","dateModified":"2014-05-20T17:43:55+00:00","description":"Cela fait presque un an que l'histoire a commenc\u00e9, l'id\u00e9e de faire un reportage sur la doyenne des courses : La Saint\u00e9lyon 2013, ann\u00e9e de la soixanti\u00e8me","breadcrumb":{"@id":"https:\/\/www.wanarun.net\/blog\/nuit-lucioles-documentaire-38670.html#breadcrumb"},"inLanguage":"fr-FR","potentialAction":[{"@type":"ReadAction","target":["https:\/\/www.wanarun.net\/blog\/nuit-lucioles-documentaire-38670.html"]}]},{"@type":"BreadcrumbList","@id":"https:\/\/www.wanarun.net\/blog\/nuit-lucioles-documentaire-38670.html#breadcrumb","itemListElement":[{"@type":"ListItem","position":1,"name":"La nuit des lucioles &#8211; Le documentaire sur la Saint\u00e9lyon 2013"}]},{"@type":"Article","@id":"https:\/\/www.wanarun.net\/blog\/nuit-lucioles-documentaire-38670.html#article","isPartOf":{"@id":"https:\/\/www.wanarun.net\/blog\/nuit-lucioles-documentaire-38670.html#webpage"},"author":{"@id":"https:\/\/www.wanarun.net\/blog\/#\/schema\/person\/bfb3bc166306771639fdc2bc6ac79771"},"headline":"La nuit des lucioles &#8211; Le documentaire sur la Saint\u00e9lyon 2013","datePublished":"2014-05-20T17:06:01+00:00","dateModified":"2014-05-20T17:43:55+00:00","mainEntityOfPage":{"@id":"https:\/\/www.wanarun.net\/blog\/nuit-lucioles-documentaire-38670.html#webpage"},"wordCount":554,"commentCount":4,"publisher":{"@id":"https:\/\/www.wanarun.net\/blog\/#organization"},"image":{"@id":"https:\/\/www.wanarun.net\/blog\/nuit-lucioles-documentaire-38670.html#primaryimage"},"thumbnailUrl":"https:\/\/www.wanarun.net\/blog\/wp-content\/uploads\/2014\/05\/la-nuit-des-lucioles-saintelyon-2013.png","articleSection":["Vid\u00e9os"],"inLanguage":"fr-FR","potentialAction":[{"@type":"CommentAction","name":"Comment","target":["https:\/\/www.wanarun.net\/blog\/nuit-lucioles-documentaire-38670.html#respond"]}]},{"@type":"Person","@id":"https:\/\/www.wanarun.net\/blog\/#\/schema\/person\/bfb3bc166306771639fdc2bc6ac79771","name":"Manu","image":{"@type":"ImageObject","inLanguage":"fr-FR","@id":"https:\/\/www.wanarun.net\/blog\/#\/schema\/person\/image\/","url":"https:\/\/secure.gravatar.com\/avatar\/717b7c28298e2900c61bceb611a4918a?s=96&d=mm&r=g","contentUrl":"https:\/\/secure.gravatar.com\/avatar\/717b7c28298e2900c61bceb611a4918a?s=96&d=mm&r=g","caption":"Manu"},"sameAs":["https:\/\/www.wanarun.net"],"url":"https:\/\/www.wanarun.net\/blog\/author\/admin"}]}},"_links":{"self":[{"href":"https:\/\/www.wanarun.net\/blog\/wp-json\/wp\/v2\/posts\/38670"}],"collection":[{"href":"https:\/\/www.wanarun.net\/blog\/wp-json\/wp\/v2\/posts"}],"about":[{"href":"https:\/\/www.wanarun.net\/blog\/wp-json\/wp\/v2\/types\/post"}],"author":[{"embeddable":true,"href":"https:\/\/www.wanarun.net\/blog\/wp-json\/wp\/v2\/users\/1"}],"replies":[{"embeddable":true,"href":"https:\/\/www.wanarun.net\/blog\/wp-json\/wp\/v2\/comments?post=38670"}],"version-history":[{"count":5,"href":"https:\/\/www.wanarun.net\/blog\/wp-json\/wp\/v2\/posts\/38670\/revisions"}],"predecessor-version":[{"id":38677,"href":"https:\/\/www.wanarun.net\/blog\/wp-json\/wp\/v2\/posts\/38670\/revisions\/38677"}],"wp:featuredmedia":[{"embeddable":true,"href":"https:\/\/www.wanarun.net\/blog\/wp-json\/wp\/v2\/media\/38678"}],"wp:attachment":[{"href":"https:\/\/www.wanarun.net\/blog\/wp-json\/wp\/v2\/media?parent=38670"}],"wp:term":[{"taxonomy":"category","embeddable":true,"href":"https:\/\/www.wanarun.net\/blog\/wp-json\/wp\/v2\/categories?post=38670"},{"taxonomy":"post_tag","embeddable":true,"href":"https:\/\/www.wanarun.net\/blog\/wp-json\/wp\/v2\/tags?post=38670"}],"curies":[{"name":"wp","href":"https:\/\/api.w.org\/{rel}","templated":true}]}}