{"id":37401,"date":"2014-03-18T16:39:20","date_gmt":"2014-03-18T15:39:20","guid":{"rendered":"http:\/\/www.wanarun.net\/blog\/?p=37401"},"modified":"2014-03-18T16:39:20","modified_gmt":"2014-03-18T15:39:20","slug":"mo-farah-pourra-til-tenir-son-rang","status":"publish","type":"post","link":"https:\/\/www.wanarun.net\/blog\/mo-farah-pourra-til-tenir-son-rang-37401.html","title":{"rendered":"Mo Farah pourra t&rsquo;il tenir son rang ?"},"content":{"rendered":"<p>A un mois du marathon de Londres, Mo Farah revenait d&rsquo;une longue session d&rsquo;<a href=\"\/blog\/plan-d-entrainement-comment-lire-entre-les-lignes-17508.html\"target=\"_top\" title=\"entrainement\" >entrainements<\/a> de pr\u00e8s d&rsquo;un mois avec le fran\u00e7ais Bob Tahri sur les hauts plateaux du Kenya. Au vu des s\u00e9ances d&rsquo;entrainements que les deux athl\u00e8tes se sont inflig\u00e9s, l&rsquo;objectif marathon \u00e9tait clairement en ligne de mire. Dimanche dernier, de retour du Kenya, Mo Farah s&rsquo;alignait sur le semi-marathon de <a href=\"\/blog\/marathon-de-new-york-68799.html\"target=\"_top\" title=\"Marathon de New-york\" >New-York<\/a>. En effet, une course assez logique, un semi-marathon est souvent cal\u00e9 le mois qui pr\u00e9c\u00e8de la course qui sert d&rsquo;objectif.<\/p>\n<p>Cette strat\u00e9gie permet de voir l&rsquo;\u00e9tat de forme de l&rsquo;athl\u00e8te \u00e0 quelques semaines de l&rsquo;\u00e9ch\u00e9ance. Bien s\u00fbr, le pic de forme est clairement cibl\u00e9 pour le 13 avril 2014.<\/p>\n<p>Mo Farah a r\u00e9alis\u00e9 une belle performance en terminant deuxi\u00e8me derri\u00e8re l&rsquo;un des meilleurs marathoniens du moment, Geoffrey Mutai qui boucle les 21 kilom\u00e8tres en 1 h 00 min 50 sec. Il finira avec 17 secondes de retard en 1 h 01 min 07 sec.<\/p>\n<p>Jusque l\u00e0 rien d&rsquo;exceptionnel pour le double champion olympique du 5000m \/ 10000m mais apr\u00e8s avoir pass\u00e9 la ligne, il va s&rsquo;\u00e9vanouir et <strong>rester inconscient <\/strong> pendant pr\u00e8s de 3 minutes&#8230; Plus de peur que de mal, il d\u00e9clarera quelques minutes plus tard sur Twitter que tout va bien mais qu&rsquo;il s&rsquo;est donn\u00e9 \u00e0 110% et qu&rsquo;il ne pouvait pas faire plus&#8230;<\/p>\n<p>Durant cette course, il a \u00e9galement chut\u00e9 lorsqu&rsquo;il \u00e9tait dans un peloton durant la course.<\/p>\n<p>Mo Farah \u00e9tait tr\u00e8s attendu et a r\u00e9pondu pr\u00e9sent malgr\u00e9 la chute et un \u00e9tat de fatigue tr\u00e8s avanc\u00e9 \u00e0 l&rsquo;arriv\u00e9e. Il faut donc remettre tout dans son contexte, il est encore en plein pr\u00e9paration et devrait \u00eatre en plein forme pour le <strong>marathon de Londres<\/strong>. Cependant il est tout de m\u00eame \u00e0 presque 2 minutes du record du semi-marathon de New-york en 59 min 24 sec qui est d\u00e9tenu depuis 7 ans par un certain <strong>Haile Gebreselassie<\/strong>. A quatre semaines de l&rsquo;\u00e9v\u00e9nement, il redescend des hauts plateaux kenyans apr\u00e8s une grosse charge d&rsquo;entrainement et devrait donc \u00eatre au meilleur de sa forme pour le marathon.<\/p>\n<p>Malgr\u00e9 la chute et la perte de conscience, le r\u00e9sultat est l\u00e0, le temps est l\u00e0 et tout \u00e7a avec une pression m\u00e9diatique importante.  <\/p>\n<p><iframe loading=\"lazy\" width=\"620\" height=\"349\" src=\"\/\/www.youtube.com\/embed\/KgWyRb2ZHyk\" frameborder=\"0\" allowfullscreen><\/iframe><\/p>\n","protected":false},"excerpt":{"rendered":"<a href=\"https:\/\/www.wanarun.net\/blog\/mo-farah-pourra-til-tenir-son-rang-37401.html\"><img width=\"150\" height=\"150\" src=\"https:\/\/www.wanarun.net\/blog\/wp-content\/uploads\/2014\/03\/mo-farah-coureur-britanique-150x150.png\" class=\"alignleft tfe wp-post-image\" alt=\"\" loading=\"lazy\" srcset=\"https:\/\/www.wanarun.net\/blog\/wp-content\/uploads\/2014\/03\/mo-farah-coureur-britanique-150x150.png 150w, https:\/\/www.wanarun.net\/blog\/wp-content\/uploads\/2014\/03\/mo-farah-coureur-britanique-100x100.png 100w\" sizes=\"(max-width: 150px) 100vw, 150px\" \/><\/a><p>A un mois du marathon de Londres, Mo Farah revenait d&rsquo;une longue session d&rsquo;entrainements de pr\u00e8s d&rsquo;un mois avec le fran\u00e7ais Bob Tahri sur les hauts plateaux du Kenya. Au vu des s\u00e9ances d&rsquo;entrainements que les deux athl\u00e8tes se sont inflig\u00e9s, l&rsquo;objectif marathon \u00e9tait clairement en ligne de mire. Dimanche dernier, de retour du Kenya, [&hellip;]<\/p>\n","protected":false},"author":1,"featured_media":37402,"comment_status":"open","ping_status":"open","sticky":false,"template":"","format":"standard","meta":[],"categories":[556],"tags":[],"yoast_head":"<!-- This site is optimized with the Yoast SEO plugin v18.9 - https:\/\/yoast.com\/wordpress\/plugins\/seo\/ -->\n<title>Mo Farah pourra t&#039;il tenir son rang ?<\/title>\n<meta name=\"description\" content=\"A un mois du marathon de Londres, Mo Farah revenait d&#039;une longue session d&#039;entrainements de pr\u00e8s d&#039;un mois avec le fran\u00e7ais Bob Tahri sur les hauts\" \/>\n<meta name=\"robots\" content=\"index, follow, max-snippet:-1, max-image-preview:large, max-video-preview:-1\" \/>\n<link rel=\"canonical\" href=\"https:\/\/www.wanarun.net\/blog\/mo-farah-pourra-til-tenir-son-rang-37401.html\" \/>\n<meta property=\"og:locale\" content=\"fr_FR\" \/>\n<meta property=\"og:type\" content=\"article\" \/>\n<meta property=\"og:title\" content=\"Mo Farah pourra t&#039;il tenir son rang ?\" \/>\n<meta property=\"og:description\" content=\"A un mois du marathon de Londres, Mo Farah revenait d&#039;une longue session d&#039;entrainements de pr\u00e8s d&#039;un mois avec le fran\u00e7ais Bob Tahri sur les hauts\" \/>\n<meta property=\"og:url\" content=\"https:\/\/www.wanarun.net\/blog\/mo-farah-pourra-til-tenir-son-rang-37401.html\" \/>\n<meta property=\"og:site_name\" content=\"Wanarun, le blog du running, du trail et de la course \u00e0 pied\" \/>\n<meta property=\"article:publisher\" content=\"https:\/\/www.facebook.com\/wanarun\/\" \/>\n<meta property=\"article:published_time\" content=\"2014-03-18T15:39:20+00:00\" \/>\n<meta property=\"og:image\" content=\"https:\/\/www.wanarun.net\/blog\/wp-content\/uploads\/2014\/03\/mo-farah-coureur-britanique.png\" \/>\n\t<meta property=\"og:image:width\" content=\"1886\" \/>\n\t<meta property=\"og:image:height\" content=\"972\" \/>\n\t<meta property=\"og:image:type\" content=\"image\/png\" \/>\n<meta name=\"twitter:label1\" content=\"\u00c9crit par\" \/>\n\t<meta name=\"twitter:data1\" content=\"Manu\" \/>\n\t<meta name=\"twitter:label2\" content=\"Dur\u00e9e de lecture estim\u00e9e\" \/>\n\t<meta name=\"twitter:data2\" content=\"2 minutes\" \/>\n<script type=\"application\/ld+json\" class=\"yoast-schema-graph\">{\"@context\":\"https:\/\/schema.org\",\"@graph\":[{\"@type\":\"Organization\",\"@id\":\"https:\/\/www.wanarun.net\/blog\/#organization\",\"name\":\"Wanarun\",\"url\":\"https:\/\/www.wanarun.net\/blog\/\",\"sameAs\":[\"https:\/\/www.instagram.com\/wanarunnet\/\",\"https:\/\/www.youtube.com\/user\/wanarunnet\",\"https:\/\/www.facebook.com\/wanarun\/\",\"https:\/\/twitter.com\/wanarun\"],\"logo\":{\"@type\":\"ImageObject\",\"inLanguage\":\"fr-FR\",\"@id\":\"https:\/\/www.wanarun.net\/blog\/#\/schema\/logo\/image\/\",\"url\":\"https:\/\/www.wanarun.net\/blog\/wp-content\/uploads\/2018\/03\/logo-wanarun.jpg\",\"contentUrl\":\"https:\/\/www.wanarun.net\/blog\/wp-content\/uploads\/2018\/03\/logo-wanarun.jpg\",\"width\":1196,\"height\":1082,\"caption\":\"Wanarun\"},\"image\":{\"@id\":\"https:\/\/www.wanarun.net\/blog\/#\/schema\/logo\/image\/\"}},{\"@type\":\"WebSite\",\"@id\":\"https:\/\/www.wanarun.net\/blog\/#website\",\"url\":\"https:\/\/www.wanarun.net\/blog\/\",\"name\":\"Wanarun, le blog du running, du trail et de la course \u00e0 pied\",\"description\":\"Informations, remarques, avis, conseils sur la course \u00e0 pied.\",\"publisher\":{\"@id\":\"https:\/\/www.wanarun.net\/blog\/#organization\"},\"potentialAction\":[{\"@type\":\"SearchAction\",\"target\":{\"@type\":\"EntryPoint\",\"urlTemplate\":\"https:\/\/www.wanarun.net\/blog\/?s={search_term_string}\"},\"query-input\":\"required name=search_term_string\"}],\"inLanguage\":\"fr-FR\"},{\"@type\":\"ImageObject\",\"inLanguage\":\"fr-FR\",\"@id\":\"https:\/\/www.wanarun.net\/blog\/mo-farah-pourra-til-tenir-son-rang-37401.html#primaryimage\",\"url\":\"https:\/\/www.wanarun.net\/blog\/wp-content\/uploads\/2014\/03\/mo-farah-coureur-britanique.png\",\"contentUrl\":\"https:\/\/www.wanarun.net\/blog\/wp-content\/uploads\/2014\/03\/mo-farah-coureur-britanique.png\",\"width\":1886,\"height\":972},{\"@type\":\"WebPage\",\"@id\":\"https:\/\/www.wanarun.net\/blog\/mo-farah-pourra-til-tenir-son-rang-37401.html#webpage\",\"url\":\"https:\/\/www.wanarun.net\/blog\/mo-farah-pourra-til-tenir-son-rang-37401.html\",\"name\":\"Mo Farah pourra t'il tenir son rang ?\",\"isPartOf\":{\"@id\":\"https:\/\/www.wanarun.net\/blog\/#website\"},\"primaryImageOfPage\":{\"@id\":\"https:\/\/www.wanarun.net\/blog\/mo-farah-pourra-til-tenir-son-rang-37401.html#primaryimage\"},\"datePublished\":\"2014-03-18T15:39:20+00:00\",\"dateModified\":\"2014-03-18T15:39:20+00:00\",\"description\":\"A un mois du marathon de Londres, Mo Farah revenait d'une longue session d'entrainements de pr\u00e8s d'un mois avec le fran\u00e7ais Bob Tahri sur les hauts\",\"breadcrumb\":{\"@id\":\"https:\/\/www.wanarun.net\/blog\/mo-farah-pourra-til-tenir-son-rang-37401.html#breadcrumb\"},\"inLanguage\":\"fr-FR\",\"potentialAction\":[{\"@type\":\"ReadAction\",\"target\":[\"https:\/\/www.wanarun.net\/blog\/mo-farah-pourra-til-tenir-son-rang-37401.html\"]}]},{\"@type\":\"BreadcrumbList\",\"@id\":\"https:\/\/www.wanarun.net\/blog\/mo-farah-pourra-til-tenir-son-rang-37401.html#breadcrumb\",\"itemListElement\":[{\"@type\":\"ListItem\",\"position\":1,\"name\":\"Mo Farah pourra t&rsquo;il tenir son rang ?\"}]},{\"@type\":\"Article\",\"@id\":\"https:\/\/www.wanarun.net\/blog\/mo-farah-pourra-til-tenir-son-rang-37401.html#article\",\"isPartOf\":{\"@id\":\"https:\/\/www.wanarun.net\/blog\/mo-farah-pourra-til-tenir-son-rang-37401.html#webpage\"},\"author\":{\"@id\":\"https:\/\/www.wanarun.net\/blog\/#\/schema\/person\/bfb3bc166306771639fdc2bc6ac79771\"},\"headline\":\"Mo Farah pourra t&rsquo;il tenir son rang ?\",\"datePublished\":\"2014-03-18T15:39:20+00:00\",\"dateModified\":\"2014-03-18T15:39:20+00:00\",\"mainEntityOfPage\":{\"@id\":\"https:\/\/www.wanarun.net\/blog\/mo-farah-pourra-til-tenir-son-rang-37401.html#webpage\"},\"wordCount\":383,\"commentCount\":0,\"publisher\":{\"@id\":\"https:\/\/www.wanarun.net\/blog\/#organization\"},\"image\":{\"@id\":\"https:\/\/www.wanarun.net\/blog\/mo-farah-pourra-til-tenir-son-rang-37401.html#primaryimage\"},\"thumbnailUrl\":\"https:\/\/www.wanarun.net\/blog\/wp-content\/uploads\/2014\/03\/mo-farah-coureur-britanique.png\",\"articleSection\":[\"Derni\u00e8res Minutes\"],\"inLanguage\":\"fr-FR\",\"potentialAction\":[{\"@type\":\"CommentAction\",\"name\":\"Comment\",\"target\":[\"https:\/\/www.wanarun.net\/blog\/mo-farah-pourra-til-tenir-son-rang-37401.html#respond\"]}]},{\"@type\":\"Person\",\"@id\":\"https:\/\/www.wanarun.net\/blog\/#\/schema\/person\/bfb3bc166306771639fdc2bc6ac79771\",\"name\":\"Manu\",\"image\":{\"@type\":\"ImageObject\",\"inLanguage\":\"fr-FR\",\"@id\":\"https:\/\/www.wanarun.net\/blog\/#\/schema\/person\/image\/\",\"url\":\"https:\/\/secure.gravatar.com\/avatar\/717b7c28298e2900c61bceb611a4918a?s=96&d=mm&r=g\",\"contentUrl\":\"https:\/\/secure.gravatar.com\/avatar\/717b7c28298e2900c61bceb611a4918a?s=96&d=mm&r=g\",\"caption\":\"Manu\"},\"sameAs\":[\"https:\/\/www.wanarun.net\"],\"url\":\"https:\/\/www.wanarun.net\/blog\/author\/admin\"}]}<\/script>\n<!-- \/ Yoast SEO plugin. -->","yoast_head_json":{"title":"Mo Farah pourra t'il tenir son rang ?","description":"A un mois du marathon de Londres, Mo Farah revenait d'une longue session d'entrainements de pr\u00e8s d'un mois avec le fran\u00e7ais Bob Tahri sur les hauts","robots":{"index":"index","follow":"follow","max-snippet":"max-snippet:-1","max-image-preview":"max-image-preview:large","max-video-preview":"max-video-preview:-1"},"canonical":"https:\/\/www.wanarun.net\/blog\/mo-farah-pourra-til-tenir-son-rang-37401.html","og_locale":"fr_FR","og_type":"article","og_title":"Mo Farah pourra t'il tenir son rang ?","og_description":"A un mois du marathon de Londres, Mo Farah revenait d'une longue session d'entrainements de pr\u00e8s d'un mois avec le fran\u00e7ais Bob Tahri sur les hauts","og_url":"https:\/\/www.wanarun.net\/blog\/mo-farah-pourra-til-tenir-son-rang-37401.html","og_site_name":"Wanarun, le blog du running, du trail et de la course \u00e0 pied","article_publisher":"https:\/\/www.facebook.com\/wanarun\/","article_published_time":"2014-03-18T15:39:20+00:00","og_image":[{"width":1886,"height":972,"url":"https:\/\/www.wanarun.net\/blog\/wp-content\/uploads\/2014\/03\/mo-farah-coureur-britanique.png","type":"image\/png"}],"twitter_misc":{"\u00c9crit par":"Manu","Dur\u00e9e de lecture estim\u00e9e":"2 minutes"},"schema":{"@context":"https:\/\/schema.org","@graph":[{"@type":"Organization","@id":"https:\/\/www.wanarun.net\/blog\/#organization","name":"Wanarun","url":"https:\/\/www.wanarun.net\/blog\/","sameAs":["https:\/\/www.instagram.com\/wanarunnet\/","https:\/\/www.youtube.com\/user\/wanarunnet","https:\/\/www.facebook.com\/wanarun\/","https:\/\/twitter.com\/wanarun"],"logo":{"@type":"ImageObject","inLanguage":"fr-FR","@id":"https:\/\/www.wanarun.net\/blog\/#\/schema\/logo\/image\/","url":"https:\/\/www.wanarun.net\/blog\/wp-content\/uploads\/2018\/03\/logo-wanarun.jpg","contentUrl":"https:\/\/www.wanarun.net\/blog\/wp-content\/uploads\/2018\/03\/logo-wanarun.jpg","width":1196,"height":1082,"caption":"Wanarun"},"image":{"@id":"https:\/\/www.wanarun.net\/blog\/#\/schema\/logo\/image\/"}},{"@type":"WebSite","@id":"https:\/\/www.wanarun.net\/blog\/#website","url":"https:\/\/www.wanarun.net\/blog\/","name":"Wanarun, le blog du running, du trail et de la course \u00e0 pied","description":"Informations, remarques, avis, conseils sur la course \u00e0 pied.","publisher":{"@id":"https:\/\/www.wanarun.net\/blog\/#organization"},"potentialAction":[{"@type":"SearchAction","target":{"@type":"EntryPoint","urlTemplate":"https:\/\/www.wanarun.net\/blog\/?s={search_term_string}"},"query-input":"required name=search_term_string"}],"inLanguage":"fr-FR"},{"@type":"ImageObject","inLanguage":"fr-FR","@id":"https:\/\/www.wanarun.net\/blog\/mo-farah-pourra-til-tenir-son-rang-37401.html#primaryimage","url":"https:\/\/www.wanarun.net\/blog\/wp-content\/uploads\/2014\/03\/mo-farah-coureur-britanique.png","contentUrl":"https:\/\/www.wanarun.net\/blog\/wp-content\/uploads\/2014\/03\/mo-farah-coureur-britanique.png","width":1886,"height":972},{"@type":"WebPage","@id":"https:\/\/www.wanarun.net\/blog\/mo-farah-pourra-til-tenir-son-rang-37401.html#webpage","url":"https:\/\/www.wanarun.net\/blog\/mo-farah-pourra-til-tenir-son-rang-37401.html","name":"Mo Farah pourra t'il tenir son rang ?","isPartOf":{"@id":"https:\/\/www.wanarun.net\/blog\/#website"},"primaryImageOfPage":{"@id":"https:\/\/www.wanarun.net\/blog\/mo-farah-pourra-til-tenir-son-rang-37401.html#primaryimage"},"datePublished":"2014-03-18T15:39:20+00:00","dateModified":"2014-03-18T15:39:20+00:00","description":"A un mois du marathon de Londres, Mo Farah revenait d'une longue session d'entrainements de pr\u00e8s d'un mois avec le fran\u00e7ais Bob Tahri sur les hauts","breadcrumb":{"@id":"https:\/\/www.wanarun.net\/blog\/mo-farah-pourra-til-tenir-son-rang-37401.html#breadcrumb"},"inLanguage":"fr-FR","potentialAction":[{"@type":"ReadAction","target":["https:\/\/www.wanarun.net\/blog\/mo-farah-pourra-til-tenir-son-rang-37401.html"]}]},{"@type":"BreadcrumbList","@id":"https:\/\/www.wanarun.net\/blog\/mo-farah-pourra-til-tenir-son-rang-37401.html#breadcrumb","itemListElement":[{"@type":"ListItem","position":1,"name":"Mo Farah pourra t&rsquo;il tenir son rang ?"}]},{"@type":"Article","@id":"https:\/\/www.wanarun.net\/blog\/mo-farah-pourra-til-tenir-son-rang-37401.html#article","isPartOf":{"@id":"https:\/\/www.wanarun.net\/blog\/mo-farah-pourra-til-tenir-son-rang-37401.html#webpage"},"author":{"@id":"https:\/\/www.wanarun.net\/blog\/#\/schema\/person\/bfb3bc166306771639fdc2bc6ac79771"},"headline":"Mo Farah pourra t&rsquo;il tenir son rang ?","datePublished":"2014-03-18T15:39:20+00:00","dateModified":"2014-03-18T15:39:20+00:00","mainEntityOfPage":{"@id":"https:\/\/www.wanarun.net\/blog\/mo-farah-pourra-til-tenir-son-rang-37401.html#webpage"},"wordCount":383,"commentCount":0,"publisher":{"@id":"https:\/\/www.wanarun.net\/blog\/#organization"},"image":{"@id":"https:\/\/www.wanarun.net\/blog\/mo-farah-pourra-til-tenir-son-rang-37401.html#primaryimage"},"thumbnailUrl":"https:\/\/www.wanarun.net\/blog\/wp-content\/uploads\/2014\/03\/mo-farah-coureur-britanique.png","articleSection":["Derni\u00e8res Minutes"],"inLanguage":"fr-FR","potentialAction":[{"@type":"CommentAction","name":"Comment","target":["https:\/\/www.wanarun.net\/blog\/mo-farah-pourra-til-tenir-son-rang-37401.html#respond"]}]},{"@type":"Person","@id":"https:\/\/www.wanarun.net\/blog\/#\/schema\/person\/bfb3bc166306771639fdc2bc6ac79771","name":"Manu","image":{"@type":"ImageObject","inLanguage":"fr-FR","@id":"https:\/\/www.wanarun.net\/blog\/#\/schema\/person\/image\/","url":"https:\/\/secure.gravatar.com\/avatar\/717b7c28298e2900c61bceb611a4918a?s=96&d=mm&r=g","contentUrl":"https:\/\/secure.gravatar.com\/avatar\/717b7c28298e2900c61bceb611a4918a?s=96&d=mm&r=g","caption":"Manu"},"sameAs":["https:\/\/www.wanarun.net"],"url":"https:\/\/www.wanarun.net\/blog\/author\/admin"}]}},"_links":{"self":[{"href":"https:\/\/www.wanarun.net\/blog\/wp-json\/wp\/v2\/posts\/37401"}],"collection":[{"href":"https:\/\/www.wanarun.net\/blog\/wp-json\/wp\/v2\/posts"}],"about":[{"href":"https:\/\/www.wanarun.net\/blog\/wp-json\/wp\/v2\/types\/post"}],"author":[{"embeddable":true,"href":"https:\/\/www.wanarun.net\/blog\/wp-json\/wp\/v2\/users\/1"}],"replies":[{"embeddable":true,"href":"https:\/\/www.wanarun.net\/blog\/wp-json\/wp\/v2\/comments?post=37401"}],"version-history":[{"count":2,"href":"https:\/\/www.wanarun.net\/blog\/wp-json\/wp\/v2\/posts\/37401\/revisions"}],"predecessor-version":[{"id":37406,"href":"https:\/\/www.wanarun.net\/blog\/wp-json\/wp\/v2\/posts\/37401\/revisions\/37406"}],"wp:featuredmedia":[{"embeddable":true,"href":"https:\/\/www.wanarun.net\/blog\/wp-json\/wp\/v2\/media\/37402"}],"wp:attachment":[{"href":"https:\/\/www.wanarun.net\/blog\/wp-json\/wp\/v2\/media?parent=37401"}],"wp:term":[{"taxonomy":"category","embeddable":true,"href":"https:\/\/www.wanarun.net\/blog\/wp-json\/wp\/v2\/categories?post=37401"},{"taxonomy":"post_tag","embeddable":true,"href":"https:\/\/www.wanarun.net\/blog\/wp-json\/wp\/v2\/tags?post=37401"}],"curies":[{"name":"wp","href":"https:\/\/api.w.org\/{rel}","templated":true}]}}