{"id":35807,"date":"2013-12-20T20:00:06","date_gmt":"2013-12-20T19:00:06","guid":{"rendered":"http:\/\/www.wanarun.net\/blog\/?p=35807"},"modified":"2013-12-21T21:36:23","modified_gmt":"2013-12-21T20:36:23","slug":"laller-retour-sur-la-doyenne-ou-ma-rencontre-avec-la-180-2","status":"publish","type":"post","link":"https:\/\/www.wanarun.net\/blog\/laller-retour-sur-la-doyenne-ou-ma-rencontre-avec-la-180-2-35807.html","title":{"rendered":"L&rsquo;aller-retour sur la doyenne ou ma rencontre avec la 180  #3"},"content":{"rendered":"<p>Chapitre 3<\/p>\n<p><a href=\"https:\/\/www.wanarun.net\/blog\/wp-content\/uploads\/2013\/12\/la180_2013_mamanpat_02.jpg\"><img loading=\"lazy\" class=\"alignleft size-full wp-image-35799\" alt=\"la180_2013_mamanpat_02\" src=\"https:\/\/www.wanarun.net\/blog\/wp-content\/uploads\/2013\/12\/la180_2013_mamanpat_02.jpg\" width=\"300\" height=\"168\" srcset=\"https:\/\/www.wanarun.net\/blog\/wp-content\/uploads\/2013\/12\/la180_2013_mamanpat_02.jpg 300w, https:\/\/www.wanarun.net\/blog\/wp-content\/uploads\/2013\/12\/la180_2013_mamanpat_02-150x84.jpg 150w\" sizes=\"(max-width: 300px) 100vw, 300px\" \/><\/a>Les premiers sont d\u00e9j\u00e0 en train de faire la queue \u00e0 la boulangerie quand j\u2019arrive sur la place du village. Il faut dire qu\u2019il y a une tarte aux pralines qui fait fureur et il y a risque de p\u00e9nurie. On a vite rep\u00e9r\u00e9 ceux qui savent, ils ont piqu\u00e9 un petit sprint pour assurer le coup. Un coca, une part de flan et un pain au chocolat dans les mains, je m\u2019installe face au soleil qui inonde la place. Une tente pour le t\u00e9l\u00e9thon est install\u00e9e \u00e0 c\u00f4t\u00e9, rajout\u00e9e \u00e0 notre arriv\u00e9e, l\u2019animation du coin est bien assur\u00e9e. C\u2019est bien cool, je mange des douceurs, je bois du sucr\u00e9, le soleil me chauffe. Chacun s\u2019est pos\u00e9 dans un coin et profite de ces instants de pause, Patricia se pr\u00eate aux questions de P.E. L\u00e9onard, tandis que Th\u00e9o qui vient d\u2019arriver enregistre quelques t\u00e9moignages sur cette premi\u00e8re partie de la course. Les conversations vont bon train, tout le monde semble serein et c\u2019est avec regret qu&rsquo;i faut remettre le sac au bout d\u2019une trentaine de minutes. Il est 10h, direction Ste Catherine!<\/p>\n<p>&nbsp;<\/p>\n<p><a href=\"https:\/\/www.wanarun.net\/blog\/wp-content\/uploads\/2013\/12\/180_2013_Daloan_08.jpg\"><img loading=\"lazy\" class=\"alignleft size-medium wp-image-35816\" alt=\"180_2013_Daloan_08\" src=\"https:\/\/www.wanarun.net\/blog\/wp-content\/uploads\/2013\/12\/180_2013_Daloan_08-300x204.jpg\" width=\"300\" height=\"204\" srcset=\"https:\/\/www.wanarun.net\/blog\/wp-content\/uploads\/2013\/12\/180_2013_Daloan_08-300x204.jpg 300w, https:\/\/www.wanarun.net\/blog\/wp-content\/uploads\/2013\/12\/180_2013_Daloan_08-150x102.jpg 150w, https:\/\/www.wanarun.net\/blog\/wp-content\/uploads\/2013\/12\/180_2013_Daloan_08.jpg 555w\" sizes=\"(max-width: 300px) 100vw, 300px\" \/><\/a>Je pars le dernier apr\u00e8s avoir film\u00e9 notre d\u00e9part quand je vois Patricia qui fait demi tour, elle a perdu son bonnet de M\u00e8re No\u00ebl! Retour sur la place,mais il a disparu! Apr\u00e8s quelques kilom\u00e8tres de route , on p\u00e9n\u00e8tre dans le bois de Bouchat, malgr\u00e9 le froid, le soleil chauffe agr\u00e9ablement et j&rsquo;en profite pour quitter ma veste Lafuma Speed Trail qui m&rsquo;a bien prot\u00e9g\u00e9 du vent et de la fraicheur matinale.<\/p>\n<p>&nbsp;<\/p>\n<p>L\u2019ambiance est \u00e0 la bonne humeur et c\u2019est avec enthousiasme que toute la troupe traverse la ferme du Grand Prost, puis s&rsquo;engage dans le passage en for\u00eat avant la descente du bois de la Dame. Je traine \u00a0souvent en queue , mais les paysages qu\u2019on traverse sous ce soleil radieux, m\u2019encourage \u00e0 multiplier les plans avec la Go Pro, d&rsquo;autant que le rythme adopt\u00e9 me permet de \u00a0rejoindre le groupe facilement. Cette \u00e9quip\u00e9e\u00a0d\u00e9gage un sentiment de pl\u00e9nitude et d&rsquo;harmonie avec l&rsquo;environnement. C\u2019est vraiment un grand plaisir d\u2019\u00eatre ici, de pouvoir partager ces instants ensemble et je mesure la chance que j\u2019ai de pouvoir vivre ces moments.<\/p>\n<p>En remontant le peloton, je double Herv\u00e9 un peu \u00e0 la peine, mais il semble avoir cette <a href=\"\/blog\/allure-et-vitesse-la-difference-2324.html\"target=\"_top\" title=\"Allure ou vitesse\" >allure<\/a> et cette attitude depuis le d\u00e9but, c\u2019est sans doute son style. Par contre Ludo , lui est vraiment pas bien, il est fi\u00e9vreux et souffre. En bas de la descente du Bois de la Dame on retrouve Th\u00e9o, qui nous attend pour mettre en boite ce passage symbolique. Le Boulard, puis le Bois de la Gorge s&rsquo;enchaine, on progresse \u00e0 bon rythme. Arriv\u00e9 \u00e0 St Genoux (3 \u00e8me ravito), j\u2019appelle Th\u00e9o pour lui demander de r\u00e9cup\u00e9rer Ludo qui n\u2019en peut plus. Il le rapatriera \u00e0 Ste Catherine ou il pourra \u00eatre pris en charge pour rentrer chez lui.<\/p>\n<p><a href=\"https:\/\/www.wanarun.net\/blog\/wp-content\/uploads\/2013\/12\/la180_2013_mamanpat_07.jpg\"><img loading=\"lazy\" class=\"alignleft size-full wp-image-35817\" alt=\"la180_2013_mamanpat_07\" src=\"https:\/\/www.wanarun.net\/blog\/wp-content\/uploads\/2013\/12\/la180_2013_mamanpat_07.jpg\" width=\"299\" height=\"179\" srcset=\"https:\/\/www.wanarun.net\/blog\/wp-content\/uploads\/2013\/12\/la180_2013_mamanpat_07.jpg 299w, https:\/\/www.wanarun.net\/blog\/wp-content\/uploads\/2013\/12\/la180_2013_mamanpat_07-150x89.jpg 150w\" sizes=\"(max-width: 299px) 100vw, 299px\" \/><\/a>On attaque la mont\u00e9e vers St Andr\u00e9 la Cote ou l&rsquo;on arrive vers 12h45, Th\u00e9o avec Ludo dans sa voiture nous y attend et r\u00e9alise quelques images. Ce n\u2019est que du bonheur d&rsquo;\u00eatre ici, on profite d&rsquo;un panorama fantastique avec la chaine des Alpes et le Mont Blanc. Le village est paisible, \u00a0un habitant boit le caf\u00e9 sur sa terrasse au soleil. Assis sur un banc ou pr\u00e8s de la croix, on resterait volontiers plus longtemps, mais le bois d\u2019Arfeuille et Sainte Catherine nous attendent.<\/p>\n<p>En quittant le village, je profite du 1,5 km de route pour faire un check up. Pas douleurs ni de sentiments de fatigue, je n\u2019ai toujours pas r\u00e9enfil\u00e9 ma veste mais je n\u2019ai pas froid et je \u00a0ne ressent pas d\u2019humidit\u00e9. La r\u00e9gulation thermique se passe au mieux. Pour les pieds, c&rsquo;est toujours total confort dans les Hoka, quand aux jambes, elles sont bien au chaud dans le collant Lafuma. C&rsquo;est tout bon! J\u2019arrive au point sur la route qui marque l\u2019entr\u00e9e dans le bois et l&rsquo;on s\u2019engouffre dans la for\u00eat. Tout est bien indiqu\u00e9, cette fois on ne va pas se perdre (ce qui m\u2019est arriv\u00e9 les 2 autres fois ou j\u2019\u00e9tais venu en reconnaissance).<\/p>\n<p><a href=\"https:\/\/www.wanarun.net\/blog\/wp-content\/uploads\/2013\/12\/la180_2013_mamanpat_11.jpg\"><img loading=\"lazy\" class=\"alignleft size-full wp-image-35820\" alt=\"la180_2013_mamanpat_11\" src=\"https:\/\/www.wanarun.net\/blog\/wp-content\/uploads\/2013\/12\/la180_2013_mamanpat_11.jpg\" width=\"179\" height=\"299\" srcset=\"https:\/\/www.wanarun.net\/blog\/wp-content\/uploads\/2013\/12\/la180_2013_mamanpat_11.jpg 179w, https:\/\/www.wanarun.net\/blog\/wp-content\/uploads\/2013\/12\/la180_2013_mamanpat_11-89x150.jpg 89w\" sizes=\"(max-width: 179px) 100vw, 179px\" \/><\/a>On passe pr\u00e8s des 2 chaises plastiques, endroit devenu symbolique de l&rsquo;\u00e9preuve, c&rsquo;est l\u2019occasion de faire quelques photos et le groupe repart \u00e0 un bon rythme. Le chemin est d\u00e9gag\u00e9, plut\u00f4t roulant, ce qui permet de maintenir un bon rythme. Bref, hormis une petite faim qui commence \u00e0 me tenailler ce n\u2019est que du plaisir. Apr\u00e8s la grimpette qui deviendra une descente p\u00e9rilleuse dans quelques heures, nous voil\u00e0 \u00e0 la Bulli\u00e8re. Un peu de route, et voil\u00e0 le final sur Sainte Catherine, il est 14h00 et nous avons parcouru 50 Km quand nous traversons le village. Apr\u00e8s un rassemblement vers le cimeti\u00e8re afin d\u2019arriver tous ensemble , nous d\u00e9bouchons sur le stade ou sont d\u00e9j\u00e0 install\u00e9 toutes les infrastructures du ravitaillement.<\/p>\n<p>&nbsp;<\/p>\n<p>A suivre&#8230;<\/p>\n<p>&nbsp;<\/p>\n<p>&nbsp;<\/p>\n<p>&nbsp;<\/p>\n<p>&nbsp;<\/p>\n<p>&nbsp;<\/p>\n<p>&nbsp;<\/p>\n<p>&nbsp;<\/p>\n<p>&nbsp;<\/p>\n","protected":false},"excerpt":{"rendered":"<a href=\"https:\/\/www.wanarun.net\/blog\/laller-retour-sur-la-doyenne-ou-ma-rencontre-avec-la-180-2-35807.html\"><img width=\"150\" height=\"150\" src=\"https:\/\/www.wanarun.net\/blog\/wp-content\/uploads\/2013\/12\/la180_2013_mamanpat_07-150x150.jpg\" class=\"alignleft tfe wp-post-image\" alt=\"\" loading=\"lazy\" srcset=\"https:\/\/www.wanarun.net\/blog\/wp-content\/uploads\/2013\/12\/la180_2013_mamanpat_07-150x150.jpg 150w, https:\/\/www.wanarun.net\/blog\/wp-content\/uploads\/2013\/12\/la180_2013_mamanpat_07-100x100.jpg 100w\" sizes=\"(max-width: 150px) 100vw, 150px\" \/><\/a><p>Chapitre 3 Les premiers sont d\u00e9j\u00e0 en train de faire la queue \u00e0 la boulangerie quand j\u2019arrive sur la place du village. Il faut dire qu\u2019il y a une tarte aux pralines qui fait fureur et il y a risque de p\u00e9nurie. On a vite rep\u00e9r\u00e9 ceux qui savent, ils ont piqu\u00e9 un petit sprint [&hellip;]<\/p>\n","protected":false},"author":32,"featured_media":35817,"comment_status":"open","ping_status":"open","sticky":false,"template":"","format":"standard","meta":[],"categories":[1227,7,88,1649,129],"tags":[1535],"yoast_head":"<!-- This site is optimized with the Yoast SEO plugin v18.9 - https:\/\/yoast.com\/wordpress\/plugins\/seo\/ -->\n<title>L&#039;aller-retour sur la doyenne ou ma rencontre avec la 180 #3<\/title>\n<meta name=\"description\" content=\"Chapitre 3 Les premiers sont d\u00e9j\u00e0 en train de faire la queue \u00e0 la boulangerie quand j\u2019arrive sur la place du village. Il faut dire qu\u2019il y a une tarte aux\" \/>\n<meta name=\"robots\" content=\"index, follow, max-snippet:-1, max-image-preview:large, max-video-preview:-1\" \/>\n<link rel=\"canonical\" href=\"https:\/\/www.wanarun.net\/blog\/laller-retour-sur-la-doyenne-ou-ma-rencontre-avec-la-180-2-35807.html\" \/>\n<meta property=\"og:locale\" content=\"fr_FR\" \/>\n<meta property=\"og:type\" content=\"article\" \/>\n<meta property=\"og:title\" content=\"L&#039;aller-retour sur la doyenne ou ma rencontre avec la 180 #3\" \/>\n<meta property=\"og:description\" content=\"Chapitre 3 Les premiers sont d\u00e9j\u00e0 en train de faire la queue \u00e0 la boulangerie quand j\u2019arrive sur la place du village. Il faut dire qu\u2019il y a une tarte aux\" \/>\n<meta property=\"og:url\" content=\"https:\/\/www.wanarun.net\/blog\/laller-retour-sur-la-doyenne-ou-ma-rencontre-avec-la-180-2-35807.html\" \/>\n<meta property=\"og:site_name\" content=\"Wanarun, le blog du running, du trail et de la course \u00e0 pied\" \/>\n<meta property=\"article:publisher\" content=\"https:\/\/www.facebook.com\/wanarun\/\" \/>\n<meta property=\"article:published_time\" content=\"2013-12-20T19:00:06+00:00\" \/>\n<meta property=\"article:modified_time\" content=\"2013-12-21T20:36:23+00:00\" \/>\n<meta property=\"og:image\" content=\"https:\/\/www.wanarun.net\/blog\/wp-content\/uploads\/2013\/12\/la180_2013_mamanpat_07.jpg\" \/>\n\t<meta property=\"og:image:width\" content=\"299\" \/>\n\t<meta property=\"og:image:height\" content=\"179\" \/>\n\t<meta property=\"og:image:type\" content=\"image\/jpeg\" \/>\n<meta name=\"twitter:label1\" content=\"\u00c9crit par\" \/>\n\t<meta name=\"twitter:data1\" content=\"frank\" \/>\n\t<meta name=\"twitter:label2\" content=\"Dur\u00e9e de lecture estim\u00e9e\" \/>\n\t<meta name=\"twitter:data2\" content=\"4 minutes\" \/>\n<script type=\"application\/ld+json\" class=\"yoast-schema-graph\">{\"@context\":\"https:\/\/schema.org\",\"@graph\":[{\"@type\":\"Organization\",\"@id\":\"https:\/\/www.wanarun.net\/blog\/#organization\",\"name\":\"Wanarun\",\"url\":\"https:\/\/www.wanarun.net\/blog\/\",\"sameAs\":[\"https:\/\/www.instagram.com\/wanarunnet\/\",\"https:\/\/www.youtube.com\/user\/wanarunnet\",\"https:\/\/www.facebook.com\/wanarun\/\",\"https:\/\/twitter.com\/wanarun\"],\"logo\":{\"@type\":\"ImageObject\",\"inLanguage\":\"fr-FR\",\"@id\":\"https:\/\/www.wanarun.net\/blog\/#\/schema\/logo\/image\/\",\"url\":\"https:\/\/www.wanarun.net\/blog\/wp-content\/uploads\/2018\/03\/logo-wanarun.jpg\",\"contentUrl\":\"https:\/\/www.wanarun.net\/blog\/wp-content\/uploads\/2018\/03\/logo-wanarun.jpg\",\"width\":1196,\"height\":1082,\"caption\":\"Wanarun\"},\"image\":{\"@id\":\"https:\/\/www.wanarun.net\/blog\/#\/schema\/logo\/image\/\"}},{\"@type\":\"WebSite\",\"@id\":\"https:\/\/www.wanarun.net\/blog\/#website\",\"url\":\"https:\/\/www.wanarun.net\/blog\/\",\"name\":\"Wanarun, le blog du running, du trail et de la course \u00e0 pied\",\"description\":\"Informations, remarques, avis, conseils sur la course \u00e0 pied.\",\"publisher\":{\"@id\":\"https:\/\/www.wanarun.net\/blog\/#organization\"},\"potentialAction\":[{\"@type\":\"SearchAction\",\"target\":{\"@type\":\"EntryPoint\",\"urlTemplate\":\"https:\/\/www.wanarun.net\/blog\/?s={search_term_string}\"},\"query-input\":\"required name=search_term_string\"}],\"inLanguage\":\"fr-FR\"},{\"@type\":\"ImageObject\",\"inLanguage\":\"fr-FR\",\"@id\":\"https:\/\/www.wanarun.net\/blog\/laller-retour-sur-la-doyenne-ou-ma-rencontre-avec-la-180-2-35807.html#primaryimage\",\"url\":\"https:\/\/www.wanarun.net\/blog\/wp-content\/uploads\/2013\/12\/la180_2013_mamanpat_07.jpg\",\"contentUrl\":\"https:\/\/www.wanarun.net\/blog\/wp-content\/uploads\/2013\/12\/la180_2013_mamanpat_07.jpg\",\"width\":299,\"height\":179},{\"@type\":\"WebPage\",\"@id\":\"https:\/\/www.wanarun.net\/blog\/laller-retour-sur-la-doyenne-ou-ma-rencontre-avec-la-180-2-35807.html#webpage\",\"url\":\"https:\/\/www.wanarun.net\/blog\/laller-retour-sur-la-doyenne-ou-ma-rencontre-avec-la-180-2-35807.html\",\"name\":\"L'aller-retour sur la doyenne ou ma rencontre avec la 180 #3\",\"isPartOf\":{\"@id\":\"https:\/\/www.wanarun.net\/blog\/#website\"},\"primaryImageOfPage\":{\"@id\":\"https:\/\/www.wanarun.net\/blog\/laller-retour-sur-la-doyenne-ou-ma-rencontre-avec-la-180-2-35807.html#primaryimage\"},\"datePublished\":\"2013-12-20T19:00:06+00:00\",\"dateModified\":\"2013-12-21T20:36:23+00:00\",\"description\":\"Chapitre 3 Les premiers sont d\u00e9j\u00e0 en train de faire la queue \u00e0 la boulangerie quand j\u2019arrive sur la place du village. Il faut dire qu\u2019il y a une tarte aux\",\"breadcrumb\":{\"@id\":\"https:\/\/www.wanarun.net\/blog\/laller-retour-sur-la-doyenne-ou-ma-rencontre-avec-la-180-2-35807.html#breadcrumb\"},\"inLanguage\":\"fr-FR\",\"potentialAction\":[{\"@type\":\"ReadAction\",\"target\":[\"https:\/\/www.wanarun.net\/blog\/laller-retour-sur-la-doyenne-ou-ma-rencontre-avec-la-180-2-35807.html\"]}]},{\"@type\":\"BreadcrumbList\",\"@id\":\"https:\/\/www.wanarun.net\/blog\/laller-retour-sur-la-doyenne-ou-ma-rencontre-avec-la-180-2-35807.html#breadcrumb\",\"itemListElement\":[{\"@type\":\"ListItem\",\"position\":1,\"name\":\"L&rsquo;aller-retour sur la doyenne ou ma rencontre avec la 180 #3\"}]},{\"@type\":\"Article\",\"@id\":\"https:\/\/www.wanarun.net\/blog\/laller-retour-sur-la-doyenne-ou-ma-rencontre-avec-la-180-2-35807.html#article\",\"isPartOf\":{\"@id\":\"https:\/\/www.wanarun.net\/blog\/laller-retour-sur-la-doyenne-ou-ma-rencontre-avec-la-180-2-35807.html#webpage\"},\"author\":{\"@id\":\"https:\/\/www.wanarun.net\/blog\/#\/schema\/person\/6e17f3439587cb3d76c98bf3cc66adff\"},\"headline\":\"L&rsquo;aller-retour sur la doyenne ou ma rencontre avec la 180 #3\",\"datePublished\":\"2013-12-20T19:00:06+00:00\",\"dateModified\":\"2013-12-21T20:36:23+00:00\",\"mainEntityOfPage\":{\"@id\":\"https:\/\/www.wanarun.net\/blog\/laller-retour-sur-la-doyenne-ou-ma-rencontre-avec-la-180-2-35807.html#webpage\"},\"wordCount\":891,\"commentCount\":0,\"publisher\":{\"@id\":\"https:\/\/www.wanarun.net\/blog\/#organization\"},\"image\":{\"@id\":\"https:\/\/www.wanarun.net\/blog\/laller-retour-sur-la-doyenne-ou-ma-rencontre-avec-la-180-2-35807.html#primaryimage\"},\"thumbnailUrl\":\"https:\/\/www.wanarun.net\/blog\/wp-content\/uploads\/2013\/12\/la180_2013_mamanpat_07.jpg\",\"keywords\":[\"180\"],\"articleSection\":[\"Compte-rendu\",\"Course\",\"Histoire\",\"R\u00e9cits de course\",\"ultra\"],\"inLanguage\":\"fr-FR\",\"potentialAction\":[{\"@type\":\"CommentAction\",\"name\":\"Comment\",\"target\":[\"https:\/\/www.wanarun.net\/blog\/laller-retour-sur-la-doyenne-ou-ma-rencontre-avec-la-180-2-35807.html#respond\"]}]},{\"@type\":\"Person\",\"@id\":\"https:\/\/www.wanarun.net\/blog\/#\/schema\/person\/6e17f3439587cb3d76c98bf3cc66adff\",\"name\":\"frank\",\"image\":{\"@type\":\"ImageObject\",\"inLanguage\":\"fr-FR\",\"@id\":\"https:\/\/www.wanarun.net\/blog\/#\/schema\/person\/image\/\",\"url\":\"https:\/\/secure.gravatar.com\/avatar\/4601bdb0671f481a105f991aaaf9c88f?s=96&d=mm&r=g\",\"contentUrl\":\"https:\/\/secure.gravatar.com\/avatar\/4601bdb0671f481a105f991aaaf9c88f?s=96&d=mm&r=g\",\"caption\":\"frank\"},\"url\":\"https:\/\/www.wanarun.net\/blog\/author\/frank\"}]}<\/script>\n<!-- \/ Yoast SEO plugin. -->","yoast_head_json":{"title":"L'aller-retour sur la doyenne ou ma rencontre avec la 180 #3","description":"Chapitre 3 Les premiers sont d\u00e9j\u00e0 en train de faire la queue \u00e0 la boulangerie quand j\u2019arrive sur la place du village. Il faut dire qu\u2019il y a une tarte aux","robots":{"index":"index","follow":"follow","max-snippet":"max-snippet:-1","max-image-preview":"max-image-preview:large","max-video-preview":"max-video-preview:-1"},"canonical":"https:\/\/www.wanarun.net\/blog\/laller-retour-sur-la-doyenne-ou-ma-rencontre-avec-la-180-2-35807.html","og_locale":"fr_FR","og_type":"article","og_title":"L'aller-retour sur la doyenne ou ma rencontre avec la 180 #3","og_description":"Chapitre 3 Les premiers sont d\u00e9j\u00e0 en train de faire la queue \u00e0 la boulangerie quand j\u2019arrive sur la place du village. Il faut dire qu\u2019il y a une tarte aux","og_url":"https:\/\/www.wanarun.net\/blog\/laller-retour-sur-la-doyenne-ou-ma-rencontre-avec-la-180-2-35807.html","og_site_name":"Wanarun, le blog du running, du trail et de la course \u00e0 pied","article_publisher":"https:\/\/www.facebook.com\/wanarun\/","article_published_time":"2013-12-20T19:00:06+00:00","article_modified_time":"2013-12-21T20:36:23+00:00","og_image":[{"width":299,"height":179,"url":"https:\/\/www.wanarun.net\/blog\/wp-content\/uploads\/2013\/12\/la180_2013_mamanpat_07.jpg","type":"image\/jpeg"}],"twitter_misc":{"\u00c9crit par":"frank","Dur\u00e9e de lecture estim\u00e9e":"4 minutes"},"schema":{"@context":"https:\/\/schema.org","@graph":[{"@type":"Organization","@id":"https:\/\/www.wanarun.net\/blog\/#organization","name":"Wanarun","url":"https:\/\/www.wanarun.net\/blog\/","sameAs":["https:\/\/www.instagram.com\/wanarunnet\/","https:\/\/www.youtube.com\/user\/wanarunnet","https:\/\/www.facebook.com\/wanarun\/","https:\/\/twitter.com\/wanarun"],"logo":{"@type":"ImageObject","inLanguage":"fr-FR","@id":"https:\/\/www.wanarun.net\/blog\/#\/schema\/logo\/image\/","url":"https:\/\/www.wanarun.net\/blog\/wp-content\/uploads\/2018\/03\/logo-wanarun.jpg","contentUrl":"https:\/\/www.wanarun.net\/blog\/wp-content\/uploads\/2018\/03\/logo-wanarun.jpg","width":1196,"height":1082,"caption":"Wanarun"},"image":{"@id":"https:\/\/www.wanarun.net\/blog\/#\/schema\/logo\/image\/"}},{"@type":"WebSite","@id":"https:\/\/www.wanarun.net\/blog\/#website","url":"https:\/\/www.wanarun.net\/blog\/","name":"Wanarun, le blog du running, du trail et de la course \u00e0 pied","description":"Informations, remarques, avis, conseils sur la course \u00e0 pied.","publisher":{"@id":"https:\/\/www.wanarun.net\/blog\/#organization"},"potentialAction":[{"@type":"SearchAction","target":{"@type":"EntryPoint","urlTemplate":"https:\/\/www.wanarun.net\/blog\/?s={search_term_string}"},"query-input":"required name=search_term_string"}],"inLanguage":"fr-FR"},{"@type":"ImageObject","inLanguage":"fr-FR","@id":"https:\/\/www.wanarun.net\/blog\/laller-retour-sur-la-doyenne-ou-ma-rencontre-avec-la-180-2-35807.html#primaryimage","url":"https:\/\/www.wanarun.net\/blog\/wp-content\/uploads\/2013\/12\/la180_2013_mamanpat_07.jpg","contentUrl":"https:\/\/www.wanarun.net\/blog\/wp-content\/uploads\/2013\/12\/la180_2013_mamanpat_07.jpg","width":299,"height":179},{"@type":"WebPage","@id":"https:\/\/www.wanarun.net\/blog\/laller-retour-sur-la-doyenne-ou-ma-rencontre-avec-la-180-2-35807.html#webpage","url":"https:\/\/www.wanarun.net\/blog\/laller-retour-sur-la-doyenne-ou-ma-rencontre-avec-la-180-2-35807.html","name":"L'aller-retour sur la doyenne ou ma rencontre avec la 180 #3","isPartOf":{"@id":"https:\/\/www.wanarun.net\/blog\/#website"},"primaryImageOfPage":{"@id":"https:\/\/www.wanarun.net\/blog\/laller-retour-sur-la-doyenne-ou-ma-rencontre-avec-la-180-2-35807.html#primaryimage"},"datePublished":"2013-12-20T19:00:06+00:00","dateModified":"2013-12-21T20:36:23+00:00","description":"Chapitre 3 Les premiers sont d\u00e9j\u00e0 en train de faire la queue \u00e0 la boulangerie quand j\u2019arrive sur la place du village. Il faut dire qu\u2019il y a une tarte aux","breadcrumb":{"@id":"https:\/\/www.wanarun.net\/blog\/laller-retour-sur-la-doyenne-ou-ma-rencontre-avec-la-180-2-35807.html#breadcrumb"},"inLanguage":"fr-FR","potentialAction":[{"@type":"ReadAction","target":["https:\/\/www.wanarun.net\/blog\/laller-retour-sur-la-doyenne-ou-ma-rencontre-avec-la-180-2-35807.html"]}]},{"@type":"BreadcrumbList","@id":"https:\/\/www.wanarun.net\/blog\/laller-retour-sur-la-doyenne-ou-ma-rencontre-avec-la-180-2-35807.html#breadcrumb","itemListElement":[{"@type":"ListItem","position":1,"name":"L&rsquo;aller-retour sur la doyenne ou ma rencontre avec la 180 #3"}]},{"@type":"Article","@id":"https:\/\/www.wanarun.net\/blog\/laller-retour-sur-la-doyenne-ou-ma-rencontre-avec-la-180-2-35807.html#article","isPartOf":{"@id":"https:\/\/www.wanarun.net\/blog\/laller-retour-sur-la-doyenne-ou-ma-rencontre-avec-la-180-2-35807.html#webpage"},"author":{"@id":"https:\/\/www.wanarun.net\/blog\/#\/schema\/person\/6e17f3439587cb3d76c98bf3cc66adff"},"headline":"L&rsquo;aller-retour sur la doyenne ou ma rencontre avec la 180 #3","datePublished":"2013-12-20T19:00:06+00:00","dateModified":"2013-12-21T20:36:23+00:00","mainEntityOfPage":{"@id":"https:\/\/www.wanarun.net\/blog\/laller-retour-sur-la-doyenne-ou-ma-rencontre-avec-la-180-2-35807.html#webpage"},"wordCount":891,"commentCount":0,"publisher":{"@id":"https:\/\/www.wanarun.net\/blog\/#organization"},"image":{"@id":"https:\/\/www.wanarun.net\/blog\/laller-retour-sur-la-doyenne-ou-ma-rencontre-avec-la-180-2-35807.html#primaryimage"},"thumbnailUrl":"https:\/\/www.wanarun.net\/blog\/wp-content\/uploads\/2013\/12\/la180_2013_mamanpat_07.jpg","keywords":["180"],"articleSection":["Compte-rendu","Course","Histoire","R\u00e9cits de course","ultra"],"inLanguage":"fr-FR","potentialAction":[{"@type":"CommentAction","name":"Comment","target":["https:\/\/www.wanarun.net\/blog\/laller-retour-sur-la-doyenne-ou-ma-rencontre-avec-la-180-2-35807.html#respond"]}]},{"@type":"Person","@id":"https:\/\/www.wanarun.net\/blog\/#\/schema\/person\/6e17f3439587cb3d76c98bf3cc66adff","name":"frank","image":{"@type":"ImageObject","inLanguage":"fr-FR","@id":"https:\/\/www.wanarun.net\/blog\/#\/schema\/person\/image\/","url":"https:\/\/secure.gravatar.com\/avatar\/4601bdb0671f481a105f991aaaf9c88f?s=96&d=mm&r=g","contentUrl":"https:\/\/secure.gravatar.com\/avatar\/4601bdb0671f481a105f991aaaf9c88f?s=96&d=mm&r=g","caption":"frank"},"url":"https:\/\/www.wanarun.net\/blog\/author\/frank"}]}},"_links":{"self":[{"href":"https:\/\/www.wanarun.net\/blog\/wp-json\/wp\/v2\/posts\/35807"}],"collection":[{"href":"https:\/\/www.wanarun.net\/blog\/wp-json\/wp\/v2\/posts"}],"about":[{"href":"https:\/\/www.wanarun.net\/blog\/wp-json\/wp\/v2\/types\/post"}],"author":[{"embeddable":true,"href":"https:\/\/www.wanarun.net\/blog\/wp-json\/wp\/v2\/users\/32"}],"replies":[{"embeddable":true,"href":"https:\/\/www.wanarun.net\/blog\/wp-json\/wp\/v2\/comments?post=35807"}],"version-history":[{"count":37,"href":"https:\/\/www.wanarun.net\/blog\/wp-json\/wp\/v2\/posts\/35807\/revisions"}],"predecessor-version":[{"id":35868,"href":"https:\/\/www.wanarun.net\/blog\/wp-json\/wp\/v2\/posts\/35807\/revisions\/35868"}],"wp:featuredmedia":[{"embeddable":true,"href":"https:\/\/www.wanarun.net\/blog\/wp-json\/wp\/v2\/media\/35817"}],"wp:attachment":[{"href":"https:\/\/www.wanarun.net\/blog\/wp-json\/wp\/v2\/media?parent=35807"}],"wp:term":[{"taxonomy":"category","embeddable":true,"href":"https:\/\/www.wanarun.net\/blog\/wp-json\/wp\/v2\/categories?post=35807"},{"taxonomy":"post_tag","embeddable":true,"href":"https:\/\/www.wanarun.net\/blog\/wp-json\/wp\/v2\/tags?post=35807"}],"curies":[{"name":"wp","href":"https:\/\/api.w.org\/{rel}","templated":true}]}}