{"id":34336,"date":"2013-10-11T16:00:08","date_gmt":"2013-10-11T15:00:08","guid":{"rendered":"http:\/\/www.wanarun.net\/blog\/?p=34336"},"modified":"2013-10-11T18:42:07","modified_gmt":"2013-10-11T17:42:07","slug":"championnats-de-france-de-trail-a-gap","status":"publish","type":"post","link":"https:\/\/www.wanarun.net\/blog\/championnats-de-france-de-trail-a-gap-34336.html","title":{"rendered":"Retour sur les Championnats de France de Trail \u00e0 Gap"},"content":{"rendered":"<p><img loading=\"lazy\" class=\"alignleft size-full wp-image-34337\" title=\"Championnats de France de Trail 2013 Gapen'cimes\" alt=\"Championnats de France de Trail 2013 Gapen'cimes\" src=\"https:\/\/www.wanarun.net\/blog\/wp-content\/uploads\/2013\/10\/gap2013.jpg\" width=\"180\" height=\"269\" srcset=\"https:\/\/www.wanarun.net\/blog\/wp-content\/uploads\/2013\/10\/gap2013.jpg 180w, https:\/\/www.wanarun.net\/blog\/wp-content\/uploads\/2013\/10\/gap2013-100x150.jpg 100w\" sizes=\"(max-width: 180px) 100vw, 180px\" \/>Le weekend dernier, cela n&rsquo;a pas du vous \u00e9chapper, avait lieu les <a title=\"Championnats de France de Trail\" href=\"http:\/\/www.athle.fr\/asp.net\/main.html\/html.aspx?htmlid=4243\">1ers championnats de France de trail<\/a> lors de la <a href=\"http:\/\/gapencimes.fr\/\">Gapen&rsquo;cimes<\/a>, \u00e0 Gap donc. Un 25 km pour le court, un 57km pour le long (et les plus courageux), ainsi que 2 autres courses plus courtes ont agr\u00e9ment\u00e9s ce weekend sportif. Et comme toutes les grosses Teams et bon nombre de trailers, j&rsquo;y \u00e9tais ! Certes sur la version courte de 25km, hors classement Championnat de France et bien cach\u00e9 dans le peloton. Mais bon, l&rsquo;essentiel, c&rsquo;est de participer&#8230; et de prendre du plaisir, ce que je n&rsquo;ai pas manqu\u00e9 de faire.<\/p>\n<h2>Et ce trail des cr\u00eates alors ?<\/h2>\n<p>Dur, comme l&rsquo;ann\u00e9e derni\u00e8re, et bon, comme l&rsquo;ann\u00e9e derni\u00e8re. Connaissant le parcours pour l&rsquo;avoir couru en <a title=\"Gapen'cimes 2012, que du bonheur\" href=\"https:\/\/www.wanarun.net\/blog\/gapencimes-2012-que-du-bonheur-25934.html\">2012<\/a>, je me sentais en confiance et mieux arm\u00e9. Et \u00e9galement un poil mieux pr\u00e9par\u00e9, m\u00eame si j&rsquo;ai encore une bonne marge de progression en qualit\u00e9 et quantit\u00e9 d&rsquo;<a href=\"\/blog\/plan-d-entrainement-comment-lire-entre-les-lignes-17508.html\"target=\"_top\" title=\"entrainement\" >entrainements<\/a>. Sauf que la semaine derni\u00e8re, la mauvaise m\u00e9t\u00e9o s&rsquo;est invit\u00e9e sur Gap, obligeant les organisateurs \u00e0 modifier les parcours. J&rsquo;ai pris connaissance de ce nouveau trac\u00e9 le vendredi soir, avec d\u00e9part et arriv\u00e9e \u00e0 Gap et non au Domaine de Charance. Le profil de la course appris presque par coeur ne servait donc plus \u00e0 rien ! Vite, j&rsquo;ai r\u00e9cup\u00e9r\u00e9 le parcours, un transfert sur <a href=\"http:\/\/www.openrunner.com\/index.php?ig=1&amp;id=2965711\">Openrunner<\/a>, et voil\u00e0 le nouveau parcours et profil disponible. Ouf en simplifiant, c&rsquo;est facile \u00e0 retenir : \u00e7a grimpe dur sur 10km (apr\u00e8s course je dirais plut\u00f4t tr\u00e8s tr\u00e8s dur) et apr\u00e8s \u00e7a descend presque tout le long. Mais malgr\u00e9 ce d\u00e9part exigeant, les \u00e9lites \u00e9tant pr\u00e9sents en nombre, c&rsquo;est parti tr\u00e8s vite devant et sans doute trop vite derri\u00e8re pour moi.<\/p>\n<div id=\"attachment_34348\" style=\"width: 630px\" class=\"wp-caption aligncenter\"><a href=\"https:\/\/www.wanarun.net\/blog\/wp-content\/uploads\/2013\/10\/gap2013depart23.jpg\"><img aria-describedby=\"caption-attachment-34348\" loading=\"lazy\" class=\"size-full-single-page wp-image-34348\" title=\"D\u00e9part Championnats de France de Trail court\" alt=\"Photo Agence BernasCOM\" src=\"https:\/\/www.wanarun.net\/blog\/wp-content\/uploads\/2013\/10\/gap2013depart23-620x465.jpg\" width=\"620\" height=\"465\" srcset=\"https:\/\/www.wanarun.net\/blog\/wp-content\/uploads\/2013\/10\/gap2013depart23-620x465.jpg 620w, https:\/\/www.wanarun.net\/blog\/wp-content\/uploads\/2013\/10\/gap2013depart23-300x225.jpg 300w, https:\/\/www.wanarun.net\/blog\/wp-content\/uploads\/2013\/10\/gap2013depart23-150x112.jpg 150w, https:\/\/www.wanarun.net\/blog\/wp-content\/uploads\/2013\/10\/gap2013depart23.jpg 1024w\" sizes=\"(max-width: 620px) 100vw, 620px\" \/><\/a><p id=\"caption-attachment-34348\" class=\"wp-caption-text\">Photo Agence BernasCOM<\/p><\/div>\n<p>Vu le terrain assez glissant dans les mont\u00e9es et surtout dans les descentes \u00e0 plus de 15%, je pense que ce changement de parcours a \u00e9t\u00e9 un bon choix. Cela a permis \u00e9galement d&rsquo;avoir une arriv\u00e9e unique pour les 25 et 57 km, bien plus conviviale. Malheureusement le 25km a perdu en beaut\u00e9 et en praticit\u00e9 : les premiers et derniers kilom\u00e8tres courus dans la ville, r\u00e9guli\u00e8rement sur bitume, \u00e9taient bien moins agr\u00e9ables que les sentiers du Domaine de Charance pr\u00e9vus initialement. Et bien que la grimpette ait commenc\u00e9 d\u00e8s le d\u00e9but de la course pour \u00e9tirer le peloton, les premiers goulots sont arriv\u00e9s aussi bien vite, provoquant de beaux bouchons et quelques \u00e9nervements ici ou l\u00e0. Dommage. Mais je ne vais pas me plaindre, j&rsquo;ai quand m\u00eame bien profiter des paysages et de la vue depuis la cr\u00eate&#8230; quand je pensais \u00e0 lever la t\u00eate.<\/p>\n<p style=\"text-align: center;\"><a href=\"https:\/\/www.wanarun.net\/blog\/wp-content\/uploads\/2013\/10\/gap2013crete1.jpg\"><a href=\"https:\/\/www.wanarun.net\/blog\/wp-content\/uploads\/2013\/10\/gap2013crete1.jpg\"><img loading=\"lazy\" class=\"aligncenter size-full-single-page wp-image-34352\" alt=\"Trail des cr\u00eates 2013\" src=\"https:\/\/www.wanarun.net\/blog\/wp-content\/uploads\/2013\/10\/gap2013crete1-620x465.jpg\" width=\"620\" height=\"465\" srcset=\"https:\/\/www.wanarun.net\/blog\/wp-content\/uploads\/2013\/10\/gap2013crete1-620x465.jpg 620w, https:\/\/www.wanarun.net\/blog\/wp-content\/uploads\/2013\/10\/gap2013crete1-300x225.jpg 300w, https:\/\/www.wanarun.net\/blog\/wp-content\/uploads\/2013\/10\/gap2013crete1-150x112.jpg 150w, https:\/\/www.wanarun.net\/blog\/wp-content\/uploads\/2013\/10\/gap2013crete1.jpg 1024w\" sizes=\"(max-width: 620px) 100vw, 620px\" \/><\/a><\/a><a href=\"https:\/\/www.wanarun.net\/blog\/wp-content\/uploads\/2013\/10\/gap2013crete2.jpg\"><a href=\"https:\/\/www.wanarun.net\/blog\/wp-content\/uploads\/2013\/10\/gap2013crete2.jpg\"><img loading=\"lazy\" class=\"aligncenter size-full-single-page wp-image-34353\" alt=\"Trail des cr\u00eates 2013\" src=\"https:\/\/www.wanarun.net\/blog\/wp-content\/uploads\/2013\/10\/gap2013crete2-620x465.jpg\" width=\"620\" height=\"465\" srcset=\"https:\/\/www.wanarun.net\/blog\/wp-content\/uploads\/2013\/10\/gap2013crete2-620x465.jpg 620w, https:\/\/www.wanarun.net\/blog\/wp-content\/uploads\/2013\/10\/gap2013crete2-300x225.jpg 300w, https:\/\/www.wanarun.net\/blog\/wp-content\/uploads\/2013\/10\/gap2013crete2-150x112.jpg 150w, https:\/\/www.wanarun.net\/blog\/wp-content\/uploads\/2013\/10\/gap2013crete2.jpg 1024w\" sizes=\"(max-width: 620px) 100vw, 620px\" \/><\/a><br \/>\n<\/a><\/p>\n<h2>Ma course<\/h2>\n<p>A titre personnel, je suis satisfait de ma course m\u00eame si je suis probablement parti un peu vite et que j&rsquo;ai laiss\u00e9 trop de force (et 2 quadriceps) dans les derniers kilom\u00e8tres de mont\u00e9e jusqu&rsquo;\u00e0 la cr\u00eate. Je l&rsquo;ai pay\u00e9 par la suite, les crampes me rendant incapable de courir dans le faux plat montant au col de Gleize. La petite pause au ravito m&rsquo;a permis de r\u00e9cup\u00e9rer un peu et de voir passer <a href=\"http:\/\/www.asics.fr\/trail\/ambassadeurs\/thomas_lorblanchet_team_asics\/\">Tomtom Lorblanchet<\/a>, \u00e0 grande vitesse pour finir son 57km. Dans la descente finale, je me suis fait d\u00e9poser par d&rsquo;autres coureurs du trail long. La diff\u00e9rence de vitesse \u00e9tait flagrante alors que eux avaient 30km de plus dans les jambes ! J&rsquo;\u00e9choue \u00e0 1 minute de mon objectif (3h16 pour 3h15) mais l&rsquo;objectif avait \u00e9t\u00e9 fix\u00e9 \u00e0 la grosse louche, l&rsquo;essentiel \u00e9tant que j&rsquo;ai fait bien mieux que l&rsquo;ann\u00e9e pr\u00e9c\u00e9dente. Et je confirme aussi mes limites, que ce soit sur la distance et le temps de course (difficile de courir 3h quand les entrainements font entre 1h et 1h30), mais aussi face au d\u00e9nivel\u00e9 (mais je ne suis pas seul, merci Fabrice \ud83d\ude09 ).<\/p>\n<p>Une belle course donc et une bonne exp\u00e9rience suppl\u00e9mentaire qui me permettra d&rsquo;encore progresser. Et je suis tout aussi satisfait de mon weekend entier \u00e0 Gap, au sein de la Team Asics Press, bien entour\u00e9 par le staff Asics et l&rsquo;agence <a title=\"L\u2019agence de Communication RP Sport, Forme et Bien-\u00eatre\" href=\"http:\/\/www.bernascom.com\/\">BernasCOM<\/a>. J&rsquo;y reviendrais plus en d\u00e9tails prochainement, mais encore merci \u00e0 eux !<\/p>\n<div id=\"attachment_34356\" style=\"width: 475px\" class=\"wp-caption aligncenter\"><a href=\"https:\/\/www.wanarun.net\/blog\/wp-content\/uploads\/2013\/10\/gap2013arrivee.jpg\"><img aria-describedby=\"caption-attachment-34356\" loading=\"lazy\" class=\"size-full-single-page wp-image-34356\" alt=\"Photo Agence BernasCOM\" src=\"https:\/\/www.wanarun.net\/blog\/wp-content\/uploads\/2013\/10\/gap2013arrivee-465x620.jpg\" width=\"465\" height=\"620\" srcset=\"https:\/\/www.wanarun.net\/blog\/wp-content\/uploads\/2013\/10\/gap2013arrivee-465x620.jpg 465w, https:\/\/www.wanarun.net\/blog\/wp-content\/uploads\/2013\/10\/gap2013arrivee-225x300.jpg 225w, https:\/\/www.wanarun.net\/blog\/wp-content\/uploads\/2013\/10\/gap2013arrivee-112x150.jpg 112w, https:\/\/www.wanarun.net\/blog\/wp-content\/uploads\/2013\/10\/gap2013arrivee.jpg 768w\" sizes=\"(max-width: 465px) 100vw, 465px\" \/><\/a><p id=\"caption-attachment-34356\" class=\"wp-caption-text\">Photo Agence BernasCOM<\/p><\/div>\n<h2>\u00a0A lire et \u00e0 voir<\/h2>\n<p>A lire, les r\u00e9cits de <a title=\"RunOnline - Exp\u00e9rience Team Asics Presse : Gapen\u2019cimes 2013\" href=\"http:\/\/runonline.wordpress.com\/2013\/10\/07\/experience-team-asics-presse-gapencimes-2013\/\">Fabrice<\/a> et <a title=\"Track &amp; News - Gapen\u2019cimes une passion partag\u00e9e \u2026\" href=\"http:\/\/www.trackandnews.fr\/2013\/10\/gapencimes-une-passion-partagee\/\">Fabien<\/a>, avec qui j&rsquo;ai v\u00e9cu cette aventure Gapen&rsquo;cimes 2013.<\/p>\n<p>A voir, les superbes photos de R\u00e9mi FABREGUE, du <a href=\"http:\/\/www.flickr.com\/photos\/remgap\/sets\/72157636305488676\/\">samedi<\/a> et du <a href=\"http:\/\/www.flickr.com\/photos\/remgap\/sets\/72157636304453214\/\">dimanche<\/a>.<\/p>\n<p>&nbsp;<\/p>\n<h2>R\u00e9sultats des Championnats de France de Trail 2013<\/h2>\n<p><strong>France 25km Femme<\/strong><br \/>\n1. LAFAYE Celine 02:11:58 (Entente Athletique Grenoble 38)<br \/>\n2. DUBOIS Caroline 02:17:24 (Asptt Marseille)<br \/>\n3. BOVERO S\u00e9verine 02:20:42 (Athle St Julien 74)<br \/>\n<strong>France 25km Homme<\/strong><br \/>\n1. RANCON Julien 01:49:53 (Entente Athletique Grenoble 38)<br \/>\n2. <a href=\"http:\/\/www.asics.fr\/trail\/ambassadeurs\/emmanuel-meyssat\/\">MEYSSAT Emmanuel<\/a> 01:51:13 (Athletic Club Tassin &#8211; Team Asics Trail)<br \/>\n3. <a href=\"http:\/\/www.asics.fr\/trail\/ambassadeurs\/raymond-fontaine\/\">FONTAINE Raymond<\/a> 01:51:13 (Co Stade Petite Ile &#8211; Team Asics Trail)<br \/>\n<strong>France 57km Femme<\/strong><br \/>\n1. DUC St\u00e9phanie 06:29:28 (As De Course A Pied Veo 2000)<br \/>\n2. CHAVEROT Caroline 06:38:55 (CA Bassin Bellegardien)<br \/>\n3. COMBARIEU Maud 06:43:57 (Club D&rsquo;athletisme Saint-louis)<br \/>\n<strong>France 57km Homme<\/strong><br \/>\n1. SPEHLER Sebastien 05:17:43 (Pays De Colmar Athletisme)<br \/>\n2. ANTOLINOS Fabien 05:18:37 (Decines Meyzieu Athletisme)<br \/>\n3. LANNE Michel 05:18:45 (Esclops D&rsquo;azun)<\/p>\n<p>Les r\u00e9sultats complets <a href=\"http:\/\/www.genialp.com\/evenements\/Gapencimes\">ici<\/a>.<\/p>\n","protected":false},"excerpt":{"rendered":"<a href=\"https:\/\/www.wanarun.net\/blog\/championnats-de-france-de-trail-a-gap-34336.html\"><img width=\"150\" height=\"150\" src=\"https:\/\/www.wanarun.net\/blog\/wp-content\/uploads\/2013\/10\/gap2013depart23-150x150.jpg\" class=\"alignleft tfe wp-post-image\" alt=\"\" loading=\"lazy\" srcset=\"https:\/\/www.wanarun.net\/blog\/wp-content\/uploads\/2013\/10\/gap2013depart23-150x150.jpg 150w, https:\/\/www.wanarun.net\/blog\/wp-content\/uploads\/2013\/10\/gap2013depart23-100x100.jpg 100w\" sizes=\"(max-width: 150px) 100vw, 150px\" \/><\/a><p>Le weekend dernier, cela n&rsquo;a pas du vous \u00e9chapper, avait lieu les 1ers championnats de France de trail lors de la Gapen&rsquo;cimes, \u00e0 Gap donc. Un 25 km pour le court, un 57km pour le long (et les plus courageux), ainsi que 2 autres courses plus courtes ont agr\u00e9ment\u00e9s ce weekend sportif. Et comme toutes [&hellip;]<\/p>\n","protected":false},"author":19,"featured_media":34348,"comment_status":"open","ping_status":"open","sticky":false,"template":"","format":"standard","meta":[],"categories":[1227,7],"tags":[336,1661,9879],"yoast_head":"<!-- This site is optimized with the Yoast SEO plugin v18.9 - https:\/\/yoast.com\/wordpress\/plugins\/seo\/ -->\n<title>Retour sur les Championnats de France de Trail \u00e0 Gap<\/title>\n<meta name=\"description\" content=\"Le weekend dernier, cela n&#039;a pas du vous \u00e9chapper, avait lieu les 1ers championnats de France de trail lors de la Gapen&#039;cimes, \u00e0 Gap donc. Un 25 km pour\" \/>\n<meta name=\"robots\" content=\"index, follow, max-snippet:-1, max-image-preview:large, max-video-preview:-1\" \/>\n<link rel=\"canonical\" href=\"https:\/\/www.wanarun.net\/blog\/championnats-de-france-de-trail-a-gap-34336.html\" \/>\n<meta property=\"og:locale\" content=\"fr_FR\" \/>\n<meta property=\"og:type\" content=\"article\" \/>\n<meta property=\"og:title\" content=\"Retour sur les Championnats de France de Trail \u00e0 Gap\" \/>\n<meta property=\"og:description\" content=\"Le weekend dernier, cela n&#039;a pas du vous \u00e9chapper, avait lieu les 1ers championnats de France de trail lors de la Gapen&#039;cimes, \u00e0 Gap donc. Un 25 km pour\" \/>\n<meta property=\"og:url\" content=\"https:\/\/www.wanarun.net\/blog\/championnats-de-france-de-trail-a-gap-34336.html\" \/>\n<meta property=\"og:site_name\" content=\"Wanarun, le blog du running, du trail et de la course \u00e0 pied\" \/>\n<meta property=\"article:publisher\" content=\"https:\/\/www.facebook.com\/wanarun\/\" \/>\n<meta property=\"article:published_time\" content=\"2013-10-11T15:00:08+00:00\" \/>\n<meta property=\"article:modified_time\" content=\"2013-10-11T17:42:07+00:00\" \/>\n<meta property=\"og:image\" content=\"https:\/\/www.wanarun.net\/blog\/wp-content\/uploads\/2013\/10\/gap2013depart23.jpg\" \/>\n\t<meta property=\"og:image:width\" content=\"1024\" \/>\n\t<meta property=\"og:image:height\" content=\"768\" \/>\n\t<meta property=\"og:image:type\" content=\"image\/jpeg\" \/>\n<meta name=\"twitter:label1\" content=\"\u00c9crit par\" \/>\n\t<meta name=\"twitter:data1\" content=\"Mathieu Reizer\" \/>\n\t<meta name=\"twitter:label2\" content=\"Dur\u00e9e de lecture estim\u00e9e\" \/>\n\t<meta name=\"twitter:data2\" content=\"4 minutes\" \/>\n<script type=\"application\/ld+json\" class=\"yoast-schema-graph\">{\"@context\":\"https:\/\/schema.org\",\"@graph\":[{\"@type\":\"Organization\",\"@id\":\"https:\/\/www.wanarun.net\/blog\/#organization\",\"name\":\"Wanarun\",\"url\":\"https:\/\/www.wanarun.net\/blog\/\",\"sameAs\":[\"https:\/\/www.instagram.com\/wanarunnet\/\",\"https:\/\/www.youtube.com\/user\/wanarunnet\",\"https:\/\/www.facebook.com\/wanarun\/\",\"https:\/\/twitter.com\/wanarun\"],\"logo\":{\"@type\":\"ImageObject\",\"inLanguage\":\"fr-FR\",\"@id\":\"https:\/\/www.wanarun.net\/blog\/#\/schema\/logo\/image\/\",\"url\":\"https:\/\/www.wanarun.net\/blog\/wp-content\/uploads\/2018\/03\/logo-wanarun.jpg\",\"contentUrl\":\"https:\/\/www.wanarun.net\/blog\/wp-content\/uploads\/2018\/03\/logo-wanarun.jpg\",\"width\":1196,\"height\":1082,\"caption\":\"Wanarun\"},\"image\":{\"@id\":\"https:\/\/www.wanarun.net\/blog\/#\/schema\/logo\/image\/\"}},{\"@type\":\"WebSite\",\"@id\":\"https:\/\/www.wanarun.net\/blog\/#website\",\"url\":\"https:\/\/www.wanarun.net\/blog\/\",\"name\":\"Wanarun, le blog du running, du trail et de la course \u00e0 pied\",\"description\":\"Informations, remarques, avis, conseils sur la course \u00e0 pied.\",\"publisher\":{\"@id\":\"https:\/\/www.wanarun.net\/blog\/#organization\"},\"potentialAction\":[{\"@type\":\"SearchAction\",\"target\":{\"@type\":\"EntryPoint\",\"urlTemplate\":\"https:\/\/www.wanarun.net\/blog\/?s={search_term_string}\"},\"query-input\":\"required name=search_term_string\"}],\"inLanguage\":\"fr-FR\"},{\"@type\":\"ImageObject\",\"inLanguage\":\"fr-FR\",\"@id\":\"https:\/\/www.wanarun.net\/blog\/championnats-de-france-de-trail-a-gap-34336.html#primaryimage\",\"url\":\"https:\/\/www.wanarun.net\/blog\/wp-content\/uploads\/2013\/10\/gap2013depart23.jpg\",\"contentUrl\":\"https:\/\/www.wanarun.net\/blog\/wp-content\/uploads\/2013\/10\/gap2013depart23.jpg\",\"width\":1024,\"height\":768},{\"@type\":\"WebPage\",\"@id\":\"https:\/\/www.wanarun.net\/blog\/championnats-de-france-de-trail-a-gap-34336.html#webpage\",\"url\":\"https:\/\/www.wanarun.net\/blog\/championnats-de-france-de-trail-a-gap-34336.html\",\"name\":\"Retour sur les Championnats de France de Trail \u00e0 Gap\",\"isPartOf\":{\"@id\":\"https:\/\/www.wanarun.net\/blog\/#website\"},\"primaryImageOfPage\":{\"@id\":\"https:\/\/www.wanarun.net\/blog\/championnats-de-france-de-trail-a-gap-34336.html#primaryimage\"},\"datePublished\":\"2013-10-11T15:00:08+00:00\",\"dateModified\":\"2013-10-11T17:42:07+00:00\",\"description\":\"Le weekend dernier, cela n'a pas du vous \u00e9chapper, avait lieu les 1ers championnats de France de trail lors de la Gapen'cimes, \u00e0 Gap donc. Un 25 km pour\",\"breadcrumb\":{\"@id\":\"https:\/\/www.wanarun.net\/blog\/championnats-de-france-de-trail-a-gap-34336.html#breadcrumb\"},\"inLanguage\":\"fr-FR\",\"potentialAction\":[{\"@type\":\"ReadAction\",\"target\":[\"https:\/\/www.wanarun.net\/blog\/championnats-de-france-de-trail-a-gap-34336.html\"]}]},{\"@type\":\"BreadcrumbList\",\"@id\":\"https:\/\/www.wanarun.net\/blog\/championnats-de-france-de-trail-a-gap-34336.html#breadcrumb\",\"itemListElement\":[{\"@type\":\"ListItem\",\"position\":1,\"name\":\"Retour sur les Championnats de France de Trail \u00e0 Gap\"}]},{\"@type\":\"Article\",\"@id\":\"https:\/\/www.wanarun.net\/blog\/championnats-de-france-de-trail-a-gap-34336.html#article\",\"isPartOf\":{\"@id\":\"https:\/\/www.wanarun.net\/blog\/championnats-de-france-de-trail-a-gap-34336.html#webpage\"},\"author\":{\"@id\":\"https:\/\/www.wanarun.net\/blog\/#\/schema\/person\/508c18358ef761c7eefc693529a42955\"},\"headline\":\"Retour sur les Championnats de France de Trail \u00e0 Gap\",\"datePublished\":\"2013-10-11T15:00:08+00:00\",\"dateModified\":\"2013-10-11T17:42:07+00:00\",\"mainEntityOfPage\":{\"@id\":\"https:\/\/www.wanarun.net\/blog\/championnats-de-france-de-trail-a-gap-34336.html#webpage\"},\"wordCount\":862,\"commentCount\":1,\"publisher\":{\"@id\":\"https:\/\/www.wanarun.net\/blog\/#organization\"},\"image\":{\"@id\":\"https:\/\/www.wanarun.net\/blog\/championnats-de-france-de-trail-a-gap-34336.html#primaryimage\"},\"thumbnailUrl\":\"https:\/\/www.wanarun.net\/blog\/wp-content\/uploads\/2013\/10\/gap2013depart23.jpg\",\"keywords\":[\"championnat de france\",\"Team Asics Press\",\"Trail\"],\"articleSection\":[\"Compte-rendu\",\"Course\"],\"inLanguage\":\"fr-FR\",\"potentialAction\":[{\"@type\":\"CommentAction\",\"name\":\"Comment\",\"target\":[\"https:\/\/www.wanarun.net\/blog\/championnats-de-france-de-trail-a-gap-34336.html#respond\"]}]},{\"@type\":\"Person\",\"@id\":\"https:\/\/www.wanarun.net\/blog\/#\/schema\/person\/508c18358ef761c7eefc693529a42955\",\"name\":\"Mathieu Reizer\",\"image\":{\"@type\":\"ImageObject\",\"inLanguage\":\"fr-FR\",\"@id\":\"https:\/\/www.wanarun.net\/blog\/#\/schema\/person\/image\/\",\"url\":\"https:\/\/secure.gravatar.com\/avatar\/a55ab4503c885c8f69ce565c8239bfcc?s=96&d=mm&r=g\",\"contentUrl\":\"https:\/\/secure.gravatar.com\/avatar\/a55ab4503c885c8f69ce565c8239bfcc?s=96&d=mm&r=g\",\"caption\":\"Mathieu Reizer\"},\"sameAs\":[\"http:\/\/www.wanarun.net\/blog\/author\/mathieu\/\"],\"url\":\"https:\/\/www.wanarun.net\/blog\/author\/mathieu\"}]}<\/script>\n<!-- \/ Yoast SEO plugin. -->","yoast_head_json":{"title":"Retour sur les Championnats de France de Trail \u00e0 Gap","description":"Le weekend dernier, cela n'a pas du vous \u00e9chapper, avait lieu les 1ers championnats de France de trail lors de la Gapen'cimes, \u00e0 Gap donc. Un 25 km pour","robots":{"index":"index","follow":"follow","max-snippet":"max-snippet:-1","max-image-preview":"max-image-preview:large","max-video-preview":"max-video-preview:-1"},"canonical":"https:\/\/www.wanarun.net\/blog\/championnats-de-france-de-trail-a-gap-34336.html","og_locale":"fr_FR","og_type":"article","og_title":"Retour sur les Championnats de France de Trail \u00e0 Gap","og_description":"Le weekend dernier, cela n'a pas du vous \u00e9chapper, avait lieu les 1ers championnats de France de trail lors de la Gapen'cimes, \u00e0 Gap donc. Un 25 km pour","og_url":"https:\/\/www.wanarun.net\/blog\/championnats-de-france-de-trail-a-gap-34336.html","og_site_name":"Wanarun, le blog du running, du trail et de la course \u00e0 pied","article_publisher":"https:\/\/www.facebook.com\/wanarun\/","article_published_time":"2013-10-11T15:00:08+00:00","article_modified_time":"2013-10-11T17:42:07+00:00","og_image":[{"width":1024,"height":768,"url":"https:\/\/www.wanarun.net\/blog\/wp-content\/uploads\/2013\/10\/gap2013depart23.jpg","type":"image\/jpeg"}],"twitter_misc":{"\u00c9crit par":"Mathieu Reizer","Dur\u00e9e de lecture estim\u00e9e":"4 minutes"},"schema":{"@context":"https:\/\/schema.org","@graph":[{"@type":"Organization","@id":"https:\/\/www.wanarun.net\/blog\/#organization","name":"Wanarun","url":"https:\/\/www.wanarun.net\/blog\/","sameAs":["https:\/\/www.instagram.com\/wanarunnet\/","https:\/\/www.youtube.com\/user\/wanarunnet","https:\/\/www.facebook.com\/wanarun\/","https:\/\/twitter.com\/wanarun"],"logo":{"@type":"ImageObject","inLanguage":"fr-FR","@id":"https:\/\/www.wanarun.net\/blog\/#\/schema\/logo\/image\/","url":"https:\/\/www.wanarun.net\/blog\/wp-content\/uploads\/2018\/03\/logo-wanarun.jpg","contentUrl":"https:\/\/www.wanarun.net\/blog\/wp-content\/uploads\/2018\/03\/logo-wanarun.jpg","width":1196,"height":1082,"caption":"Wanarun"},"image":{"@id":"https:\/\/www.wanarun.net\/blog\/#\/schema\/logo\/image\/"}},{"@type":"WebSite","@id":"https:\/\/www.wanarun.net\/blog\/#website","url":"https:\/\/www.wanarun.net\/blog\/","name":"Wanarun, le blog du running, du trail et de la course \u00e0 pied","description":"Informations, remarques, avis, conseils sur la course \u00e0 pied.","publisher":{"@id":"https:\/\/www.wanarun.net\/blog\/#organization"},"potentialAction":[{"@type":"SearchAction","target":{"@type":"EntryPoint","urlTemplate":"https:\/\/www.wanarun.net\/blog\/?s={search_term_string}"},"query-input":"required name=search_term_string"}],"inLanguage":"fr-FR"},{"@type":"ImageObject","inLanguage":"fr-FR","@id":"https:\/\/www.wanarun.net\/blog\/championnats-de-france-de-trail-a-gap-34336.html#primaryimage","url":"https:\/\/www.wanarun.net\/blog\/wp-content\/uploads\/2013\/10\/gap2013depart23.jpg","contentUrl":"https:\/\/www.wanarun.net\/blog\/wp-content\/uploads\/2013\/10\/gap2013depart23.jpg","width":1024,"height":768},{"@type":"WebPage","@id":"https:\/\/www.wanarun.net\/blog\/championnats-de-france-de-trail-a-gap-34336.html#webpage","url":"https:\/\/www.wanarun.net\/blog\/championnats-de-france-de-trail-a-gap-34336.html","name":"Retour sur les Championnats de France de Trail \u00e0 Gap","isPartOf":{"@id":"https:\/\/www.wanarun.net\/blog\/#website"},"primaryImageOfPage":{"@id":"https:\/\/www.wanarun.net\/blog\/championnats-de-france-de-trail-a-gap-34336.html#primaryimage"},"datePublished":"2013-10-11T15:00:08+00:00","dateModified":"2013-10-11T17:42:07+00:00","description":"Le weekend dernier, cela n'a pas du vous \u00e9chapper, avait lieu les 1ers championnats de France de trail lors de la Gapen'cimes, \u00e0 Gap donc. Un 25 km pour","breadcrumb":{"@id":"https:\/\/www.wanarun.net\/blog\/championnats-de-france-de-trail-a-gap-34336.html#breadcrumb"},"inLanguage":"fr-FR","potentialAction":[{"@type":"ReadAction","target":["https:\/\/www.wanarun.net\/blog\/championnats-de-france-de-trail-a-gap-34336.html"]}]},{"@type":"BreadcrumbList","@id":"https:\/\/www.wanarun.net\/blog\/championnats-de-france-de-trail-a-gap-34336.html#breadcrumb","itemListElement":[{"@type":"ListItem","position":1,"name":"Retour sur les Championnats de France de Trail \u00e0 Gap"}]},{"@type":"Article","@id":"https:\/\/www.wanarun.net\/blog\/championnats-de-france-de-trail-a-gap-34336.html#article","isPartOf":{"@id":"https:\/\/www.wanarun.net\/blog\/championnats-de-france-de-trail-a-gap-34336.html#webpage"},"author":{"@id":"https:\/\/www.wanarun.net\/blog\/#\/schema\/person\/508c18358ef761c7eefc693529a42955"},"headline":"Retour sur les Championnats de France de Trail \u00e0 Gap","datePublished":"2013-10-11T15:00:08+00:00","dateModified":"2013-10-11T17:42:07+00:00","mainEntityOfPage":{"@id":"https:\/\/www.wanarun.net\/blog\/championnats-de-france-de-trail-a-gap-34336.html#webpage"},"wordCount":862,"commentCount":1,"publisher":{"@id":"https:\/\/www.wanarun.net\/blog\/#organization"},"image":{"@id":"https:\/\/www.wanarun.net\/blog\/championnats-de-france-de-trail-a-gap-34336.html#primaryimage"},"thumbnailUrl":"https:\/\/www.wanarun.net\/blog\/wp-content\/uploads\/2013\/10\/gap2013depart23.jpg","keywords":["championnat de france","Team Asics Press","Trail"],"articleSection":["Compte-rendu","Course"],"inLanguage":"fr-FR","potentialAction":[{"@type":"CommentAction","name":"Comment","target":["https:\/\/www.wanarun.net\/blog\/championnats-de-france-de-trail-a-gap-34336.html#respond"]}]},{"@type":"Person","@id":"https:\/\/www.wanarun.net\/blog\/#\/schema\/person\/508c18358ef761c7eefc693529a42955","name":"Mathieu Reizer","image":{"@type":"ImageObject","inLanguage":"fr-FR","@id":"https:\/\/www.wanarun.net\/blog\/#\/schema\/person\/image\/","url":"https:\/\/secure.gravatar.com\/avatar\/a55ab4503c885c8f69ce565c8239bfcc?s=96&d=mm&r=g","contentUrl":"https:\/\/secure.gravatar.com\/avatar\/a55ab4503c885c8f69ce565c8239bfcc?s=96&d=mm&r=g","caption":"Mathieu Reizer"},"sameAs":["http:\/\/www.wanarun.net\/blog\/author\/mathieu\/"],"url":"https:\/\/www.wanarun.net\/blog\/author\/mathieu"}]}},"_links":{"self":[{"href":"https:\/\/www.wanarun.net\/blog\/wp-json\/wp\/v2\/posts\/34336"}],"collection":[{"href":"https:\/\/www.wanarun.net\/blog\/wp-json\/wp\/v2\/posts"}],"about":[{"href":"https:\/\/www.wanarun.net\/blog\/wp-json\/wp\/v2\/types\/post"}],"author":[{"embeddable":true,"href":"https:\/\/www.wanarun.net\/blog\/wp-json\/wp\/v2\/users\/19"}],"replies":[{"embeddable":true,"href":"https:\/\/www.wanarun.net\/blog\/wp-json\/wp\/v2\/comments?post=34336"}],"version-history":[{"count":27,"href":"https:\/\/www.wanarun.net\/blog\/wp-json\/wp\/v2\/posts\/34336\/revisions"}],"predecessor-version":[{"id":34401,"href":"https:\/\/www.wanarun.net\/blog\/wp-json\/wp\/v2\/posts\/34336\/revisions\/34401"}],"wp:featuredmedia":[{"embeddable":true,"href":"https:\/\/www.wanarun.net\/blog\/wp-json\/wp\/v2\/media\/34348"}],"wp:attachment":[{"href":"https:\/\/www.wanarun.net\/blog\/wp-json\/wp\/v2\/media?parent=34336"}],"wp:term":[{"taxonomy":"category","embeddable":true,"href":"https:\/\/www.wanarun.net\/blog\/wp-json\/wp\/v2\/categories?post=34336"},{"taxonomy":"post_tag","embeddable":true,"href":"https:\/\/www.wanarun.net\/blog\/wp-json\/wp\/v2\/tags?post=34336"}],"curies":[{"name":"wp","href":"https:\/\/api.w.org\/{rel}","templated":true}]}}