{"id":3311,"date":"2009-12-06T07:00:46","date_gmt":"2009-12-06T06:00:46","guid":{"rendered":"http:\/\/www.wanarun.net\/blog\/?p=3311"},"modified":"2024-02-20T06:45:38","modified_gmt":"2024-02-20T05:45:38","slug":"zavez-pas-vu-girard","status":"publish","type":"post","link":"https:\/\/www.wanarun.net\/blog\/zavez-pas-vu-girard-3311.html","title":{"rendered":"Z&rsquo;avez pas vu Girard ?"},"content":{"rendered":"<p>Depuis 49 jours Serge Girard court !<br \/>\nLe 17 octobre dernier il a pris le d\u00e9part de son nouveau d\u00e9fi : le tour de l\u2019Union Europ\u00e9enne en courant.<br \/>\nIl a d\u00e9j\u00e0 parcouru 3 556 km (plus de 84 marathons), sa moyenne est de 72,4 km par jour.<\/p>\n<p>Cela fait quelques jours que sa balise a arr\u00eat\u00e9 d&rsquo;\u00e9mettre ; balise qui au dernier pointage le localisait en  Espagne, plus exactement \u00e0 quelques kilom\u00e8tres de la ville de Avin. La progression de Serge est visible \u00e0 cette <a href=\"http:\/\/ns304580.ovh.net\/WEB\/course-LIVE-v1-2009_11_13_SERGE_GIRARD.htm\" target=\"_blank\" rel=\"noopener\">adresse<\/a>.<\/p>\n<p>Aujourd&rsquo;hui, dimanche 06 d\u00e9cembre 2009, il est au Portugal.<\/p>\n<p>Quel plaisir, chaque jour, de lire le compte-rendu de sa journ\u00e9e de course ; compte-rendu accompagn\u00e9 de photos prises sur le parcours.<br \/>\nVendredi 4 d\u00e9cembre il a  pass\u00e9 la fronti\u00e8re entre l&rsquo;Espagne et le Portugal et Serge Girard \u00e9crivait : \u00ab\u00a0\u00e7a a beaucoup mont\u00e9 et beaucoup descendu. J\u2019ai eu mal aux fessiers, je n\u2019ai plus de fesses, il va falloir que je pense \u00e0 faire une heure d\u2019abdos fessiers, le soir, au lieu de jouer aux 1000 bornes avec les copains !\u00a0\u00bb.<\/p>\n<p>Pour suivre sa course au jour le jour rendez-vous sur le site de <a href=\"http:\/\/www.sergegirard.com\/\" target=\"_blank\" rel=\"noopener\">Serge Girard<\/a>, puis la rubrique Tour d&rsquo;Europe.<\/p>\n","protected":false},"excerpt":{"rendered":"<a href=\"https:\/\/www.wanarun.net\/blog\/zavez-pas-vu-girard-3311.html\"><img width=\"150\" src=\"\" class=\"alignleft wp-post-image tfe\" alt=\"\" title=\"\" \/><\/a><p>Depuis 49 jours Serge Girard court ! Le 17 octobre dernier il a pris le d\u00e9part de son nouveau d\u00e9fi : le tour de l\u2019Union Europ\u00e9enne en courant. Il a d\u00e9j\u00e0 parcouru 3 556 km (plus de 84 marathons), sa moyenne est de 72,4 km par jour. Cela fait quelques jours que sa balise a [&hellip;]<\/p>\n","protected":false},"author":18,"featured_media":0,"comment_status":"open","ping_status":"open","sticky":false,"template":"","format":"standard","meta":[],"categories":[1705],"tags":[],"yoast_head":"<!-- This site is optimized with the Yoast SEO plugin v18.9 - https:\/\/yoast.com\/wordpress\/plugins\/seo\/ -->\n<title>Z&#039;avez pas vu Girard ?<\/title>\n<meta name=\"description\" content=\"Depuis 49 jours Serge Girard court ! Le 17 octobre dernier il a pris le d\u00e9part de son nouveau d\u00e9fi : le tour de l\u2019Union Europ\u00e9enne en courant. Il a d\u00e9j\u00e0\" \/>\n<meta name=\"robots\" content=\"index, follow, max-snippet:-1, max-image-preview:large, max-video-preview:-1\" \/>\n<link rel=\"canonical\" href=\"https:\/\/www.wanarun.net\/blog\/zavez-pas-vu-girard-3311.html\" \/>\n<meta property=\"og:locale\" content=\"fr_FR\" \/>\n<meta property=\"og:type\" content=\"article\" \/>\n<meta property=\"og:title\" content=\"Z&#039;avez pas vu Girard ?\" \/>\n<meta property=\"og:description\" content=\"Depuis 49 jours Serge Girard court ! Le 17 octobre dernier il a pris le d\u00e9part de son nouveau d\u00e9fi : le tour de l\u2019Union Europ\u00e9enne en courant. Il a d\u00e9j\u00e0\" \/>\n<meta property=\"og:url\" content=\"https:\/\/www.wanarun.net\/blog\/zavez-pas-vu-girard-3311.html\" \/>\n<meta property=\"og:site_name\" content=\"Wanarun, le blog du running, du trail et de la course \u00e0 pied\" \/>\n<meta property=\"article:publisher\" content=\"https:\/\/www.facebook.com\/wanarun\/\" \/>\n<meta property=\"article:published_time\" content=\"2009-12-06T06:00:46+00:00\" \/>\n<meta property=\"article:modified_time\" content=\"2024-02-20T05:45:38+00:00\" \/>\n<meta name=\"twitter:label1\" content=\"\u00c9crit par\" \/>\n\t<meta name=\"twitter:data1\" content=\"Vincent\" \/>\n\t<meta name=\"twitter:label2\" content=\"Dur\u00e9e de lecture estim\u00e9e\" \/>\n\t<meta name=\"twitter:data2\" content=\"1 minute\" \/>\n<script type=\"application\/ld+json\" class=\"yoast-schema-graph\">{\"@context\":\"https:\/\/schema.org\",\"@graph\":[{\"@type\":\"Organization\",\"@id\":\"https:\/\/www.wanarun.net\/blog\/#organization\",\"name\":\"Wanarun\",\"url\":\"https:\/\/www.wanarun.net\/blog\/\",\"sameAs\":[\"https:\/\/www.instagram.com\/wanarunnet\/\",\"https:\/\/www.youtube.com\/user\/wanarunnet\",\"https:\/\/www.facebook.com\/wanarun\/\",\"https:\/\/twitter.com\/wanarun\"],\"logo\":{\"@type\":\"ImageObject\",\"inLanguage\":\"fr-FR\",\"@id\":\"https:\/\/www.wanarun.net\/blog\/#\/schema\/logo\/image\/\",\"url\":\"https:\/\/www.wanarun.net\/blog\/wp-content\/uploads\/2018\/03\/logo-wanarun.jpg\",\"contentUrl\":\"https:\/\/www.wanarun.net\/blog\/wp-content\/uploads\/2018\/03\/logo-wanarun.jpg\",\"width\":1196,\"height\":1082,\"caption\":\"Wanarun\"},\"image\":{\"@id\":\"https:\/\/www.wanarun.net\/blog\/#\/schema\/logo\/image\/\"}},{\"@type\":\"WebSite\",\"@id\":\"https:\/\/www.wanarun.net\/blog\/#website\",\"url\":\"https:\/\/www.wanarun.net\/blog\/\",\"name\":\"Wanarun, le blog du running, du trail et de la course \u00e0 pied\",\"description\":\"Informations, remarques, avis, conseils sur la course \u00e0 pied.\",\"publisher\":{\"@id\":\"https:\/\/www.wanarun.net\/blog\/#organization\"},\"potentialAction\":[{\"@type\":\"SearchAction\",\"target\":{\"@type\":\"EntryPoint\",\"urlTemplate\":\"https:\/\/www.wanarun.net\/blog\/?s={search_term_string}\"},\"query-input\":\"required name=search_term_string\"}],\"inLanguage\":\"fr-FR\"},{\"@type\":\"WebPage\",\"@id\":\"https:\/\/www.wanarun.net\/blog\/zavez-pas-vu-girard-3311.html#webpage\",\"url\":\"https:\/\/www.wanarun.net\/blog\/zavez-pas-vu-girard-3311.html\",\"name\":\"Z'avez pas vu Girard ?\",\"isPartOf\":{\"@id\":\"https:\/\/www.wanarun.net\/blog\/#website\"},\"datePublished\":\"2009-12-06T06:00:46+00:00\",\"dateModified\":\"2024-02-20T05:45:38+00:00\",\"description\":\"Depuis 49 jours Serge Girard court ! Le 17 octobre dernier il a pris le d\u00e9part de son nouveau d\u00e9fi : le tour de l\u2019Union Europ\u00e9enne en courant. Il a d\u00e9j\u00e0\",\"breadcrumb\":{\"@id\":\"https:\/\/www.wanarun.net\/blog\/zavez-pas-vu-girard-3311.html#breadcrumb\"},\"inLanguage\":\"fr-FR\",\"potentialAction\":[{\"@type\":\"ReadAction\",\"target\":[\"https:\/\/www.wanarun.net\/blog\/zavez-pas-vu-girard-3311.html\"]}]},{\"@type\":\"BreadcrumbList\",\"@id\":\"https:\/\/www.wanarun.net\/blog\/zavez-pas-vu-girard-3311.html#breadcrumb\",\"itemListElement\":[{\"@type\":\"ListItem\",\"position\":1,\"name\":\"Z&rsquo;avez pas vu Girard ?\"}]},{\"@type\":\"Article\",\"@id\":\"https:\/\/www.wanarun.net\/blog\/zavez-pas-vu-girard-3311.html#article\",\"isPartOf\":{\"@id\":\"https:\/\/www.wanarun.net\/blog\/zavez-pas-vu-girard-3311.html#webpage\"},\"author\":{\"@id\":\"https:\/\/www.wanarun.net\/blog\/#\/schema\/person\/9c652272e54781c67072549fab29efea\"},\"headline\":\"Z&rsquo;avez pas vu Girard ?\",\"datePublished\":\"2009-12-06T06:00:46+00:00\",\"dateModified\":\"2024-02-20T05:45:38+00:00\",\"mainEntityOfPage\":{\"@id\":\"https:\/\/www.wanarun.net\/blog\/zavez-pas-vu-girard-3311.html#webpage\"},\"wordCount\":197,\"commentCount\":0,\"publisher\":{\"@id\":\"https:\/\/www.wanarun.net\/blog\/#organization\"},\"articleSection\":[\"Portrait\"],\"inLanguage\":\"fr-FR\",\"potentialAction\":[{\"@type\":\"CommentAction\",\"name\":\"Comment\",\"target\":[\"https:\/\/www.wanarun.net\/blog\/zavez-pas-vu-girard-3311.html#respond\"]}]},{\"@type\":\"Person\",\"@id\":\"https:\/\/www.wanarun.net\/blog\/#\/schema\/person\/9c652272e54781c67072549fab29efea\",\"name\":\"Vincent\",\"image\":{\"@type\":\"ImageObject\",\"inLanguage\":\"fr-FR\",\"@id\":\"https:\/\/www.wanarun.net\/blog\/#\/schema\/person\/image\/\",\"url\":\"https:\/\/secure.gravatar.com\/avatar\/0cb3c1a4d350c7c55a794e44667e2830?s=96&d=mm&r=g\",\"contentUrl\":\"https:\/\/secure.gravatar.com\/avatar\/0cb3c1a4d350c7c55a794e44667e2830?s=96&d=mm&r=g\",\"caption\":\"Vincent\"},\"sameAs\":[\"http:\/\/www.les4bellais.fr\"],\"url\":\"https:\/\/www.wanarun.net\/blog\/author\/vincent\"}]}<\/script>\n<!-- \/ Yoast SEO plugin. -->","yoast_head_json":{"title":"Z'avez pas vu Girard ?","description":"Depuis 49 jours Serge Girard court ! Le 17 octobre dernier il a pris le d\u00e9part de son nouveau d\u00e9fi : le tour de l\u2019Union Europ\u00e9enne en courant. Il a d\u00e9j\u00e0","robots":{"index":"index","follow":"follow","max-snippet":"max-snippet:-1","max-image-preview":"max-image-preview:large","max-video-preview":"max-video-preview:-1"},"canonical":"https:\/\/www.wanarun.net\/blog\/zavez-pas-vu-girard-3311.html","og_locale":"fr_FR","og_type":"article","og_title":"Z'avez pas vu Girard ?","og_description":"Depuis 49 jours Serge Girard court ! Le 17 octobre dernier il a pris le d\u00e9part de son nouveau d\u00e9fi : le tour de l\u2019Union Europ\u00e9enne en courant. Il a d\u00e9j\u00e0","og_url":"https:\/\/www.wanarun.net\/blog\/zavez-pas-vu-girard-3311.html","og_site_name":"Wanarun, le blog du running, du trail et de la course \u00e0 pied","article_publisher":"https:\/\/www.facebook.com\/wanarun\/","article_published_time":"2009-12-06T06:00:46+00:00","article_modified_time":"2024-02-20T05:45:38+00:00","twitter_misc":{"\u00c9crit par":"Vincent","Dur\u00e9e de lecture estim\u00e9e":"1 minute"},"schema":{"@context":"https:\/\/schema.org","@graph":[{"@type":"Organization","@id":"https:\/\/www.wanarun.net\/blog\/#organization","name":"Wanarun","url":"https:\/\/www.wanarun.net\/blog\/","sameAs":["https:\/\/www.instagram.com\/wanarunnet\/","https:\/\/www.youtube.com\/user\/wanarunnet","https:\/\/www.facebook.com\/wanarun\/","https:\/\/twitter.com\/wanarun"],"logo":{"@type":"ImageObject","inLanguage":"fr-FR","@id":"https:\/\/www.wanarun.net\/blog\/#\/schema\/logo\/image\/","url":"https:\/\/www.wanarun.net\/blog\/wp-content\/uploads\/2018\/03\/logo-wanarun.jpg","contentUrl":"https:\/\/www.wanarun.net\/blog\/wp-content\/uploads\/2018\/03\/logo-wanarun.jpg","width":1196,"height":1082,"caption":"Wanarun"},"image":{"@id":"https:\/\/www.wanarun.net\/blog\/#\/schema\/logo\/image\/"}},{"@type":"WebSite","@id":"https:\/\/www.wanarun.net\/blog\/#website","url":"https:\/\/www.wanarun.net\/blog\/","name":"Wanarun, le blog du running, du trail et de la course \u00e0 pied","description":"Informations, remarques, avis, conseils sur la course \u00e0 pied.","publisher":{"@id":"https:\/\/www.wanarun.net\/blog\/#organization"},"potentialAction":[{"@type":"SearchAction","target":{"@type":"EntryPoint","urlTemplate":"https:\/\/www.wanarun.net\/blog\/?s={search_term_string}"},"query-input":"required name=search_term_string"}],"inLanguage":"fr-FR"},{"@type":"WebPage","@id":"https:\/\/www.wanarun.net\/blog\/zavez-pas-vu-girard-3311.html#webpage","url":"https:\/\/www.wanarun.net\/blog\/zavez-pas-vu-girard-3311.html","name":"Z'avez pas vu Girard ?","isPartOf":{"@id":"https:\/\/www.wanarun.net\/blog\/#website"},"datePublished":"2009-12-06T06:00:46+00:00","dateModified":"2024-02-20T05:45:38+00:00","description":"Depuis 49 jours Serge Girard court ! Le 17 octobre dernier il a pris le d\u00e9part de son nouveau d\u00e9fi : le tour de l\u2019Union Europ\u00e9enne en courant. Il a d\u00e9j\u00e0","breadcrumb":{"@id":"https:\/\/www.wanarun.net\/blog\/zavez-pas-vu-girard-3311.html#breadcrumb"},"inLanguage":"fr-FR","potentialAction":[{"@type":"ReadAction","target":["https:\/\/www.wanarun.net\/blog\/zavez-pas-vu-girard-3311.html"]}]},{"@type":"BreadcrumbList","@id":"https:\/\/www.wanarun.net\/blog\/zavez-pas-vu-girard-3311.html#breadcrumb","itemListElement":[{"@type":"ListItem","position":1,"name":"Z&rsquo;avez pas vu Girard ?"}]},{"@type":"Article","@id":"https:\/\/www.wanarun.net\/blog\/zavez-pas-vu-girard-3311.html#article","isPartOf":{"@id":"https:\/\/www.wanarun.net\/blog\/zavez-pas-vu-girard-3311.html#webpage"},"author":{"@id":"https:\/\/www.wanarun.net\/blog\/#\/schema\/person\/9c652272e54781c67072549fab29efea"},"headline":"Z&rsquo;avez pas vu Girard ?","datePublished":"2009-12-06T06:00:46+00:00","dateModified":"2024-02-20T05:45:38+00:00","mainEntityOfPage":{"@id":"https:\/\/www.wanarun.net\/blog\/zavez-pas-vu-girard-3311.html#webpage"},"wordCount":197,"commentCount":0,"publisher":{"@id":"https:\/\/www.wanarun.net\/blog\/#organization"},"articleSection":["Portrait"],"inLanguage":"fr-FR","potentialAction":[{"@type":"CommentAction","name":"Comment","target":["https:\/\/www.wanarun.net\/blog\/zavez-pas-vu-girard-3311.html#respond"]}]},{"@type":"Person","@id":"https:\/\/www.wanarun.net\/blog\/#\/schema\/person\/9c652272e54781c67072549fab29efea","name":"Vincent","image":{"@type":"ImageObject","inLanguage":"fr-FR","@id":"https:\/\/www.wanarun.net\/blog\/#\/schema\/person\/image\/","url":"https:\/\/secure.gravatar.com\/avatar\/0cb3c1a4d350c7c55a794e44667e2830?s=96&d=mm&r=g","contentUrl":"https:\/\/secure.gravatar.com\/avatar\/0cb3c1a4d350c7c55a794e44667e2830?s=96&d=mm&r=g","caption":"Vincent"},"sameAs":["http:\/\/www.les4bellais.fr"],"url":"https:\/\/www.wanarun.net\/blog\/author\/vincent"}]}},"_links":{"self":[{"href":"https:\/\/www.wanarun.net\/blog\/wp-json\/wp\/v2\/posts\/3311"}],"collection":[{"href":"https:\/\/www.wanarun.net\/blog\/wp-json\/wp\/v2\/posts"}],"about":[{"href":"https:\/\/www.wanarun.net\/blog\/wp-json\/wp\/v2\/types\/post"}],"author":[{"embeddable":true,"href":"https:\/\/www.wanarun.net\/blog\/wp-json\/wp\/v2\/users\/18"}],"replies":[{"embeddable":true,"href":"https:\/\/www.wanarun.net\/blog\/wp-json\/wp\/v2\/comments?post=3311"}],"version-history":[{"count":8,"href":"https:\/\/www.wanarun.net\/blog\/wp-json\/wp\/v2\/posts\/3311\/revisions"}],"predecessor-version":[{"id":72883,"href":"https:\/\/www.wanarun.net\/blog\/wp-json\/wp\/v2\/posts\/3311\/revisions\/72883"}],"wp:attachment":[{"href":"https:\/\/www.wanarun.net\/blog\/wp-json\/wp\/v2\/media?parent=3311"}],"wp:term":[{"taxonomy":"category","embeddable":true,"href":"https:\/\/www.wanarun.net\/blog\/wp-json\/wp\/v2\/categories?post=3311"},{"taxonomy":"post_tag","embeddable":true,"href":"https:\/\/www.wanarun.net\/blog\/wp-json\/wp\/v2\/tags?post=3311"}],"curies":[{"name":"wp","href":"https:\/\/api.w.org\/{rel}","templated":true}]}}