{"id":3164,"date":"2009-11-13T05:00:48","date_gmt":"2009-11-13T03:00:48","guid":{"rendered":"http:\/\/www.wanarun.net\/blog\/?p=3164"},"modified":"2009-11-10T22:29:07","modified_gmt":"2009-11-10T20:29:07","slug":"pas-de-marathon-aux-championnats-deurope-2012","status":"publish","type":"post","link":"https:\/\/www.wanarun.net\/blog\/pas-de-marathon-aux-championnats-deurope-2012-3164.html","title":{"rendered":"Pas de Marathon aux championnats d&rsquo;Europe 2012 et alors ?"},"content":{"rendered":"<p>Je sais, je sais, ce n&rsquo;est plus un scoop, vous \u00eates tous au courant car les sites webs de sport ou de running l&rsquo;ont tous annonc\u00e9 &#8230; tous sauf Wanarun &#8211; oubli r\u00e9par\u00e9 donc &#8211; : il n&rsquo;y aura pas de marathon aux championnats d&rsquo;Europe d&rsquo;athl\u00e9tisme de 2012 \u00e0 Helsinki. La raison en est, sans aucun doute car elle n&rsquo;a pas \u00e9t\u00e9 pr\u00e9cis\u00e9e, la proximit\u00e9 de ces championnats avec les J.O. de Londres.<\/p>\n<p>Un marathon de championnat quelques semaines seulement avant celui des J.O. c&rsquo;\u00e9tait risquer un plateau priv\u00e9 de ses meilleurs \u00e9l\u00e9ments &#8211; encore que, pour un marathonien Europ\u00e9en, il est sans doute plus facile de remporter une m\u00e9daille au championnats d&rsquo;Europe qu&rsquo;aux J.O., mais\u00a0du coup\u00a0l\u00e0 il n&rsquo;y aura pas le choix &#8230; Une sage et intelligente d\u00e9cision donc a priori.<\/p>\n<p>J&rsquo;aimerais par contre rebondir sur cette info et poser\u00a0la question suivante aux organisateurs de championnats, question qui n&rsquo;a rien\u00a0\u00e0 voir avec le probl\u00e8me susdit : un marathon en petit comit\u00e9 a-t-il encore un sens aujourd&rsquo;hui ?<\/p>\n<p>Le marathon au XXIe si\u00e8cle, c&rsquo;est New York, Paris, Londres et leurs dizaines de milliers de participants, pas 200 gugus ou gugusses qui se tirent la bourre entre eux. Ne serait-il pas plus pertinent de profiter de ces championnats (d&rsquo;Europe, du Monde, de France, du Nord, de tout ce que vous voulez) pour organiser un happening, une f\u00eate populaire de l&rsquo;athl\u00e9 en offrant en cloture un marathon de masse &#8211; mixte qui plus est &#8211;\u00a0qui permettrait \u00e9videmment \u00e0 l&rsquo;\u00e9lite de s&rsquo;exprimer\u00a0&#8211; les sas de d\u00e9part\u00a0vous connaissez, non ?\u00a0Et\u00a0pour l&rsquo;arriv\u00e9e, on doit pouvoir trouver une solution\u00a0en envoyant les athl\u00e8tes sur le stade et les autres, vous et moi, sur une avenue quelconque. Non ? Avouez que \u00e7a aurait de la gueule !<\/p>\n<p>Oui, je sais, j&rsquo;ai oubli\u00e9 un d\u00e9tail.\u00a0Se pose\u00a0le probl\u00e8me d\u00e9licat des f\u00e9minines de l&rsquo;\u00e9lite qui pourraient \u00eatre g\u00ean\u00e9es par certains participants rapides de la \u00ab\u00a0masse\u00a0\u00bb &#8230; L\u00e0, je n&rsquo;ai pas de r\u00e9ponse sauf \u00e0 faire 2 marathons de masse : un pour les hommes, un pour les femmes &#8211; une Parisienne, version longue quoi.<\/p>\n","protected":false},"excerpt":{"rendered":"<a href=\"https:\/\/www.wanarun.net\/blog\/pas-de-marathon-aux-championnats-deurope-2012-3164.html\"><img width=\"150\" src=\"\" class=\"alignleft wp-post-image tfe\" alt=\"\" title=\"\" \/><\/a><p>Ce n&rsquo;est plus un scoop mais mais mais &#8230; cela m\u00e9rite r\u00e9flexion.<\/p>\n","protected":false},"author":21,"featured_media":0,"comment_status":"open","ping_status":"open","sticky":false,"template":"","format":"standard","meta":[],"categories":[7,161],"tags":[389,51,152,48,29],"yoast_head":"<!-- This site is optimized with the Yoast SEO plugin v18.9 - https:\/\/yoast.com\/wordpress\/plugins\/seo\/ -->\n<title>Pas de Marathon aux championnats d&#039;Europe 2012 et alors ?<\/title>\n<meta name=\"description\" content=\"Ce n&#039;est plus un scoop mais mais mais ... cela m\u00e9rite r\u00e9flexion.\" \/>\n<meta name=\"robots\" content=\"index, follow, max-snippet:-1, max-image-preview:large, max-video-preview:-1\" \/>\n<link rel=\"canonical\" href=\"https:\/\/www.wanarun.net\/blog\/pas-de-marathon-aux-championnats-deurope-2012-3164.html\" \/>\n<meta property=\"og:locale\" content=\"fr_FR\" \/>\n<meta property=\"og:type\" content=\"article\" \/>\n<meta property=\"og:title\" content=\"Pas de Marathon aux championnats d&#039;Europe 2012 et alors ?\" \/>\n<meta property=\"og:description\" content=\"Ce n&#039;est plus un scoop mais mais mais ... cela m\u00e9rite r\u00e9flexion.\" \/>\n<meta property=\"og:url\" content=\"https:\/\/www.wanarun.net\/blog\/pas-de-marathon-aux-championnats-deurope-2012-3164.html\" \/>\n<meta property=\"og:site_name\" content=\"Wanarun, le blog du running, du trail et de la course \u00e0 pied\" \/>\n<meta property=\"article:publisher\" content=\"https:\/\/www.facebook.com\/wanarun\/\" \/>\n<meta property=\"article:published_time\" content=\"2009-11-13T03:00:48+00:00\" \/>\n<meta property=\"article:modified_time\" content=\"2009-11-10T20:29:07+00:00\" \/>\n<meta name=\"twitter:label1\" content=\"\u00c9crit par\" \/>\n\t<meta name=\"twitter:data1\" content=\"fredbros\" \/>\n\t<meta name=\"twitter:label2\" content=\"Dur\u00e9e de lecture estim\u00e9e\" \/>\n\t<meta name=\"twitter:data2\" content=\"2 minutes\" \/>\n<script type=\"application\/ld+json\" class=\"yoast-schema-graph\">{\"@context\":\"https:\/\/schema.org\",\"@graph\":[{\"@type\":\"Organization\",\"@id\":\"https:\/\/www.wanarun.net\/blog\/#organization\",\"name\":\"Wanarun\",\"url\":\"https:\/\/www.wanarun.net\/blog\/\",\"sameAs\":[\"https:\/\/www.instagram.com\/wanarunnet\/\",\"https:\/\/www.youtube.com\/user\/wanarunnet\",\"https:\/\/www.facebook.com\/wanarun\/\",\"https:\/\/twitter.com\/wanarun\"],\"logo\":{\"@type\":\"ImageObject\",\"inLanguage\":\"fr-FR\",\"@id\":\"https:\/\/www.wanarun.net\/blog\/#\/schema\/logo\/image\/\",\"url\":\"https:\/\/www.wanarun.net\/blog\/wp-content\/uploads\/2018\/03\/logo-wanarun.jpg\",\"contentUrl\":\"https:\/\/www.wanarun.net\/blog\/wp-content\/uploads\/2018\/03\/logo-wanarun.jpg\",\"width\":1196,\"height\":1082,\"caption\":\"Wanarun\"},\"image\":{\"@id\":\"https:\/\/www.wanarun.net\/blog\/#\/schema\/logo\/image\/\"}},{\"@type\":\"WebSite\",\"@id\":\"https:\/\/www.wanarun.net\/blog\/#website\",\"url\":\"https:\/\/www.wanarun.net\/blog\/\",\"name\":\"Wanarun, le blog du running, du trail et de la course \u00e0 pied\",\"description\":\"Informations, remarques, avis, conseils sur la course \u00e0 pied.\",\"publisher\":{\"@id\":\"https:\/\/www.wanarun.net\/blog\/#organization\"},\"potentialAction\":[{\"@type\":\"SearchAction\",\"target\":{\"@type\":\"EntryPoint\",\"urlTemplate\":\"https:\/\/www.wanarun.net\/blog\/?s={search_term_string}\"},\"query-input\":\"required name=search_term_string\"}],\"inLanguage\":\"fr-FR\"},{\"@type\":\"WebPage\",\"@id\":\"https:\/\/www.wanarun.net\/blog\/pas-de-marathon-aux-championnats-deurope-2012-3164.html#webpage\",\"url\":\"https:\/\/www.wanarun.net\/blog\/pas-de-marathon-aux-championnats-deurope-2012-3164.html\",\"name\":\"Pas de Marathon aux championnats d'Europe 2012 et alors ?\",\"isPartOf\":{\"@id\":\"https:\/\/www.wanarun.net\/blog\/#website\"},\"datePublished\":\"2009-11-13T03:00:48+00:00\",\"dateModified\":\"2009-11-10T20:29:07+00:00\",\"description\":\"Ce n'est plus un scoop mais mais mais ... cela m\u00e9rite r\u00e9flexion.\",\"breadcrumb\":{\"@id\":\"https:\/\/www.wanarun.net\/blog\/pas-de-marathon-aux-championnats-deurope-2012-3164.html#breadcrumb\"},\"inLanguage\":\"fr-FR\",\"potentialAction\":[{\"@type\":\"ReadAction\",\"target\":[\"https:\/\/www.wanarun.net\/blog\/pas-de-marathon-aux-championnats-deurope-2012-3164.html\"]}]},{\"@type\":\"BreadcrumbList\",\"@id\":\"https:\/\/www.wanarun.net\/blog\/pas-de-marathon-aux-championnats-deurope-2012-3164.html#breadcrumb\",\"itemListElement\":[{\"@type\":\"ListItem\",\"position\":1,\"name\":\"Pas de Marathon aux championnats d&rsquo;Europe 2012 et alors ?\"}]},{\"@type\":\"Article\",\"@id\":\"https:\/\/www.wanarun.net\/blog\/pas-de-marathon-aux-championnats-deurope-2012-3164.html#article\",\"isPartOf\":{\"@id\":\"https:\/\/www.wanarun.net\/blog\/pas-de-marathon-aux-championnats-deurope-2012-3164.html#webpage\"},\"author\":{\"@id\":\"https:\/\/www.wanarun.net\/blog\/#\/schema\/person\/1f6463621f44a2b66c33ff32ccdab3e8\"},\"headline\":\"Pas de Marathon aux championnats d&rsquo;Europe 2012 et alors ?\",\"datePublished\":\"2009-11-13T03:00:48+00:00\",\"dateModified\":\"2009-11-10T20:29:07+00:00\",\"mainEntityOfPage\":{\"@id\":\"https:\/\/www.wanarun.net\/blog\/pas-de-marathon-aux-championnats-deurope-2012-3164.html#webpage\"},\"wordCount\":373,\"commentCount\":0,\"publisher\":{\"@id\":\"https:\/\/www.wanarun.net\/blog\/#organization\"},\"keywords\":[\"Helsinki\",\"jeux olympiques\",\"jo\",\"Londres\",\"MARATHON\"],\"articleSection\":[\"Course\",\"Humeur\"],\"inLanguage\":\"fr-FR\",\"potentialAction\":[{\"@type\":\"CommentAction\",\"name\":\"Comment\",\"target\":[\"https:\/\/www.wanarun.net\/blog\/pas-de-marathon-aux-championnats-deurope-2012-3164.html#respond\"]}]},{\"@type\":\"Person\",\"@id\":\"https:\/\/www.wanarun.net\/blog\/#\/schema\/person\/1f6463621f44a2b66c33ff32ccdab3e8\",\"name\":\"fredbros\",\"image\":{\"@type\":\"ImageObject\",\"inLanguage\":\"fr-FR\",\"@id\":\"https:\/\/www.wanarun.net\/blog\/#\/schema\/person\/image\/\",\"url\":\"https:\/\/secure.gravatar.com\/avatar\/0706328db4ae4ea1111c0fe8b464d6a7?s=96&d=mm&r=g\",\"contentUrl\":\"https:\/\/secure.gravatar.com\/avatar\/0706328db4ae4ea1111c0fe8b464d6a7?s=96&d=mm&r=g\",\"caption\":\"fredbros\"},\"url\":\"https:\/\/www.wanarun.net\/blog\/author\/fred\"}]}<\/script>\n<!-- \/ Yoast SEO plugin. -->","yoast_head_json":{"title":"Pas de Marathon aux championnats d'Europe 2012 et alors ?","description":"Ce n'est plus un scoop mais mais mais ... cela m\u00e9rite r\u00e9flexion.","robots":{"index":"index","follow":"follow","max-snippet":"max-snippet:-1","max-image-preview":"max-image-preview:large","max-video-preview":"max-video-preview:-1"},"canonical":"https:\/\/www.wanarun.net\/blog\/pas-de-marathon-aux-championnats-deurope-2012-3164.html","og_locale":"fr_FR","og_type":"article","og_title":"Pas de Marathon aux championnats d'Europe 2012 et alors ?","og_description":"Ce n'est plus un scoop mais mais mais ... cela m\u00e9rite r\u00e9flexion.","og_url":"https:\/\/www.wanarun.net\/blog\/pas-de-marathon-aux-championnats-deurope-2012-3164.html","og_site_name":"Wanarun, le blog du running, du trail et de la course \u00e0 pied","article_publisher":"https:\/\/www.facebook.com\/wanarun\/","article_published_time":"2009-11-13T03:00:48+00:00","article_modified_time":"2009-11-10T20:29:07+00:00","twitter_misc":{"\u00c9crit par":"fredbros","Dur\u00e9e de lecture estim\u00e9e":"2 minutes"},"schema":{"@context":"https:\/\/schema.org","@graph":[{"@type":"Organization","@id":"https:\/\/www.wanarun.net\/blog\/#organization","name":"Wanarun","url":"https:\/\/www.wanarun.net\/blog\/","sameAs":["https:\/\/www.instagram.com\/wanarunnet\/","https:\/\/www.youtube.com\/user\/wanarunnet","https:\/\/www.facebook.com\/wanarun\/","https:\/\/twitter.com\/wanarun"],"logo":{"@type":"ImageObject","inLanguage":"fr-FR","@id":"https:\/\/www.wanarun.net\/blog\/#\/schema\/logo\/image\/","url":"https:\/\/www.wanarun.net\/blog\/wp-content\/uploads\/2018\/03\/logo-wanarun.jpg","contentUrl":"https:\/\/www.wanarun.net\/blog\/wp-content\/uploads\/2018\/03\/logo-wanarun.jpg","width":1196,"height":1082,"caption":"Wanarun"},"image":{"@id":"https:\/\/www.wanarun.net\/blog\/#\/schema\/logo\/image\/"}},{"@type":"WebSite","@id":"https:\/\/www.wanarun.net\/blog\/#website","url":"https:\/\/www.wanarun.net\/blog\/","name":"Wanarun, le blog du running, du trail et de la course \u00e0 pied","description":"Informations, remarques, avis, conseils sur la course \u00e0 pied.","publisher":{"@id":"https:\/\/www.wanarun.net\/blog\/#organization"},"potentialAction":[{"@type":"SearchAction","target":{"@type":"EntryPoint","urlTemplate":"https:\/\/www.wanarun.net\/blog\/?s={search_term_string}"},"query-input":"required name=search_term_string"}],"inLanguage":"fr-FR"},{"@type":"WebPage","@id":"https:\/\/www.wanarun.net\/blog\/pas-de-marathon-aux-championnats-deurope-2012-3164.html#webpage","url":"https:\/\/www.wanarun.net\/blog\/pas-de-marathon-aux-championnats-deurope-2012-3164.html","name":"Pas de Marathon aux championnats d'Europe 2012 et alors ?","isPartOf":{"@id":"https:\/\/www.wanarun.net\/blog\/#website"},"datePublished":"2009-11-13T03:00:48+00:00","dateModified":"2009-11-10T20:29:07+00:00","description":"Ce n'est plus un scoop mais mais mais ... cela m\u00e9rite r\u00e9flexion.","breadcrumb":{"@id":"https:\/\/www.wanarun.net\/blog\/pas-de-marathon-aux-championnats-deurope-2012-3164.html#breadcrumb"},"inLanguage":"fr-FR","potentialAction":[{"@type":"ReadAction","target":["https:\/\/www.wanarun.net\/blog\/pas-de-marathon-aux-championnats-deurope-2012-3164.html"]}]},{"@type":"BreadcrumbList","@id":"https:\/\/www.wanarun.net\/blog\/pas-de-marathon-aux-championnats-deurope-2012-3164.html#breadcrumb","itemListElement":[{"@type":"ListItem","position":1,"name":"Pas de Marathon aux championnats d&rsquo;Europe 2012 et alors ?"}]},{"@type":"Article","@id":"https:\/\/www.wanarun.net\/blog\/pas-de-marathon-aux-championnats-deurope-2012-3164.html#article","isPartOf":{"@id":"https:\/\/www.wanarun.net\/blog\/pas-de-marathon-aux-championnats-deurope-2012-3164.html#webpage"},"author":{"@id":"https:\/\/www.wanarun.net\/blog\/#\/schema\/person\/1f6463621f44a2b66c33ff32ccdab3e8"},"headline":"Pas de Marathon aux championnats d&rsquo;Europe 2012 et alors ?","datePublished":"2009-11-13T03:00:48+00:00","dateModified":"2009-11-10T20:29:07+00:00","mainEntityOfPage":{"@id":"https:\/\/www.wanarun.net\/blog\/pas-de-marathon-aux-championnats-deurope-2012-3164.html#webpage"},"wordCount":373,"commentCount":0,"publisher":{"@id":"https:\/\/www.wanarun.net\/blog\/#organization"},"keywords":["Helsinki","jeux olympiques","jo","Londres","MARATHON"],"articleSection":["Course","Humeur"],"inLanguage":"fr-FR","potentialAction":[{"@type":"CommentAction","name":"Comment","target":["https:\/\/www.wanarun.net\/blog\/pas-de-marathon-aux-championnats-deurope-2012-3164.html#respond"]}]},{"@type":"Person","@id":"https:\/\/www.wanarun.net\/blog\/#\/schema\/person\/1f6463621f44a2b66c33ff32ccdab3e8","name":"fredbros","image":{"@type":"ImageObject","inLanguage":"fr-FR","@id":"https:\/\/www.wanarun.net\/blog\/#\/schema\/person\/image\/","url":"https:\/\/secure.gravatar.com\/avatar\/0706328db4ae4ea1111c0fe8b464d6a7?s=96&d=mm&r=g","contentUrl":"https:\/\/secure.gravatar.com\/avatar\/0706328db4ae4ea1111c0fe8b464d6a7?s=96&d=mm&r=g","caption":"fredbros"},"url":"https:\/\/www.wanarun.net\/blog\/author\/fred"}]}},"_links":{"self":[{"href":"https:\/\/www.wanarun.net\/blog\/wp-json\/wp\/v2\/posts\/3164"}],"collection":[{"href":"https:\/\/www.wanarun.net\/blog\/wp-json\/wp\/v2\/posts"}],"about":[{"href":"https:\/\/www.wanarun.net\/blog\/wp-json\/wp\/v2\/types\/post"}],"author":[{"embeddable":true,"href":"https:\/\/www.wanarun.net\/blog\/wp-json\/wp\/v2\/users\/21"}],"replies":[{"embeddable":true,"href":"https:\/\/www.wanarun.net\/blog\/wp-json\/wp\/v2\/comments?post=3164"}],"version-history":[{"count":3,"href":"https:\/\/www.wanarun.net\/blog\/wp-json\/wp\/v2\/posts\/3164\/revisions"}],"predecessor-version":[{"id":3166,"href":"https:\/\/www.wanarun.net\/blog\/wp-json\/wp\/v2\/posts\/3164\/revisions\/3166"}],"wp:attachment":[{"href":"https:\/\/www.wanarun.net\/blog\/wp-json\/wp\/v2\/media?parent=3164"}],"wp:term":[{"taxonomy":"category","embeddable":true,"href":"https:\/\/www.wanarun.net\/blog\/wp-json\/wp\/v2\/categories?post=3164"},{"taxonomy":"post_tag","embeddable":true,"href":"https:\/\/www.wanarun.net\/blog\/wp-json\/wp\/v2\/tags?post=3164"}],"curies":[{"name":"wp","href":"https:\/\/api.w.org\/{rel}","templated":true}]}}