{"id":29020,"date":"2013-03-16T18:38:25","date_gmt":"2013-03-16T17:38:25","guid":{"rendered":"http:\/\/www.wanarun.net\/blog\/?p=29020"},"modified":"2013-03-16T19:43:23","modified_gmt":"2013-03-16T18:43:23","slug":"sylvain-80-ecotrail-2013","status":"publish","type":"post","link":"https:\/\/www.wanarun.net\/blog\/sylvain-80-ecotrail-2013-29020.html","title":{"rendered":"Sylvain Court s&rsquo;impose sur le 80 km de l&rsquo;Ecoltrail"},"content":{"rendered":"<p>Sylvain Court s&rsquo;impose donc sur le 80 km il m\u00e9rite bien sa place sur le podium. Belle photo avec \u00c9rik Clavery le vainqueur 2012<\/p>\n<p><a href=\"https:\/\/www.wanarun.net\/blog\/wp-content\/uploads\/2013\/03\/resultats-ecotrail-2013.pdf\">Les autres r\u00e9sultats de ce samedi<\/a><\/p>\n<p style=\"text-align: center;\"><a class=\"gallery-link\" href=\"https:\/\/www.wanarun.net\/blog\/wp-content\/uploads\/2013\/03\/20130316-063810.jpg\"><img loading=\"lazy\" class=\"aligncenter size-full-single-page wp-image-29019\" alt=\"20130316-063810.jpg\" src=\"https:\/\/www.wanarun.net\/blog\/wp-content\/uploads\/2013\/03\/20130316-063810-465x620.jpg\" width=\"465\" height=\"620\" srcset=\"https:\/\/www.wanarun.net\/blog\/wp-content\/uploads\/2013\/03\/20130316-063810-465x620.jpg 465w, https:\/\/www.wanarun.net\/blog\/wp-content\/uploads\/2013\/03\/20130316-063810-225x300.jpg 225w, https:\/\/www.wanarun.net\/blog\/wp-content\/uploads\/2013\/03\/20130316-063810-768x1024.jpg 768w, https:\/\/www.wanarun.net\/blog\/wp-content\/uploads\/2013\/03\/20130316-063810.jpg 810w\" sizes=\"(max-width: 465px) 100vw, 465px\" \/><\/a><\/p>\n<p class=\"_tinydeskfooter\">\n","protected":false},"excerpt":{"rendered":"<a href=\"https:\/\/www.wanarun.net\/blog\/sylvain-80-ecotrail-2013-29020.html\"><img width=\"150\" height=\"150\" src=\"https:\/\/www.wanarun.net\/blog\/wp-content\/uploads\/2013\/03\/20130316-063810-150x150.jpg\" class=\"alignleft tfe wp-post-image\" alt=\"\" loading=\"lazy\" srcset=\"https:\/\/www.wanarun.net\/blog\/wp-content\/uploads\/2013\/03\/20130316-063810-150x150.jpg 150w, https:\/\/www.wanarun.net\/blog\/wp-content\/uploads\/2013\/03\/20130316-063810-100x100.jpg 100w\" sizes=\"(max-width: 150px) 100vw, 150px\" \/><\/a><p>Sylvain Court s&rsquo;impose donc sur le 80 km il m\u00e9rite bien sa place sur le podium. Belle photo avec \u00c9rik Clavery le vainqueur 2012 Les autres r\u00e9sultats de ce samedi<\/p>\n","protected":false},"author":29,"featured_media":29019,"comment_status":"open","ping_status":"open","sticky":false,"template":"","format":"standard","meta":[],"categories":[7173],"tags":[],"yoast_head":"<!-- This site is optimized with the Yoast SEO plugin v18.9 - https:\/\/yoast.com\/wordpress\/plugins\/seo\/ -->\n<title>Sylvain Court s&#039;impose sur le 80 km de l&#039;Ecoltrail<\/title>\n<meta name=\"description\" content=\"Sylvain Court s&#039;impose donc sur le 80 km il m\u00e9rite bien sa place sur le podium. Belle photo avec \u00c9rik Clavery le vainqueur 2012 Les autres r\u00e9sultats de ce\" \/>\n<meta name=\"robots\" content=\"index, follow, max-snippet:-1, max-image-preview:large, max-video-preview:-1\" \/>\n<link rel=\"canonical\" href=\"https:\/\/www.wanarun.net\/blog\/sylvain-80-ecotrail-2013-29020.html\" \/>\n<meta property=\"og:locale\" content=\"fr_FR\" \/>\n<meta property=\"og:type\" content=\"article\" \/>\n<meta property=\"og:title\" content=\"Sylvain Court s&#039;impose sur le 80 km de l&#039;Ecoltrail\" \/>\n<meta property=\"og:description\" content=\"Sylvain Court s&#039;impose donc sur le 80 km il m\u00e9rite bien sa place sur le podium. Belle photo avec \u00c9rik Clavery le vainqueur 2012 Les autres r\u00e9sultats de ce\" \/>\n<meta property=\"og:url\" content=\"https:\/\/www.wanarun.net\/blog\/sylvain-80-ecotrail-2013-29020.html\" \/>\n<meta property=\"og:site_name\" content=\"Wanarun, le blog du running, du trail et de la course \u00e0 pied\" \/>\n<meta property=\"article:publisher\" content=\"https:\/\/www.facebook.com\/wanarun\/\" \/>\n<meta property=\"article:published_time\" content=\"2013-03-16T17:38:25+00:00\" \/>\n<meta property=\"article:modified_time\" content=\"2013-03-16T18:43:23+00:00\" \/>\n<meta property=\"og:image\" content=\"https:\/\/www.wanarun.net\/blog\/wp-content\/uploads\/2013\/03\/20130316-063810.jpg\" \/>\n\t<meta property=\"og:image:width\" content=\"810\" \/>\n\t<meta property=\"og:image:height\" content=\"1080\" \/>\n\t<meta property=\"og:image:type\" content=\"image\/jpeg\" \/>\n<meta name=\"twitter:label1\" content=\"\u00c9crit par\" \/>\n\t<meta name=\"twitter:data1\" content=\"laurent\" \/>\n<script type=\"application\/ld+json\" class=\"yoast-schema-graph\">{\"@context\":\"https:\/\/schema.org\",\"@graph\":[{\"@type\":\"Organization\",\"@id\":\"https:\/\/www.wanarun.net\/blog\/#organization\",\"name\":\"Wanarun\",\"url\":\"https:\/\/www.wanarun.net\/blog\/\",\"sameAs\":[\"https:\/\/www.instagram.com\/wanarunnet\/\",\"https:\/\/www.youtube.com\/user\/wanarunnet\",\"https:\/\/www.facebook.com\/wanarun\/\",\"https:\/\/twitter.com\/wanarun\"],\"logo\":{\"@type\":\"ImageObject\",\"inLanguage\":\"fr-FR\",\"@id\":\"https:\/\/www.wanarun.net\/blog\/#\/schema\/logo\/image\/\",\"url\":\"https:\/\/www.wanarun.net\/blog\/wp-content\/uploads\/2018\/03\/logo-wanarun.jpg\",\"contentUrl\":\"https:\/\/www.wanarun.net\/blog\/wp-content\/uploads\/2018\/03\/logo-wanarun.jpg\",\"width\":1196,\"height\":1082,\"caption\":\"Wanarun\"},\"image\":{\"@id\":\"https:\/\/www.wanarun.net\/blog\/#\/schema\/logo\/image\/\"}},{\"@type\":\"WebSite\",\"@id\":\"https:\/\/www.wanarun.net\/blog\/#website\",\"url\":\"https:\/\/www.wanarun.net\/blog\/\",\"name\":\"Wanarun, le blog du running, du trail et de la course \u00e0 pied\",\"description\":\"Informations, remarques, avis, conseils sur la course \u00e0 pied.\",\"publisher\":{\"@id\":\"https:\/\/www.wanarun.net\/blog\/#organization\"},\"potentialAction\":[{\"@type\":\"SearchAction\",\"target\":{\"@type\":\"EntryPoint\",\"urlTemplate\":\"https:\/\/www.wanarun.net\/blog\/?s={search_term_string}\"},\"query-input\":\"required name=search_term_string\"}],\"inLanguage\":\"fr-FR\"},{\"@type\":\"ImageObject\",\"inLanguage\":\"fr-FR\",\"@id\":\"https:\/\/www.wanarun.net\/blog\/sylvain-80-ecotrail-2013-29020.html#primaryimage\",\"url\":\"https:\/\/www.wanarun.net\/blog\/wp-content\/uploads\/2013\/03\/20130316-063810.jpg\",\"contentUrl\":\"https:\/\/www.wanarun.net\/blog\/wp-content\/uploads\/2013\/03\/20130316-063810.jpg\",\"width\":810,\"height\":1080},{\"@type\":\"WebPage\",\"@id\":\"https:\/\/www.wanarun.net\/blog\/sylvain-80-ecotrail-2013-29020.html#webpage\",\"url\":\"https:\/\/www.wanarun.net\/blog\/sylvain-80-ecotrail-2013-29020.html\",\"name\":\"Sylvain Court s'impose sur le 80 km de l'Ecoltrail\",\"isPartOf\":{\"@id\":\"https:\/\/www.wanarun.net\/blog\/#website\"},\"primaryImageOfPage\":{\"@id\":\"https:\/\/www.wanarun.net\/blog\/sylvain-80-ecotrail-2013-29020.html#primaryimage\"},\"datePublished\":\"2013-03-16T17:38:25+00:00\",\"dateModified\":\"2013-03-16T18:43:23+00:00\",\"description\":\"Sylvain Court s'impose donc sur le 80 km il m\u00e9rite bien sa place sur le podium. Belle photo avec \u00c9rik Clavery le vainqueur 2012 Les autres r\u00e9sultats de ce\",\"breadcrumb\":{\"@id\":\"https:\/\/www.wanarun.net\/blog\/sylvain-80-ecotrail-2013-29020.html#breadcrumb\"},\"inLanguage\":\"fr-FR\",\"potentialAction\":[{\"@type\":\"ReadAction\",\"target\":[\"https:\/\/www.wanarun.net\/blog\/sylvain-80-ecotrail-2013-29020.html\"]}]},{\"@type\":\"BreadcrumbList\",\"@id\":\"https:\/\/www.wanarun.net\/blog\/sylvain-80-ecotrail-2013-29020.html#breadcrumb\",\"itemListElement\":[{\"@type\":\"ListItem\",\"position\":1,\"name\":\"Sylvain Court s&rsquo;impose sur le 80 km de l&rsquo;Ecoltrail\"}]},{\"@type\":\"Article\",\"@id\":\"https:\/\/www.wanarun.net\/blog\/sylvain-80-ecotrail-2013-29020.html#article\",\"isPartOf\":{\"@id\":\"https:\/\/www.wanarun.net\/blog\/sylvain-80-ecotrail-2013-29020.html#webpage\"},\"author\":{\"@id\":\"https:\/\/www.wanarun.net\/blog\/#\/schema\/person\/ed88c735bd122c6b6356955e40ec6bc1\"},\"headline\":\"Sylvain Court s&rsquo;impose sur le 80 km de l&rsquo;Ecoltrail\",\"datePublished\":\"2013-03-16T17:38:25+00:00\",\"dateModified\":\"2013-03-16T18:43:23+00:00\",\"mainEntityOfPage\":{\"@id\":\"https:\/\/www.wanarun.net\/blog\/sylvain-80-ecotrail-2013-29020.html#webpage\"},\"wordCount\":38,\"commentCount\":0,\"publisher\":{\"@id\":\"https:\/\/www.wanarun.net\/blog\/#organization\"},\"image\":{\"@id\":\"https:\/\/www.wanarun.net\/blog\/sylvain-80-ecotrail-2013-29020.html#primaryimage\"},\"thumbnailUrl\":\"https:\/\/www.wanarun.net\/blog\/wp-content\/uploads\/2013\/03\/20130316-063810.jpg\",\"articleSection\":[\"Flash\"],\"inLanguage\":\"fr-FR\",\"potentialAction\":[{\"@type\":\"CommentAction\",\"name\":\"Comment\",\"target\":[\"https:\/\/www.wanarun.net\/blog\/sylvain-80-ecotrail-2013-29020.html#respond\"]}]},{\"@type\":\"Person\",\"@id\":\"https:\/\/www.wanarun.net\/blog\/#\/schema\/person\/ed88c735bd122c6b6356955e40ec6bc1\",\"name\":\"laurent\",\"image\":{\"@type\":\"ImageObject\",\"inLanguage\":\"fr-FR\",\"@id\":\"https:\/\/www.wanarun.net\/blog\/#\/schema\/person\/image\/\",\"url\":\"https:\/\/secure.gravatar.com\/avatar\/57da4030efe67c8c21dfcc235e85d39d?s=96&d=mm&r=g\",\"contentUrl\":\"https:\/\/secure.gravatar.com\/avatar\/57da4030efe67c8c21dfcc235e85d39d?s=96&d=mm&r=g\",\"caption\":\"laurent\"},\"description\":\"45 ans (euh oui d\u00e9j\u00e0\u2026) \u2013 Dirigeant d\u2019un \u00e9tablissement M\u00e9dico-social. Rochelais d\u2019origine je vis d\u00e9sormais en R\u00e9gion Centre. La course \u00e0 pied fait partie de mon quotidien depuis 7 ans, elle repr\u00e9sente entre 40 et 70km par semaine, une hernie discale me contraint d\u00e9sormais \u00e0 l\u2019endurance et j\u2019adore !! Je ne cours jamais sans plaisir, souvent \u00e9go\u00efstement \u2026.. Je me suis r\u00e9gal\u00e9 sur plusieurs ultras de plus de 10h, 5 marathons, plusieurs semi-marathons, diverses courses petites distances et \u00ab nature \u00bb, deux participations au 25\u00e8me Marathon Des Sables et une participation aux 100 km de Millau ! J\u2019aime les gadgets et l\u2019innovation, je suis gourmand et la nutrition me passionne. Mon adage : \u00ab Ce n\u2019est pas parce que c\u2019est dur qu\u2019on le fait pas, mais parce qu\u2019on ne le fait pas que \u00e7a parait difficile ! \u00bb\",\"url\":\"https:\/\/www.wanarun.net\/blog\/author\/laurent\"}]}<\/script>\n<!-- \/ Yoast SEO plugin. -->","yoast_head_json":{"title":"Sylvain Court s'impose sur le 80 km de l'Ecoltrail","description":"Sylvain Court s'impose donc sur le 80 km il m\u00e9rite bien sa place sur le podium. Belle photo avec \u00c9rik Clavery le vainqueur 2012 Les autres r\u00e9sultats de ce","robots":{"index":"index","follow":"follow","max-snippet":"max-snippet:-1","max-image-preview":"max-image-preview:large","max-video-preview":"max-video-preview:-1"},"canonical":"https:\/\/www.wanarun.net\/blog\/sylvain-80-ecotrail-2013-29020.html","og_locale":"fr_FR","og_type":"article","og_title":"Sylvain Court s'impose sur le 80 km de l'Ecoltrail","og_description":"Sylvain Court s'impose donc sur le 80 km il m\u00e9rite bien sa place sur le podium. Belle photo avec \u00c9rik Clavery le vainqueur 2012 Les autres r\u00e9sultats de ce","og_url":"https:\/\/www.wanarun.net\/blog\/sylvain-80-ecotrail-2013-29020.html","og_site_name":"Wanarun, le blog du running, du trail et de la course \u00e0 pied","article_publisher":"https:\/\/www.facebook.com\/wanarun\/","article_published_time":"2013-03-16T17:38:25+00:00","article_modified_time":"2013-03-16T18:43:23+00:00","og_image":[{"width":810,"height":1080,"url":"https:\/\/www.wanarun.net\/blog\/wp-content\/uploads\/2013\/03\/20130316-063810.jpg","type":"image\/jpeg"}],"twitter_misc":{"\u00c9crit par":"laurent"},"schema":{"@context":"https:\/\/schema.org","@graph":[{"@type":"Organization","@id":"https:\/\/www.wanarun.net\/blog\/#organization","name":"Wanarun","url":"https:\/\/www.wanarun.net\/blog\/","sameAs":["https:\/\/www.instagram.com\/wanarunnet\/","https:\/\/www.youtube.com\/user\/wanarunnet","https:\/\/www.facebook.com\/wanarun\/","https:\/\/twitter.com\/wanarun"],"logo":{"@type":"ImageObject","inLanguage":"fr-FR","@id":"https:\/\/www.wanarun.net\/blog\/#\/schema\/logo\/image\/","url":"https:\/\/www.wanarun.net\/blog\/wp-content\/uploads\/2018\/03\/logo-wanarun.jpg","contentUrl":"https:\/\/www.wanarun.net\/blog\/wp-content\/uploads\/2018\/03\/logo-wanarun.jpg","width":1196,"height":1082,"caption":"Wanarun"},"image":{"@id":"https:\/\/www.wanarun.net\/blog\/#\/schema\/logo\/image\/"}},{"@type":"WebSite","@id":"https:\/\/www.wanarun.net\/blog\/#website","url":"https:\/\/www.wanarun.net\/blog\/","name":"Wanarun, le blog du running, du trail et de la course \u00e0 pied","description":"Informations, remarques, avis, conseils sur la course \u00e0 pied.","publisher":{"@id":"https:\/\/www.wanarun.net\/blog\/#organization"},"potentialAction":[{"@type":"SearchAction","target":{"@type":"EntryPoint","urlTemplate":"https:\/\/www.wanarun.net\/blog\/?s={search_term_string}"},"query-input":"required name=search_term_string"}],"inLanguage":"fr-FR"},{"@type":"ImageObject","inLanguage":"fr-FR","@id":"https:\/\/www.wanarun.net\/blog\/sylvain-80-ecotrail-2013-29020.html#primaryimage","url":"https:\/\/www.wanarun.net\/blog\/wp-content\/uploads\/2013\/03\/20130316-063810.jpg","contentUrl":"https:\/\/www.wanarun.net\/blog\/wp-content\/uploads\/2013\/03\/20130316-063810.jpg","width":810,"height":1080},{"@type":"WebPage","@id":"https:\/\/www.wanarun.net\/blog\/sylvain-80-ecotrail-2013-29020.html#webpage","url":"https:\/\/www.wanarun.net\/blog\/sylvain-80-ecotrail-2013-29020.html","name":"Sylvain Court s'impose sur le 80 km de l'Ecoltrail","isPartOf":{"@id":"https:\/\/www.wanarun.net\/blog\/#website"},"primaryImageOfPage":{"@id":"https:\/\/www.wanarun.net\/blog\/sylvain-80-ecotrail-2013-29020.html#primaryimage"},"datePublished":"2013-03-16T17:38:25+00:00","dateModified":"2013-03-16T18:43:23+00:00","description":"Sylvain Court s'impose donc sur le 80 km il m\u00e9rite bien sa place sur le podium. Belle photo avec \u00c9rik Clavery le vainqueur 2012 Les autres r\u00e9sultats de ce","breadcrumb":{"@id":"https:\/\/www.wanarun.net\/blog\/sylvain-80-ecotrail-2013-29020.html#breadcrumb"},"inLanguage":"fr-FR","potentialAction":[{"@type":"ReadAction","target":["https:\/\/www.wanarun.net\/blog\/sylvain-80-ecotrail-2013-29020.html"]}]},{"@type":"BreadcrumbList","@id":"https:\/\/www.wanarun.net\/blog\/sylvain-80-ecotrail-2013-29020.html#breadcrumb","itemListElement":[{"@type":"ListItem","position":1,"name":"Sylvain Court s&rsquo;impose sur le 80 km de l&rsquo;Ecoltrail"}]},{"@type":"Article","@id":"https:\/\/www.wanarun.net\/blog\/sylvain-80-ecotrail-2013-29020.html#article","isPartOf":{"@id":"https:\/\/www.wanarun.net\/blog\/sylvain-80-ecotrail-2013-29020.html#webpage"},"author":{"@id":"https:\/\/www.wanarun.net\/blog\/#\/schema\/person\/ed88c735bd122c6b6356955e40ec6bc1"},"headline":"Sylvain Court s&rsquo;impose sur le 80 km de l&rsquo;Ecoltrail","datePublished":"2013-03-16T17:38:25+00:00","dateModified":"2013-03-16T18:43:23+00:00","mainEntityOfPage":{"@id":"https:\/\/www.wanarun.net\/blog\/sylvain-80-ecotrail-2013-29020.html#webpage"},"wordCount":38,"commentCount":0,"publisher":{"@id":"https:\/\/www.wanarun.net\/blog\/#organization"},"image":{"@id":"https:\/\/www.wanarun.net\/blog\/sylvain-80-ecotrail-2013-29020.html#primaryimage"},"thumbnailUrl":"https:\/\/www.wanarun.net\/blog\/wp-content\/uploads\/2013\/03\/20130316-063810.jpg","articleSection":["Flash"],"inLanguage":"fr-FR","potentialAction":[{"@type":"CommentAction","name":"Comment","target":["https:\/\/www.wanarun.net\/blog\/sylvain-80-ecotrail-2013-29020.html#respond"]}]},{"@type":"Person","@id":"https:\/\/www.wanarun.net\/blog\/#\/schema\/person\/ed88c735bd122c6b6356955e40ec6bc1","name":"laurent","image":{"@type":"ImageObject","inLanguage":"fr-FR","@id":"https:\/\/www.wanarun.net\/blog\/#\/schema\/person\/image\/","url":"https:\/\/secure.gravatar.com\/avatar\/57da4030efe67c8c21dfcc235e85d39d?s=96&d=mm&r=g","contentUrl":"https:\/\/secure.gravatar.com\/avatar\/57da4030efe67c8c21dfcc235e85d39d?s=96&d=mm&r=g","caption":"laurent"},"description":"45 ans (euh oui d\u00e9j\u00e0\u2026) \u2013 Dirigeant d\u2019un \u00e9tablissement M\u00e9dico-social. Rochelais d\u2019origine je vis d\u00e9sormais en R\u00e9gion Centre. La course \u00e0 pied fait partie de mon quotidien depuis 7 ans, elle repr\u00e9sente entre 40 et 70km par semaine, une hernie discale me contraint d\u00e9sormais \u00e0 l\u2019endurance et j\u2019adore !! Je ne cours jamais sans plaisir, souvent \u00e9go\u00efstement \u2026.. Je me suis r\u00e9gal\u00e9 sur plusieurs ultras de plus de 10h, 5 marathons, plusieurs semi-marathons, diverses courses petites distances et \u00ab nature \u00bb, deux participations au 25\u00e8me Marathon Des Sables et une participation aux 100 km de Millau ! J\u2019aime les gadgets et l\u2019innovation, je suis gourmand et la nutrition me passionne. Mon adage : \u00ab Ce n\u2019est pas parce que c\u2019est dur qu\u2019on le fait pas, mais parce qu\u2019on ne le fait pas que \u00e7a parait difficile ! \u00bb","url":"https:\/\/www.wanarun.net\/blog\/author\/laurent"}]}},"_links":{"self":[{"href":"https:\/\/www.wanarun.net\/blog\/wp-json\/wp\/v2\/posts\/29020"}],"collection":[{"href":"https:\/\/www.wanarun.net\/blog\/wp-json\/wp\/v2\/posts"}],"about":[{"href":"https:\/\/www.wanarun.net\/blog\/wp-json\/wp\/v2\/types\/post"}],"author":[{"embeddable":true,"href":"https:\/\/www.wanarun.net\/blog\/wp-json\/wp\/v2\/users\/29"}],"replies":[{"embeddable":true,"href":"https:\/\/www.wanarun.net\/blog\/wp-json\/wp\/v2\/comments?post=29020"}],"version-history":[{"count":7,"href":"https:\/\/www.wanarun.net\/blog\/wp-json\/wp\/v2\/posts\/29020\/revisions"}],"predecessor-version":[{"id":29021,"href":"https:\/\/www.wanarun.net\/blog\/wp-json\/wp\/v2\/posts\/29020\/revisions\/29021"}],"wp:featuredmedia":[{"embeddable":true,"href":"https:\/\/www.wanarun.net\/blog\/wp-json\/wp\/v2\/media\/29019"}],"wp:attachment":[{"href":"https:\/\/www.wanarun.net\/blog\/wp-json\/wp\/v2\/media?parent=29020"}],"wp:term":[{"taxonomy":"category","embeddable":true,"href":"https:\/\/www.wanarun.net\/blog\/wp-json\/wp\/v2\/categories?post=29020"},{"taxonomy":"post_tag","embeddable":true,"href":"https:\/\/www.wanarun.net\/blog\/wp-json\/wp\/v2\/tags?post=29020"}],"curies":[{"name":"wp","href":"https:\/\/api.w.org\/{rel}","templated":true}]}}