{"id":28495,"date":"2013-02-22T17:00:59","date_gmt":"2013-02-22T16:00:59","guid":{"rendered":"http:\/\/www.wanarun.net\/blog\/?p=28495"},"modified":"2013-02-22T17:01:13","modified_gmt":"2013-02-22T16:01:13","slug":"courir-pour-la-paix","status":"publish","type":"post","link":"https:\/\/www.wanarun.net\/blog\/courir-pour-la-paix-28495.html","title":{"rendered":"Courir pour la paix"},"content":{"rendered":"<p><a class=\"gallery-link\" href=\"https:\/\/www.wanarun.net\/blog\/wp-content\/uploads\/2013\/02\/20130221-061544.jpg\"><img loading=\"lazy\" class=\"alignleft size-thumbnail wp-image-28493\" alt=\"20130221-061544.jpg\" src=\"https:\/\/www.wanarun.net\/blog\/wp-content\/uploads\/2013\/02\/20130221-061544-150x150.jpg\" width=\"150\" height=\"150\" srcset=\"https:\/\/www.wanarun.net\/blog\/wp-content\/uploads\/2013\/02\/20130221-061544-150x150.jpg 150w, https:\/\/www.wanarun.net\/blog\/wp-content\/uploads\/2013\/02\/20130221-061544-100x100.jpg 100w\" sizes=\"(max-width: 150px) 100vw, 150px\" \/><\/a>Apr\u00e8s quoi court-elle Gloria NASR ?<\/p>\n<p>Apr\u00e8s quoi court-on ?<\/p>\n<p>Cette fameuse question qui nous revient sans cesse aux oreilles d\u00e8s lors que nous nous engageons sur une course, d\u00e8s lors que nous nous fixons un objectif qui pour le commun des mortels para\u00eet inaccessible.<\/p>\n<p>Alors apr\u00e8s quoi court-elle Gloria ?<br \/>\nComme nous tous, elle pour le bien-\u00eatre, elle court pour le plaisir, le sien et celui des autres, elle court pour se r\u00e9aliser, elle court pour se d\u00e9passer&#8230;. Mais elle \u00e0 quelque chose de plus Gloria. Elle court pour le bien na\u00eetre, elle court pour la paix !<\/p>\n<p>N\u00e9e \u00e0 Beyrouth en 1970, Gloria Nasr a cinq ans quand la guerre civile \u00e9clate au Liban. De cette \u00e9preuve, elle dit : \u00ab Ce qui ne tue pas rend plus fort. La guerre m\u2019a appris \u00e0 appr\u00e9cier la vie, affronter la peur, relativiser les probl\u00e8mes et \u00e0 ne pas s\u2019arr\u00eater devant les obstacles \u00bb. En 1995, elle concr\u00e9tise son r\u00eave : Venir vivre en France. Tomb\u00e9e sous le charme de Paris, elle s\u2019y installe pour poursuivre ses \u00e9tudes. Depuis, elle y exerce le m\u00e9tier de m\u00e9decin en m\u00e9decine physique et de r\u00e9adaptation. A ce titre elle prend en charge des patients handicap\u00e9s. La course \u00e0 pied est entr\u00e9e dans sa vie en 2002. Sa premi\u00e8re course fut Paris Versailles et son premier marathon celui de Paris 2003. Ensuite la cadence s\u2019intensifie et les courses s\u2019enchainent. Gloria court les marathons de Paris, Beyrouth, la Rochelle, Copenhague, Berlin et New York. Puis elle rel\u00e8vera le d\u00e9fi de l\u2019Ultrafond en participant \u00e0 la Saint\u00e9lyon et aux 100km de Millau. Viendront ensuite les courses par \u00e9tapes : La France en courant et le mythique marathon des sables. En Juillet 2012, elle a couru de Paris \u00e0 Londres pour les jeux olympiques, 490km en 10jours. En Aout 2012, elle participe \u00e0 l\u2019Ultramarathon de Lille Londres pour emmener quatre athl\u00e8tes handisport aux jeux paralympiques.<\/p>\n<p>Dix ans apr\u00e8s son premier marathon, celui de Paris, elle en reprendra le d\u00e9part le 7Avril 2013 pour r\u00e9aliser sa course trans-continentale \u00ab Paris-Beyrouth \u00bb. Premi\u00e8re \u00e9tape d&rsquo;une \u00e9pop\u00e9e \u00e0 travers neuf pays qui sera d\u00e9di\u00e9e \u00e0 la paix au Liban et au proche orient.<\/p>\n<p>5 000 km en courant<br \/>\n9 pays travers\u00e9s<br \/>\nDe 50 \u00e0 60 km par jour<br \/>\nD\u00e9part de Paris Avenue des Champs \u00c9lys\u00e9es \u00e0 l&rsquo;occasion du marathon de Paris<br \/>\nArriv\u00e9e \u00e0 Beyrouth Place des Martyrs en ao\u00fbt.<br \/>\nAucun record \u00e0 battre<\/p>\n<p>\u00c0 quelques jours de son d\u00e9part, Gloria n&rsquo;a pas compl\u00e8tement boucl\u00e9 son budget. Si vous aussi vous \u00eates convaincu qu\u2019avec la volont\u00e9 et la solidarit\u00e9 on peut vaincre les obstacles les plus insurmontables. Si les valeurs que repr\u00e9sente notre discipline telles que l\u2019endurance, la pers\u00e9v\u00e9rance, le d\u00e9passement de soi et la libert\u00e9 r\u00e9sonnent en vous et font \u00e9cho avec vos valeurs. Si l&rsquo;envie et la capacit\u00e9 d&rsquo;aider Gloria vous gagne &#8230;<\/p>\n<p>une adresse :<br \/>\n<a href=\"http:\/\/www.bankeez.com\/pot\/4jRGPour\">http:\/\/www.bankeez.com\/pot\/4jRGPour<\/a><\/p>\n<p>d\u00e9couvrir et suivre le projet de Gloria :<br \/>\n<a href=\"http:\/\/www.parisbeyrouth-en-courant.com\"> http:\/\/www.parisbeyrouth-en-courant.com<\/a><\/p>\n\n\t\t<style type=\"text\/css\">\n\t\t\t#gallery-1 {\n\t\t\t\tmargin: auto;\n\t\t\t}\n\t\t\t#gallery-1 .gallery-item {\n\t\t\t\tfloat: left;\n\t\t\t\tmargin-top: 10px;\n\t\t\t\ttext-align: center;\n\t\t\t\twidth: 33%;\n\t\t\t}\n\t\t\t#gallery-1 img {\n\t\t\t\tborder: 2px solid #cfcfcf;\n\t\t\t}\n\t\t\t#gallery-1 .gallery-caption {\n\t\t\t\tmargin-left: 0;\n\t\t\t}\n\t\t\t\/* see gallery_shortcode() in wp-includes\/media.php *\/\n\t\t<\/style>\n\t\t<div id='gallery-1' class='gallery galleryid-28495 gallery-columns-3 gallery-size-thumbnail'><dl class='gallery-item'>\n\t\t\t<dt class='gallery-icon landscape'>\n\t\t\t\t<a href='https:\/\/www.wanarun.net\/blog\/wp-content\/uploads\/2013\/02\/20130221-061550.jpg'><img width=\"150\" height=\"150\" src=\"https:\/\/www.wanarun.net\/blog\/wp-content\/uploads\/2013\/02\/20130221-061550-150x150.jpg\" class=\"attachment-thumbnail size-thumbnail\" alt=\"\" loading=\"lazy\" srcset=\"https:\/\/www.wanarun.net\/blog\/wp-content\/uploads\/2013\/02\/20130221-061550-150x150.jpg 150w, https:\/\/www.wanarun.net\/blog\/wp-content\/uploads\/2013\/02\/20130221-061550-100x100.jpg 100w\" sizes=\"(max-width: 150px) 100vw, 150px\" \/><\/a>\n\t\t\t<\/dt><\/dl><dl class='gallery-item'>\n\t\t\t<dt class='gallery-icon landscape'>\n\t\t\t\t<a href='https:\/\/www.wanarun.net\/blog\/wp-content\/uploads\/2013\/02\/20130221-061544.jpg'><img width=\"150\" height=\"150\" src=\"https:\/\/www.wanarun.net\/blog\/wp-content\/uploads\/2013\/02\/20130221-061544-150x150.jpg\" class=\"attachment-thumbnail size-thumbnail\" alt=\"\" loading=\"lazy\" srcset=\"https:\/\/www.wanarun.net\/blog\/wp-content\/uploads\/2013\/02\/20130221-061544-150x150.jpg 150w, https:\/\/www.wanarun.net\/blog\/wp-content\/uploads\/2013\/02\/20130221-061544-100x100.jpg 100w\" sizes=\"(max-width: 150px) 100vw, 150px\" \/><\/a>\n\t\t\t<\/dt><\/dl><dl class='gallery-item'>\n\t\t\t<dt class='gallery-icon portrait'>\n\t\t\t\t<a href='https:\/\/www.wanarun.net\/blog\/wp-content\/uploads\/2013\/02\/20130221-061538.jpg'><img width=\"150\" height=\"150\" src=\"https:\/\/www.wanarun.net\/blog\/wp-content\/uploads\/2013\/02\/20130221-061538-150x150.jpg\" class=\"attachment-thumbnail size-thumbnail\" alt=\"\" loading=\"lazy\" srcset=\"https:\/\/www.wanarun.net\/blog\/wp-content\/uploads\/2013\/02\/20130221-061538-150x150.jpg 150w, https:\/\/www.wanarun.net\/blog\/wp-content\/uploads\/2013\/02\/20130221-061538-100x100.jpg 100w\" sizes=\"(max-width: 150px) 100vw, 150px\" \/><\/a>\n\t\t\t<\/dt><\/dl><br style=\"clear: both\" \/>\n\t\t<\/div>\n\n","protected":false},"excerpt":{"rendered":"<a href=\"https:\/\/www.wanarun.net\/blog\/courir-pour-la-paix-28495.html\"><img width=\"150\" height=\"150\" src=\"https:\/\/www.wanarun.net\/blog\/wp-content\/uploads\/2013\/02\/20130221-061544-150x150.jpg\" class=\"alignleft tfe wp-post-image\" alt=\"\" loading=\"lazy\" srcset=\"https:\/\/www.wanarun.net\/blog\/wp-content\/uploads\/2013\/02\/20130221-061544-150x150.jpg 150w, https:\/\/www.wanarun.net\/blog\/wp-content\/uploads\/2013\/02\/20130221-061544-100x100.jpg 100w\" sizes=\"(max-width: 150px) 100vw, 150px\" \/><\/a><p>Apr\u00e8s quoi court-elle Gloria NASR ? Apr\u00e8s quoi court-on ? Cette fameuse question qui nous revient sans cesse aux oreilles d\u00e8s lors que nous nous engageons sur une course, d\u00e8s lors que nous nous fixons un objectif qui pour le commun des mortels para\u00eet inaccessible. Alors apr\u00e8s quoi court-elle Gloria ? Comme nous tous, elle [&hellip;]<\/p>\n","protected":false},"author":29,"featured_media":28493,"comment_status":"open","ping_status":"open","sticky":false,"template":"","format":"standard","meta":[],"categories":[1705],"tags":[],"yoast_head":"<!-- This site is optimized with the Yoast SEO plugin v18.9 - https:\/\/yoast.com\/wordpress\/plugins\/seo\/ -->\n<title>Courir pour la paix<\/title>\n<meta name=\"description\" content=\"Apr\u00e8s quoi court-elle Gloria NASR ? Apr\u00e8s quoi court-on ? Cette fameuse question qui nous revient sans cesse aux oreilles d\u00e8s lors que nous nous engageons\" \/>\n<meta name=\"robots\" content=\"index, follow, max-snippet:-1, max-image-preview:large, max-video-preview:-1\" \/>\n<link rel=\"canonical\" href=\"https:\/\/www.wanarun.net\/blog\/courir-pour-la-paix-28495.html\" \/>\n<meta property=\"og:locale\" content=\"fr_FR\" \/>\n<meta property=\"og:type\" content=\"article\" \/>\n<meta property=\"og:title\" content=\"Courir pour la paix\" \/>\n<meta property=\"og:description\" content=\"Apr\u00e8s quoi court-elle Gloria NASR ? Apr\u00e8s quoi court-on ? Cette fameuse question qui nous revient sans cesse aux oreilles d\u00e8s lors que nous nous engageons\" \/>\n<meta property=\"og:url\" content=\"https:\/\/www.wanarun.net\/blog\/courir-pour-la-paix-28495.html\" \/>\n<meta property=\"og:site_name\" content=\"Wanarun, le blog du running, du trail et de la course \u00e0 pied\" \/>\n<meta property=\"article:publisher\" content=\"https:\/\/www.facebook.com\/wanarun\/\" \/>\n<meta property=\"article:published_time\" content=\"2013-02-22T16:00:59+00:00\" \/>\n<meta property=\"article:modified_time\" content=\"2013-02-22T16:01:13+00:00\" \/>\n<meta property=\"og:image\" content=\"https:\/\/www.wanarun.net\/blog\/wp-content\/uploads\/2013\/02\/20130221-061544.jpg\" \/>\n\t<meta property=\"og:image:width\" content=\"882\" \/>\n\t<meta property=\"og:image:height\" content=\"582\" \/>\n\t<meta property=\"og:image:type\" content=\"image\/jpeg\" \/>\n<meta name=\"twitter:label1\" content=\"\u00c9crit par\" \/>\n\t<meta name=\"twitter:data1\" content=\"laurent\" \/>\n\t<meta name=\"twitter:label2\" content=\"Dur\u00e9e de lecture estim\u00e9e\" \/>\n\t<meta name=\"twitter:data2\" content=\"3 minutes\" \/>\n<script type=\"application\/ld+json\" class=\"yoast-schema-graph\">{\"@context\":\"https:\/\/schema.org\",\"@graph\":[{\"@type\":\"Organization\",\"@id\":\"https:\/\/www.wanarun.net\/blog\/#organization\",\"name\":\"Wanarun\",\"url\":\"https:\/\/www.wanarun.net\/blog\/\",\"sameAs\":[\"https:\/\/www.instagram.com\/wanarunnet\/\",\"https:\/\/www.youtube.com\/user\/wanarunnet\",\"https:\/\/www.facebook.com\/wanarun\/\",\"https:\/\/twitter.com\/wanarun\"],\"logo\":{\"@type\":\"ImageObject\",\"inLanguage\":\"fr-FR\",\"@id\":\"https:\/\/www.wanarun.net\/blog\/#\/schema\/logo\/image\/\",\"url\":\"https:\/\/www.wanarun.net\/blog\/wp-content\/uploads\/2018\/03\/logo-wanarun.jpg\",\"contentUrl\":\"https:\/\/www.wanarun.net\/blog\/wp-content\/uploads\/2018\/03\/logo-wanarun.jpg\",\"width\":1196,\"height\":1082,\"caption\":\"Wanarun\"},\"image\":{\"@id\":\"https:\/\/www.wanarun.net\/blog\/#\/schema\/logo\/image\/\"}},{\"@type\":\"WebSite\",\"@id\":\"https:\/\/www.wanarun.net\/blog\/#website\",\"url\":\"https:\/\/www.wanarun.net\/blog\/\",\"name\":\"Wanarun, le blog du running, du trail et de la course \u00e0 pied\",\"description\":\"Informations, remarques, avis, conseils sur la course \u00e0 pied.\",\"publisher\":{\"@id\":\"https:\/\/www.wanarun.net\/blog\/#organization\"},\"potentialAction\":[{\"@type\":\"SearchAction\",\"target\":{\"@type\":\"EntryPoint\",\"urlTemplate\":\"https:\/\/www.wanarun.net\/blog\/?s={search_term_string}\"},\"query-input\":\"required name=search_term_string\"}],\"inLanguage\":\"fr-FR\"},{\"@type\":\"ImageObject\",\"inLanguage\":\"fr-FR\",\"@id\":\"https:\/\/www.wanarun.net\/blog\/courir-pour-la-paix-28495.html#primaryimage\",\"url\":\"https:\/\/www.wanarun.net\/blog\/wp-content\/uploads\/2013\/02\/20130221-061544.jpg\",\"contentUrl\":\"https:\/\/www.wanarun.net\/blog\/wp-content\/uploads\/2013\/02\/20130221-061544.jpg\",\"width\":882,\"height\":582},{\"@type\":\"WebPage\",\"@id\":\"https:\/\/www.wanarun.net\/blog\/courir-pour-la-paix-28495.html#webpage\",\"url\":\"https:\/\/www.wanarun.net\/blog\/courir-pour-la-paix-28495.html\",\"name\":\"Courir pour la paix\",\"isPartOf\":{\"@id\":\"https:\/\/www.wanarun.net\/blog\/#website\"},\"primaryImageOfPage\":{\"@id\":\"https:\/\/www.wanarun.net\/blog\/courir-pour-la-paix-28495.html#primaryimage\"},\"datePublished\":\"2013-02-22T16:00:59+00:00\",\"dateModified\":\"2013-02-22T16:01:13+00:00\",\"description\":\"Apr\u00e8s quoi court-elle Gloria NASR ? Apr\u00e8s quoi court-on ? Cette fameuse question qui nous revient sans cesse aux oreilles d\u00e8s lors que nous nous engageons\",\"breadcrumb\":{\"@id\":\"https:\/\/www.wanarun.net\/blog\/courir-pour-la-paix-28495.html#breadcrumb\"},\"inLanguage\":\"fr-FR\",\"potentialAction\":[{\"@type\":\"ReadAction\",\"target\":[\"https:\/\/www.wanarun.net\/blog\/courir-pour-la-paix-28495.html\"]}]},{\"@type\":\"BreadcrumbList\",\"@id\":\"https:\/\/www.wanarun.net\/blog\/courir-pour-la-paix-28495.html#breadcrumb\",\"itemListElement\":[{\"@type\":\"ListItem\",\"position\":1,\"name\":\"Courir pour la paix\"}]},{\"@type\":\"Article\",\"@id\":\"https:\/\/www.wanarun.net\/blog\/courir-pour-la-paix-28495.html#article\",\"isPartOf\":{\"@id\":\"https:\/\/www.wanarun.net\/blog\/courir-pour-la-paix-28495.html#webpage\"},\"author\":{\"@id\":\"https:\/\/www.wanarun.net\/blog\/#\/schema\/person\/ed88c735bd122c6b6356955e40ec6bc1\"},\"headline\":\"Courir pour la paix\",\"datePublished\":\"2013-02-22T16:00:59+00:00\",\"dateModified\":\"2013-02-22T16:01:13+00:00\",\"mainEntityOfPage\":{\"@id\":\"https:\/\/www.wanarun.net\/blog\/courir-pour-la-paix-28495.html#webpage\"},\"wordCount\":519,\"commentCount\":1,\"publisher\":{\"@id\":\"https:\/\/www.wanarun.net\/blog\/#organization\"},\"image\":{\"@id\":\"https:\/\/www.wanarun.net\/blog\/courir-pour-la-paix-28495.html#primaryimage\"},\"thumbnailUrl\":\"https:\/\/www.wanarun.net\/blog\/wp-content\/uploads\/2013\/02\/20130221-061544.jpg\",\"articleSection\":[\"Portrait\"],\"inLanguage\":\"fr-FR\",\"potentialAction\":[{\"@type\":\"CommentAction\",\"name\":\"Comment\",\"target\":[\"https:\/\/www.wanarun.net\/blog\/courir-pour-la-paix-28495.html#respond\"]}]},{\"@type\":\"Person\",\"@id\":\"https:\/\/www.wanarun.net\/blog\/#\/schema\/person\/ed88c735bd122c6b6356955e40ec6bc1\",\"name\":\"laurent\",\"image\":{\"@type\":\"ImageObject\",\"inLanguage\":\"fr-FR\",\"@id\":\"https:\/\/www.wanarun.net\/blog\/#\/schema\/person\/image\/\",\"url\":\"https:\/\/secure.gravatar.com\/avatar\/57da4030efe67c8c21dfcc235e85d39d?s=96&d=mm&r=g\",\"contentUrl\":\"https:\/\/secure.gravatar.com\/avatar\/57da4030efe67c8c21dfcc235e85d39d?s=96&d=mm&r=g\",\"caption\":\"laurent\"},\"description\":\"45 ans (euh oui d\u00e9j\u00e0\u2026) \u2013 Dirigeant d\u2019un \u00e9tablissement M\u00e9dico-social. Rochelais d\u2019origine je vis d\u00e9sormais en R\u00e9gion Centre. La course \u00e0 pied fait partie de mon quotidien depuis 7 ans, elle repr\u00e9sente entre 40 et 70km par semaine, une hernie discale me contraint d\u00e9sormais \u00e0 l\u2019endurance et j\u2019adore !! Je ne cours jamais sans plaisir, souvent \u00e9go\u00efstement \u2026.. Je me suis r\u00e9gal\u00e9 sur plusieurs ultras de plus de 10h, 5 marathons, plusieurs semi-marathons, diverses courses petites distances et \u00ab nature \u00bb, deux participations au 25\u00e8me Marathon Des Sables et une participation aux 100 km de Millau ! J\u2019aime les gadgets et l\u2019innovation, je suis gourmand et la nutrition me passionne. Mon adage : \u00ab Ce n\u2019est pas parce que c\u2019est dur qu\u2019on le fait pas, mais parce qu\u2019on ne le fait pas que \u00e7a parait difficile ! \u00bb\",\"url\":\"https:\/\/www.wanarun.net\/blog\/author\/laurent\"}]}<\/script>\n<!-- \/ Yoast SEO plugin. -->","yoast_head_json":{"title":"Courir pour la paix","description":"Apr\u00e8s quoi court-elle Gloria NASR ? Apr\u00e8s quoi court-on ? Cette fameuse question qui nous revient sans cesse aux oreilles d\u00e8s lors que nous nous engageons","robots":{"index":"index","follow":"follow","max-snippet":"max-snippet:-1","max-image-preview":"max-image-preview:large","max-video-preview":"max-video-preview:-1"},"canonical":"https:\/\/www.wanarun.net\/blog\/courir-pour-la-paix-28495.html","og_locale":"fr_FR","og_type":"article","og_title":"Courir pour la paix","og_description":"Apr\u00e8s quoi court-elle Gloria NASR ? Apr\u00e8s quoi court-on ? Cette fameuse question qui nous revient sans cesse aux oreilles d\u00e8s lors que nous nous engageons","og_url":"https:\/\/www.wanarun.net\/blog\/courir-pour-la-paix-28495.html","og_site_name":"Wanarun, le blog du running, du trail et de la course \u00e0 pied","article_publisher":"https:\/\/www.facebook.com\/wanarun\/","article_published_time":"2013-02-22T16:00:59+00:00","article_modified_time":"2013-02-22T16:01:13+00:00","og_image":[{"width":882,"height":582,"url":"https:\/\/www.wanarun.net\/blog\/wp-content\/uploads\/2013\/02\/20130221-061544.jpg","type":"image\/jpeg"}],"twitter_misc":{"\u00c9crit par":"laurent","Dur\u00e9e de lecture estim\u00e9e":"3 minutes"},"schema":{"@context":"https:\/\/schema.org","@graph":[{"@type":"Organization","@id":"https:\/\/www.wanarun.net\/blog\/#organization","name":"Wanarun","url":"https:\/\/www.wanarun.net\/blog\/","sameAs":["https:\/\/www.instagram.com\/wanarunnet\/","https:\/\/www.youtube.com\/user\/wanarunnet","https:\/\/www.facebook.com\/wanarun\/","https:\/\/twitter.com\/wanarun"],"logo":{"@type":"ImageObject","inLanguage":"fr-FR","@id":"https:\/\/www.wanarun.net\/blog\/#\/schema\/logo\/image\/","url":"https:\/\/www.wanarun.net\/blog\/wp-content\/uploads\/2018\/03\/logo-wanarun.jpg","contentUrl":"https:\/\/www.wanarun.net\/blog\/wp-content\/uploads\/2018\/03\/logo-wanarun.jpg","width":1196,"height":1082,"caption":"Wanarun"},"image":{"@id":"https:\/\/www.wanarun.net\/blog\/#\/schema\/logo\/image\/"}},{"@type":"WebSite","@id":"https:\/\/www.wanarun.net\/blog\/#website","url":"https:\/\/www.wanarun.net\/blog\/","name":"Wanarun, le blog du running, du trail et de la course \u00e0 pied","description":"Informations, remarques, avis, conseils sur la course \u00e0 pied.","publisher":{"@id":"https:\/\/www.wanarun.net\/blog\/#organization"},"potentialAction":[{"@type":"SearchAction","target":{"@type":"EntryPoint","urlTemplate":"https:\/\/www.wanarun.net\/blog\/?s={search_term_string}"},"query-input":"required name=search_term_string"}],"inLanguage":"fr-FR"},{"@type":"ImageObject","inLanguage":"fr-FR","@id":"https:\/\/www.wanarun.net\/blog\/courir-pour-la-paix-28495.html#primaryimage","url":"https:\/\/www.wanarun.net\/blog\/wp-content\/uploads\/2013\/02\/20130221-061544.jpg","contentUrl":"https:\/\/www.wanarun.net\/blog\/wp-content\/uploads\/2013\/02\/20130221-061544.jpg","width":882,"height":582},{"@type":"WebPage","@id":"https:\/\/www.wanarun.net\/blog\/courir-pour-la-paix-28495.html#webpage","url":"https:\/\/www.wanarun.net\/blog\/courir-pour-la-paix-28495.html","name":"Courir pour la paix","isPartOf":{"@id":"https:\/\/www.wanarun.net\/blog\/#website"},"primaryImageOfPage":{"@id":"https:\/\/www.wanarun.net\/blog\/courir-pour-la-paix-28495.html#primaryimage"},"datePublished":"2013-02-22T16:00:59+00:00","dateModified":"2013-02-22T16:01:13+00:00","description":"Apr\u00e8s quoi court-elle Gloria NASR ? Apr\u00e8s quoi court-on ? Cette fameuse question qui nous revient sans cesse aux oreilles d\u00e8s lors que nous nous engageons","breadcrumb":{"@id":"https:\/\/www.wanarun.net\/blog\/courir-pour-la-paix-28495.html#breadcrumb"},"inLanguage":"fr-FR","potentialAction":[{"@type":"ReadAction","target":["https:\/\/www.wanarun.net\/blog\/courir-pour-la-paix-28495.html"]}]},{"@type":"BreadcrumbList","@id":"https:\/\/www.wanarun.net\/blog\/courir-pour-la-paix-28495.html#breadcrumb","itemListElement":[{"@type":"ListItem","position":1,"name":"Courir pour la paix"}]},{"@type":"Article","@id":"https:\/\/www.wanarun.net\/blog\/courir-pour-la-paix-28495.html#article","isPartOf":{"@id":"https:\/\/www.wanarun.net\/blog\/courir-pour-la-paix-28495.html#webpage"},"author":{"@id":"https:\/\/www.wanarun.net\/blog\/#\/schema\/person\/ed88c735bd122c6b6356955e40ec6bc1"},"headline":"Courir pour la paix","datePublished":"2013-02-22T16:00:59+00:00","dateModified":"2013-02-22T16:01:13+00:00","mainEntityOfPage":{"@id":"https:\/\/www.wanarun.net\/blog\/courir-pour-la-paix-28495.html#webpage"},"wordCount":519,"commentCount":1,"publisher":{"@id":"https:\/\/www.wanarun.net\/blog\/#organization"},"image":{"@id":"https:\/\/www.wanarun.net\/blog\/courir-pour-la-paix-28495.html#primaryimage"},"thumbnailUrl":"https:\/\/www.wanarun.net\/blog\/wp-content\/uploads\/2013\/02\/20130221-061544.jpg","articleSection":["Portrait"],"inLanguage":"fr-FR","potentialAction":[{"@type":"CommentAction","name":"Comment","target":["https:\/\/www.wanarun.net\/blog\/courir-pour-la-paix-28495.html#respond"]}]},{"@type":"Person","@id":"https:\/\/www.wanarun.net\/blog\/#\/schema\/person\/ed88c735bd122c6b6356955e40ec6bc1","name":"laurent","image":{"@type":"ImageObject","inLanguage":"fr-FR","@id":"https:\/\/www.wanarun.net\/blog\/#\/schema\/person\/image\/","url":"https:\/\/secure.gravatar.com\/avatar\/57da4030efe67c8c21dfcc235e85d39d?s=96&d=mm&r=g","contentUrl":"https:\/\/secure.gravatar.com\/avatar\/57da4030efe67c8c21dfcc235e85d39d?s=96&d=mm&r=g","caption":"laurent"},"description":"45 ans (euh oui d\u00e9j\u00e0\u2026) \u2013 Dirigeant d\u2019un \u00e9tablissement M\u00e9dico-social. Rochelais d\u2019origine je vis d\u00e9sormais en R\u00e9gion Centre. La course \u00e0 pied fait partie de mon quotidien depuis 7 ans, elle repr\u00e9sente entre 40 et 70km par semaine, une hernie discale me contraint d\u00e9sormais \u00e0 l\u2019endurance et j\u2019adore !! Je ne cours jamais sans plaisir, souvent \u00e9go\u00efstement \u2026.. Je me suis r\u00e9gal\u00e9 sur plusieurs ultras de plus de 10h, 5 marathons, plusieurs semi-marathons, diverses courses petites distances et \u00ab nature \u00bb, deux participations au 25\u00e8me Marathon Des Sables et une participation aux 100 km de Millau ! J\u2019aime les gadgets et l\u2019innovation, je suis gourmand et la nutrition me passionne. Mon adage : \u00ab Ce n\u2019est pas parce que c\u2019est dur qu\u2019on le fait pas, mais parce qu\u2019on ne le fait pas que \u00e7a parait difficile ! \u00bb","url":"https:\/\/www.wanarun.net\/blog\/author\/laurent"}]}},"_links":{"self":[{"href":"https:\/\/www.wanarun.net\/blog\/wp-json\/wp\/v2\/posts\/28495"}],"collection":[{"href":"https:\/\/www.wanarun.net\/blog\/wp-json\/wp\/v2\/posts"}],"about":[{"href":"https:\/\/www.wanarun.net\/blog\/wp-json\/wp\/v2\/types\/post"}],"author":[{"embeddable":true,"href":"https:\/\/www.wanarun.net\/blog\/wp-json\/wp\/v2\/users\/29"}],"replies":[{"embeddable":true,"href":"https:\/\/www.wanarun.net\/blog\/wp-json\/wp\/v2\/comments?post=28495"}],"version-history":[{"count":7,"href":"https:\/\/www.wanarun.net\/blog\/wp-json\/wp\/v2\/posts\/28495\/revisions"}],"predecessor-version":[{"id":28509,"href":"https:\/\/www.wanarun.net\/blog\/wp-json\/wp\/v2\/posts\/28495\/revisions\/28509"}],"wp:featuredmedia":[{"embeddable":true,"href":"https:\/\/www.wanarun.net\/blog\/wp-json\/wp\/v2\/media\/28493"}],"wp:attachment":[{"href":"https:\/\/www.wanarun.net\/blog\/wp-json\/wp\/v2\/media?parent=28495"}],"wp:term":[{"taxonomy":"category","embeddable":true,"href":"https:\/\/www.wanarun.net\/blog\/wp-json\/wp\/v2\/categories?post=28495"},{"taxonomy":"post_tag","embeddable":true,"href":"https:\/\/www.wanarun.net\/blog\/wp-json\/wp\/v2\/tags?post=28495"}],"curies":[{"name":"wp","href":"https:\/\/api.w.org\/{rel}","templated":true}]}}