{"id":2737,"date":"2009-10-01T08:00:29","date_gmt":"2009-10-01T07:00:29","guid":{"rendered":"http:\/\/www.wanarun.net\/blog\/?p=2737"},"modified":"2024-02-20T06:48:20","modified_gmt":"2024-02-20T05:48:20","slug":"impressions-post-petite-trotte-a-leon","status":"publish","type":"post","link":"https:\/\/www.wanarun.net\/blog\/impressions-post-petite-trotte-a-leon-2737.html","title":{"rendered":"Impressions post Petite Trotte \u00e0 L\u00e9on"},"content":{"rendered":"<p>Je vous avais pr\u00e9sent\u00e9 d\u00e9but ao\u00fbt une course un peu particuli\u00e8re avec ses 245 km, ses 21000m de d\u00e9nivel\u00e9 positif et par \u00e9quipe de 3 : la <a title=\"Pr\u00e9sentation de La Petite Trotte \u00e0 L\u00e9on\" href=\"https:\/\/www.wanarun.net\/blog\/presentation-de-la-petite-trotte-a-leon-1885.html\">Petite Trotte \u00e0 L\u00e9on<\/a>. Et l&rsquo;interview d&rsquo;un des participants, <a title=\"Life is an ultramarathon\" href=\"http:\/\/www.life-is-an-ultramarathon.org\">Julien<\/a>, m&rsquo;avait permis de d\u00e9couvrir et partager avec vous comment on pouvait \u00eatre amen\u00e9 \u00e0 prendre le d\u00e9part d&rsquo;une telle \u00e9preuve. Et visiblement, elle a \u00e9t\u00e9 aussi difficile que pr\u00e9vue : sur 55 \u00e9quipes inscrites, les <a title=\"La Petite Trotte \u00e0 L\u00e9on [PTL] \u2013 R\u00e9sultats 2009\" href=\"http:\/\/www.ultratrailmb.com\/documents\/resultats_ptl_2009.pdf\">r\u00e9sultats officiels<\/a> indiquent que \u00ab\u00a0seulement\u00a0\u00bb 19 \u00e9quipes ont termin\u00e9es au complet, 12 \u00e9quipes r\u00e9duites \u00e0 2 coureurs et 6 coureurs en individuel. A ceux-l\u00e0 s&rsquo;ajoutent des \u00e9quipes, compl\u00e8tes ou non, ayant termin\u00e9es par le trac\u00e9 de l&rsquo;UTMB. En un mot, ce fut s\u00e9lectif.<\/p>\n<p>Malheureusement Julien n&rsquo;a pas fait parti des finishers, une douleur aux reins \u00e0 la mi-course en a d\u00e9cid\u00e9 autrement. Mais malgr\u00e9 un go\u00fbt d&rsquo;inachev\u00e9, Julien a bien voulu revenir sur le d\u00e9roulement de la PTL et nous livrer ses impressions sur sa course et sur la PTL en g\u00e9n\u00e9ral.<\/p>\n<p><strong>Vu la difficult\u00e9 de l&rsquo;\u00e9preuve et la pr\u00e9paration \u00e9norme que cela a demand\u00e9e, tu ressens probablement un sentiment de d\u00e9ception et de frustration. Mais avec le recul, tu retires quand m\u00eame du positif de cette aventure ?<br \/>\n<\/strong>C&rsquo;est effectivement une \u00e9norme d\u00e9ception. Evidemment, il y a toujours des points positifs. Je me suis fait plaisir sur la premi\u00e8re moiti\u00e9 : les paysages \u00e9taient superbes et les passages techniques amusants. J&rsquo;ai r\u00e9ussi \u00e0 appr\u00e9cier pleinement la situation pendant quelques instants, simplement courir librement au milieu des Alpes sans aucune arri\u00e8re-pens\u00e9e. Pas si \u00e9vident quand en fait le temps est limit\u00e9 et qu&rsquo;il faut constamment prendre des choix strat\u00e9giques d\u00e9licats.<br \/>\nJ&rsquo;ai aussi appris pas mal sur moi-m\u00eame. En particulier, je pense que j&rsquo;en ressors plus fort mentalement. Dans les courses r\u00e9ellement non-stop comme l&rsquo;UTMB, le mental joue une part importante, mais \u00e7a reste une grosse \u00ab\u00a0pouss\u00e9e\u00a0\u00bb vers la ligne d&rsquo;arriv\u00e9e. Sur la PTL, comme on s&rsquo;arr\u00eate un peu pour la nuit, c&rsquo;est difficile de voir les choses comme \u00e7a. Il faut alterner entre des phases d&rsquo;auto-motivation qui peuvent \u00eatre stressantes et des phases de repos aussi complet que possible, ce qui complique le travail mental. Sur le plan physique, je me suis rendu compte \u00e0 quel point une nuit de seulement 4 heures est r\u00e9paratrice.<\/p>\n<p><strong>Fort heureusement, tu t&rsquo;es vite remis de ta douleur aux reins, mais tu sembles regretter ta d\u00e9cision d&rsquo;abandonner. Tu ne penses pas qu&rsquo;\u00e0 plus de 2500m d&rsquo;altitude, dans un confort pr\u00e9caire, cela aurait pu s&rsquo;aggraver et qu&rsquo;au final, tu as pris la bonne (mais difficile) d\u00e9cision ?<br \/>\n<\/strong>C&rsquo;est le sujet de discussion r\u00e9current depuis que je suis rentr\u00e9 \ud83d\ude09 . Oui, \u00e7a aurait potentiellement pu s&rsquo;aggraver, mais non, je ne pense pas avoir pris la bonne d\u00e9cision. La bonne d\u00e9cision n&rsquo;\u00e9tait ni de redescendre (ce que j&rsquo;ai fait, donc), ni de continuer. La bonne d\u00e9cision \u00e9tait de s&rsquo;arr\u00eater pendant une heure et de juger apr\u00e8s. En ultra, on ne s&rsquo;arr\u00eate pas sur un coup de t\u00eate, c&rsquo;est une erreur de d\u00e9butant. Une heure, \u00e7a n&rsquo;est rien du tout quand le temps final est estim\u00e9 \u00e0 110 heures et que le but est simplement de finir. C&rsquo;est \u00e9quivalent \u00e0 s&rsquo;\u00e9tirer pendant 2 minutes sur un marathon de 3h30. Je le savais. J&rsquo;en \u00e9tais conscient au moment des faits. Mais j&rsquo;ai pris une pause tr\u00e8s courte et j&rsquo;ai d\u00e9cid\u00e9 rapidement. Je pense que j&rsquo;\u00e9tais stress\u00e9 par le fait de ralentir le reste de l&rsquo;\u00e9quipe et je voulais leur donner une chance, que l&rsquo;un d&rsquo;entre eux a pris avec succ\u00e8s.<\/p>\n<p><strong>Qu&rsquo;est ce qui t&rsquo;a le plus surpris lors de cette \u00e9preuve : la difficult\u00e9 du parcours, la gestion de l&rsquo;\u00e9quipe, la strat\u00e9gie de course&#8230; ?<\/strong><br \/>\nPermets-moi de r\u00e9pondre dans un ordre l\u00e9g\u00e8rement diff\u00e9rent.<\/p>\n<p>La difficult\u00e9 de l&rsquo;\u00e9preuve ne m&rsquo;a pas surpris du tout. L&rsquo;organisation a \u00e9t\u00e9 tr\u00e8s claire la-dessus d\u00e8s le d\u00e9but : le terrain est beaucoup plus technique que sur l&rsquo;UTMB, avec des passages assez expos\u00e9s, parfois \u00e9quip\u00e9s de cha\u00eenes ou de c\u00e2bles et des travers\u00e9es d&rsquo;\u00e9boulis hors sentier. Un certain nombre de coureurs ont donn\u00e9 l&rsquo;impression d&rsquo;en \u00eatre surpris. Certains comme moi ont aim\u00e9, d&rsquo;autres moins.<br \/>\nLa strat\u00e9gie de course est fondamentale. En particulier la gestion des pauses est assez complexe, et c&rsquo;\u00e9tait une nouveaut\u00e9 pour moi. Premi\u00e8rement, il s&rsquo;agit d&rsquo;optimiser la vitesse globale, c&rsquo;est \u00e0 dire choisir une fr\u00e9quence et une dur\u00e9e de pause optimale pour ne pas \u00ab\u00a0perdre\u00a0\u00bb de temps inutilement, tout en \u00e9tant suffisamment frais pour courir \u00e0 bon rythme. On avait pr\u00e9vu 4 heures par nuit, deux repas de 20 minutes par jour et quelques autres pauses. Deuxi\u00e8mement, il y a des passages techniques et\/ou pr\u00e9sentant une navigation d\u00e9licate qui sont moins \u00e9vidents de nuit. Il s&rsquo;agit donc d&rsquo;\u00e9valuer la difficult\u00e9 de ce genre de sections, d&rsquo;estimer le temps perdu \u00e0 les traverser de nuit, et finalement de d\u00e9cider s&rsquo;il ne vaut mieux faire une pause plus longue avant le-dit passage par exemple, plut\u00f4t que de se fatiguer inutilement dessus de nuit et finalement arriver (presque) au m\u00eame r\u00e9sultat. D&rsquo;autres choix strat\u00e9giques sont aussi \u00e0 prendre en compte comme par exemple manger et\/ou dormir en refuge ou bivouaquer ? Tout cela rend la course en peu plus int\u00e9ressante. Je savais que \u00e7a ne serait pas \u00e9vident, donc \u00e7a ne m&rsquo;a pas surpris non plus.<\/p>\n<p>La gestion de l&rsquo;\u00e9quipe a \u00e9t\u00e9 un probl\u00e8me majeur pour \u00ab\u00a0The Chameleons\u00a0\u00bb, et je dois avouer que \u00e7a m&rsquo;a surpris. Je ne m&rsquo;attendais pas \u00e0 une symbiose parfaite, mais je pensais que \u00e7a collerait \u00e0 peu pr\u00e8s. Nous ne connaissions pas assez avant la course. Les trois membres, sous couvert \u00ab\u00a0de simplement vouloir finir la boucle\u00a0\u00bb avaient en fait des motivations assez diff\u00e9rentes. La diff\u00e9rence de niveau, en particulier en descente a aussi donne lieu \u00e0 du stress inutile. Un des coureurs \u00e9tait relativement lent en descente. L&rsquo;autre \u00e9tait tr\u00e8s stress\u00e9 par cette lenteur. Et moi au milieu, anxieux de ne pouvoir r\u00e9gler ce \u00ab\u00a0probl\u00e8me\u00a0\u00bb. Une telle course g\u00e9n\u00e8re assez de tensions \u00ab\u00a0individuelles\u00a0\u00bb (fatigue musculaire et mentale, probl\u00e8mes digestifs, tendinites, stress des barri\u00e8res horaires, strat\u00e9gie, &#8230;) que l&rsquo;ajout de tensions entre membres est suicidaire. Id\u00e9alement, l&rsquo;esprit d&rsquo;\u00e9quipe devrait au contraire aider \u00e0 r\u00e9duire les probl\u00e8mes individuels.<\/p>\n<p>La fa\u00e7on dont la course est organis\u00e9e m&rsquo;a aussi un peu surpris par sa simplicit\u00e9 et convivialit\u00e9.<\/p>\n<p><strong>Justement, dans les m\u00e9dias, on a entendu parler de l&rsquo;UTMB (et de <a href=\"https:\/\/www.wanarun.net\/blog\/tag\/jornet\">Kilian Jornet<\/a>) mais peu ou pas des 3 autres courses organis\u00e9es en parall\u00e8le. Toi qui as d\u00e9j\u00e0 particip\u00e9 \u00e0 l&rsquo;UTMB, vois-tu des diff\u00e9rences c\u00f4t\u00e9 coulisse entre ces 4 courses ?<br \/>\n<\/strong>Je n&rsquo;ai couru ni la CCC (Courmayeur-Champex-Chamonix (98km +5600m)) ni la TDS (Sur les Traces des Ducs de Savoie (105km +6700m)), mais ces deux courses sont organis\u00e9es exactement comme l&rsquo;UTMB. Etant donn\u00e9 que ce sont plus ou moins des demi-UTMB, et qu&rsquo;elles ont \u00e9t\u00e9 cr\u00e9\u00e9es apr\u00e8s l&rsquo;UTMB, elles sont naturellement moins mentionn\u00e9es dans les m\u00e9dias. La PTL est compl\u00e8tement diff\u00e9rente des 3 autres. C&rsquo;est une tentative de \u00ab\u00a0retour aux sources\u00a0\u00bb, avec un support diff\u00e9rent de la part de l&rsquo;organisation, et un parcours plus sauvage.<\/p>\n<p>Alors que l&rsquo;UTMB est un \u00e9v\u00e9nement de masse, avec un balisage quasi-autoroutier et des ravitaillements cons\u00e9quents tous les 15km, la PTL est beaucoup plus confidentielle. Pas de balisage, mais une trace GPS \u00e0 suivre. Seuls quelques points de ravitaillement sont assur\u00e9s, pour la plupart des points initialement pr\u00e9vus pour l&rsquo;UTMB\/CCC\/TDS. En contrepartie, le suivi est beaucoup plus personnel et continu : toutes les \u00e9quipes sont munies d&rsquo;une balise GPS\/GSM qui permet au PC de course de suivre toutes les \u00e9quipes 24h\/24.<\/p>\n<p>G\u00e9n\u00e9ralement, l&rsquo;organisation bien rod\u00e9e de l&rsquo;UTMB contraste avec le cot\u00e9 plus intimiste et humain de la PTL : changements de derni\u00e8re minute, discussion avec les organisateurs des meilleurs choix strat\u00e9giques, etc&#8230; Une confiance accrue des organisateurs : pas de caution pour la balise GPS, pas de photos pour prouver que l&rsquo;\u00e9quipe \u00e9tait au complet en tous points du parcours.<\/p>\n<p>Je pense que si je devais organiser une course moi-m\u00eame, \u00e7a serait beaucoup plus proche de la PTL que de l&rsquo;UTMB.<\/p>\n<p><strong>L&rsquo;ann\u00e9e prochaine, tu penses retenter l&rsquo;exp\u00e9rience ou c&rsquo;est encore trop t\u00f4t pour te d\u00e9cider ?<\/strong><br \/>\nOui, je pense retenter, mais \u00e0 condition d&rsquo;arriver \u00e0 former une \u00e9quipe soud\u00e9e.<\/p>\n<p><strong>Pour tourner la page PTL, tu te pr\u00e9pares de nouveaux d\u00e9fis pour la fin d&rsquo;ann\u00e9e et l&rsquo;ann\u00e9e prochaine ?<\/strong><br \/>\nLe marathon Nice-Cannes devrait clore l&rsquo;ann\u00e9e en douceur. Au printemps prochain, peut-\u00eatre la Tamise de bout en bout (295km) non-stop.<\/p>\n<p><strong>Encore merci d&rsquo;avoir r\u00e9pondu \u00e0 mes questions et \u00e0 bient\u00f4t sur la C\u00f4te d&rsquo;Azur.<\/strong><\/p>\n","protected":false},"excerpt":{"rendered":"<a href=\"https:\/\/www.wanarun.net\/blog\/impressions-post-petite-trotte-a-leon-2737.html\"><img width=\"150\" src=\"\" class=\"alignleft wp-post-image tfe\" alt=\"\" title=\"\" \/><\/a><p>Je vous avais pr\u00e9sent\u00e9 d\u00e9but ao\u00fbt une course un peu particuli\u00e8re avec ses 245 km, ses 21000m de d\u00e9nivel\u00e9 positif et par \u00e9quipe de 3 : la Petite Trotte \u00e0 L\u00e9on. Et l&rsquo;interview d&rsquo;un des participants, Julien, m&rsquo;avait permis de d\u00e9couvrir et partager avec vous comment on pouvait \u00eatre amen\u00e9 \u00e0 prendre le d\u00e9part d&rsquo;une [&hellip;]<\/p>\n","protected":false},"author":19,"featured_media":0,"comment_status":"open","ping_status":"open","sticky":false,"template":"","format":"standard","meta":[],"categories":[7,1705],"tags":[],"yoast_head":"<!-- This site is optimized with the Yoast SEO plugin v18.9 - https:\/\/yoast.com\/wordpress\/plugins\/seo\/ -->\n<title>Impressions post Petite Trotte \u00e0 L\u00e9on<\/title>\n<meta name=\"description\" content=\"Je vous avais pr\u00e9sent\u00e9 d\u00e9but ao\u00fbt une course un peu particuli\u00e8re avec ses 245 km, ses 21000m de d\u00e9nivel\u00e9 positif et par \u00e9quipe de 3 : la Petite Trotte \u00e0\" \/>\n<meta name=\"robots\" content=\"index, follow, max-snippet:-1, max-image-preview:large, max-video-preview:-1\" \/>\n<link rel=\"canonical\" href=\"https:\/\/www.wanarun.net\/blog\/impressions-post-petite-trotte-a-leon-2737.html\" \/>\n<meta property=\"og:locale\" content=\"fr_FR\" \/>\n<meta property=\"og:type\" content=\"article\" \/>\n<meta property=\"og:title\" content=\"Impressions post Petite Trotte \u00e0 L\u00e9on\" \/>\n<meta property=\"og:description\" content=\"Je vous avais pr\u00e9sent\u00e9 d\u00e9but ao\u00fbt une course un peu particuli\u00e8re avec ses 245 km, ses 21000m de d\u00e9nivel\u00e9 positif et par \u00e9quipe de 3 : la Petite Trotte \u00e0\" \/>\n<meta property=\"og:url\" content=\"https:\/\/www.wanarun.net\/blog\/impressions-post-petite-trotte-a-leon-2737.html\" \/>\n<meta property=\"og:site_name\" content=\"Wanarun, le blog du running, du trail et de la course \u00e0 pied\" \/>\n<meta property=\"article:publisher\" content=\"https:\/\/www.facebook.com\/wanarun\/\" \/>\n<meta property=\"article:published_time\" content=\"2009-10-01T07:00:29+00:00\" \/>\n<meta property=\"article:modified_time\" content=\"2024-02-20T05:48:20+00:00\" \/>\n<meta name=\"twitter:label1\" content=\"\u00c9crit par\" \/>\n\t<meta name=\"twitter:data1\" content=\"Mathieu Reizer\" \/>\n\t<meta name=\"twitter:label2\" content=\"Dur\u00e9e de lecture estim\u00e9e\" \/>\n\t<meta name=\"twitter:data2\" content=\"8 minutes\" \/>\n<script type=\"application\/ld+json\" class=\"yoast-schema-graph\">{\"@context\":\"https:\/\/schema.org\",\"@graph\":[{\"@type\":\"Organization\",\"@id\":\"https:\/\/www.wanarun.net\/blog\/#organization\",\"name\":\"Wanarun\",\"url\":\"https:\/\/www.wanarun.net\/blog\/\",\"sameAs\":[\"https:\/\/www.instagram.com\/wanarunnet\/\",\"https:\/\/www.youtube.com\/user\/wanarunnet\",\"https:\/\/www.facebook.com\/wanarun\/\",\"https:\/\/twitter.com\/wanarun\"],\"logo\":{\"@type\":\"ImageObject\",\"inLanguage\":\"fr-FR\",\"@id\":\"https:\/\/www.wanarun.net\/blog\/#\/schema\/logo\/image\/\",\"url\":\"https:\/\/www.wanarun.net\/blog\/wp-content\/uploads\/2018\/03\/logo-wanarun.jpg\",\"contentUrl\":\"https:\/\/www.wanarun.net\/blog\/wp-content\/uploads\/2018\/03\/logo-wanarun.jpg\",\"width\":1196,\"height\":1082,\"caption\":\"Wanarun\"},\"image\":{\"@id\":\"https:\/\/www.wanarun.net\/blog\/#\/schema\/logo\/image\/\"}},{\"@type\":\"WebSite\",\"@id\":\"https:\/\/www.wanarun.net\/blog\/#website\",\"url\":\"https:\/\/www.wanarun.net\/blog\/\",\"name\":\"Wanarun, le blog du running, du trail et de la course \u00e0 pied\",\"description\":\"Informations, remarques, avis, conseils sur la course \u00e0 pied.\",\"publisher\":{\"@id\":\"https:\/\/www.wanarun.net\/blog\/#organization\"},\"potentialAction\":[{\"@type\":\"SearchAction\",\"target\":{\"@type\":\"EntryPoint\",\"urlTemplate\":\"https:\/\/www.wanarun.net\/blog\/?s={search_term_string}\"},\"query-input\":\"required name=search_term_string\"}],\"inLanguage\":\"fr-FR\"},{\"@type\":\"WebPage\",\"@id\":\"https:\/\/www.wanarun.net\/blog\/impressions-post-petite-trotte-a-leon-2737.html#webpage\",\"url\":\"https:\/\/www.wanarun.net\/blog\/impressions-post-petite-trotte-a-leon-2737.html\",\"name\":\"Impressions post Petite Trotte \u00e0 L\u00e9on\",\"isPartOf\":{\"@id\":\"https:\/\/www.wanarun.net\/blog\/#website\"},\"datePublished\":\"2009-10-01T07:00:29+00:00\",\"dateModified\":\"2024-02-20T05:48:20+00:00\",\"description\":\"Je vous avais pr\u00e9sent\u00e9 d\u00e9but ao\u00fbt une course un peu particuli\u00e8re avec ses 245 km, ses 21000m de d\u00e9nivel\u00e9 positif et par \u00e9quipe de 3 : la Petite Trotte \u00e0\",\"breadcrumb\":{\"@id\":\"https:\/\/www.wanarun.net\/blog\/impressions-post-petite-trotte-a-leon-2737.html#breadcrumb\"},\"inLanguage\":\"fr-FR\",\"potentialAction\":[{\"@type\":\"ReadAction\",\"target\":[\"https:\/\/www.wanarun.net\/blog\/impressions-post-petite-trotte-a-leon-2737.html\"]}]},{\"@type\":\"BreadcrumbList\",\"@id\":\"https:\/\/www.wanarun.net\/blog\/impressions-post-petite-trotte-a-leon-2737.html#breadcrumb\",\"itemListElement\":[{\"@type\":\"ListItem\",\"position\":1,\"name\":\"Impressions post Petite Trotte \u00e0 L\u00e9on\"}]},{\"@type\":\"Article\",\"@id\":\"https:\/\/www.wanarun.net\/blog\/impressions-post-petite-trotte-a-leon-2737.html#article\",\"isPartOf\":{\"@id\":\"https:\/\/www.wanarun.net\/blog\/impressions-post-petite-trotte-a-leon-2737.html#webpage\"},\"author\":{\"@id\":\"https:\/\/www.wanarun.net\/blog\/#\/schema\/person\/508c18358ef761c7eefc693529a42955\"},\"headline\":\"Impressions post Petite Trotte \u00e0 L\u00e9on\",\"datePublished\":\"2009-10-01T07:00:29+00:00\",\"dateModified\":\"2024-02-20T05:48:20+00:00\",\"mainEntityOfPage\":{\"@id\":\"https:\/\/www.wanarun.net\/blog\/impressions-post-petite-trotte-a-leon-2737.html#webpage\"},\"wordCount\":1509,\"commentCount\":0,\"publisher\":{\"@id\":\"https:\/\/www.wanarun.net\/blog\/#organization\"},\"articleSection\":[\"Course\",\"Portrait\"],\"inLanguage\":\"fr-FR\",\"potentialAction\":[{\"@type\":\"CommentAction\",\"name\":\"Comment\",\"target\":[\"https:\/\/www.wanarun.net\/blog\/impressions-post-petite-trotte-a-leon-2737.html#respond\"]}]},{\"@type\":\"Person\",\"@id\":\"https:\/\/www.wanarun.net\/blog\/#\/schema\/person\/508c18358ef761c7eefc693529a42955\",\"name\":\"Mathieu Reizer\",\"image\":{\"@type\":\"ImageObject\",\"inLanguage\":\"fr-FR\",\"@id\":\"https:\/\/www.wanarun.net\/blog\/#\/schema\/person\/image\/\",\"url\":\"https:\/\/secure.gravatar.com\/avatar\/a55ab4503c885c8f69ce565c8239bfcc?s=96&d=mm&r=g\",\"contentUrl\":\"https:\/\/secure.gravatar.com\/avatar\/a55ab4503c885c8f69ce565c8239bfcc?s=96&d=mm&r=g\",\"caption\":\"Mathieu Reizer\"},\"sameAs\":[\"http:\/\/www.wanarun.net\/blog\/author\/mathieu\/\"],\"url\":\"https:\/\/www.wanarun.net\/blog\/author\/mathieu\"}]}<\/script>\n<!-- \/ Yoast SEO plugin. -->","yoast_head_json":{"title":"Impressions post Petite Trotte \u00e0 L\u00e9on","description":"Je vous avais pr\u00e9sent\u00e9 d\u00e9but ao\u00fbt une course un peu particuli\u00e8re avec ses 245 km, ses 21000m de d\u00e9nivel\u00e9 positif et par \u00e9quipe de 3 : la Petite Trotte \u00e0","robots":{"index":"index","follow":"follow","max-snippet":"max-snippet:-1","max-image-preview":"max-image-preview:large","max-video-preview":"max-video-preview:-1"},"canonical":"https:\/\/www.wanarun.net\/blog\/impressions-post-petite-trotte-a-leon-2737.html","og_locale":"fr_FR","og_type":"article","og_title":"Impressions post Petite Trotte \u00e0 L\u00e9on","og_description":"Je vous avais pr\u00e9sent\u00e9 d\u00e9but ao\u00fbt une course un peu particuli\u00e8re avec ses 245 km, ses 21000m de d\u00e9nivel\u00e9 positif et par \u00e9quipe de 3 : la Petite Trotte \u00e0","og_url":"https:\/\/www.wanarun.net\/blog\/impressions-post-petite-trotte-a-leon-2737.html","og_site_name":"Wanarun, le blog du running, du trail et de la course \u00e0 pied","article_publisher":"https:\/\/www.facebook.com\/wanarun\/","article_published_time":"2009-10-01T07:00:29+00:00","article_modified_time":"2024-02-20T05:48:20+00:00","twitter_misc":{"\u00c9crit par":"Mathieu Reizer","Dur\u00e9e de lecture estim\u00e9e":"8 minutes"},"schema":{"@context":"https:\/\/schema.org","@graph":[{"@type":"Organization","@id":"https:\/\/www.wanarun.net\/blog\/#organization","name":"Wanarun","url":"https:\/\/www.wanarun.net\/blog\/","sameAs":["https:\/\/www.instagram.com\/wanarunnet\/","https:\/\/www.youtube.com\/user\/wanarunnet","https:\/\/www.facebook.com\/wanarun\/","https:\/\/twitter.com\/wanarun"],"logo":{"@type":"ImageObject","inLanguage":"fr-FR","@id":"https:\/\/www.wanarun.net\/blog\/#\/schema\/logo\/image\/","url":"https:\/\/www.wanarun.net\/blog\/wp-content\/uploads\/2018\/03\/logo-wanarun.jpg","contentUrl":"https:\/\/www.wanarun.net\/blog\/wp-content\/uploads\/2018\/03\/logo-wanarun.jpg","width":1196,"height":1082,"caption":"Wanarun"},"image":{"@id":"https:\/\/www.wanarun.net\/blog\/#\/schema\/logo\/image\/"}},{"@type":"WebSite","@id":"https:\/\/www.wanarun.net\/blog\/#website","url":"https:\/\/www.wanarun.net\/blog\/","name":"Wanarun, le blog du running, du trail et de la course \u00e0 pied","description":"Informations, remarques, avis, conseils sur la course \u00e0 pied.","publisher":{"@id":"https:\/\/www.wanarun.net\/blog\/#organization"},"potentialAction":[{"@type":"SearchAction","target":{"@type":"EntryPoint","urlTemplate":"https:\/\/www.wanarun.net\/blog\/?s={search_term_string}"},"query-input":"required name=search_term_string"}],"inLanguage":"fr-FR"},{"@type":"WebPage","@id":"https:\/\/www.wanarun.net\/blog\/impressions-post-petite-trotte-a-leon-2737.html#webpage","url":"https:\/\/www.wanarun.net\/blog\/impressions-post-petite-trotte-a-leon-2737.html","name":"Impressions post Petite Trotte \u00e0 L\u00e9on","isPartOf":{"@id":"https:\/\/www.wanarun.net\/blog\/#website"},"datePublished":"2009-10-01T07:00:29+00:00","dateModified":"2024-02-20T05:48:20+00:00","description":"Je vous avais pr\u00e9sent\u00e9 d\u00e9but ao\u00fbt une course un peu particuli\u00e8re avec ses 245 km, ses 21000m de d\u00e9nivel\u00e9 positif et par \u00e9quipe de 3 : la Petite Trotte \u00e0","breadcrumb":{"@id":"https:\/\/www.wanarun.net\/blog\/impressions-post-petite-trotte-a-leon-2737.html#breadcrumb"},"inLanguage":"fr-FR","potentialAction":[{"@type":"ReadAction","target":["https:\/\/www.wanarun.net\/blog\/impressions-post-petite-trotte-a-leon-2737.html"]}]},{"@type":"BreadcrumbList","@id":"https:\/\/www.wanarun.net\/blog\/impressions-post-petite-trotte-a-leon-2737.html#breadcrumb","itemListElement":[{"@type":"ListItem","position":1,"name":"Impressions post Petite Trotte \u00e0 L\u00e9on"}]},{"@type":"Article","@id":"https:\/\/www.wanarun.net\/blog\/impressions-post-petite-trotte-a-leon-2737.html#article","isPartOf":{"@id":"https:\/\/www.wanarun.net\/blog\/impressions-post-petite-trotte-a-leon-2737.html#webpage"},"author":{"@id":"https:\/\/www.wanarun.net\/blog\/#\/schema\/person\/508c18358ef761c7eefc693529a42955"},"headline":"Impressions post Petite Trotte \u00e0 L\u00e9on","datePublished":"2009-10-01T07:00:29+00:00","dateModified":"2024-02-20T05:48:20+00:00","mainEntityOfPage":{"@id":"https:\/\/www.wanarun.net\/blog\/impressions-post-petite-trotte-a-leon-2737.html#webpage"},"wordCount":1509,"commentCount":0,"publisher":{"@id":"https:\/\/www.wanarun.net\/blog\/#organization"},"articleSection":["Course","Portrait"],"inLanguage":"fr-FR","potentialAction":[{"@type":"CommentAction","name":"Comment","target":["https:\/\/www.wanarun.net\/blog\/impressions-post-petite-trotte-a-leon-2737.html#respond"]}]},{"@type":"Person","@id":"https:\/\/www.wanarun.net\/blog\/#\/schema\/person\/508c18358ef761c7eefc693529a42955","name":"Mathieu Reizer","image":{"@type":"ImageObject","inLanguage":"fr-FR","@id":"https:\/\/www.wanarun.net\/blog\/#\/schema\/person\/image\/","url":"https:\/\/secure.gravatar.com\/avatar\/a55ab4503c885c8f69ce565c8239bfcc?s=96&d=mm&r=g","contentUrl":"https:\/\/secure.gravatar.com\/avatar\/a55ab4503c885c8f69ce565c8239bfcc?s=96&d=mm&r=g","caption":"Mathieu Reizer"},"sameAs":["http:\/\/www.wanarun.net\/blog\/author\/mathieu\/"],"url":"https:\/\/www.wanarun.net\/blog\/author\/mathieu"}]}},"_links":{"self":[{"href":"https:\/\/www.wanarun.net\/blog\/wp-json\/wp\/v2\/posts\/2737"}],"collection":[{"href":"https:\/\/www.wanarun.net\/blog\/wp-json\/wp\/v2\/posts"}],"about":[{"href":"https:\/\/www.wanarun.net\/blog\/wp-json\/wp\/v2\/types\/post"}],"author":[{"embeddable":true,"href":"https:\/\/www.wanarun.net\/blog\/wp-json\/wp\/v2\/users\/19"}],"replies":[{"embeddable":true,"href":"https:\/\/www.wanarun.net\/blog\/wp-json\/wp\/v2\/comments?post=2737"}],"version-history":[{"count":10,"href":"https:\/\/www.wanarun.net\/blog\/wp-json\/wp\/v2\/posts\/2737\/revisions"}],"predecessor-version":[{"id":2772,"href":"https:\/\/www.wanarun.net\/blog\/wp-json\/wp\/v2\/posts\/2737\/revisions\/2772"}],"wp:attachment":[{"href":"https:\/\/www.wanarun.net\/blog\/wp-json\/wp\/v2\/media?parent=2737"}],"wp:term":[{"taxonomy":"category","embeddable":true,"href":"https:\/\/www.wanarun.net\/blog\/wp-json\/wp\/v2\/categories?post=2737"},{"taxonomy":"post_tag","embeddable":true,"href":"https:\/\/www.wanarun.net\/blog\/wp-json\/wp\/v2\/tags?post=2737"}],"curies":[{"name":"wp","href":"https:\/\/api.w.org\/{rel}","templated":true}]}}