{"id":27111,"date":"2012-12-09T17:29:31","date_gmt":"2012-12-09T16:29:31","guid":{"rendered":"http:\/\/www.wanarun.net\/blog\/?p=27111"},"modified":"2012-12-09T17:29:31","modified_gmt":"2012-12-09T16:29:31","slug":"ronde-du-feu-2012-compte-rendu-et-photos","status":"publish","type":"post","link":"https:\/\/www.wanarun.net\/blog\/ronde-du-feu-2012-compte-rendu-et-photos-27111.html","title":{"rendered":"Ronde du feu 2012 : compte-rendu et photos"},"content":{"rendered":"<p><a href=\"https:\/\/www.wanarun.net\/blog\/wp-content\/uploads\/2012\/12\/ronde-du-feu-2012-4.jpg\"><img loading=\"lazy\" class=\"alignleft size-thumbnail wp-image-27115\" title=\"ronde-du-feu-2012-4\" src=\"https:\/\/www.wanarun.net\/blog\/wp-content\/uploads\/2012\/12\/ronde-du-feu-2012-4-150x150.jpg\" alt=\"\" width=\"150\" height=\"150\" srcset=\"https:\/\/www.wanarun.net\/blog\/wp-content\/uploads\/2012\/12\/ronde-du-feu-2012-4-150x150.jpg 150w, https:\/\/www.wanarun.net\/blog\/wp-content\/uploads\/2012\/12\/ronde-du-feu-2012-4-100x100.jpg 100w\" sizes=\"(max-width: 150px) 100vw, 150px\" \/><\/a><strong>Nicolas (Tean <a href=\"https:\/\/www.i-run.fr\">i-Run<\/a>) gagne encore \u00e0 Ramonville !<\/strong><\/p>\n<p>Nicolas Fernandez aime la Ronde du Feu. C\u2019est le moins que l\u2019on puisse dire. Le coureur Saint-Gaudinois qui a donc sign\u00e9 dans un club martiniquais, il y a quelques semaines d\u00e9sormais, passe son temps entre ici et l\u00e0-bas. Et il est revenu \u00e9videmment pour s\u2019aligner au d\u00e9part de ce dix kilom\u00e8tres tr\u00e8s rapide qu\u2019il a d\u00e9j\u00e0 remport\u00e9 \u00e0 quatre reprises et qu\u2019il connait parfaitement. Il avait \u00e0 coeur de battre le record toujours d\u00e9tenu par le Bordelais Francis Ingl\u00e9s depuis une poign\u00e9e d\u2019ann\u00e9es&#8230; Il va donc partir sagement, sans jamais s\u2019affoler, sans r\u00e9pondre au d\u00e9marrage hyper puissant de Romain Courci\u00e8res. Ce dernier emm\u00e8ne d\u2019entr\u00e9e dans son sillage le gars du SATUC, Vincent Poczekajlo, r\u00e9cent septi\u00e8me au cross international de Carmaux. Nicolas est dix m\u00e8tres derri\u00e8re, seul. Il va revenir aux avant-postes vers le deuxi\u00e8me kilo et puis s\u2019en allait \u00e0 son rythme. Vincent va le suivre presque jusqu\u2019au bout mais avant d\u2019entamer le dernier tout de piste, Nicolas allongera la foul\u00e9e. Pas vraiment de sprint mais le record est \u00e0 port\u00e9e de main. 30\u201919\u2019\u2019, c\u2019est encore du lourd. Les conditions m\u00e9t\u00e9os \u00e9taient parfaites. Ni trop froid, ni trop de vent, avec un immense soleil d\u2019hiver. Romain garde sa place sur le podium. Aur\u00e9lien Lescure, l&rsquo;excellent duathl\u00e8te est quatri\u00e8me et on note la belle perf de J\u00e9r\u00f4me Andrieu, du Team 12 venu en force, cinqui\u00e8me. Guillaume Girma explose son record sur la distance en 32&rsquo;40\u00a0\u00bb et il n&rsquo;est que&#8230;. dixi\u00e8me. C&rsquo;est donc all\u00e9 tr\u00e8s vite ! Chez les f\u00e9minines Nawal Pina et Houria Fr\u00e9chou auront fait une bonne partie de la distance ensemble. Finalement sur la fin la jeunesse de Nawal a fait la diff\u00e9rence. Elle gagne en 36&prime; avec quelques foul\u00e9es d&rsquo;avance sur sa rivale. Sylvie Calmet est beaucoup plus loin, troisi\u00e8me&#8230;. La Ronde du Feu avait limit\u00e9 son nombre d\u2019inscrits \u00e0 1200. Nul doute que sinon, la barre des 2000 aurait \u00e9t\u00e9 atteinte. Pourtant Bernard Bosc, l\u2019organisateur, et son \u00e9quipe des pompiers toulousains, l\u2019a annonc\u00e9 depuis longtemps d\u00e9j\u00e0 : il n\u2019y aura pas de onzi\u00e8me \u00e9dition ! On n\u2019ose y croire tant l\u2019\u00e9preuve \u00e9tait devenue \u201cla\u201d classique de fin d\u2019ann\u00e9e&#8230; Il faut absolement que quelqu\u2019un reprenne le flambeau. Il ne serait en \u00eatre autrement&#8230;<\/p>\n\n\t\t<style type=\"text\/css\">\n\t\t\t#gallery-1 {\n\t\t\t\tmargin: auto;\n\t\t\t}\n\t\t\t#gallery-1 .gallery-item {\n\t\t\t\tfloat: left;\n\t\t\t\tmargin-top: 10px;\n\t\t\t\ttext-align: center;\n\t\t\t\twidth: 50%;\n\t\t\t}\n\t\t\t#gallery-1 img {\n\t\t\t\tborder: 2px solid #cfcfcf;\n\t\t\t}\n\t\t\t#gallery-1 .gallery-caption {\n\t\t\t\tmargin-left: 0;\n\t\t\t}\n\t\t\t\/* see gallery_shortcode() in wp-includes\/media.php *\/\n\t\t<\/style>\n\t\t<div id='gallery-1' class='gallery galleryid-27111 gallery-columns-2 gallery-size-thumbnail'><dl class='gallery-item'>\n\t\t\t<dt class='gallery-icon landscape'>\n\t\t\t\t<a href='https:\/\/www.wanarun.net\/blog\/wp-content\/uploads\/2012\/12\/ronde-du-feu-2012-4.jpg'><img width=\"150\" height=\"150\" src=\"https:\/\/www.wanarun.net\/blog\/wp-content\/uploads\/2012\/12\/ronde-du-feu-2012-4-150x150.jpg\" class=\"attachment-thumbnail size-thumbnail\" alt=\"\" loading=\"lazy\" srcset=\"https:\/\/www.wanarun.net\/blog\/wp-content\/uploads\/2012\/12\/ronde-du-feu-2012-4-150x150.jpg 150w, https:\/\/www.wanarun.net\/blog\/wp-content\/uploads\/2012\/12\/ronde-du-feu-2012-4-100x100.jpg 100w\" sizes=\"(max-width: 150px) 100vw, 150px\" \/><\/a>\n\t\t\t<\/dt><\/dl><dl class='gallery-item'>\n\t\t\t<dt class='gallery-icon landscape'>\n\t\t\t\t<a href='https:\/\/www.wanarun.net\/blog\/wp-content\/uploads\/2012\/12\/ronde-du-feu-2012-3.jpg'><img width=\"150\" height=\"150\" src=\"https:\/\/www.wanarun.net\/blog\/wp-content\/uploads\/2012\/12\/ronde-du-feu-2012-3-150x150.jpg\" class=\"attachment-thumbnail size-thumbnail\" alt=\"\" loading=\"lazy\" srcset=\"https:\/\/www.wanarun.net\/blog\/wp-content\/uploads\/2012\/12\/ronde-du-feu-2012-3-150x150.jpg 150w, https:\/\/www.wanarun.net\/blog\/wp-content\/uploads\/2012\/12\/ronde-du-feu-2012-3-100x100.jpg 100w\" sizes=\"(max-width: 150px) 100vw, 150px\" \/><\/a>\n\t\t\t<\/dt><\/dl><br style=\"clear: both\" \/><dl class='gallery-item'>\n\t\t\t<dt class='gallery-icon landscape'>\n\t\t\t\t<a href='https:\/\/www.wanarun.net\/blog\/wp-content\/uploads\/2012\/12\/ronde-du-feu-2012-2.jpg'><img width=\"150\" height=\"150\" src=\"https:\/\/www.wanarun.net\/blog\/wp-content\/uploads\/2012\/12\/ronde-du-feu-2012-2-150x150.jpg\" class=\"attachment-thumbnail size-thumbnail\" alt=\"\" loading=\"lazy\" srcset=\"https:\/\/www.wanarun.net\/blog\/wp-content\/uploads\/2012\/12\/ronde-du-feu-2012-2-150x150.jpg 150w, https:\/\/www.wanarun.net\/blog\/wp-content\/uploads\/2012\/12\/ronde-du-feu-2012-2-100x100.jpg 100w\" sizes=\"(max-width: 150px) 100vw, 150px\" \/><\/a>\n\t\t\t<\/dt><\/dl><dl class='gallery-item'>\n\t\t\t<dt class='gallery-icon landscape'>\n\t\t\t\t<a href='https:\/\/www.wanarun.net\/blog\/wp-content\/uploads\/2012\/12\/ronde-du-feu-2012-1.jpg'><img width=\"150\" height=\"150\" src=\"https:\/\/www.wanarun.net\/blog\/wp-content\/uploads\/2012\/12\/ronde-du-feu-2012-1-150x150.jpg\" class=\"attachment-thumbnail size-thumbnail\" alt=\"\" loading=\"lazy\" srcset=\"https:\/\/www.wanarun.net\/blog\/wp-content\/uploads\/2012\/12\/ronde-du-feu-2012-1-150x150.jpg 150w, https:\/\/www.wanarun.net\/blog\/wp-content\/uploads\/2012\/12\/ronde-du-feu-2012-1-100x100.jpg 100w\" sizes=\"(max-width: 150px) 100vw, 150px\" \/><\/a>\n\t\t\t<\/dt><\/dl><br style=\"clear: both\" \/>\n\t\t<\/div>\n\n","protected":false},"excerpt":{"rendered":"<a href=\"https:\/\/www.wanarun.net\/blog\/ronde-du-feu-2012-compte-rendu-et-photos-27111.html\"><img width=\"150\" height=\"150\" src=\"https:\/\/www.wanarun.net\/blog\/wp-content\/uploads\/2012\/12\/ronde-du-feu-2012-4-150x150.jpg\" class=\"alignleft tfe wp-post-image\" alt=\"\" loading=\"lazy\" srcset=\"https:\/\/www.wanarun.net\/blog\/wp-content\/uploads\/2012\/12\/ronde-du-feu-2012-4-150x150.jpg 150w, https:\/\/www.wanarun.net\/blog\/wp-content\/uploads\/2012\/12\/ronde-du-feu-2012-4-100x100.jpg 100w\" sizes=\"(max-width: 150px) 100vw, 150px\" \/><\/a><p>Nicolas (Tean i-Run) gagne encore \u00e0 Ramonville ! Nicolas Fernandez aime la Ronde du Feu. C\u2019est le moins que l\u2019on puisse dire. Le coureur Saint-Gaudinois qui a donc sign\u00e9 dans un club martiniquais, il y a quelques semaines d\u00e9sormais, passe son temps entre ici et l\u00e0-bas. Et il est revenu \u00e9videmment pour s\u2019aligner au d\u00e9part [&hellip;]<\/p>\n","protected":false},"author":37,"featured_media":27115,"comment_status":"open","ping_status":"open","sticky":false,"template":"","format":"standard","meta":[],"categories":[1227],"tags":[],"yoast_head":"<!-- This site is optimized with the Yoast SEO plugin v18.9 - https:\/\/yoast.com\/wordpress\/plugins\/seo\/ -->\n<title>Ronde du feu 2012 : compte-rendu et photos<\/title>\n<meta name=\"description\" content=\"Nicolas (Tean i-Run) gagne encore \u00e0 Ramonville ! Nicolas Fernandez aime la Ronde du Feu. C\u2019est le moins que l\u2019on puisse dire. Le coureur Saint-Gaudinois\" \/>\n<meta name=\"robots\" content=\"index, follow, max-snippet:-1, max-image-preview:large, max-video-preview:-1\" \/>\n<link rel=\"canonical\" href=\"https:\/\/www.wanarun.net\/blog\/ronde-du-feu-2012-compte-rendu-et-photos-27111.html\" \/>\n<meta property=\"og:locale\" content=\"fr_FR\" \/>\n<meta property=\"og:type\" content=\"article\" \/>\n<meta property=\"og:title\" content=\"Ronde du feu 2012 : compte-rendu et photos\" \/>\n<meta property=\"og:description\" content=\"Nicolas (Tean i-Run) gagne encore \u00e0 Ramonville ! Nicolas Fernandez aime la Ronde du Feu. C\u2019est le moins que l\u2019on puisse dire. Le coureur Saint-Gaudinois\" \/>\n<meta property=\"og:url\" content=\"https:\/\/www.wanarun.net\/blog\/ronde-du-feu-2012-compte-rendu-et-photos-27111.html\" \/>\n<meta property=\"og:site_name\" content=\"Wanarun, le blog du running, du trail et de la course \u00e0 pied\" \/>\n<meta property=\"article:publisher\" content=\"https:\/\/www.facebook.com\/wanarun\/\" \/>\n<meta property=\"article:published_time\" content=\"2012-12-09T16:29:31+00:00\" \/>\n<meta property=\"og:image\" content=\"https:\/\/www.wanarun.net\/blog\/wp-content\/uploads\/2012\/12\/ronde-du-feu-2012-4-1024x682.jpg\" \/>\n\t<meta property=\"og:image:width\" content=\"1024\" \/>\n\t<meta property=\"og:image:height\" content=\"682\" \/>\n\t<meta property=\"og:image:type\" content=\"image\/jpeg\" \/>\n<meta name=\"twitter:label1\" content=\"\u00c9crit par\" \/>\n\t<meta name=\"twitter:data1\" content=\"remy\" \/>\n\t<meta name=\"twitter:label2\" content=\"Dur\u00e9e de lecture estim\u00e9e\" \/>\n\t<meta name=\"twitter:data2\" content=\"2 minutes\" \/>\n<script type=\"application\/ld+json\" class=\"yoast-schema-graph\">{\"@context\":\"https:\/\/schema.org\",\"@graph\":[{\"@type\":\"Organization\",\"@id\":\"https:\/\/www.wanarun.net\/blog\/#organization\",\"name\":\"Wanarun\",\"url\":\"https:\/\/www.wanarun.net\/blog\/\",\"sameAs\":[\"https:\/\/www.instagram.com\/wanarunnet\/\",\"https:\/\/www.youtube.com\/user\/wanarunnet\",\"https:\/\/www.facebook.com\/wanarun\/\",\"https:\/\/twitter.com\/wanarun\"],\"logo\":{\"@type\":\"ImageObject\",\"inLanguage\":\"fr-FR\",\"@id\":\"https:\/\/www.wanarun.net\/blog\/#\/schema\/logo\/image\/\",\"url\":\"https:\/\/www.wanarun.net\/blog\/wp-content\/uploads\/2018\/03\/logo-wanarun.jpg\",\"contentUrl\":\"https:\/\/www.wanarun.net\/blog\/wp-content\/uploads\/2018\/03\/logo-wanarun.jpg\",\"width\":1196,\"height\":1082,\"caption\":\"Wanarun\"},\"image\":{\"@id\":\"https:\/\/www.wanarun.net\/blog\/#\/schema\/logo\/image\/\"}},{\"@type\":\"WebSite\",\"@id\":\"https:\/\/www.wanarun.net\/blog\/#website\",\"url\":\"https:\/\/www.wanarun.net\/blog\/\",\"name\":\"Wanarun, le blog du running, du trail et de la course \u00e0 pied\",\"description\":\"Informations, remarques, avis, conseils sur la course \u00e0 pied.\",\"publisher\":{\"@id\":\"https:\/\/www.wanarun.net\/blog\/#organization\"},\"potentialAction\":[{\"@type\":\"SearchAction\",\"target\":{\"@type\":\"EntryPoint\",\"urlTemplate\":\"https:\/\/www.wanarun.net\/blog\/?s={search_term_string}\"},\"query-input\":\"required name=search_term_string\"}],\"inLanguage\":\"fr-FR\"},{\"@type\":\"ImageObject\",\"inLanguage\":\"fr-FR\",\"@id\":\"https:\/\/www.wanarun.net\/blog\/ronde-du-feu-2012-compte-rendu-et-photos-27111.html#primaryimage\",\"url\":\"https:\/\/www.wanarun.net\/blog\/wp-content\/uploads\/2012\/12\/ronde-du-feu-2012-4.jpg\",\"contentUrl\":\"https:\/\/www.wanarun.net\/blog\/wp-content\/uploads\/2012\/12\/ronde-du-feu-2012-4.jpg\",\"width\":3456,\"height\":2304},{\"@type\":\"WebPage\",\"@id\":\"https:\/\/www.wanarun.net\/blog\/ronde-du-feu-2012-compte-rendu-et-photos-27111.html#webpage\",\"url\":\"https:\/\/www.wanarun.net\/blog\/ronde-du-feu-2012-compte-rendu-et-photos-27111.html\",\"name\":\"Ronde du feu 2012 : compte-rendu et photos\",\"isPartOf\":{\"@id\":\"https:\/\/www.wanarun.net\/blog\/#website\"},\"primaryImageOfPage\":{\"@id\":\"https:\/\/www.wanarun.net\/blog\/ronde-du-feu-2012-compte-rendu-et-photos-27111.html#primaryimage\"},\"datePublished\":\"2012-12-09T16:29:31+00:00\",\"dateModified\":\"2012-12-09T16:29:31+00:00\",\"description\":\"Nicolas (Tean i-Run) gagne encore \u00e0 Ramonville ! Nicolas Fernandez aime la Ronde du Feu. C\u2019est le moins que l\u2019on puisse dire. Le coureur Saint-Gaudinois\",\"breadcrumb\":{\"@id\":\"https:\/\/www.wanarun.net\/blog\/ronde-du-feu-2012-compte-rendu-et-photos-27111.html#breadcrumb\"},\"inLanguage\":\"fr-FR\",\"potentialAction\":[{\"@type\":\"ReadAction\",\"target\":[\"https:\/\/www.wanarun.net\/blog\/ronde-du-feu-2012-compte-rendu-et-photos-27111.html\"]}]},{\"@type\":\"BreadcrumbList\",\"@id\":\"https:\/\/www.wanarun.net\/blog\/ronde-du-feu-2012-compte-rendu-et-photos-27111.html#breadcrumb\",\"itemListElement\":[{\"@type\":\"ListItem\",\"position\":1,\"name\":\"Ronde du feu 2012 : compte-rendu et photos\"}]},{\"@type\":\"Article\",\"@id\":\"https:\/\/www.wanarun.net\/blog\/ronde-du-feu-2012-compte-rendu-et-photos-27111.html#article\",\"isPartOf\":{\"@id\":\"https:\/\/www.wanarun.net\/blog\/ronde-du-feu-2012-compte-rendu-et-photos-27111.html#webpage\"},\"author\":{\"@id\":\"https:\/\/www.wanarun.net\/blog\/#\/schema\/person\/e58c406c799b3270a5a760496a3ff881\"},\"headline\":\"Ronde du feu 2012 : compte-rendu et photos\",\"datePublished\":\"2012-12-09T16:29:31+00:00\",\"dateModified\":\"2012-12-09T16:29:31+00:00\",\"mainEntityOfPage\":{\"@id\":\"https:\/\/www.wanarun.net\/blog\/ronde-du-feu-2012-compte-rendu-et-photos-27111.html#webpage\"},\"wordCount\":435,\"commentCount\":0,\"publisher\":{\"@id\":\"https:\/\/www.wanarun.net\/blog\/#organization\"},\"image\":{\"@id\":\"https:\/\/www.wanarun.net\/blog\/ronde-du-feu-2012-compte-rendu-et-photos-27111.html#primaryimage\"},\"thumbnailUrl\":\"https:\/\/www.wanarun.net\/blog\/wp-content\/uploads\/2012\/12\/ronde-du-feu-2012-4.jpg\",\"articleSection\":[\"Compte-rendu\"],\"inLanguage\":\"fr-FR\",\"potentialAction\":[{\"@type\":\"CommentAction\",\"name\":\"Comment\",\"target\":[\"https:\/\/www.wanarun.net\/blog\/ronde-du-feu-2012-compte-rendu-et-photos-27111.html#respond\"]}]},{\"@type\":\"Person\",\"@id\":\"https:\/\/www.wanarun.net\/blog\/#\/schema\/person\/e58c406c799b3270a5a760496a3ff881\",\"name\":\"remy\",\"image\":{\"@type\":\"ImageObject\",\"inLanguage\":\"fr-FR\",\"@id\":\"https:\/\/www.wanarun.net\/blog\/#\/schema\/person\/image\/\",\"url\":\"https:\/\/secure.gravatar.com\/avatar\/310a82a0e14c4ee37e4d788b11d27669?s=96&d=mm&r=g\",\"contentUrl\":\"https:\/\/secure.gravatar.com\/avatar\/310a82a0e14c4ee37e4d788b11d27669?s=96&d=mm&r=g\",\"caption\":\"remy\"},\"sameAs\":[\"http:\/\/www.runningmag.fr\"],\"url\":\"https:\/\/www.wanarun.net\/blog\/author\/remy\"}]}<\/script>\n<!-- \/ Yoast SEO plugin. -->","yoast_head_json":{"title":"Ronde du feu 2012 : compte-rendu et photos","description":"Nicolas (Tean i-Run) gagne encore \u00e0 Ramonville ! Nicolas Fernandez aime la Ronde du Feu. C\u2019est le moins que l\u2019on puisse dire. Le coureur Saint-Gaudinois","robots":{"index":"index","follow":"follow","max-snippet":"max-snippet:-1","max-image-preview":"max-image-preview:large","max-video-preview":"max-video-preview:-1"},"canonical":"https:\/\/www.wanarun.net\/blog\/ronde-du-feu-2012-compte-rendu-et-photos-27111.html","og_locale":"fr_FR","og_type":"article","og_title":"Ronde du feu 2012 : compte-rendu et photos","og_description":"Nicolas (Tean i-Run) gagne encore \u00e0 Ramonville ! Nicolas Fernandez aime la Ronde du Feu. C\u2019est le moins que l\u2019on puisse dire. Le coureur Saint-Gaudinois","og_url":"https:\/\/www.wanarun.net\/blog\/ronde-du-feu-2012-compte-rendu-et-photos-27111.html","og_site_name":"Wanarun, le blog du running, du trail et de la course \u00e0 pied","article_publisher":"https:\/\/www.facebook.com\/wanarun\/","article_published_time":"2012-12-09T16:29:31+00:00","og_image":[{"width":"1024","height":"682","url":"https:\/\/www.wanarun.net\/blog\/wp-content\/uploads\/2012\/12\/ronde-du-feu-2012-4-1024x682.jpg","type":"image\/jpeg"}],"twitter_misc":{"\u00c9crit par":"remy","Dur\u00e9e de lecture estim\u00e9e":"2 minutes"},"schema":{"@context":"https:\/\/schema.org","@graph":[{"@type":"Organization","@id":"https:\/\/www.wanarun.net\/blog\/#organization","name":"Wanarun","url":"https:\/\/www.wanarun.net\/blog\/","sameAs":["https:\/\/www.instagram.com\/wanarunnet\/","https:\/\/www.youtube.com\/user\/wanarunnet","https:\/\/www.facebook.com\/wanarun\/","https:\/\/twitter.com\/wanarun"],"logo":{"@type":"ImageObject","inLanguage":"fr-FR","@id":"https:\/\/www.wanarun.net\/blog\/#\/schema\/logo\/image\/","url":"https:\/\/www.wanarun.net\/blog\/wp-content\/uploads\/2018\/03\/logo-wanarun.jpg","contentUrl":"https:\/\/www.wanarun.net\/blog\/wp-content\/uploads\/2018\/03\/logo-wanarun.jpg","width":1196,"height":1082,"caption":"Wanarun"},"image":{"@id":"https:\/\/www.wanarun.net\/blog\/#\/schema\/logo\/image\/"}},{"@type":"WebSite","@id":"https:\/\/www.wanarun.net\/blog\/#website","url":"https:\/\/www.wanarun.net\/blog\/","name":"Wanarun, le blog du running, du trail et de la course \u00e0 pied","description":"Informations, remarques, avis, conseils sur la course \u00e0 pied.","publisher":{"@id":"https:\/\/www.wanarun.net\/blog\/#organization"},"potentialAction":[{"@type":"SearchAction","target":{"@type":"EntryPoint","urlTemplate":"https:\/\/www.wanarun.net\/blog\/?s={search_term_string}"},"query-input":"required name=search_term_string"}],"inLanguage":"fr-FR"},{"@type":"ImageObject","inLanguage":"fr-FR","@id":"https:\/\/www.wanarun.net\/blog\/ronde-du-feu-2012-compte-rendu-et-photos-27111.html#primaryimage","url":"https:\/\/www.wanarun.net\/blog\/wp-content\/uploads\/2012\/12\/ronde-du-feu-2012-4.jpg","contentUrl":"https:\/\/www.wanarun.net\/blog\/wp-content\/uploads\/2012\/12\/ronde-du-feu-2012-4.jpg","width":3456,"height":2304},{"@type":"WebPage","@id":"https:\/\/www.wanarun.net\/blog\/ronde-du-feu-2012-compte-rendu-et-photos-27111.html#webpage","url":"https:\/\/www.wanarun.net\/blog\/ronde-du-feu-2012-compte-rendu-et-photos-27111.html","name":"Ronde du feu 2012 : compte-rendu et photos","isPartOf":{"@id":"https:\/\/www.wanarun.net\/blog\/#website"},"primaryImageOfPage":{"@id":"https:\/\/www.wanarun.net\/blog\/ronde-du-feu-2012-compte-rendu-et-photos-27111.html#primaryimage"},"datePublished":"2012-12-09T16:29:31+00:00","dateModified":"2012-12-09T16:29:31+00:00","description":"Nicolas (Tean i-Run) gagne encore \u00e0 Ramonville ! Nicolas Fernandez aime la Ronde du Feu. C\u2019est le moins que l\u2019on puisse dire. Le coureur Saint-Gaudinois","breadcrumb":{"@id":"https:\/\/www.wanarun.net\/blog\/ronde-du-feu-2012-compte-rendu-et-photos-27111.html#breadcrumb"},"inLanguage":"fr-FR","potentialAction":[{"@type":"ReadAction","target":["https:\/\/www.wanarun.net\/blog\/ronde-du-feu-2012-compte-rendu-et-photos-27111.html"]}]},{"@type":"BreadcrumbList","@id":"https:\/\/www.wanarun.net\/blog\/ronde-du-feu-2012-compte-rendu-et-photos-27111.html#breadcrumb","itemListElement":[{"@type":"ListItem","position":1,"name":"Ronde du feu 2012 : compte-rendu et photos"}]},{"@type":"Article","@id":"https:\/\/www.wanarun.net\/blog\/ronde-du-feu-2012-compte-rendu-et-photos-27111.html#article","isPartOf":{"@id":"https:\/\/www.wanarun.net\/blog\/ronde-du-feu-2012-compte-rendu-et-photos-27111.html#webpage"},"author":{"@id":"https:\/\/www.wanarun.net\/blog\/#\/schema\/person\/e58c406c799b3270a5a760496a3ff881"},"headline":"Ronde du feu 2012 : compte-rendu et photos","datePublished":"2012-12-09T16:29:31+00:00","dateModified":"2012-12-09T16:29:31+00:00","mainEntityOfPage":{"@id":"https:\/\/www.wanarun.net\/blog\/ronde-du-feu-2012-compte-rendu-et-photos-27111.html#webpage"},"wordCount":435,"commentCount":0,"publisher":{"@id":"https:\/\/www.wanarun.net\/blog\/#organization"},"image":{"@id":"https:\/\/www.wanarun.net\/blog\/ronde-du-feu-2012-compte-rendu-et-photos-27111.html#primaryimage"},"thumbnailUrl":"https:\/\/www.wanarun.net\/blog\/wp-content\/uploads\/2012\/12\/ronde-du-feu-2012-4.jpg","articleSection":["Compte-rendu"],"inLanguage":"fr-FR","potentialAction":[{"@type":"CommentAction","name":"Comment","target":["https:\/\/www.wanarun.net\/blog\/ronde-du-feu-2012-compte-rendu-et-photos-27111.html#respond"]}]},{"@type":"Person","@id":"https:\/\/www.wanarun.net\/blog\/#\/schema\/person\/e58c406c799b3270a5a760496a3ff881","name":"remy","image":{"@type":"ImageObject","inLanguage":"fr-FR","@id":"https:\/\/www.wanarun.net\/blog\/#\/schema\/person\/image\/","url":"https:\/\/secure.gravatar.com\/avatar\/310a82a0e14c4ee37e4d788b11d27669?s=96&d=mm&r=g","contentUrl":"https:\/\/secure.gravatar.com\/avatar\/310a82a0e14c4ee37e4d788b11d27669?s=96&d=mm&r=g","caption":"remy"},"sameAs":["http:\/\/www.runningmag.fr"],"url":"https:\/\/www.wanarun.net\/blog\/author\/remy"}]}},"_links":{"self":[{"href":"https:\/\/www.wanarun.net\/blog\/wp-json\/wp\/v2\/posts\/27111"}],"collection":[{"href":"https:\/\/www.wanarun.net\/blog\/wp-json\/wp\/v2\/posts"}],"about":[{"href":"https:\/\/www.wanarun.net\/blog\/wp-json\/wp\/v2\/types\/post"}],"author":[{"embeddable":true,"href":"https:\/\/www.wanarun.net\/blog\/wp-json\/wp\/v2\/users\/37"}],"replies":[{"embeddable":true,"href":"https:\/\/www.wanarun.net\/blog\/wp-json\/wp\/v2\/comments?post=27111"}],"version-history":[{"count":1,"href":"https:\/\/www.wanarun.net\/blog\/wp-json\/wp\/v2\/posts\/27111\/revisions"}],"predecessor-version":[{"id":27116,"href":"https:\/\/www.wanarun.net\/blog\/wp-json\/wp\/v2\/posts\/27111\/revisions\/27116"}],"wp:featuredmedia":[{"embeddable":true,"href":"https:\/\/www.wanarun.net\/blog\/wp-json\/wp\/v2\/media\/27115"}],"wp:attachment":[{"href":"https:\/\/www.wanarun.net\/blog\/wp-json\/wp\/v2\/media?parent=27111"}],"wp:term":[{"taxonomy":"category","embeddable":true,"href":"https:\/\/www.wanarun.net\/blog\/wp-json\/wp\/v2\/categories?post=27111"},{"taxonomy":"post_tag","embeddable":true,"href":"https:\/\/www.wanarun.net\/blog\/wp-json\/wp\/v2\/tags?post=27111"}],"curies":[{"name":"wp","href":"https:\/\/api.w.org\/{rel}","templated":true}]}}