{"id":25231,"date":"2012-10-01T16:12:43","date_gmt":"2012-10-01T15:12:43","guid":{"rendered":"http:\/\/www.wanarun.net\/blog\/?p=25231"},"modified":"2012-10-01T16:13:04","modified_gmt":"2012-10-01T15:13:04","slug":"trail-des-bosses-2012-compte-rendu-et-photos","status":"publish","type":"post","link":"https:\/\/www.wanarun.net\/blog\/trail-des-bosses-2012-compte-rendu-et-photos-25231.html","title":{"rendered":"Trail des bosses 2012 : compte-rendu et photos"},"content":{"rendered":"<p><a href=\"https:\/\/www.wanarun.net\/blog\/wp-content\/uploads\/2012\/10\/IMG_1617.jpg\"><img loading=\"lazy\" class=\"alignleft size-thumbnail wp-image-25234\" title=\"IMG_1617\" src=\"https:\/\/www.wanarun.net\/blog\/wp-content\/uploads\/2012\/10\/IMG_1617-150x150.jpg\" alt=\"\" width=\"150\" height=\"150\" srcset=\"https:\/\/www.wanarun.net\/blog\/wp-content\/uploads\/2012\/10\/IMG_1617-150x150.jpg 150w, https:\/\/www.wanarun.net\/blog\/wp-content\/uploads\/2012\/10\/IMG_1617-100x100.jpg 100w\" sizes=\"(max-width: 150px) 100vw, 150px\" \/><\/a><strong>Andrieu est le roi&#8230; des Bosses !<\/strong><\/p>\n<p>David Andrieu est bien le leader du challenge des Trails du Sud-Ouest. Il a en effet men\u00e9 le Trail des Bosses \u00e0 partir du 4\u00e8me d&rsquo;un parcours qui en comptait 25&#8230; Il \u00e9tait tout d&rsquo;abord en compagnie de Nicolas Miquel, mais celui-ci le laissera partir dans la premi\u00e8re difficult\u00e9. Visiblement pas tout \u00e0 fait remis de son semi de Pechbusque. Du coup David s&rsquo;est envol\u00e9 vers une victoire qui lui \u00e9tait toute acquise. D&rsquo;autant plus que la veille de la course, on apprenait le d\u00e9sistement sur blessure de Pierre-Lo Viguier, pourtant venu en VTT encourager sa femme, Anne-Claire qui, elle, remportera au passage la petite distance de 15 km. Sur la longue distance, qui comptait aussi pour une manche du challenge des Trails L\u00e9vy-Running Mag, on retiendra \u00e9galement que c&rsquo;est une belge de passage qui est venue semer la zizanie dans le rang des f\u00e9minines. Elle s&rsquo;impose devant Carole Lamy et Pascale Marty. Sur le 15km, enfin, pour \u00eatre tout \u00e0 fait complet, R\u00e9my J\u00e9gard apr\u00e8s une erreur de parcours, parvient tout de m\u00eame \u00e0 revenir sur la t\u00eate et finit main dans la main avec Vincent Blusseau qui aura finalement tr\u00e8s bien termin\u00e9 sa course. Heureux tous les deux de pouvoir franchir en t\u00eate tout de m\u00eame apr\u00e8s s&rsquo;\u00eatre retrouv\u00e9 six et septi\u00e8me vers le 10\u00e8me kilo&#8230; Mais \u00e9videmment, on ne peut que f\u00e9liciter toute la famille Sentost qui a donc accueilli cette ann\u00e9e plus de 320 concurrents. Record largement battu&#8230; Cela fait plaisir<\/p>\n<p>&nbsp;<\/p>\n\n\t\t<style type=\"text\/css\">\n\t\t\t#gallery-1 {\n\t\t\t\tmargin: auto;\n\t\t\t}\n\t\t\t#gallery-1 .gallery-item {\n\t\t\t\tfloat: left;\n\t\t\t\tmargin-top: 10px;\n\t\t\t\ttext-align: center;\n\t\t\t\twidth: 50%;\n\t\t\t}\n\t\t\t#gallery-1 img {\n\t\t\t\tborder: 2px solid #cfcfcf;\n\t\t\t}\n\t\t\t#gallery-1 .gallery-caption {\n\t\t\t\tmargin-left: 0;\n\t\t\t}\n\t\t\t\/* see gallery_shortcode() in wp-includes\/media.php *\/\n\t\t<\/style>\n\t\t<div id='gallery-1' class='gallery galleryid-25231 gallery-columns-2 gallery-size-thumbnail'><dl class='gallery-item'>\n\t\t\t<dt class='gallery-icon landscape'>\n\t\t\t\t<a href='https:\/\/www.wanarun.net\/blog\/wp-content\/uploads\/2012\/10\/IMG_1617.jpg'><img width=\"150\" height=\"150\" src=\"https:\/\/www.wanarun.net\/blog\/wp-content\/uploads\/2012\/10\/IMG_1617-150x150.jpg\" class=\"attachment-thumbnail size-thumbnail\" alt=\"\" loading=\"lazy\" srcset=\"https:\/\/www.wanarun.net\/blog\/wp-content\/uploads\/2012\/10\/IMG_1617-150x150.jpg 150w, https:\/\/www.wanarun.net\/blog\/wp-content\/uploads\/2012\/10\/IMG_1617-100x100.jpg 100w\" sizes=\"(max-width: 150px) 100vw, 150px\" \/><\/a>\n\t\t\t<\/dt><\/dl><dl class='gallery-item'>\n\t\t\t<dt class='gallery-icon portrait'>\n\t\t\t\t<a href='https:\/\/www.wanarun.net\/blog\/wp-content\/uploads\/2012\/10\/IMG_1845.jpg'><img width=\"150\" height=\"150\" src=\"https:\/\/www.wanarun.net\/blog\/wp-content\/uploads\/2012\/10\/IMG_1845-150x150.jpg\" class=\"attachment-thumbnail size-thumbnail\" alt=\"\" loading=\"lazy\" srcset=\"https:\/\/www.wanarun.net\/blog\/wp-content\/uploads\/2012\/10\/IMG_1845-150x150.jpg 150w, https:\/\/www.wanarun.net\/blog\/wp-content\/uploads\/2012\/10\/IMG_1845-100x100.jpg 100w\" sizes=\"(max-width: 150px) 100vw, 150px\" \/><\/a>\n\t\t\t<\/dt><\/dl><br style=\"clear: both\" \/><dl class='gallery-item'>\n\t\t\t<dt class='gallery-icon landscape'>\n\t\t\t\t<a href='https:\/\/www.wanarun.net\/blog\/wp-content\/uploads\/2012\/10\/IMG_1936.jpg'><img width=\"150\" height=\"150\" src=\"https:\/\/www.wanarun.net\/blog\/wp-content\/uploads\/2012\/10\/IMG_1936-150x150.jpg\" class=\"attachment-thumbnail size-thumbnail\" alt=\"\" loading=\"lazy\" srcset=\"https:\/\/www.wanarun.net\/blog\/wp-content\/uploads\/2012\/10\/IMG_1936-150x150.jpg 150w, https:\/\/www.wanarun.net\/blog\/wp-content\/uploads\/2012\/10\/IMG_1936-100x100.jpg 100w\" sizes=\"(max-width: 150px) 100vw, 150px\" \/><\/a>\n\t\t\t<\/dt><\/dl><dl class='gallery-item'>\n\t\t\t<dt class='gallery-icon landscape'>\n\t\t\t\t<a href='https:\/\/www.wanarun.net\/blog\/wp-content\/uploads\/2012\/10\/IMG_2227.jpg'><img width=\"150\" height=\"150\" src=\"https:\/\/www.wanarun.net\/blog\/wp-content\/uploads\/2012\/10\/IMG_2227-150x150.jpg\" class=\"attachment-thumbnail size-thumbnail\" alt=\"\" loading=\"lazy\" srcset=\"https:\/\/www.wanarun.net\/blog\/wp-content\/uploads\/2012\/10\/IMG_2227-150x150.jpg 150w, https:\/\/www.wanarun.net\/blog\/wp-content\/uploads\/2012\/10\/IMG_2227-100x100.jpg 100w\" sizes=\"(max-width: 150px) 100vw, 150px\" \/><\/a>\n\t\t\t<\/dt><\/dl><br style=\"clear: both\" \/>\n\t\t<\/div>\n\n","protected":false},"excerpt":{"rendered":"<a href=\"https:\/\/www.wanarun.net\/blog\/trail-des-bosses-2012-compte-rendu-et-photos-25231.html\"><img width=\"150\" height=\"150\" src=\"https:\/\/www.wanarun.net\/blog\/wp-content\/uploads\/2012\/10\/IMG_1617-150x150.jpg\" class=\"alignleft tfe wp-post-image\" alt=\"\" loading=\"lazy\" srcset=\"https:\/\/www.wanarun.net\/blog\/wp-content\/uploads\/2012\/10\/IMG_1617-150x150.jpg 150w, https:\/\/www.wanarun.net\/blog\/wp-content\/uploads\/2012\/10\/IMG_1617-100x100.jpg 100w\" sizes=\"(max-width: 150px) 100vw, 150px\" \/><\/a><p>Andrieu est le roi&#8230; des Bosses ! David Andrieu est bien le leader du challenge des Trails du Sud-Ouest. Il a en effet men\u00e9 le Trail des Bosses \u00e0 partir du 4\u00e8me d&rsquo;un parcours qui en comptait 25&#8230; Il \u00e9tait tout d&rsquo;abord en compagnie de Nicolas Miquel, mais celui-ci le laissera partir dans la premi\u00e8re [&hellip;]<\/p>\n","protected":false},"author":37,"featured_media":25234,"comment_status":"open","ping_status":"open","sticky":false,"template":"","format":"standard","meta":[],"categories":[1227],"tags":[9879],"yoast_head":"<!-- This site is optimized with the Yoast SEO plugin v18.9 - https:\/\/yoast.com\/wordpress\/plugins\/seo\/ -->\n<title>Trail des bosses 2012 : compte-rendu et photos<\/title>\n<meta name=\"description\" content=\"Andrieu est le roi... des Bosses ! David Andrieu est bien le leader du challenge des Trails du Sud-Ouest. Il a en effet men\u00e9 le Trail des Bosses \u00e0 partir\" \/>\n<meta name=\"robots\" content=\"index, follow, max-snippet:-1, max-image-preview:large, max-video-preview:-1\" \/>\n<link rel=\"canonical\" href=\"https:\/\/www.wanarun.net\/blog\/trail-des-bosses-2012-compte-rendu-et-photos-25231.html\" \/>\n<meta property=\"og:locale\" content=\"fr_FR\" \/>\n<meta property=\"og:type\" content=\"article\" \/>\n<meta property=\"og:title\" content=\"Trail des bosses 2012 : compte-rendu et photos\" \/>\n<meta property=\"og:description\" content=\"Andrieu est le roi... des Bosses ! David Andrieu est bien le leader du challenge des Trails du Sud-Ouest. Il a en effet men\u00e9 le Trail des Bosses \u00e0 partir\" \/>\n<meta property=\"og:url\" content=\"https:\/\/www.wanarun.net\/blog\/trail-des-bosses-2012-compte-rendu-et-photos-25231.html\" \/>\n<meta property=\"og:site_name\" content=\"Wanarun, le blog du running, du trail et de la course \u00e0 pied\" \/>\n<meta property=\"article:publisher\" content=\"https:\/\/www.facebook.com\/wanarun\/\" \/>\n<meta property=\"article:published_time\" content=\"2012-10-01T15:12:43+00:00\" \/>\n<meta property=\"article:modified_time\" content=\"2012-10-01T15:13:04+00:00\" \/>\n<meta property=\"og:image\" content=\"https:\/\/www.wanarun.net\/blog\/wp-content\/uploads\/2012\/10\/IMG_1617.jpg\" \/>\n\t<meta property=\"og:image:width\" content=\"2816\" \/>\n\t<meta property=\"og:image:height\" content=\"1880\" \/>\n\t<meta property=\"og:image:type\" content=\"image\/jpeg\" \/>\n<meta name=\"twitter:label1\" content=\"\u00c9crit par\" \/>\n\t<meta name=\"twitter:data1\" content=\"remy\" \/>\n\t<meta name=\"twitter:label2\" content=\"Dur\u00e9e de lecture estim\u00e9e\" \/>\n\t<meta name=\"twitter:data2\" content=\"1 minute\" \/>\n<script type=\"application\/ld+json\" class=\"yoast-schema-graph\">{\"@context\":\"https:\/\/schema.org\",\"@graph\":[{\"@type\":\"Organization\",\"@id\":\"https:\/\/www.wanarun.net\/blog\/#organization\",\"name\":\"Wanarun\",\"url\":\"https:\/\/www.wanarun.net\/blog\/\",\"sameAs\":[\"https:\/\/www.instagram.com\/wanarunnet\/\",\"https:\/\/www.youtube.com\/user\/wanarunnet\",\"https:\/\/www.facebook.com\/wanarun\/\",\"https:\/\/twitter.com\/wanarun\"],\"logo\":{\"@type\":\"ImageObject\",\"inLanguage\":\"fr-FR\",\"@id\":\"https:\/\/www.wanarun.net\/blog\/#\/schema\/logo\/image\/\",\"url\":\"https:\/\/www.wanarun.net\/blog\/wp-content\/uploads\/2018\/03\/logo-wanarun.jpg\",\"contentUrl\":\"https:\/\/www.wanarun.net\/blog\/wp-content\/uploads\/2018\/03\/logo-wanarun.jpg\",\"width\":1196,\"height\":1082,\"caption\":\"Wanarun\"},\"image\":{\"@id\":\"https:\/\/www.wanarun.net\/blog\/#\/schema\/logo\/image\/\"}},{\"@type\":\"WebSite\",\"@id\":\"https:\/\/www.wanarun.net\/blog\/#website\",\"url\":\"https:\/\/www.wanarun.net\/blog\/\",\"name\":\"Wanarun, le blog du running, du trail et de la course \u00e0 pied\",\"description\":\"Informations, remarques, avis, conseils sur la course \u00e0 pied.\",\"publisher\":{\"@id\":\"https:\/\/www.wanarun.net\/blog\/#organization\"},\"potentialAction\":[{\"@type\":\"SearchAction\",\"target\":{\"@type\":\"EntryPoint\",\"urlTemplate\":\"https:\/\/www.wanarun.net\/blog\/?s={search_term_string}\"},\"query-input\":\"required name=search_term_string\"}],\"inLanguage\":\"fr-FR\"},{\"@type\":\"ImageObject\",\"inLanguage\":\"fr-FR\",\"@id\":\"https:\/\/www.wanarun.net\/blog\/trail-des-bosses-2012-compte-rendu-et-photos-25231.html#primaryimage\",\"url\":\"https:\/\/www.wanarun.net\/blog\/wp-content\/uploads\/2012\/10\/IMG_1617.jpg\",\"contentUrl\":\"https:\/\/www.wanarun.net\/blog\/wp-content\/uploads\/2012\/10\/IMG_1617.jpg\",\"width\":2816,\"height\":1880},{\"@type\":\"WebPage\",\"@id\":\"https:\/\/www.wanarun.net\/blog\/trail-des-bosses-2012-compte-rendu-et-photos-25231.html#webpage\",\"url\":\"https:\/\/www.wanarun.net\/blog\/trail-des-bosses-2012-compte-rendu-et-photos-25231.html\",\"name\":\"Trail des bosses 2012 : compte-rendu et photos\",\"isPartOf\":{\"@id\":\"https:\/\/www.wanarun.net\/blog\/#website\"},\"primaryImageOfPage\":{\"@id\":\"https:\/\/www.wanarun.net\/blog\/trail-des-bosses-2012-compte-rendu-et-photos-25231.html#primaryimage\"},\"datePublished\":\"2012-10-01T15:12:43+00:00\",\"dateModified\":\"2012-10-01T15:13:04+00:00\",\"description\":\"Andrieu est le roi... des Bosses ! David Andrieu est bien le leader du challenge des Trails du Sud-Ouest. Il a en effet men\u00e9 le Trail des Bosses \u00e0 partir\",\"breadcrumb\":{\"@id\":\"https:\/\/www.wanarun.net\/blog\/trail-des-bosses-2012-compte-rendu-et-photos-25231.html#breadcrumb\"},\"inLanguage\":\"fr-FR\",\"potentialAction\":[{\"@type\":\"ReadAction\",\"target\":[\"https:\/\/www.wanarun.net\/blog\/trail-des-bosses-2012-compte-rendu-et-photos-25231.html\"]}]},{\"@type\":\"BreadcrumbList\",\"@id\":\"https:\/\/www.wanarun.net\/blog\/trail-des-bosses-2012-compte-rendu-et-photos-25231.html#breadcrumb\",\"itemListElement\":[{\"@type\":\"ListItem\",\"position\":1,\"name\":\"Trail des bosses 2012 : compte-rendu et photos\"}]},{\"@type\":\"Article\",\"@id\":\"https:\/\/www.wanarun.net\/blog\/trail-des-bosses-2012-compte-rendu-et-photos-25231.html#article\",\"isPartOf\":{\"@id\":\"https:\/\/www.wanarun.net\/blog\/trail-des-bosses-2012-compte-rendu-et-photos-25231.html#webpage\"},\"author\":{\"@id\":\"https:\/\/www.wanarun.net\/blog\/#\/schema\/person\/e58c406c799b3270a5a760496a3ff881\"},\"headline\":\"Trail des bosses 2012 : compte-rendu et photos\",\"datePublished\":\"2012-10-01T15:12:43+00:00\",\"dateModified\":\"2012-10-01T15:13:04+00:00\",\"mainEntityOfPage\":{\"@id\":\"https:\/\/www.wanarun.net\/blog\/trail-des-bosses-2012-compte-rendu-et-photos-25231.html#webpage\"},\"wordCount\":274,\"commentCount\":0,\"publisher\":{\"@id\":\"https:\/\/www.wanarun.net\/blog\/#organization\"},\"image\":{\"@id\":\"https:\/\/www.wanarun.net\/blog\/trail-des-bosses-2012-compte-rendu-et-photos-25231.html#primaryimage\"},\"thumbnailUrl\":\"https:\/\/www.wanarun.net\/blog\/wp-content\/uploads\/2012\/10\/IMG_1617.jpg\",\"keywords\":[\"Trail\"],\"articleSection\":[\"Compte-rendu\"],\"inLanguage\":\"fr-FR\",\"potentialAction\":[{\"@type\":\"CommentAction\",\"name\":\"Comment\",\"target\":[\"https:\/\/www.wanarun.net\/blog\/trail-des-bosses-2012-compte-rendu-et-photos-25231.html#respond\"]}]},{\"@type\":\"Person\",\"@id\":\"https:\/\/www.wanarun.net\/blog\/#\/schema\/person\/e58c406c799b3270a5a760496a3ff881\",\"name\":\"remy\",\"image\":{\"@type\":\"ImageObject\",\"inLanguage\":\"fr-FR\",\"@id\":\"https:\/\/www.wanarun.net\/blog\/#\/schema\/person\/image\/\",\"url\":\"https:\/\/secure.gravatar.com\/avatar\/310a82a0e14c4ee37e4d788b11d27669?s=96&d=mm&r=g\",\"contentUrl\":\"https:\/\/secure.gravatar.com\/avatar\/310a82a0e14c4ee37e4d788b11d27669?s=96&d=mm&r=g\",\"caption\":\"remy\"},\"sameAs\":[\"http:\/\/www.runningmag.fr\"],\"url\":\"https:\/\/www.wanarun.net\/blog\/author\/remy\"}]}<\/script>\n<!-- \/ Yoast SEO plugin. -->","yoast_head_json":{"title":"Trail des bosses 2012 : compte-rendu et photos","description":"Andrieu est le roi... des Bosses ! David Andrieu est bien le leader du challenge des Trails du Sud-Ouest. Il a en effet men\u00e9 le Trail des Bosses \u00e0 partir","robots":{"index":"index","follow":"follow","max-snippet":"max-snippet:-1","max-image-preview":"max-image-preview:large","max-video-preview":"max-video-preview:-1"},"canonical":"https:\/\/www.wanarun.net\/blog\/trail-des-bosses-2012-compte-rendu-et-photos-25231.html","og_locale":"fr_FR","og_type":"article","og_title":"Trail des bosses 2012 : compte-rendu et photos","og_description":"Andrieu est le roi... des Bosses ! David Andrieu est bien le leader du challenge des Trails du Sud-Ouest. Il a en effet men\u00e9 le Trail des Bosses \u00e0 partir","og_url":"https:\/\/www.wanarun.net\/blog\/trail-des-bosses-2012-compte-rendu-et-photos-25231.html","og_site_name":"Wanarun, le blog du running, du trail et de la course \u00e0 pied","article_publisher":"https:\/\/www.facebook.com\/wanarun\/","article_published_time":"2012-10-01T15:12:43+00:00","article_modified_time":"2012-10-01T15:13:04+00:00","og_image":[{"width":2816,"height":1880,"url":"https:\/\/www.wanarun.net\/blog\/wp-content\/uploads\/2012\/10\/IMG_1617.jpg","type":"image\/jpeg"}],"twitter_misc":{"\u00c9crit par":"remy","Dur\u00e9e de lecture estim\u00e9e":"1 minute"},"schema":{"@context":"https:\/\/schema.org","@graph":[{"@type":"Organization","@id":"https:\/\/www.wanarun.net\/blog\/#organization","name":"Wanarun","url":"https:\/\/www.wanarun.net\/blog\/","sameAs":["https:\/\/www.instagram.com\/wanarunnet\/","https:\/\/www.youtube.com\/user\/wanarunnet","https:\/\/www.facebook.com\/wanarun\/","https:\/\/twitter.com\/wanarun"],"logo":{"@type":"ImageObject","inLanguage":"fr-FR","@id":"https:\/\/www.wanarun.net\/blog\/#\/schema\/logo\/image\/","url":"https:\/\/www.wanarun.net\/blog\/wp-content\/uploads\/2018\/03\/logo-wanarun.jpg","contentUrl":"https:\/\/www.wanarun.net\/blog\/wp-content\/uploads\/2018\/03\/logo-wanarun.jpg","width":1196,"height":1082,"caption":"Wanarun"},"image":{"@id":"https:\/\/www.wanarun.net\/blog\/#\/schema\/logo\/image\/"}},{"@type":"WebSite","@id":"https:\/\/www.wanarun.net\/blog\/#website","url":"https:\/\/www.wanarun.net\/blog\/","name":"Wanarun, le blog du running, du trail et de la course \u00e0 pied","description":"Informations, remarques, avis, conseils sur la course \u00e0 pied.","publisher":{"@id":"https:\/\/www.wanarun.net\/blog\/#organization"},"potentialAction":[{"@type":"SearchAction","target":{"@type":"EntryPoint","urlTemplate":"https:\/\/www.wanarun.net\/blog\/?s={search_term_string}"},"query-input":"required name=search_term_string"}],"inLanguage":"fr-FR"},{"@type":"ImageObject","inLanguage":"fr-FR","@id":"https:\/\/www.wanarun.net\/blog\/trail-des-bosses-2012-compte-rendu-et-photos-25231.html#primaryimage","url":"https:\/\/www.wanarun.net\/blog\/wp-content\/uploads\/2012\/10\/IMG_1617.jpg","contentUrl":"https:\/\/www.wanarun.net\/blog\/wp-content\/uploads\/2012\/10\/IMG_1617.jpg","width":2816,"height":1880},{"@type":"WebPage","@id":"https:\/\/www.wanarun.net\/blog\/trail-des-bosses-2012-compte-rendu-et-photos-25231.html#webpage","url":"https:\/\/www.wanarun.net\/blog\/trail-des-bosses-2012-compte-rendu-et-photos-25231.html","name":"Trail des bosses 2012 : compte-rendu et photos","isPartOf":{"@id":"https:\/\/www.wanarun.net\/blog\/#website"},"primaryImageOfPage":{"@id":"https:\/\/www.wanarun.net\/blog\/trail-des-bosses-2012-compte-rendu-et-photos-25231.html#primaryimage"},"datePublished":"2012-10-01T15:12:43+00:00","dateModified":"2012-10-01T15:13:04+00:00","description":"Andrieu est le roi... des Bosses ! David Andrieu est bien le leader du challenge des Trails du Sud-Ouest. Il a en effet men\u00e9 le Trail des Bosses \u00e0 partir","breadcrumb":{"@id":"https:\/\/www.wanarun.net\/blog\/trail-des-bosses-2012-compte-rendu-et-photos-25231.html#breadcrumb"},"inLanguage":"fr-FR","potentialAction":[{"@type":"ReadAction","target":["https:\/\/www.wanarun.net\/blog\/trail-des-bosses-2012-compte-rendu-et-photos-25231.html"]}]},{"@type":"BreadcrumbList","@id":"https:\/\/www.wanarun.net\/blog\/trail-des-bosses-2012-compte-rendu-et-photos-25231.html#breadcrumb","itemListElement":[{"@type":"ListItem","position":1,"name":"Trail des bosses 2012 : compte-rendu et photos"}]},{"@type":"Article","@id":"https:\/\/www.wanarun.net\/blog\/trail-des-bosses-2012-compte-rendu-et-photos-25231.html#article","isPartOf":{"@id":"https:\/\/www.wanarun.net\/blog\/trail-des-bosses-2012-compte-rendu-et-photos-25231.html#webpage"},"author":{"@id":"https:\/\/www.wanarun.net\/blog\/#\/schema\/person\/e58c406c799b3270a5a760496a3ff881"},"headline":"Trail des bosses 2012 : compte-rendu et photos","datePublished":"2012-10-01T15:12:43+00:00","dateModified":"2012-10-01T15:13:04+00:00","mainEntityOfPage":{"@id":"https:\/\/www.wanarun.net\/blog\/trail-des-bosses-2012-compte-rendu-et-photos-25231.html#webpage"},"wordCount":274,"commentCount":0,"publisher":{"@id":"https:\/\/www.wanarun.net\/blog\/#organization"},"image":{"@id":"https:\/\/www.wanarun.net\/blog\/trail-des-bosses-2012-compte-rendu-et-photos-25231.html#primaryimage"},"thumbnailUrl":"https:\/\/www.wanarun.net\/blog\/wp-content\/uploads\/2012\/10\/IMG_1617.jpg","keywords":["Trail"],"articleSection":["Compte-rendu"],"inLanguage":"fr-FR","potentialAction":[{"@type":"CommentAction","name":"Comment","target":["https:\/\/www.wanarun.net\/blog\/trail-des-bosses-2012-compte-rendu-et-photos-25231.html#respond"]}]},{"@type":"Person","@id":"https:\/\/www.wanarun.net\/blog\/#\/schema\/person\/e58c406c799b3270a5a760496a3ff881","name":"remy","image":{"@type":"ImageObject","inLanguage":"fr-FR","@id":"https:\/\/www.wanarun.net\/blog\/#\/schema\/person\/image\/","url":"https:\/\/secure.gravatar.com\/avatar\/310a82a0e14c4ee37e4d788b11d27669?s=96&d=mm&r=g","contentUrl":"https:\/\/secure.gravatar.com\/avatar\/310a82a0e14c4ee37e4d788b11d27669?s=96&d=mm&r=g","caption":"remy"},"sameAs":["http:\/\/www.runningmag.fr"],"url":"https:\/\/www.wanarun.net\/blog\/author\/remy"}]}},"_links":{"self":[{"href":"https:\/\/www.wanarun.net\/blog\/wp-json\/wp\/v2\/posts\/25231"}],"collection":[{"href":"https:\/\/www.wanarun.net\/blog\/wp-json\/wp\/v2\/posts"}],"about":[{"href":"https:\/\/www.wanarun.net\/blog\/wp-json\/wp\/v2\/types\/post"}],"author":[{"embeddable":true,"href":"https:\/\/www.wanarun.net\/blog\/wp-json\/wp\/v2\/users\/37"}],"replies":[{"embeddable":true,"href":"https:\/\/www.wanarun.net\/blog\/wp-json\/wp\/v2\/comments?post=25231"}],"version-history":[{"count":2,"href":"https:\/\/www.wanarun.net\/blog\/wp-json\/wp\/v2\/posts\/25231\/revisions"}],"predecessor-version":[{"id":25237,"href":"https:\/\/www.wanarun.net\/blog\/wp-json\/wp\/v2\/posts\/25231\/revisions\/25237"}],"wp:featuredmedia":[{"embeddable":true,"href":"https:\/\/www.wanarun.net\/blog\/wp-json\/wp\/v2\/media\/25234"}],"wp:attachment":[{"href":"https:\/\/www.wanarun.net\/blog\/wp-json\/wp\/v2\/media?parent=25231"}],"wp:term":[{"taxonomy":"category","embeddable":true,"href":"https:\/\/www.wanarun.net\/blog\/wp-json\/wp\/v2\/categories?post=25231"},{"taxonomy":"post_tag","embeddable":true,"href":"https:\/\/www.wanarun.net\/blog\/wp-json\/wp\/v2\/tags?post=25231"}],"curies":[{"name":"wp","href":"https:\/\/api.w.org\/{rel}","templated":true}]}}