{"id":2443,"date":"2009-08-20T19:24:04","date_gmt":"2009-08-20T18:24:04","guid":{"rendered":"http:\/\/www.wanarun.net\/blog\/?p=2443"},"modified":"2024-02-20T06:51:07","modified_gmt":"2024-02-20T05:51:07","slug":"paula-radcliffe-championnat-monde-marathon","status":"publish","type":"post","link":"https:\/\/www.wanarun.net\/blog\/paula-radcliffe-championnat-monde-marathon-2443.html","title":{"rendered":"Paula Radcliffe sera t&rsquo;elle au d\u00e9part du Marathon Dimanche ?"},"content":{"rendered":"<p><a title=\"Paula Radcliffe\" rel=\"lightbox[pics1402]\" href=\"https:\/\/www.wanarun.net\/blog\/wp-content\/uploads\/2009\/03\/paula_radcliffe.jpg\"><img loading=\"lazy\" class=\"attachment wp-att-1403\" src=\"https:\/\/www.wanarun.net\/blog\/wp-content\/uploads\/2009\/03\/paula_radcliffe.jpg\" alt=\"\" width=\"118\" height=\"150\" align=\"left\" \/><\/a>Ca faisait 9 mois qu&rsquo;elle n&rsquo;avait pas couru dans une course officielle suite \u00e0 son op\u00e9ration au pied droit. Dimanche dernier, la coureuse brittanique \u00e9tait pr\u00e9sente au Semi-marathon de <a href=\"\/blog\/marathon-de-new-york-68799.html\"target=\"_top\" title=\"Marathon de New-york\" >New-York<\/a> et Paula \u00e9tait en forme puisqu&rsquo;elle a remport\u00e9 l&rsquo;\u00e9preuve en 1 h 9\u201945\u2019.<\/p>\n<p>Paula Radcliffe est inscrite dans l&rsquo;\u00e9quipe brittanique pour le marathon des championnats du monde Dimanche 23 ao\u00fbt 2009. Elle a annonc\u00e9e apr\u00e8s le semi-marathon que tout d\u00e9pendrait de sa r\u00e9cup\u00e9ration entre les 2 \u00e9preuves.<\/p>\n<p>Paula a \u00e9t\u00e9 championne du monde de marathon \u00e0 Helsinki en 2005 et poss\u00e8de de nombreux record sur route :<\/p>\n<ul>\n<li>8 km sur route &#8211; 24 min 5 s<\/li>\n<li>10 km sur route &#8211; 30 min 21 s<\/li>\n<li>15 km sur route &#8211; 46 min 41 s<\/li>\n<li>10 miles sur route &#8211; 50 min 1 s<\/li>\n<li>20 km sur route &#8211; 1 h 2 min 21 s<\/li>\n<li>Semi-marathon &#8211; 1 h 5 min 40 s<\/li>\n<li>25 km sur route &#8211; 1 h 20 min 36 s<\/li>\n<li>30 km sur route &#8211; 1 h 36 min 36 s<\/li>\n<li>20 miles sur route &#8211; 1 h 43 min 33 s<\/li>\n<li>Marathon &#8211; 2 h 15 min 25 s<\/li>\n<\/ul>\n<p>Malgr\u00e9 sa r\u00e9cente op\u00e9ration, la performance de dimanche dernier la place parmi les favorites&#8230;<\/p>\n","protected":false},"excerpt":{"rendered":"<a href=\"https:\/\/www.wanarun.net\/blog\/paula-radcliffe-championnat-monde-marathon-2443.html\"><img width=\"150\" src=\"\" class=\"alignleft wp-post-image tfe\" alt=\"\" title=\"\" \/><\/a><p>Ca faisait 9 mois qu&rsquo;elle n&rsquo;avait pas couru dans une course officielle suite \u00e0 son op\u00e9ration au pied droit. Dimanche dernier, la coureuse brittanique \u00e9tait pr\u00e9sente au Semi-marathon de New-York et Paula \u00e9tait en forme puisqu&rsquo;elle a remport\u00e9 l&rsquo;\u00e9preuve en 1 h 9\u201945\u2019. Paula Radcliffe est inscrite dans l&rsquo;\u00e9quipe brittanique pour le marathon des championnats [&hellip;]<\/p>\n","protected":false},"author":1,"featured_media":0,"comment_status":"open","ping_status":"open","sticky":false,"template":"","format":"standard","meta":[],"categories":[556],"tags":[],"yoast_head":"<!-- This site is optimized with the Yoast SEO plugin v18.9 - https:\/\/yoast.com\/wordpress\/plugins\/seo\/ -->\n<title>Paula Radcliffe sera t&#039;elle au d\u00e9part du Marathon Dimanche ?<\/title>\n<meta name=\"description\" content=\"Ca faisait 9 mois qu&#039;elle n&#039;avait pas couru dans une course officielle suite \u00e0 son op\u00e9ration au pied droit. Dimanche dernier, la coureuse brittanique\" \/>\n<meta name=\"robots\" content=\"index, follow, max-snippet:-1, max-image-preview:large, max-video-preview:-1\" \/>\n<link rel=\"canonical\" href=\"https:\/\/www.wanarun.net\/blog\/paula-radcliffe-championnat-monde-marathon-2443.html\" \/>\n<meta property=\"og:locale\" content=\"fr_FR\" \/>\n<meta property=\"og:type\" content=\"article\" \/>\n<meta property=\"og:title\" content=\"Paula Radcliffe sera t&#039;elle au d\u00e9part du Marathon Dimanche ?\" \/>\n<meta property=\"og:description\" content=\"Ca faisait 9 mois qu&#039;elle n&#039;avait pas couru dans une course officielle suite \u00e0 son op\u00e9ration au pied droit. Dimanche dernier, la coureuse brittanique\" \/>\n<meta property=\"og:url\" content=\"https:\/\/www.wanarun.net\/blog\/paula-radcliffe-championnat-monde-marathon-2443.html\" \/>\n<meta property=\"og:site_name\" content=\"Wanarun, le blog du running, du trail et de la course \u00e0 pied\" \/>\n<meta property=\"article:publisher\" content=\"https:\/\/www.facebook.com\/wanarun\/\" \/>\n<meta property=\"article:published_time\" content=\"2009-08-20T18:24:04+00:00\" \/>\n<meta property=\"article:modified_time\" content=\"2024-02-20T05:51:07+00:00\" \/>\n<meta property=\"og:image\" content=\"https:\/\/www.wanarun.net\/blog\/wp-content\/uploads\/2009\/03\/paula_radcliffe.jpg\" \/>\n<meta name=\"twitter:label1\" content=\"\u00c9crit par\" \/>\n\t<meta name=\"twitter:data1\" content=\"Manu\" \/>\n\t<meta name=\"twitter:label2\" content=\"Dur\u00e9e de lecture estim\u00e9e\" \/>\n\t<meta name=\"twitter:data2\" content=\"1 minute\" \/>\n<script type=\"application\/ld+json\" class=\"yoast-schema-graph\">{\"@context\":\"https:\/\/schema.org\",\"@graph\":[{\"@type\":\"Organization\",\"@id\":\"https:\/\/www.wanarun.net\/blog\/#organization\",\"name\":\"Wanarun\",\"url\":\"https:\/\/www.wanarun.net\/blog\/\",\"sameAs\":[\"https:\/\/www.instagram.com\/wanarunnet\/\",\"https:\/\/www.youtube.com\/user\/wanarunnet\",\"https:\/\/www.facebook.com\/wanarun\/\",\"https:\/\/twitter.com\/wanarun\"],\"logo\":{\"@type\":\"ImageObject\",\"inLanguage\":\"fr-FR\",\"@id\":\"https:\/\/www.wanarun.net\/blog\/#\/schema\/logo\/image\/\",\"url\":\"https:\/\/www.wanarun.net\/blog\/wp-content\/uploads\/2018\/03\/logo-wanarun.jpg\",\"contentUrl\":\"https:\/\/www.wanarun.net\/blog\/wp-content\/uploads\/2018\/03\/logo-wanarun.jpg\",\"width\":1196,\"height\":1082,\"caption\":\"Wanarun\"},\"image\":{\"@id\":\"https:\/\/www.wanarun.net\/blog\/#\/schema\/logo\/image\/\"}},{\"@type\":\"WebSite\",\"@id\":\"https:\/\/www.wanarun.net\/blog\/#website\",\"url\":\"https:\/\/www.wanarun.net\/blog\/\",\"name\":\"Wanarun, le blog du running, du trail et de la course \u00e0 pied\",\"description\":\"Informations, remarques, avis, conseils sur la course \u00e0 pied.\",\"publisher\":{\"@id\":\"https:\/\/www.wanarun.net\/blog\/#organization\"},\"potentialAction\":[{\"@type\":\"SearchAction\",\"target\":{\"@type\":\"EntryPoint\",\"urlTemplate\":\"https:\/\/www.wanarun.net\/blog\/?s={search_term_string}\"},\"query-input\":\"required name=search_term_string\"}],\"inLanguage\":\"fr-FR\"},{\"@type\":\"ImageObject\",\"inLanguage\":\"fr-FR\",\"@id\":\"https:\/\/www.wanarun.net\/blog\/paula-radcliffe-championnat-monde-marathon-2443.html#primaryimage\",\"url\":\"https:\/\/www.wanarun.net\/blog\/wp-content\/uploads\/2009\/03\/paula_radcliffe.jpg\",\"contentUrl\":\"https:\/\/www.wanarun.net\/blog\/wp-content\/uploads\/2009\/03\/paula_radcliffe.jpg\",\"width\":150,\"height\":190,\"caption\":\"Paula Radcliffe\"},{\"@type\":\"WebPage\",\"@id\":\"https:\/\/www.wanarun.net\/blog\/paula-radcliffe-championnat-monde-marathon-2443.html#webpage\",\"url\":\"https:\/\/www.wanarun.net\/blog\/paula-radcliffe-championnat-monde-marathon-2443.html\",\"name\":\"Paula Radcliffe sera t'elle au d\u00e9part du Marathon Dimanche ?\",\"isPartOf\":{\"@id\":\"https:\/\/www.wanarun.net\/blog\/#website\"},\"primaryImageOfPage\":{\"@id\":\"https:\/\/www.wanarun.net\/blog\/paula-radcliffe-championnat-monde-marathon-2443.html#primaryimage\"},\"datePublished\":\"2009-08-20T18:24:04+00:00\",\"dateModified\":\"2024-02-20T05:51:07+00:00\",\"description\":\"Ca faisait 9 mois qu'elle n'avait pas couru dans une course officielle suite \u00e0 son op\u00e9ration au pied droit. Dimanche dernier, la coureuse brittanique\",\"breadcrumb\":{\"@id\":\"https:\/\/www.wanarun.net\/blog\/paula-radcliffe-championnat-monde-marathon-2443.html#breadcrumb\"},\"inLanguage\":\"fr-FR\",\"potentialAction\":[{\"@type\":\"ReadAction\",\"target\":[\"https:\/\/www.wanarun.net\/blog\/paula-radcliffe-championnat-monde-marathon-2443.html\"]}]},{\"@type\":\"BreadcrumbList\",\"@id\":\"https:\/\/www.wanarun.net\/blog\/paula-radcliffe-championnat-monde-marathon-2443.html#breadcrumb\",\"itemListElement\":[{\"@type\":\"ListItem\",\"position\":1,\"name\":\"Paula Radcliffe sera t&rsquo;elle au d\u00e9part du Marathon Dimanche ?\"}]},{\"@type\":\"Article\",\"@id\":\"https:\/\/www.wanarun.net\/blog\/paula-radcliffe-championnat-monde-marathon-2443.html#article\",\"isPartOf\":{\"@id\":\"https:\/\/www.wanarun.net\/blog\/paula-radcliffe-championnat-monde-marathon-2443.html#webpage\"},\"author\":{\"@id\":\"https:\/\/www.wanarun.net\/blog\/#\/schema\/person\/bfb3bc166306771639fdc2bc6ac79771\"},\"headline\":\"Paula Radcliffe sera t&rsquo;elle au d\u00e9part du Marathon Dimanche ?\",\"datePublished\":\"2009-08-20T18:24:04+00:00\",\"dateModified\":\"2024-02-20T05:51:07+00:00\",\"mainEntityOfPage\":{\"@id\":\"https:\/\/www.wanarun.net\/blog\/paula-radcliffe-championnat-monde-marathon-2443.html#webpage\"},\"wordCount\":186,\"commentCount\":2,\"publisher\":{\"@id\":\"https:\/\/www.wanarun.net\/blog\/#organization\"},\"image\":{\"@id\":\"https:\/\/www.wanarun.net\/blog\/paula-radcliffe-championnat-monde-marathon-2443.html#primaryimage\"},\"thumbnailUrl\":\"https:\/\/www.wanarun.net\/blog\/wp-content\/uploads\/2009\/03\/paula_radcliffe.jpg\",\"articleSection\":[\"Derni\u00e8res Minutes\"],\"inLanguage\":\"fr-FR\",\"potentialAction\":[{\"@type\":\"CommentAction\",\"name\":\"Comment\",\"target\":[\"https:\/\/www.wanarun.net\/blog\/paula-radcliffe-championnat-monde-marathon-2443.html#respond\"]}]},{\"@type\":\"Person\",\"@id\":\"https:\/\/www.wanarun.net\/blog\/#\/schema\/person\/bfb3bc166306771639fdc2bc6ac79771\",\"name\":\"Manu\",\"image\":{\"@type\":\"ImageObject\",\"inLanguage\":\"fr-FR\",\"@id\":\"https:\/\/www.wanarun.net\/blog\/#\/schema\/person\/image\/\",\"url\":\"https:\/\/secure.gravatar.com\/avatar\/717b7c28298e2900c61bceb611a4918a?s=96&d=mm&r=g\",\"contentUrl\":\"https:\/\/secure.gravatar.com\/avatar\/717b7c28298e2900c61bceb611a4918a?s=96&d=mm&r=g\",\"caption\":\"Manu\"},\"sameAs\":[\"https:\/\/www.wanarun.net\"],\"url\":\"https:\/\/www.wanarun.net\/blog\/author\/admin\"}]}<\/script>\n<!-- \/ Yoast SEO plugin. -->","yoast_head_json":{"title":"Paula Radcliffe sera t'elle au d\u00e9part du Marathon Dimanche ?","description":"Ca faisait 9 mois qu'elle n'avait pas couru dans une course officielle suite \u00e0 son op\u00e9ration au pied droit. Dimanche dernier, la coureuse brittanique","robots":{"index":"index","follow":"follow","max-snippet":"max-snippet:-1","max-image-preview":"max-image-preview:large","max-video-preview":"max-video-preview:-1"},"canonical":"https:\/\/www.wanarun.net\/blog\/paula-radcliffe-championnat-monde-marathon-2443.html","og_locale":"fr_FR","og_type":"article","og_title":"Paula Radcliffe sera t'elle au d\u00e9part du Marathon Dimanche ?","og_description":"Ca faisait 9 mois qu'elle n'avait pas couru dans une course officielle suite \u00e0 son op\u00e9ration au pied droit. Dimanche dernier, la coureuse brittanique","og_url":"https:\/\/www.wanarun.net\/blog\/paula-radcliffe-championnat-monde-marathon-2443.html","og_site_name":"Wanarun, le blog du running, du trail et de la course \u00e0 pied","article_publisher":"https:\/\/www.facebook.com\/wanarun\/","article_published_time":"2009-08-20T18:24:04+00:00","article_modified_time":"2024-02-20T05:51:07+00:00","og_image":[{"url":"https:\/\/www.wanarun.net\/blog\/wp-content\/uploads\/2009\/03\/paula_radcliffe.jpg"}],"twitter_misc":{"\u00c9crit par":"Manu","Dur\u00e9e de lecture estim\u00e9e":"1 minute"},"schema":{"@context":"https:\/\/schema.org","@graph":[{"@type":"Organization","@id":"https:\/\/www.wanarun.net\/blog\/#organization","name":"Wanarun","url":"https:\/\/www.wanarun.net\/blog\/","sameAs":["https:\/\/www.instagram.com\/wanarunnet\/","https:\/\/www.youtube.com\/user\/wanarunnet","https:\/\/www.facebook.com\/wanarun\/","https:\/\/twitter.com\/wanarun"],"logo":{"@type":"ImageObject","inLanguage":"fr-FR","@id":"https:\/\/www.wanarun.net\/blog\/#\/schema\/logo\/image\/","url":"https:\/\/www.wanarun.net\/blog\/wp-content\/uploads\/2018\/03\/logo-wanarun.jpg","contentUrl":"https:\/\/www.wanarun.net\/blog\/wp-content\/uploads\/2018\/03\/logo-wanarun.jpg","width":1196,"height":1082,"caption":"Wanarun"},"image":{"@id":"https:\/\/www.wanarun.net\/blog\/#\/schema\/logo\/image\/"}},{"@type":"WebSite","@id":"https:\/\/www.wanarun.net\/blog\/#website","url":"https:\/\/www.wanarun.net\/blog\/","name":"Wanarun, le blog du running, du trail et de la course \u00e0 pied","description":"Informations, remarques, avis, conseils sur la course \u00e0 pied.","publisher":{"@id":"https:\/\/www.wanarun.net\/blog\/#organization"},"potentialAction":[{"@type":"SearchAction","target":{"@type":"EntryPoint","urlTemplate":"https:\/\/www.wanarun.net\/blog\/?s={search_term_string}"},"query-input":"required name=search_term_string"}],"inLanguage":"fr-FR"},{"@type":"ImageObject","inLanguage":"fr-FR","@id":"https:\/\/www.wanarun.net\/blog\/paula-radcliffe-championnat-monde-marathon-2443.html#primaryimage","url":"https:\/\/www.wanarun.net\/blog\/wp-content\/uploads\/2009\/03\/paula_radcliffe.jpg","contentUrl":"https:\/\/www.wanarun.net\/blog\/wp-content\/uploads\/2009\/03\/paula_radcliffe.jpg","width":150,"height":190,"caption":"Paula Radcliffe"},{"@type":"WebPage","@id":"https:\/\/www.wanarun.net\/blog\/paula-radcliffe-championnat-monde-marathon-2443.html#webpage","url":"https:\/\/www.wanarun.net\/blog\/paula-radcliffe-championnat-monde-marathon-2443.html","name":"Paula Radcliffe sera t'elle au d\u00e9part du Marathon Dimanche ?","isPartOf":{"@id":"https:\/\/www.wanarun.net\/blog\/#website"},"primaryImageOfPage":{"@id":"https:\/\/www.wanarun.net\/blog\/paula-radcliffe-championnat-monde-marathon-2443.html#primaryimage"},"datePublished":"2009-08-20T18:24:04+00:00","dateModified":"2024-02-20T05:51:07+00:00","description":"Ca faisait 9 mois qu'elle n'avait pas couru dans une course officielle suite \u00e0 son op\u00e9ration au pied droit. Dimanche dernier, la coureuse brittanique","breadcrumb":{"@id":"https:\/\/www.wanarun.net\/blog\/paula-radcliffe-championnat-monde-marathon-2443.html#breadcrumb"},"inLanguage":"fr-FR","potentialAction":[{"@type":"ReadAction","target":["https:\/\/www.wanarun.net\/blog\/paula-radcliffe-championnat-monde-marathon-2443.html"]}]},{"@type":"BreadcrumbList","@id":"https:\/\/www.wanarun.net\/blog\/paula-radcliffe-championnat-monde-marathon-2443.html#breadcrumb","itemListElement":[{"@type":"ListItem","position":1,"name":"Paula Radcliffe sera t&rsquo;elle au d\u00e9part du Marathon Dimanche ?"}]},{"@type":"Article","@id":"https:\/\/www.wanarun.net\/blog\/paula-radcliffe-championnat-monde-marathon-2443.html#article","isPartOf":{"@id":"https:\/\/www.wanarun.net\/blog\/paula-radcliffe-championnat-monde-marathon-2443.html#webpage"},"author":{"@id":"https:\/\/www.wanarun.net\/blog\/#\/schema\/person\/bfb3bc166306771639fdc2bc6ac79771"},"headline":"Paula Radcliffe sera t&rsquo;elle au d\u00e9part du Marathon Dimanche ?","datePublished":"2009-08-20T18:24:04+00:00","dateModified":"2024-02-20T05:51:07+00:00","mainEntityOfPage":{"@id":"https:\/\/www.wanarun.net\/blog\/paula-radcliffe-championnat-monde-marathon-2443.html#webpage"},"wordCount":186,"commentCount":2,"publisher":{"@id":"https:\/\/www.wanarun.net\/blog\/#organization"},"image":{"@id":"https:\/\/www.wanarun.net\/blog\/paula-radcliffe-championnat-monde-marathon-2443.html#primaryimage"},"thumbnailUrl":"https:\/\/www.wanarun.net\/blog\/wp-content\/uploads\/2009\/03\/paula_radcliffe.jpg","articleSection":["Derni\u00e8res Minutes"],"inLanguage":"fr-FR","potentialAction":[{"@type":"CommentAction","name":"Comment","target":["https:\/\/www.wanarun.net\/blog\/paula-radcliffe-championnat-monde-marathon-2443.html#respond"]}]},{"@type":"Person","@id":"https:\/\/www.wanarun.net\/blog\/#\/schema\/person\/bfb3bc166306771639fdc2bc6ac79771","name":"Manu","image":{"@type":"ImageObject","inLanguage":"fr-FR","@id":"https:\/\/www.wanarun.net\/blog\/#\/schema\/person\/image\/","url":"https:\/\/secure.gravatar.com\/avatar\/717b7c28298e2900c61bceb611a4918a?s=96&d=mm&r=g","contentUrl":"https:\/\/secure.gravatar.com\/avatar\/717b7c28298e2900c61bceb611a4918a?s=96&d=mm&r=g","caption":"Manu"},"sameAs":["https:\/\/www.wanarun.net"],"url":"https:\/\/www.wanarun.net\/blog\/author\/admin"}]}},"_links":{"self":[{"href":"https:\/\/www.wanarun.net\/blog\/wp-json\/wp\/v2\/posts\/2443"}],"collection":[{"href":"https:\/\/www.wanarun.net\/blog\/wp-json\/wp\/v2\/posts"}],"about":[{"href":"https:\/\/www.wanarun.net\/blog\/wp-json\/wp\/v2\/types\/post"}],"author":[{"embeddable":true,"href":"https:\/\/www.wanarun.net\/blog\/wp-json\/wp\/v2\/users\/1"}],"replies":[{"embeddable":true,"href":"https:\/\/www.wanarun.net\/blog\/wp-json\/wp\/v2\/comments?post=2443"}],"version-history":[{"count":1,"href":"https:\/\/www.wanarun.net\/blog\/wp-json\/wp\/v2\/posts\/2443\/revisions"}],"predecessor-version":[{"id":2460,"href":"https:\/\/www.wanarun.net\/blog\/wp-json\/wp\/v2\/posts\/2443\/revisions\/2460"}],"wp:attachment":[{"href":"https:\/\/www.wanarun.net\/blog\/wp-json\/wp\/v2\/media?parent=2443"}],"wp:term":[{"taxonomy":"category","embeddable":true,"href":"https:\/\/www.wanarun.net\/blog\/wp-json\/wp\/v2\/categories?post=2443"},{"taxonomy":"post_tag","embeddable":true,"href":"https:\/\/www.wanarun.net\/blog\/wp-json\/wp\/v2\/tags?post=2443"}],"curies":[{"name":"wp","href":"https:\/\/api.w.org\/{rel}","templated":true}]}}