{"id":23758,"date":"2012-07-29T06:52:08","date_gmt":"2012-07-29T05:52:08","guid":{"rendered":"http:\/\/www.wanarun.net\/blog\/?p=23758"},"modified":"2020-02-11T08:44:35","modified_gmt":"2020-02-11T07:44:35","slug":"paula-radcliffe-ne-sera-surement-pas-aux-jo","status":"publish","type":"post","link":"https:\/\/www.wanarun.net\/blog\/paula-radcliffe-ne-sera-surement-pas-aux-jo-23758.html","title":{"rendered":"Paula Radcliffe ne sera surement pas aux JO"},"content":{"rendered":"<p><a class=\"gallery-link\" href=\"https:\/\/www.wanarun.net\/blog\/wp-content\/uploads\/2008\/05\/paula_radcliffe_2007.jpg\"><img loading=\"lazy\" class=\"alignleft size-thumbnail wp-image-393\" title=\"paula_radcliffe_2007.jpg\" src=\"https:\/\/www.wanarun.net\/blog\/wp-content\/uploads\/2008\/05\/paula_radcliffe_2007.thumbnail.jpg\" alt=\"\" width=\"78\" height=\"150\" \/><\/a>La rumeur court depuis quelques jours et il semblerait qu&rsquo;elle se confirme aujourd&rsquo;hui dans un article du quotidien britannique Mail On Sunday. C&rsquo;est une source proche de Paula Radcliffe qui est cit\u00e9e par le journal.<\/p>\n<p>A 38 ans, sa pr\u00e9paration a \u00e9t\u00e9 perturb\u00e9e par une blessure au pied. Paula n&rsquo;est apparemment pas en forme olympique et devrait annoncer son forfait d&rsquo;ici peu.<\/p>\n<p>La britannique qui a tout gagn\u00e9 et qui est toujours d\u00e9tentrice de nombreux records du monde dont celui du marathon \u00e9tabli en 2003 au marathon de Londres en 2h15m25s, confirme la mal\u00e9diction olympiques dont elle est victime depuis le d\u00e9but de sa carri\u00e8re : 5\u00e8me a Atlanta sur 5000m, 4\u00e8me \u00e0 sydney sur 10 000m, abandon sur 10 000m et marathon \u00e0 Ath\u00e8nes en 2004, 23\u00e8me sur marathon \u00e0 P\u00e9kin en 2008&#8230;<\/p>\n<p>Nous aimerions que ce journal se trompe&#8230; Paula est sans doute la plus fran\u00e7aise des athl\u00e8tes puisqu&rsquo;elle est r\u00e9guli\u00e8rement en France et s&rsquo;entraine tr\u00e8s souvent a Font-Romeu. Vous \u00eates nombreux \u00e0 l&rsquo;avoir rencontr\u00e9 sur la piste d&rsquo;athl\u00e9tisme en train de r\u00e9p\u00e9ter ses gammes sur le tartan. Apr\u00e8s le forfait de Christelle Daunay, c&rsquo;est encore une grand championne europ\u00e9enne qui ne sera pas au d\u00e9part.<\/p>\n<p>Les kenyannes et les \u00e9thiopiennes devraient pouvoir s&rsquo;expliquer sur la distance.<\/p>\n","protected":false},"excerpt":{"rendered":"<a href=\"https:\/\/www.wanarun.net\/blog\/paula-radcliffe-ne-sera-surement-pas-aux-jo-23758.html\"><img width=\"78\" height=\"150\" src=\"https:\/\/www.wanarun.net\/blog\/wp-content\/uploads\/2008\/05\/paula_radcliffe_2007.jpg\" class=\"alignleft tfe wp-post-image\" alt=\"\" loading=\"lazy\" \/><\/a><p>La rumeur court depuis quelques jours et il semblerait qu&rsquo;elle se confirme aujourd&rsquo;hui dans un article du quotidien britannique Mail On Sunday. C&rsquo;est une source proche de Paula Radcliffe qui est cit\u00e9e par le journal. A 38 ans, sa pr\u00e9paration a \u00e9t\u00e9 perturb\u00e9e par une blessure au pied. Paula n&rsquo;est apparemment pas en forme olympique [&hellip;]<\/p>\n","protected":false},"author":1,"featured_media":393,"comment_status":"open","ping_status":"open","sticky":false,"template":"","format":"standard","meta":[],"categories":[4676],"tags":[],"yoast_head":"<!-- This site is optimized with the Yoast SEO plugin v18.9 - https:\/\/yoast.com\/wordpress\/plugins\/seo\/ -->\n<title>Paula Radcliffe ne sera surement pas aux JO<\/title>\n<meta name=\"description\" content=\"La rumeur court depuis quelques jours et il semblerait qu&#039;elle se confirme aujourd&#039;hui dans un article du quotidien britannique Mail On Sunday. C&#039;est une\" \/>\n<meta name=\"robots\" content=\"index, follow, max-snippet:-1, max-image-preview:large, max-video-preview:-1\" \/>\n<link rel=\"canonical\" href=\"https:\/\/www.wanarun.net\/blog\/paula-radcliffe-ne-sera-surement-pas-aux-jo-23758.html\" \/>\n<meta property=\"og:locale\" content=\"fr_FR\" \/>\n<meta property=\"og:type\" content=\"article\" \/>\n<meta property=\"og:title\" content=\"Paula Radcliffe ne sera surement pas aux JO\" \/>\n<meta property=\"og:description\" content=\"La rumeur court depuis quelques jours et il semblerait qu&#039;elle se confirme aujourd&#039;hui dans un article du quotidien britannique Mail On Sunday. C&#039;est une\" \/>\n<meta property=\"og:url\" content=\"https:\/\/www.wanarun.net\/blog\/paula-radcliffe-ne-sera-surement-pas-aux-jo-23758.html\" \/>\n<meta property=\"og:site_name\" content=\"Wanarun, le blog du running, du trail et de la course \u00e0 pied\" \/>\n<meta property=\"article:publisher\" content=\"https:\/\/www.facebook.com\/wanarun\/\" \/>\n<meta property=\"article:published_time\" content=\"2012-07-29T05:52:08+00:00\" \/>\n<meta property=\"article:modified_time\" content=\"2020-02-11T07:44:35+00:00\" \/>\n<meta property=\"og:image\" content=\"https:\/\/www.wanarun.net\/blog\/wp-content\/uploads\/2008\/05\/paula_radcliffe_2007.jpg\" \/>\n\t<meta property=\"og:image:width\" content=\"150\" \/>\n\t<meta property=\"og:image:height\" content=\"287\" \/>\n\t<meta property=\"og:image:type\" content=\"image\/jpeg\" \/>\n<meta name=\"twitter:label1\" content=\"\u00c9crit par\" \/>\n\t<meta name=\"twitter:data1\" content=\"Manu\" \/>\n\t<meta name=\"twitter:label2\" content=\"Dur\u00e9e de lecture estim\u00e9e\" \/>\n\t<meta name=\"twitter:data2\" content=\"1 minute\" \/>\n<script type=\"application\/ld+json\" class=\"yoast-schema-graph\">{\"@context\":\"https:\/\/schema.org\",\"@graph\":[{\"@type\":\"Organization\",\"@id\":\"https:\/\/www.wanarun.net\/blog\/#organization\",\"name\":\"Wanarun\",\"url\":\"https:\/\/www.wanarun.net\/blog\/\",\"sameAs\":[\"https:\/\/www.instagram.com\/wanarunnet\/\",\"https:\/\/www.youtube.com\/user\/wanarunnet\",\"https:\/\/www.facebook.com\/wanarun\/\",\"https:\/\/twitter.com\/wanarun\"],\"logo\":{\"@type\":\"ImageObject\",\"inLanguage\":\"fr-FR\",\"@id\":\"https:\/\/www.wanarun.net\/blog\/#\/schema\/logo\/image\/\",\"url\":\"https:\/\/www.wanarun.net\/blog\/wp-content\/uploads\/2018\/03\/logo-wanarun.jpg\",\"contentUrl\":\"https:\/\/www.wanarun.net\/blog\/wp-content\/uploads\/2018\/03\/logo-wanarun.jpg\",\"width\":1196,\"height\":1082,\"caption\":\"Wanarun\"},\"image\":{\"@id\":\"https:\/\/www.wanarun.net\/blog\/#\/schema\/logo\/image\/\"}},{\"@type\":\"WebSite\",\"@id\":\"https:\/\/www.wanarun.net\/blog\/#website\",\"url\":\"https:\/\/www.wanarun.net\/blog\/\",\"name\":\"Wanarun, le blog du running, du trail et de la course \u00e0 pied\",\"description\":\"Informations, remarques, avis, conseils sur la course \u00e0 pied.\",\"publisher\":{\"@id\":\"https:\/\/www.wanarun.net\/blog\/#organization\"},\"potentialAction\":[{\"@type\":\"SearchAction\",\"target\":{\"@type\":\"EntryPoint\",\"urlTemplate\":\"https:\/\/www.wanarun.net\/blog\/?s={search_term_string}\"},\"query-input\":\"required name=search_term_string\"}],\"inLanguage\":\"fr-FR\"},{\"@type\":\"ImageObject\",\"inLanguage\":\"fr-FR\",\"@id\":\"https:\/\/www.wanarun.net\/blog\/paula-radcliffe-ne-sera-surement-pas-aux-jo-23758.html#primaryimage\",\"url\":\"https:\/\/www.wanarun.net\/blog\/wp-content\/uploads\/2008\/05\/paula_radcliffe_2007.jpg\",\"contentUrl\":\"https:\/\/www.wanarun.net\/blog\/wp-content\/uploads\/2008\/05\/paula_radcliffe_2007.jpg\",\"width\":150,\"height\":287},{\"@type\":\"WebPage\",\"@id\":\"https:\/\/www.wanarun.net\/blog\/paula-radcliffe-ne-sera-surement-pas-aux-jo-23758.html#webpage\",\"url\":\"https:\/\/www.wanarun.net\/blog\/paula-radcliffe-ne-sera-surement-pas-aux-jo-23758.html\",\"name\":\"Paula Radcliffe ne sera surement pas aux JO\",\"isPartOf\":{\"@id\":\"https:\/\/www.wanarun.net\/blog\/#website\"},\"primaryImageOfPage\":{\"@id\":\"https:\/\/www.wanarun.net\/blog\/paula-radcliffe-ne-sera-surement-pas-aux-jo-23758.html#primaryimage\"},\"datePublished\":\"2012-07-29T05:52:08+00:00\",\"dateModified\":\"2020-02-11T07:44:35+00:00\",\"description\":\"La rumeur court depuis quelques jours et il semblerait qu'elle se confirme aujourd'hui dans un article du quotidien britannique Mail On Sunday. C'est une\",\"breadcrumb\":{\"@id\":\"https:\/\/www.wanarun.net\/blog\/paula-radcliffe-ne-sera-surement-pas-aux-jo-23758.html#breadcrumb\"},\"inLanguage\":\"fr-FR\",\"potentialAction\":[{\"@type\":\"ReadAction\",\"target\":[\"https:\/\/www.wanarun.net\/blog\/paula-radcliffe-ne-sera-surement-pas-aux-jo-23758.html\"]}]},{\"@type\":\"BreadcrumbList\",\"@id\":\"https:\/\/www.wanarun.net\/blog\/paula-radcliffe-ne-sera-surement-pas-aux-jo-23758.html#breadcrumb\",\"itemListElement\":[{\"@type\":\"ListItem\",\"position\":1,\"name\":\"Paula Radcliffe ne sera surement pas aux JO\"}]},{\"@type\":\"Article\",\"@id\":\"https:\/\/www.wanarun.net\/blog\/paula-radcliffe-ne-sera-surement-pas-aux-jo-23758.html#article\",\"isPartOf\":{\"@id\":\"https:\/\/www.wanarun.net\/blog\/paula-radcliffe-ne-sera-surement-pas-aux-jo-23758.html#webpage\"},\"author\":{\"@id\":\"https:\/\/www.wanarun.net\/blog\/#\/schema\/person\/bfb3bc166306771639fdc2bc6ac79771\"},\"headline\":\"Paula Radcliffe ne sera surement pas aux JO\",\"datePublished\":\"2012-07-29T05:52:08+00:00\",\"dateModified\":\"2020-02-11T07:44:35+00:00\",\"mainEntityOfPage\":{\"@id\":\"https:\/\/www.wanarun.net\/blog\/paula-radcliffe-ne-sera-surement-pas-aux-jo-23758.html#webpage\"},\"wordCount\":228,\"commentCount\":0,\"publisher\":{\"@id\":\"https:\/\/www.wanarun.net\/blog\/#organization\"},\"image\":{\"@id\":\"https:\/\/www.wanarun.net\/blog\/paula-radcliffe-ne-sera-surement-pas-aux-jo-23758.html#primaryimage\"},\"thumbnailUrl\":\"https:\/\/www.wanarun.net\/blog\/wp-content\/uploads\/2008\/05\/paula_radcliffe_2007.jpg\",\"articleSection\":[\"Athl\u00e8tes\"],\"inLanguage\":\"fr-FR\",\"potentialAction\":[{\"@type\":\"CommentAction\",\"name\":\"Comment\",\"target\":[\"https:\/\/www.wanarun.net\/blog\/paula-radcliffe-ne-sera-surement-pas-aux-jo-23758.html#respond\"]}]},{\"@type\":\"Person\",\"@id\":\"https:\/\/www.wanarun.net\/blog\/#\/schema\/person\/bfb3bc166306771639fdc2bc6ac79771\",\"name\":\"Manu\",\"image\":{\"@type\":\"ImageObject\",\"inLanguage\":\"fr-FR\",\"@id\":\"https:\/\/www.wanarun.net\/blog\/#\/schema\/person\/image\/\",\"url\":\"https:\/\/secure.gravatar.com\/avatar\/717b7c28298e2900c61bceb611a4918a?s=96&d=mm&r=g\",\"contentUrl\":\"https:\/\/secure.gravatar.com\/avatar\/717b7c28298e2900c61bceb611a4918a?s=96&d=mm&r=g\",\"caption\":\"Manu\"},\"sameAs\":[\"https:\/\/www.wanarun.net\"],\"url\":\"https:\/\/www.wanarun.net\/blog\/author\/admin\"}]}<\/script>\n<!-- \/ Yoast SEO plugin. -->","yoast_head_json":{"title":"Paula Radcliffe ne sera surement pas aux JO","description":"La rumeur court depuis quelques jours et il semblerait qu'elle se confirme aujourd'hui dans un article du quotidien britannique Mail On Sunday. C'est une","robots":{"index":"index","follow":"follow","max-snippet":"max-snippet:-1","max-image-preview":"max-image-preview:large","max-video-preview":"max-video-preview:-1"},"canonical":"https:\/\/www.wanarun.net\/blog\/paula-radcliffe-ne-sera-surement-pas-aux-jo-23758.html","og_locale":"fr_FR","og_type":"article","og_title":"Paula Radcliffe ne sera surement pas aux JO","og_description":"La rumeur court depuis quelques jours et il semblerait qu'elle se confirme aujourd'hui dans un article du quotidien britannique Mail On Sunday. C'est une","og_url":"https:\/\/www.wanarun.net\/blog\/paula-radcliffe-ne-sera-surement-pas-aux-jo-23758.html","og_site_name":"Wanarun, le blog du running, du trail et de la course \u00e0 pied","article_publisher":"https:\/\/www.facebook.com\/wanarun\/","article_published_time":"2012-07-29T05:52:08+00:00","article_modified_time":"2020-02-11T07:44:35+00:00","og_image":[{"width":150,"height":287,"url":"https:\/\/www.wanarun.net\/blog\/wp-content\/uploads\/2008\/05\/paula_radcliffe_2007.jpg","type":"image\/jpeg"}],"twitter_misc":{"\u00c9crit par":"Manu","Dur\u00e9e de lecture estim\u00e9e":"1 minute"},"schema":{"@context":"https:\/\/schema.org","@graph":[{"@type":"Organization","@id":"https:\/\/www.wanarun.net\/blog\/#organization","name":"Wanarun","url":"https:\/\/www.wanarun.net\/blog\/","sameAs":["https:\/\/www.instagram.com\/wanarunnet\/","https:\/\/www.youtube.com\/user\/wanarunnet","https:\/\/www.facebook.com\/wanarun\/","https:\/\/twitter.com\/wanarun"],"logo":{"@type":"ImageObject","inLanguage":"fr-FR","@id":"https:\/\/www.wanarun.net\/blog\/#\/schema\/logo\/image\/","url":"https:\/\/www.wanarun.net\/blog\/wp-content\/uploads\/2018\/03\/logo-wanarun.jpg","contentUrl":"https:\/\/www.wanarun.net\/blog\/wp-content\/uploads\/2018\/03\/logo-wanarun.jpg","width":1196,"height":1082,"caption":"Wanarun"},"image":{"@id":"https:\/\/www.wanarun.net\/blog\/#\/schema\/logo\/image\/"}},{"@type":"WebSite","@id":"https:\/\/www.wanarun.net\/blog\/#website","url":"https:\/\/www.wanarun.net\/blog\/","name":"Wanarun, le blog du running, du trail et de la course \u00e0 pied","description":"Informations, remarques, avis, conseils sur la course \u00e0 pied.","publisher":{"@id":"https:\/\/www.wanarun.net\/blog\/#organization"},"potentialAction":[{"@type":"SearchAction","target":{"@type":"EntryPoint","urlTemplate":"https:\/\/www.wanarun.net\/blog\/?s={search_term_string}"},"query-input":"required name=search_term_string"}],"inLanguage":"fr-FR"},{"@type":"ImageObject","inLanguage":"fr-FR","@id":"https:\/\/www.wanarun.net\/blog\/paula-radcliffe-ne-sera-surement-pas-aux-jo-23758.html#primaryimage","url":"https:\/\/www.wanarun.net\/blog\/wp-content\/uploads\/2008\/05\/paula_radcliffe_2007.jpg","contentUrl":"https:\/\/www.wanarun.net\/blog\/wp-content\/uploads\/2008\/05\/paula_radcliffe_2007.jpg","width":150,"height":287},{"@type":"WebPage","@id":"https:\/\/www.wanarun.net\/blog\/paula-radcliffe-ne-sera-surement-pas-aux-jo-23758.html#webpage","url":"https:\/\/www.wanarun.net\/blog\/paula-radcliffe-ne-sera-surement-pas-aux-jo-23758.html","name":"Paula Radcliffe ne sera surement pas aux JO","isPartOf":{"@id":"https:\/\/www.wanarun.net\/blog\/#website"},"primaryImageOfPage":{"@id":"https:\/\/www.wanarun.net\/blog\/paula-radcliffe-ne-sera-surement-pas-aux-jo-23758.html#primaryimage"},"datePublished":"2012-07-29T05:52:08+00:00","dateModified":"2020-02-11T07:44:35+00:00","description":"La rumeur court depuis quelques jours et il semblerait qu'elle se confirme aujourd'hui dans un article du quotidien britannique Mail On Sunday. C'est une","breadcrumb":{"@id":"https:\/\/www.wanarun.net\/blog\/paula-radcliffe-ne-sera-surement-pas-aux-jo-23758.html#breadcrumb"},"inLanguage":"fr-FR","potentialAction":[{"@type":"ReadAction","target":["https:\/\/www.wanarun.net\/blog\/paula-radcliffe-ne-sera-surement-pas-aux-jo-23758.html"]}]},{"@type":"BreadcrumbList","@id":"https:\/\/www.wanarun.net\/blog\/paula-radcliffe-ne-sera-surement-pas-aux-jo-23758.html#breadcrumb","itemListElement":[{"@type":"ListItem","position":1,"name":"Paula Radcliffe ne sera surement pas aux JO"}]},{"@type":"Article","@id":"https:\/\/www.wanarun.net\/blog\/paula-radcliffe-ne-sera-surement-pas-aux-jo-23758.html#article","isPartOf":{"@id":"https:\/\/www.wanarun.net\/blog\/paula-radcliffe-ne-sera-surement-pas-aux-jo-23758.html#webpage"},"author":{"@id":"https:\/\/www.wanarun.net\/blog\/#\/schema\/person\/bfb3bc166306771639fdc2bc6ac79771"},"headline":"Paula Radcliffe ne sera surement pas aux JO","datePublished":"2012-07-29T05:52:08+00:00","dateModified":"2020-02-11T07:44:35+00:00","mainEntityOfPage":{"@id":"https:\/\/www.wanarun.net\/blog\/paula-radcliffe-ne-sera-surement-pas-aux-jo-23758.html#webpage"},"wordCount":228,"commentCount":0,"publisher":{"@id":"https:\/\/www.wanarun.net\/blog\/#organization"},"image":{"@id":"https:\/\/www.wanarun.net\/blog\/paula-radcliffe-ne-sera-surement-pas-aux-jo-23758.html#primaryimage"},"thumbnailUrl":"https:\/\/www.wanarun.net\/blog\/wp-content\/uploads\/2008\/05\/paula_radcliffe_2007.jpg","articleSection":["Athl\u00e8tes"],"inLanguage":"fr-FR","potentialAction":[{"@type":"CommentAction","name":"Comment","target":["https:\/\/www.wanarun.net\/blog\/paula-radcliffe-ne-sera-surement-pas-aux-jo-23758.html#respond"]}]},{"@type":"Person","@id":"https:\/\/www.wanarun.net\/blog\/#\/schema\/person\/bfb3bc166306771639fdc2bc6ac79771","name":"Manu","image":{"@type":"ImageObject","inLanguage":"fr-FR","@id":"https:\/\/www.wanarun.net\/blog\/#\/schema\/person\/image\/","url":"https:\/\/secure.gravatar.com\/avatar\/717b7c28298e2900c61bceb611a4918a?s=96&d=mm&r=g","contentUrl":"https:\/\/secure.gravatar.com\/avatar\/717b7c28298e2900c61bceb611a4918a?s=96&d=mm&r=g","caption":"Manu"},"sameAs":["https:\/\/www.wanarun.net"],"url":"https:\/\/www.wanarun.net\/blog\/author\/admin"}]}},"_links":{"self":[{"href":"https:\/\/www.wanarun.net\/blog\/wp-json\/wp\/v2\/posts\/23758"}],"collection":[{"href":"https:\/\/www.wanarun.net\/blog\/wp-json\/wp\/v2\/posts"}],"about":[{"href":"https:\/\/www.wanarun.net\/blog\/wp-json\/wp\/v2\/types\/post"}],"author":[{"embeddable":true,"href":"https:\/\/www.wanarun.net\/blog\/wp-json\/wp\/v2\/users\/1"}],"replies":[{"embeddable":true,"href":"https:\/\/www.wanarun.net\/blog\/wp-json\/wp\/v2\/comments?post=23758"}],"version-history":[{"count":2,"href":"https:\/\/www.wanarun.net\/blog\/wp-json\/wp\/v2\/posts\/23758\/revisions"}],"predecessor-version":[{"id":69769,"href":"https:\/\/www.wanarun.net\/blog\/wp-json\/wp\/v2\/posts\/23758\/revisions\/69769"}],"wp:featuredmedia":[{"embeddable":true,"href":"https:\/\/www.wanarun.net\/blog\/wp-json\/wp\/v2\/media\/393"}],"wp:attachment":[{"href":"https:\/\/www.wanarun.net\/blog\/wp-json\/wp\/v2\/media?parent=23758"}],"wp:term":[{"taxonomy":"category","embeddable":true,"href":"https:\/\/www.wanarun.net\/blog\/wp-json\/wp\/v2\/categories?post=23758"},{"taxonomy":"post_tag","embeddable":true,"href":"https:\/\/www.wanarun.net\/blog\/wp-json\/wp\/v2\/tags?post=23758"}],"curies":[{"name":"wp","href":"https:\/\/api.w.org\/{rel}","templated":true}]}}