{"id":23674,"date":"2012-07-25T17:00:23","date_gmt":"2012-07-25T16:00:23","guid":{"rendered":"http:\/\/www.wanarun.net\/blog\/?p=23674"},"modified":"2012-07-25T16:04:17","modified_gmt":"2012-07-25T15:04:17","slug":"les-chamois-de-nancy","status":"publish","type":"post","link":"https:\/\/www.wanarun.net\/blog\/les-chamois-de-nancy-23674.html","title":{"rendered":"Les chamois de Nancy !"},"content":{"rendered":"<p>Samedi 28 juillet le d\u00e9part de la 6000D sera donn\u00e9 \u00e0 Aime. Comme annonc\u00e9 <a href=\"https:\/\/www.wanarun.net\/blog\/6000d-a-la-conquete-du-glacier-de-bellecote-23256.html\">pr\u00e9c\u00e9demment<\/a> je serai au d\u00e9part du 60 km. Mais je n\u2019y serai pas seul. Pour moi, ces grands rendez-vous programm\u00e9s dans l\u2019ann\u00e9e, se doivent d&rsquo;\u00eatre partag\u00e9s.<\/p>\n<p>Si l\u2019ann\u00e9e derni\u00e8re j\u2019avais pass\u00e9 un <a href=\"https:\/\/www.wanarun.net\/blog\/columbia-trail-verbier-saint-bernard-jour-j-1-le-terrain-de-jeux-va-etre-fabuleux-15235.html\">super week-end <\/a>\u00e0 Verbier (Suisse) avec quelques blogueurs, cette ann\u00e9e je vais vivre l\u2019aventure avec des copains d&rsquo;entra\u00eenement. Tout au long de l\u2019ann\u00e9e (\u00e9t\u00e9 comme hiver) nous nous retrouvons au moins 3 fois par semaine pour partager notre passion.<\/p>\n<p>5 coureurs, confirm\u00e9s ou non, vont donc partir \u00e0 l\u2019assaut du glacier de Bellec\u00f4te.<\/p>\n<p><strong>Pascal &#8211; 41 ans\u00a0<\/strong><\/p>\n<p>\u201cMoi, Je suis le P.O\u201d, pr\u00e9cise t-il !<\/p>\n<p>\u201cNovice sur ce type de distance&#8230; Maxi 30 bornes, mais dans la neige ! Et quelques petits trails dans le coin. J\u2019&rsquo;ai donc d\u00e9but\u00e9 l&rsquo;entra\u00eenement le lundi 30 avril (apr\u00e8s une sortie dominicale de 42km, peinard). Au programme : s\u00e9ances d&rsquo;escaliers, s\u00e9ances de c\u00f4tes, s\u00e9ances longues avec d\u00e9nivel\u00e9s&#8230; Du pure bonheur pour les cuisses !!! Quelques s\u00e9ances de kin\u00e9 ont \u00e9t\u00e9 obligatoires, enfin tous les vendredis mais il ne faut pas trop l&rsquo;\u00e9bruiter. Et tous les lundis, Pascale, ma psy du sport, passage obligatoire, afin d&rsquo;appr\u00e9hender au mieux ce 1er grand rendez-vous de ma future longue exp\u00e9rience du trail&#8230; Le mental c&rsquo;est le plus important. \u00a0La relaxation aussi&#8230; La gestion de la course aussi, enfin tout est important, il faut savoir se faire aider, pour r\u00e9ussir&#8230; \u00a0La comp\u00e9tions du dimanche, entre \u00a0copains c&rsquo;est une base de niveau. Pour la progression, c&rsquo;est se pr\u00e9parer \u00e0 des courses inconnues ! Maintenant, fini les courses sur route au classement honorable mais qui reste impersonnelle, maintenant j&rsquo;ai envie de taper dans la butte, de monter, monter, monter pour pouvoir descendre comme un <a href=\"http:\/\/www.youtube.com\/watch?v=RoTh1P5z9UU\" target=\"_blank\">chamois<\/a> !!!<\/p>\n<p>C\u00f4t\u00e9 mat\u00e9riel :<br \/>\n&#8211; Cascadia, test\u00e9es et adopt\u00e9es,<br \/>\n&#8211; sac Salomon XA Skin Pro 10+3.<\/p>\n<p>Ah j&rsquo;oubliais, mon objectif : pas trop faire la f\u00eate apr\u00e8s l&rsquo;arriv\u00e9e pr\u00e9vue \u00e0 15h45&#8230;\u201d<\/p>\n<p><strong>Philippe<\/strong><\/p>\n<p>\u201c3\u00e8me ligne de rugby, on s&rsquo;habitue \u00e0 cavaler beaucoup et longtemps&#8230; et \u00e0 faire la f\u00eate avec les copains&#8230; trop peut \u00eatre : clope, alcool&#8230; 40 ans faut s&rsquo;y remettre ! Arr\u00eat de la clope (+20kg), reprise dure dure&#8230; puis d\u00e9couverte du crossfit en 2006 : \u00e0 fond dedans, perte de poids, poids de forme retrouv\u00e9, reprise de la CAP en for\u00eat et en montagne avec la rando rapide&#8230; Je croise des gars qui courent dans les mont\u00e9es&#8230; le d\u00e9clic.<\/p>\n<p>Plusieurs courses ou off de 20 \u00e0 160 km, plat, vallonn\u00e9 ou montagnard, for\u00eat, marais, plaine, bord de mer, montagne\u2026<\/p>\n<p>Pas vraiment de pr\u00e9paration, la 6000D est une pr\u00e9paration pour cet automne. NDLR : Philippe sera au d\u00e9part du prochain Grand Raid de la R\u00e9union.<\/p>\n<p>Faire une sortie et un week-end avec les copains, profiter de la montagne \u00e0 cette \u00e9poque, faire un peu de volume et de d\u00e9niv, cool et finir en profitant bien d\u2019utiliser tout le temps laiss\u00e9 par les barri\u00e8res horaires\u201d.<\/p>\n<p>Philippe avait d\u00e9j\u00e0 t\u00e9moign\u00e9 sur Wanarun dans le billet intitul\u00e9 : \u201c<a href=\"https:\/\/www.wanarun.net\/blog\/philippe-et-ses-tallures-14427.html\">Philippe et ses tallures !<\/a>\u201d<\/p>\n<p><strong>Mathieu<\/strong><\/p>\n<p>C\u2019est le benjamin de l\u2019\u00e9quipe mais avec \u00e0 son actif une CCC, plusieurs participations \u00e0 l\u2019Eco-trail de Paris (50 et 80km) et une TDS au programme fin ao\u00fbt. \u201cMonsieur Salomon\u201d fera une infid\u00e9lit\u00e9 \u00e0 son \u00e9quipement pr\u00e9f\u00e9r\u00e9 pour chausser une paire de Hoka Mafate.<\/p>\n<p><strong>Andr\u00e9<\/strong><\/p>\n<p>Sauf erreur de ma part Andr\u00e9 est le plus \u00e2g\u00e9 du groupe. Une bonne exp\u00e9rience en trail : Eco-trail de Paris, une CCC, une r\u00e9cente participation au trail de la vall\u00e9e des lacs (60km) dans les Vosges et \u00e9galement la TDS au programme fin ao\u00fbt. Andr\u00e9 vient \u00e9galement de basculer dans le club des adorateurs de Hoka : il prendra le d\u00e9part de la 6000D chauss\u00e9 d\u2019une paire de Hoka Stinson Evo.<\/p>\n<p>En enfin <strong>votre serviteur<\/strong><\/p>\n<p>Apr\u00e8s le Verdon en 2010, le Verbier en 2011, la 6000D sera pour moi une nouvelle exp\u00e9rience dans le trail dit de montagne. Entre temps j\u2019ai eu plusieurs trail courts \u00e0 mon actif (dont un 32km en duo o\u00f9 nous finissions 16\u00e8me sur 114 \u00e9quipes class\u00e9es), un Eco-trail, une Saint\u00e9Lyon, un Lyon Urbain Trail et quelques off.<\/p>\n<p>Pas d\u2019objectif bien pr\u00e9cis mais comme toujours ma devise est : prendre du plaisir et terminer dans de bonnes conditions.<\/p>\n<p>C\u00f4t\u00e9 mat\u00e9riel :<br \/>\n&#8211; Mizuno Wave Ascend 6 (je les adore ; je ferai un retour sur Wanarun apr\u00e8s la 6000D)<br \/>\n&#8211; sac \u00e0 dos Lafuma Ultra Trail 3 que j\u2019ai en test pour quelques semaines ; l\u00e0 \u00e9galement je ferai un retour prochainement. Je laisse donc au placard mon Mobex de chez Columbia que j\u2019ai train\u00e9 sur de nombreuses courses.<\/p>\n<p>Voil\u00e0 pour la pr\u00e9sentation de l\u2019\u00e9quipe qui s&rsquo;est retrouv\u00e9e le 14 juillet dernier dans les Vosges pour tester le mat\u00e9riel (et les cuisses).<\/p>\n<p>Si vous \u00eates \u00e0 la Plagne ce week-end j\u2019esp\u00e8re pouvoir vous y rencontrer \u00e9galement !<\/p>\n<p>Un souhait pour l&rsquo;ann\u00e9e prochaine : vivre une exp\u00e9rience du m\u00eame type avec l&rsquo;\u00e9quipe de r\u00e9daction de Wanarun. Manu, Laurent, Frank, Remy, Mathieu, Marc, j&rsquo;attends vos propositions \ud83d\ude42<\/p>\n<p>&nbsp;<\/p>\n<p>&nbsp;<\/p>\n<p>&nbsp;<\/p>\n<p>&nbsp;<\/p>\n<p>&nbsp;<\/p>\n<p>&nbsp;<\/p>\n<p>&nbsp;<\/p>\n","protected":false},"excerpt":{"rendered":"<a href=\"https:\/\/www.wanarun.net\/blog\/les-chamois-de-nancy-23674.html\"><img width=\"150\" src=\"\" class=\"alignleft wp-post-image tfe\" alt=\"\" title=\"\" \/><\/a><p>Samedi 28 juillet le d\u00e9part de la 6000D sera donn\u00e9 \u00e0 Aime. Comme annonc\u00e9 pr\u00e9c\u00e9demment je serai au d\u00e9part du 60 km. Mais je n\u2019y serai pas seul. Pour moi, ces grands rendez-vous programm\u00e9s dans l\u2019ann\u00e9e, se doivent d&rsquo;\u00eatre partag\u00e9s. Si l\u2019ann\u00e9e derni\u00e8re j\u2019avais pass\u00e9 un super week-end \u00e0 Verbier (Suisse) avec quelques blogueurs, cette [&hellip;]<\/p>\n","protected":false},"author":18,"featured_media":0,"comment_status":"open","ping_status":"open","sticky":false,"template":"","format":"standard","meta":[],"categories":[7],"tags":[4542],"yoast_head":"<!-- This site is optimized with the Yoast SEO plugin v18.9 - https:\/\/yoast.com\/wordpress\/plugins\/seo\/ -->\n<title>Les chamois de Nancy !<\/title>\n<meta name=\"description\" content=\"Samedi 28 juillet le d\u00e9part de la 6000D sera donn\u00e9 \u00e0 Aime. Comme annonc\u00e9 pr\u00e9c\u00e9demment je serai au d\u00e9part du 60 km. Mais je n\u2019y serai pas seul. Pour moi,\" \/>\n<meta name=\"robots\" content=\"index, follow, max-snippet:-1, max-image-preview:large, max-video-preview:-1\" \/>\n<link rel=\"canonical\" href=\"https:\/\/www.wanarun.net\/blog\/les-chamois-de-nancy-23674.html\" \/>\n<meta property=\"og:locale\" content=\"fr_FR\" \/>\n<meta property=\"og:type\" content=\"article\" \/>\n<meta property=\"og:title\" content=\"Les chamois de Nancy !\" \/>\n<meta property=\"og:description\" content=\"Samedi 28 juillet le d\u00e9part de la 6000D sera donn\u00e9 \u00e0 Aime. Comme annonc\u00e9 pr\u00e9c\u00e9demment je serai au d\u00e9part du 60 km. Mais je n\u2019y serai pas seul. Pour moi,\" \/>\n<meta property=\"og:url\" content=\"https:\/\/www.wanarun.net\/blog\/les-chamois-de-nancy-23674.html\" \/>\n<meta property=\"og:site_name\" content=\"Wanarun, le blog du running, du trail et de la course \u00e0 pied\" \/>\n<meta property=\"article:publisher\" content=\"https:\/\/www.facebook.com\/wanarun\/\" \/>\n<meta property=\"article:published_time\" content=\"2012-07-25T16:00:23+00:00\" \/>\n<meta property=\"article:modified_time\" content=\"2012-07-25T15:04:17+00:00\" \/>\n<meta name=\"twitter:label1\" content=\"\u00c9crit par\" \/>\n\t<meta name=\"twitter:data1\" content=\"Vincent\" \/>\n\t<meta name=\"twitter:label2\" content=\"Dur\u00e9e de lecture estim\u00e9e\" \/>\n\t<meta name=\"twitter:data2\" content=\"4 minutes\" \/>\n<script type=\"application\/ld+json\" class=\"yoast-schema-graph\">{\"@context\":\"https:\/\/schema.org\",\"@graph\":[{\"@type\":\"Organization\",\"@id\":\"https:\/\/www.wanarun.net\/blog\/#organization\",\"name\":\"Wanarun\",\"url\":\"https:\/\/www.wanarun.net\/blog\/\",\"sameAs\":[\"https:\/\/www.instagram.com\/wanarunnet\/\",\"https:\/\/www.youtube.com\/user\/wanarunnet\",\"https:\/\/www.facebook.com\/wanarun\/\",\"https:\/\/twitter.com\/wanarun\"],\"logo\":{\"@type\":\"ImageObject\",\"inLanguage\":\"fr-FR\",\"@id\":\"https:\/\/www.wanarun.net\/blog\/#\/schema\/logo\/image\/\",\"url\":\"https:\/\/www.wanarun.net\/blog\/wp-content\/uploads\/2018\/03\/logo-wanarun.jpg\",\"contentUrl\":\"https:\/\/www.wanarun.net\/blog\/wp-content\/uploads\/2018\/03\/logo-wanarun.jpg\",\"width\":1196,\"height\":1082,\"caption\":\"Wanarun\"},\"image\":{\"@id\":\"https:\/\/www.wanarun.net\/blog\/#\/schema\/logo\/image\/\"}},{\"@type\":\"WebSite\",\"@id\":\"https:\/\/www.wanarun.net\/blog\/#website\",\"url\":\"https:\/\/www.wanarun.net\/blog\/\",\"name\":\"Wanarun, le blog du running, du trail et de la course \u00e0 pied\",\"description\":\"Informations, remarques, avis, conseils sur la course \u00e0 pied.\",\"publisher\":{\"@id\":\"https:\/\/www.wanarun.net\/blog\/#organization\"},\"potentialAction\":[{\"@type\":\"SearchAction\",\"target\":{\"@type\":\"EntryPoint\",\"urlTemplate\":\"https:\/\/www.wanarun.net\/blog\/?s={search_term_string}\"},\"query-input\":\"required name=search_term_string\"}],\"inLanguage\":\"fr-FR\"},{\"@type\":\"WebPage\",\"@id\":\"https:\/\/www.wanarun.net\/blog\/les-chamois-de-nancy-23674.html#webpage\",\"url\":\"https:\/\/www.wanarun.net\/blog\/les-chamois-de-nancy-23674.html\",\"name\":\"Les chamois de Nancy !\",\"isPartOf\":{\"@id\":\"https:\/\/www.wanarun.net\/blog\/#website\"},\"datePublished\":\"2012-07-25T16:00:23+00:00\",\"dateModified\":\"2012-07-25T15:04:17+00:00\",\"description\":\"Samedi 28 juillet le d\u00e9part de la 6000D sera donn\u00e9 \u00e0 Aime. Comme annonc\u00e9 pr\u00e9c\u00e9demment je serai au d\u00e9part du 60 km. Mais je n\u2019y serai pas seul. Pour moi,\",\"breadcrumb\":{\"@id\":\"https:\/\/www.wanarun.net\/blog\/les-chamois-de-nancy-23674.html#breadcrumb\"},\"inLanguage\":\"fr-FR\",\"potentialAction\":[{\"@type\":\"ReadAction\",\"target\":[\"https:\/\/www.wanarun.net\/blog\/les-chamois-de-nancy-23674.html\"]}]},{\"@type\":\"BreadcrumbList\",\"@id\":\"https:\/\/www.wanarun.net\/blog\/les-chamois-de-nancy-23674.html#breadcrumb\",\"itemListElement\":[{\"@type\":\"ListItem\",\"position\":1,\"name\":\"Les chamois de Nancy !\"}]},{\"@type\":\"Article\",\"@id\":\"https:\/\/www.wanarun.net\/blog\/les-chamois-de-nancy-23674.html#article\",\"isPartOf\":{\"@id\":\"https:\/\/www.wanarun.net\/blog\/les-chamois-de-nancy-23674.html#webpage\"},\"author\":{\"@id\":\"https:\/\/www.wanarun.net\/blog\/#\/schema\/person\/9c652272e54781c67072549fab29efea\"},\"headline\":\"Les chamois de Nancy !\",\"datePublished\":\"2012-07-25T16:00:23+00:00\",\"dateModified\":\"2012-07-25T15:04:17+00:00\",\"mainEntityOfPage\":{\"@id\":\"https:\/\/www.wanarun.net\/blog\/les-chamois-de-nancy-23674.html#webpage\"},\"wordCount\":882,\"commentCount\":1,\"publisher\":{\"@id\":\"https:\/\/www.wanarun.net\/blog\/#organization\"},\"keywords\":[\"6000D\"],\"articleSection\":[\"Course\"],\"inLanguage\":\"fr-FR\",\"potentialAction\":[{\"@type\":\"CommentAction\",\"name\":\"Comment\",\"target\":[\"https:\/\/www.wanarun.net\/blog\/les-chamois-de-nancy-23674.html#respond\"]}]},{\"@type\":\"Person\",\"@id\":\"https:\/\/www.wanarun.net\/blog\/#\/schema\/person\/9c652272e54781c67072549fab29efea\",\"name\":\"Vincent\",\"image\":{\"@type\":\"ImageObject\",\"inLanguage\":\"fr-FR\",\"@id\":\"https:\/\/www.wanarun.net\/blog\/#\/schema\/person\/image\/\",\"url\":\"https:\/\/secure.gravatar.com\/avatar\/0cb3c1a4d350c7c55a794e44667e2830?s=96&d=mm&r=g\",\"contentUrl\":\"https:\/\/secure.gravatar.com\/avatar\/0cb3c1a4d350c7c55a794e44667e2830?s=96&d=mm&r=g\",\"caption\":\"Vincent\"},\"sameAs\":[\"http:\/\/www.les4bellais.fr\"],\"url\":\"https:\/\/www.wanarun.net\/blog\/author\/vincent\"}]}<\/script>\n<!-- \/ Yoast SEO plugin. -->","yoast_head_json":{"title":"Les chamois de Nancy !","description":"Samedi 28 juillet le d\u00e9part de la 6000D sera donn\u00e9 \u00e0 Aime. Comme annonc\u00e9 pr\u00e9c\u00e9demment je serai au d\u00e9part du 60 km. Mais je n\u2019y serai pas seul. Pour moi,","robots":{"index":"index","follow":"follow","max-snippet":"max-snippet:-1","max-image-preview":"max-image-preview:large","max-video-preview":"max-video-preview:-1"},"canonical":"https:\/\/www.wanarun.net\/blog\/les-chamois-de-nancy-23674.html","og_locale":"fr_FR","og_type":"article","og_title":"Les chamois de Nancy !","og_description":"Samedi 28 juillet le d\u00e9part de la 6000D sera donn\u00e9 \u00e0 Aime. Comme annonc\u00e9 pr\u00e9c\u00e9demment je serai au d\u00e9part du 60 km. Mais je n\u2019y serai pas seul. Pour moi,","og_url":"https:\/\/www.wanarun.net\/blog\/les-chamois-de-nancy-23674.html","og_site_name":"Wanarun, le blog du running, du trail et de la course \u00e0 pied","article_publisher":"https:\/\/www.facebook.com\/wanarun\/","article_published_time":"2012-07-25T16:00:23+00:00","article_modified_time":"2012-07-25T15:04:17+00:00","twitter_misc":{"\u00c9crit par":"Vincent","Dur\u00e9e de lecture estim\u00e9e":"4 minutes"},"schema":{"@context":"https:\/\/schema.org","@graph":[{"@type":"Organization","@id":"https:\/\/www.wanarun.net\/blog\/#organization","name":"Wanarun","url":"https:\/\/www.wanarun.net\/blog\/","sameAs":["https:\/\/www.instagram.com\/wanarunnet\/","https:\/\/www.youtube.com\/user\/wanarunnet","https:\/\/www.facebook.com\/wanarun\/","https:\/\/twitter.com\/wanarun"],"logo":{"@type":"ImageObject","inLanguage":"fr-FR","@id":"https:\/\/www.wanarun.net\/blog\/#\/schema\/logo\/image\/","url":"https:\/\/www.wanarun.net\/blog\/wp-content\/uploads\/2018\/03\/logo-wanarun.jpg","contentUrl":"https:\/\/www.wanarun.net\/blog\/wp-content\/uploads\/2018\/03\/logo-wanarun.jpg","width":1196,"height":1082,"caption":"Wanarun"},"image":{"@id":"https:\/\/www.wanarun.net\/blog\/#\/schema\/logo\/image\/"}},{"@type":"WebSite","@id":"https:\/\/www.wanarun.net\/blog\/#website","url":"https:\/\/www.wanarun.net\/blog\/","name":"Wanarun, le blog du running, du trail et de la course \u00e0 pied","description":"Informations, remarques, avis, conseils sur la course \u00e0 pied.","publisher":{"@id":"https:\/\/www.wanarun.net\/blog\/#organization"},"potentialAction":[{"@type":"SearchAction","target":{"@type":"EntryPoint","urlTemplate":"https:\/\/www.wanarun.net\/blog\/?s={search_term_string}"},"query-input":"required name=search_term_string"}],"inLanguage":"fr-FR"},{"@type":"WebPage","@id":"https:\/\/www.wanarun.net\/blog\/les-chamois-de-nancy-23674.html#webpage","url":"https:\/\/www.wanarun.net\/blog\/les-chamois-de-nancy-23674.html","name":"Les chamois de Nancy !","isPartOf":{"@id":"https:\/\/www.wanarun.net\/blog\/#website"},"datePublished":"2012-07-25T16:00:23+00:00","dateModified":"2012-07-25T15:04:17+00:00","description":"Samedi 28 juillet le d\u00e9part de la 6000D sera donn\u00e9 \u00e0 Aime. Comme annonc\u00e9 pr\u00e9c\u00e9demment je serai au d\u00e9part du 60 km. Mais je n\u2019y serai pas seul. Pour moi,","breadcrumb":{"@id":"https:\/\/www.wanarun.net\/blog\/les-chamois-de-nancy-23674.html#breadcrumb"},"inLanguage":"fr-FR","potentialAction":[{"@type":"ReadAction","target":["https:\/\/www.wanarun.net\/blog\/les-chamois-de-nancy-23674.html"]}]},{"@type":"BreadcrumbList","@id":"https:\/\/www.wanarun.net\/blog\/les-chamois-de-nancy-23674.html#breadcrumb","itemListElement":[{"@type":"ListItem","position":1,"name":"Les chamois de Nancy !"}]},{"@type":"Article","@id":"https:\/\/www.wanarun.net\/blog\/les-chamois-de-nancy-23674.html#article","isPartOf":{"@id":"https:\/\/www.wanarun.net\/blog\/les-chamois-de-nancy-23674.html#webpage"},"author":{"@id":"https:\/\/www.wanarun.net\/blog\/#\/schema\/person\/9c652272e54781c67072549fab29efea"},"headline":"Les chamois de Nancy !","datePublished":"2012-07-25T16:00:23+00:00","dateModified":"2012-07-25T15:04:17+00:00","mainEntityOfPage":{"@id":"https:\/\/www.wanarun.net\/blog\/les-chamois-de-nancy-23674.html#webpage"},"wordCount":882,"commentCount":1,"publisher":{"@id":"https:\/\/www.wanarun.net\/blog\/#organization"},"keywords":["6000D"],"articleSection":["Course"],"inLanguage":"fr-FR","potentialAction":[{"@type":"CommentAction","name":"Comment","target":["https:\/\/www.wanarun.net\/blog\/les-chamois-de-nancy-23674.html#respond"]}]},{"@type":"Person","@id":"https:\/\/www.wanarun.net\/blog\/#\/schema\/person\/9c652272e54781c67072549fab29efea","name":"Vincent","image":{"@type":"ImageObject","inLanguage":"fr-FR","@id":"https:\/\/www.wanarun.net\/blog\/#\/schema\/person\/image\/","url":"https:\/\/secure.gravatar.com\/avatar\/0cb3c1a4d350c7c55a794e44667e2830?s=96&d=mm&r=g","contentUrl":"https:\/\/secure.gravatar.com\/avatar\/0cb3c1a4d350c7c55a794e44667e2830?s=96&d=mm&r=g","caption":"Vincent"},"sameAs":["http:\/\/www.les4bellais.fr"],"url":"https:\/\/www.wanarun.net\/blog\/author\/vincent"}]}},"_links":{"self":[{"href":"https:\/\/www.wanarun.net\/blog\/wp-json\/wp\/v2\/posts\/23674"}],"collection":[{"href":"https:\/\/www.wanarun.net\/blog\/wp-json\/wp\/v2\/posts"}],"about":[{"href":"https:\/\/www.wanarun.net\/blog\/wp-json\/wp\/v2\/types\/post"}],"author":[{"embeddable":true,"href":"https:\/\/www.wanarun.net\/blog\/wp-json\/wp\/v2\/users\/18"}],"replies":[{"embeddable":true,"href":"https:\/\/www.wanarun.net\/blog\/wp-json\/wp\/v2\/comments?post=23674"}],"version-history":[{"count":17,"href":"https:\/\/www.wanarun.net\/blog\/wp-json\/wp\/v2\/posts\/23674\/revisions"}],"predecessor-version":[{"id":23701,"href":"https:\/\/www.wanarun.net\/blog\/wp-json\/wp\/v2\/posts\/23674\/revisions\/23701"}],"wp:attachment":[{"href":"https:\/\/www.wanarun.net\/blog\/wp-json\/wp\/v2\/media?parent=23674"}],"wp:term":[{"taxonomy":"category","embeddable":true,"href":"https:\/\/www.wanarun.net\/blog\/wp-json\/wp\/v2\/categories?post=23674"},{"taxonomy":"post_tag","embeddable":true,"href":"https:\/\/www.wanarun.net\/blog\/wp-json\/wp\/v2\/tags?post=23674"}],"curies":[{"name":"wp","href":"https:\/\/api.w.org\/{rel}","templated":true}]}}