{"id":23384,"date":"2012-07-09T16:04:30","date_gmt":"2012-07-09T15:04:30","guid":{"rendered":"http:\/\/www.wanarun.net\/blog\/?p=23384"},"modified":"2012-07-09T16:04:30","modified_gmt":"2012-07-09T15:04:30","slug":"13eme-corrida-de-toulouse-2012-compte-rendu-et-photos","status":"publish","type":"post","link":"https:\/\/www.wanarun.net\/blog\/13eme-corrida-de-toulouse-2012-compte-rendu-et-photos-23384.html","title":{"rendered":"13EME CORRIDA DE TOULOUSE 2012 : Compte-rendu et photos"},"content":{"rendered":"<p><a class=\"gallery-link\" href=\"https:\/\/www.wanarun.net\/blog\/wp-content\/uploads\/2012\/07\/DSC_0038.jpg\"><img loading=\"lazy\" class=\"alignleft size-thumbnail wp-image-23388\" title=\"Corrida de Toulouse 2012 - t\u00eate de la course\" src=\"https:\/\/www.wanarun.net\/blog\/wp-content\/uploads\/2012\/07\/DSC_0038-150x150.jpg\" alt=\"\" width=\"150\" height=\"150\" srcset=\"https:\/\/www.wanarun.net\/blog\/wp-content\/uploads\/2012\/07\/DSC_0038-150x150.jpg 150w, https:\/\/www.wanarun.net\/blog\/wp-content\/uploads\/2012\/07\/DSC_0038-100x100.jpg 100w\" sizes=\"(max-width: 150px) 100vw, 150px\" \/><\/a><strong>Plus de 3200 en jaune pour Serge !<\/strong><\/p>\n<p>Bien s\u00fbr, il y a les chiffres et donc, comme pr\u00e9vu depuis le d\u00e9but de la semaine, la Corrida Cr\u00e9dit Agricole Toulouse 31, a battu tous ses records de participants avec pr\u00e8s de 2800 coureurs sur le 10km et presque 400 sur le 3km. Bien s\u00fbr, il y a eu de beaux vainqueurs, avec Nicolas Fernandez, intouchable cette fois, et Florence Longuemart, plus accroch\u00e9e cette fois, qui double donc la mise avec les lauriers de 2011. Mais ce que l&rsquo;on retiendra surtout c&rsquo;est l&rsquo;hommage rendu \u00e0 notre ami Serge L\u00e9vy, instigateur de l&rsquo;\u00e9preuve, et qui a portait cette \u00e9preuve, sa corrida, \u00e0 bout de bras pendant tant d&rsquo;ann\u00e9es&#8230; Bref sous une musique de Nougarou, apr\u00e8s un discours de son fils Damien, pr\u00e9sent donc au sein m\u00eame du peloton, et avec un peu de retard, comme pr\u00e9vu, le peloton s&rsquo;en est all\u00e9. Certains auront vers\u00e9 une larme. Beaucoup en tout cas avait rev\u00eatu le tee-shirt jaune. Serge, par son sourire et son dynamisme, nous manque tant. L&rsquo;\u00e9quipe organisatrice, compos\u00e9e \u00e0 sa t\u00eate de Philippe D\u00fcrr et Christian Noilly, avait la lourde t\u00e2che de continuer sur la voie du succ\u00e8s. C&rsquo;est aujourd&rsquo;hui chose faire donc. La Corrida est aim\u00e9e, ador\u00e9e m\u00eame&#8230; Et c&rsquo;est tant mieux pour les deux associations, Ela et les Greff\u00e9s de Mo\u00eblle Osseuse qui tenaient tant au coeur de Serge. Que cela dure le plus longtemps possible, comme dure le souvenir que nous avons de notre ami&#8230; Pour conclure et \u00eatre complet, on notera que Nassera Dheilly a une nouvelle fois gagn\u00e9 le 3km (c&rsquo;est la 5\u00e8me d&rsquo;affil\u00e9e) et que Martin Casse, lui d\u00e9couvrait lui la course, s&rsquo;est impos\u00e9 sur cette distance.<\/p>\n<p>&nbsp;<\/p>\n\n\t\t<style type=\"text\/css\">\n\t\t\t#gallery-1 {\n\t\t\t\tmargin: auto;\n\t\t\t}\n\t\t\t#gallery-1 .gallery-item {\n\t\t\t\tfloat: left;\n\t\t\t\tmargin-top: 10px;\n\t\t\t\ttext-align: center;\n\t\t\t\twidth: 50%;\n\t\t\t}\n\t\t\t#gallery-1 img {\n\t\t\t\tborder: 2px solid #cfcfcf;\n\t\t\t}\n\t\t\t#gallery-1 .gallery-caption {\n\t\t\t\tmargin-left: 0;\n\t\t\t}\n\t\t\t\/* see gallery_shortcode() in wp-includes\/media.php *\/\n\t\t<\/style>\n\t\t<div id='gallery-1' class='gallery galleryid-23384 gallery-columns-2 gallery-size-thumbnail'><dl class='gallery-item'>\n\t\t\t<dt class='gallery-icon landscape'>\n\t\t\t\t<a href='https:\/\/www.wanarun.net\/blog\/wp-content\/uploads\/2012\/07\/P1010017.jpg'><img width=\"150\" height=\"150\" src=\"https:\/\/www.wanarun.net\/blog\/wp-content\/uploads\/2012\/07\/P1010017-150x150.jpg\" class=\"attachment-thumbnail size-thumbnail\" alt=\"\" loading=\"lazy\" srcset=\"https:\/\/www.wanarun.net\/blog\/wp-content\/uploads\/2012\/07\/P1010017-150x150.jpg 150w, https:\/\/www.wanarun.net\/blog\/wp-content\/uploads\/2012\/07\/P1010017-100x100.jpg 100w\" sizes=\"(max-width: 150px) 100vw, 150px\" \/><\/a>\n\t\t\t<\/dt><\/dl><dl class='gallery-item'>\n\t\t\t<dt class='gallery-icon landscape'>\n\t\t\t\t<a href='https:\/\/www.wanarun.net\/blog\/wp-content\/uploads\/2012\/07\/PHO-CORRIDA-UNE-12.jpg'><img width=\"150\" height=\"150\" src=\"https:\/\/www.wanarun.net\/blog\/wp-content\/uploads\/2012\/07\/PHO-CORRIDA-UNE-12-150x150.jpg\" class=\"attachment-thumbnail size-thumbnail\" alt=\"\" loading=\"lazy\" srcset=\"https:\/\/www.wanarun.net\/blog\/wp-content\/uploads\/2012\/07\/PHO-CORRIDA-UNE-12-150x150.jpg 150w, https:\/\/www.wanarun.net\/blog\/wp-content\/uploads\/2012\/07\/PHO-CORRIDA-UNE-12-100x100.jpg 100w\" sizes=\"(max-width: 150px) 100vw, 150px\" \/><\/a>\n\t\t\t<\/dt><\/dl><br style=\"clear: both\" \/><dl class='gallery-item'>\n\t\t\t<dt class='gallery-icon landscape'>\n\t\t\t\t<a href='https:\/\/www.wanarun.net\/blog\/wp-content\/uploads\/2012\/07\/P1010011.jpg'><img width=\"150\" height=\"150\" src=\"https:\/\/www.wanarun.net\/blog\/wp-content\/uploads\/2012\/07\/P1010011-150x150.jpg\" class=\"attachment-thumbnail size-thumbnail\" alt=\"\" loading=\"lazy\" srcset=\"https:\/\/www.wanarun.net\/blog\/wp-content\/uploads\/2012\/07\/P1010011-150x150.jpg 150w, https:\/\/www.wanarun.net\/blog\/wp-content\/uploads\/2012\/07\/P1010011-100x100.jpg 100w\" sizes=\"(max-width: 150px) 100vw, 150px\" \/><\/a>\n\t\t\t<\/dt><\/dl><dl class='gallery-item'>\n\t\t\t<dt class='gallery-icon landscape'>\n\t\t\t\t<a href='https:\/\/www.wanarun.net\/blog\/wp-content\/uploads\/2012\/07\/DSC_0038.jpg'><img width=\"150\" height=\"150\" src=\"https:\/\/www.wanarun.net\/blog\/wp-content\/uploads\/2012\/07\/DSC_0038-150x150.jpg\" class=\"attachment-thumbnail size-thumbnail\" alt=\"\" loading=\"lazy\" srcset=\"https:\/\/www.wanarun.net\/blog\/wp-content\/uploads\/2012\/07\/DSC_0038-150x150.jpg 150w, https:\/\/www.wanarun.net\/blog\/wp-content\/uploads\/2012\/07\/DSC_0038-100x100.jpg 100w\" sizes=\"(max-width: 150px) 100vw, 150px\" \/><\/a>\n\t\t\t<\/dt><\/dl><br style=\"clear: both\" \/>\n\t\t<\/div>\n\n","protected":false},"excerpt":{"rendered":"<a href=\"https:\/\/www.wanarun.net\/blog\/13eme-corrida-de-toulouse-2012-compte-rendu-et-photos-23384.html\"><img width=\"150\" height=\"150\" src=\"https:\/\/www.wanarun.net\/blog\/wp-content\/uploads\/2012\/07\/P1010017-150x150.jpg\" class=\"alignleft tfe wp-post-image\" alt=\"\" loading=\"lazy\" srcset=\"https:\/\/www.wanarun.net\/blog\/wp-content\/uploads\/2012\/07\/P1010017-150x150.jpg 150w, https:\/\/www.wanarun.net\/blog\/wp-content\/uploads\/2012\/07\/P1010017-100x100.jpg 100w\" sizes=\"(max-width: 150px) 100vw, 150px\" \/><\/a><p>Plus de 3200 en jaune pour Serge ! Bien s\u00fbr, il y a les chiffres et donc, comme pr\u00e9vu depuis le d\u00e9but de la semaine, la Corrida Cr\u00e9dit Agricole Toulouse 31, a battu tous ses records de participants avec pr\u00e8s de 2800 coureurs sur le 10km et presque 400 sur le 3km. Bien s\u00fbr, il [&hellip;]<\/p>\n","protected":false},"author":37,"featured_media":23385,"comment_status":"open","ping_status":"open","sticky":false,"template":"","format":"standard","meta":[],"categories":[1227],"tags":[58],"yoast_head":"<!-- This site is optimized with the Yoast SEO plugin v18.9 - https:\/\/yoast.com\/wordpress\/plugins\/seo\/ -->\n<title>13EME CORRIDA DE TOULOUSE 2012 : Compte-rendu et photos<\/title>\n<meta name=\"description\" content=\"Plus de 3200 en jaune pour Serge ! Bien s\u00fbr, il y a les chiffres et donc, comme pr\u00e9vu depuis le d\u00e9but de la semaine, la Corrida Cr\u00e9dit Agricole Toulouse\" \/>\n<meta name=\"robots\" content=\"index, follow, max-snippet:-1, max-image-preview:large, max-video-preview:-1\" \/>\n<link rel=\"canonical\" href=\"https:\/\/www.wanarun.net\/blog\/13eme-corrida-de-toulouse-2012-compte-rendu-et-photos-23384.html\" \/>\n<meta property=\"og:locale\" content=\"fr_FR\" \/>\n<meta property=\"og:type\" content=\"article\" \/>\n<meta property=\"og:title\" content=\"13EME CORRIDA DE TOULOUSE 2012 : Compte-rendu et photos\" \/>\n<meta property=\"og:description\" content=\"Plus de 3200 en jaune pour Serge ! Bien s\u00fbr, il y a les chiffres et donc, comme pr\u00e9vu depuis le d\u00e9but de la semaine, la Corrida Cr\u00e9dit Agricole Toulouse\" \/>\n<meta property=\"og:url\" content=\"https:\/\/www.wanarun.net\/blog\/13eme-corrida-de-toulouse-2012-compte-rendu-et-photos-23384.html\" \/>\n<meta property=\"og:site_name\" content=\"Wanarun, le blog du running, du trail et de la course \u00e0 pied\" \/>\n<meta property=\"article:publisher\" content=\"https:\/\/www.facebook.com\/wanarun\/\" \/>\n<meta property=\"article:published_time\" content=\"2012-07-09T15:04:30+00:00\" \/>\n<meta property=\"og:image\" content=\"https:\/\/www.wanarun.net\/blog\/wp-content\/uploads\/2012\/07\/P1010017.jpg\" \/>\n\t<meta property=\"og:image:width\" content=\"2288\" \/>\n\t<meta property=\"og:image:height\" content=\"1712\" \/>\n\t<meta property=\"og:image:type\" content=\"image\/jpeg\" \/>\n<meta name=\"twitter:label1\" content=\"\u00c9crit par\" \/>\n\t<meta name=\"twitter:data1\" content=\"remy\" \/>\n\t<meta name=\"twitter:label2\" content=\"Dur\u00e9e de lecture estim\u00e9e\" \/>\n\t<meta name=\"twitter:data2\" content=\"2 minutes\" \/>\n<script type=\"application\/ld+json\" class=\"yoast-schema-graph\">{\"@context\":\"https:\/\/schema.org\",\"@graph\":[{\"@type\":\"Organization\",\"@id\":\"https:\/\/www.wanarun.net\/blog\/#organization\",\"name\":\"Wanarun\",\"url\":\"https:\/\/www.wanarun.net\/blog\/\",\"sameAs\":[\"https:\/\/www.instagram.com\/wanarunnet\/\",\"https:\/\/www.youtube.com\/user\/wanarunnet\",\"https:\/\/www.facebook.com\/wanarun\/\",\"https:\/\/twitter.com\/wanarun\"],\"logo\":{\"@type\":\"ImageObject\",\"inLanguage\":\"fr-FR\",\"@id\":\"https:\/\/www.wanarun.net\/blog\/#\/schema\/logo\/image\/\",\"url\":\"https:\/\/www.wanarun.net\/blog\/wp-content\/uploads\/2018\/03\/logo-wanarun.jpg\",\"contentUrl\":\"https:\/\/www.wanarun.net\/blog\/wp-content\/uploads\/2018\/03\/logo-wanarun.jpg\",\"width\":1196,\"height\":1082,\"caption\":\"Wanarun\"},\"image\":{\"@id\":\"https:\/\/www.wanarun.net\/blog\/#\/schema\/logo\/image\/\"}},{\"@type\":\"WebSite\",\"@id\":\"https:\/\/www.wanarun.net\/blog\/#website\",\"url\":\"https:\/\/www.wanarun.net\/blog\/\",\"name\":\"Wanarun, le blog du running, du trail et de la course \u00e0 pied\",\"description\":\"Informations, remarques, avis, conseils sur la course \u00e0 pied.\",\"publisher\":{\"@id\":\"https:\/\/www.wanarun.net\/blog\/#organization\"},\"potentialAction\":[{\"@type\":\"SearchAction\",\"target\":{\"@type\":\"EntryPoint\",\"urlTemplate\":\"https:\/\/www.wanarun.net\/blog\/?s={search_term_string}\"},\"query-input\":\"required name=search_term_string\"}],\"inLanguage\":\"fr-FR\"},{\"@type\":\"ImageObject\",\"inLanguage\":\"fr-FR\",\"@id\":\"https:\/\/www.wanarun.net\/blog\/13eme-corrida-de-toulouse-2012-compte-rendu-et-photos-23384.html#primaryimage\",\"url\":\"https:\/\/www.wanarun.net\/blog\/wp-content\/uploads\/2012\/07\/P1010017.jpg\",\"contentUrl\":\"https:\/\/www.wanarun.net\/blog\/wp-content\/uploads\/2012\/07\/P1010017.jpg\",\"width\":2288,\"height\":1712},{\"@type\":\"WebPage\",\"@id\":\"https:\/\/www.wanarun.net\/blog\/13eme-corrida-de-toulouse-2012-compte-rendu-et-photos-23384.html#webpage\",\"url\":\"https:\/\/www.wanarun.net\/blog\/13eme-corrida-de-toulouse-2012-compte-rendu-et-photos-23384.html\",\"name\":\"13EME CORRIDA DE TOULOUSE 2012 : Compte-rendu et photos\",\"isPartOf\":{\"@id\":\"https:\/\/www.wanarun.net\/blog\/#website\"},\"primaryImageOfPage\":{\"@id\":\"https:\/\/www.wanarun.net\/blog\/13eme-corrida-de-toulouse-2012-compte-rendu-et-photos-23384.html#primaryimage\"},\"datePublished\":\"2012-07-09T15:04:30+00:00\",\"dateModified\":\"2012-07-09T15:04:30+00:00\",\"description\":\"Plus de 3200 en jaune pour Serge ! Bien s\u00fbr, il y a les chiffres et donc, comme pr\u00e9vu depuis le d\u00e9but de la semaine, la Corrida Cr\u00e9dit Agricole Toulouse\",\"breadcrumb\":{\"@id\":\"https:\/\/www.wanarun.net\/blog\/13eme-corrida-de-toulouse-2012-compte-rendu-et-photos-23384.html#breadcrumb\"},\"inLanguage\":\"fr-FR\",\"potentialAction\":[{\"@type\":\"ReadAction\",\"target\":[\"https:\/\/www.wanarun.net\/blog\/13eme-corrida-de-toulouse-2012-compte-rendu-et-photos-23384.html\"]}]},{\"@type\":\"BreadcrumbList\",\"@id\":\"https:\/\/www.wanarun.net\/blog\/13eme-corrida-de-toulouse-2012-compte-rendu-et-photos-23384.html#breadcrumb\",\"itemListElement\":[{\"@type\":\"ListItem\",\"position\":1,\"name\":\"13EME CORRIDA DE TOULOUSE 2012 : Compte-rendu et photos\"}]},{\"@type\":\"Article\",\"@id\":\"https:\/\/www.wanarun.net\/blog\/13eme-corrida-de-toulouse-2012-compte-rendu-et-photos-23384.html#article\",\"isPartOf\":{\"@id\":\"https:\/\/www.wanarun.net\/blog\/13eme-corrida-de-toulouse-2012-compte-rendu-et-photos-23384.html#webpage\"},\"author\":{\"@id\":\"https:\/\/www.wanarun.net\/blog\/#\/schema\/person\/e58c406c799b3270a5a760496a3ff881\"},\"headline\":\"13EME CORRIDA DE TOULOUSE 2012 : Compte-rendu et photos\",\"datePublished\":\"2012-07-09T15:04:30+00:00\",\"dateModified\":\"2012-07-09T15:04:30+00:00\",\"mainEntityOfPage\":{\"@id\":\"https:\/\/www.wanarun.net\/blog\/13eme-corrida-de-toulouse-2012-compte-rendu-et-photos-23384.html#webpage\"},\"wordCount\":315,\"commentCount\":0,\"publisher\":{\"@id\":\"https:\/\/www.wanarun.net\/blog\/#organization\"},\"image\":{\"@id\":\"https:\/\/www.wanarun.net\/blog\/13eme-corrida-de-toulouse-2012-compte-rendu-et-photos-23384.html#primaryimage\"},\"thumbnailUrl\":\"https:\/\/www.wanarun.net\/blog\/wp-content\/uploads\/2012\/07\/P1010017.jpg\",\"keywords\":[\"corrida\"],\"articleSection\":[\"Compte-rendu\"],\"inLanguage\":\"fr-FR\",\"potentialAction\":[{\"@type\":\"CommentAction\",\"name\":\"Comment\",\"target\":[\"https:\/\/www.wanarun.net\/blog\/13eme-corrida-de-toulouse-2012-compte-rendu-et-photos-23384.html#respond\"]}]},{\"@type\":\"Person\",\"@id\":\"https:\/\/www.wanarun.net\/blog\/#\/schema\/person\/e58c406c799b3270a5a760496a3ff881\",\"name\":\"remy\",\"image\":{\"@type\":\"ImageObject\",\"inLanguage\":\"fr-FR\",\"@id\":\"https:\/\/www.wanarun.net\/blog\/#\/schema\/person\/image\/\",\"url\":\"https:\/\/secure.gravatar.com\/avatar\/310a82a0e14c4ee37e4d788b11d27669?s=96&d=mm&r=g\",\"contentUrl\":\"https:\/\/secure.gravatar.com\/avatar\/310a82a0e14c4ee37e4d788b11d27669?s=96&d=mm&r=g\",\"caption\":\"remy\"},\"sameAs\":[\"http:\/\/www.runningmag.fr\"],\"url\":\"https:\/\/www.wanarun.net\/blog\/author\/remy\"}]}<\/script>\n<!-- \/ Yoast SEO plugin. -->","yoast_head_json":{"title":"13EME CORRIDA DE TOULOUSE 2012 : Compte-rendu et photos","description":"Plus de 3200 en jaune pour Serge ! Bien s\u00fbr, il y a les chiffres et donc, comme pr\u00e9vu depuis le d\u00e9but de la semaine, la Corrida Cr\u00e9dit Agricole Toulouse","robots":{"index":"index","follow":"follow","max-snippet":"max-snippet:-1","max-image-preview":"max-image-preview:large","max-video-preview":"max-video-preview:-1"},"canonical":"https:\/\/www.wanarun.net\/blog\/13eme-corrida-de-toulouse-2012-compte-rendu-et-photos-23384.html","og_locale":"fr_FR","og_type":"article","og_title":"13EME CORRIDA DE TOULOUSE 2012 : Compte-rendu et photos","og_description":"Plus de 3200 en jaune pour Serge ! Bien s\u00fbr, il y a les chiffres et donc, comme pr\u00e9vu depuis le d\u00e9but de la semaine, la Corrida Cr\u00e9dit Agricole Toulouse","og_url":"https:\/\/www.wanarun.net\/blog\/13eme-corrida-de-toulouse-2012-compte-rendu-et-photos-23384.html","og_site_name":"Wanarun, le blog du running, du trail et de la course \u00e0 pied","article_publisher":"https:\/\/www.facebook.com\/wanarun\/","article_published_time":"2012-07-09T15:04:30+00:00","og_image":[{"width":2288,"height":1712,"url":"https:\/\/www.wanarun.net\/blog\/wp-content\/uploads\/2012\/07\/P1010017.jpg","type":"image\/jpeg"}],"twitter_misc":{"\u00c9crit par":"remy","Dur\u00e9e de lecture estim\u00e9e":"2 minutes"},"schema":{"@context":"https:\/\/schema.org","@graph":[{"@type":"Organization","@id":"https:\/\/www.wanarun.net\/blog\/#organization","name":"Wanarun","url":"https:\/\/www.wanarun.net\/blog\/","sameAs":["https:\/\/www.instagram.com\/wanarunnet\/","https:\/\/www.youtube.com\/user\/wanarunnet","https:\/\/www.facebook.com\/wanarun\/","https:\/\/twitter.com\/wanarun"],"logo":{"@type":"ImageObject","inLanguage":"fr-FR","@id":"https:\/\/www.wanarun.net\/blog\/#\/schema\/logo\/image\/","url":"https:\/\/www.wanarun.net\/blog\/wp-content\/uploads\/2018\/03\/logo-wanarun.jpg","contentUrl":"https:\/\/www.wanarun.net\/blog\/wp-content\/uploads\/2018\/03\/logo-wanarun.jpg","width":1196,"height":1082,"caption":"Wanarun"},"image":{"@id":"https:\/\/www.wanarun.net\/blog\/#\/schema\/logo\/image\/"}},{"@type":"WebSite","@id":"https:\/\/www.wanarun.net\/blog\/#website","url":"https:\/\/www.wanarun.net\/blog\/","name":"Wanarun, le blog du running, du trail et de la course \u00e0 pied","description":"Informations, remarques, avis, conseils sur la course \u00e0 pied.","publisher":{"@id":"https:\/\/www.wanarun.net\/blog\/#organization"},"potentialAction":[{"@type":"SearchAction","target":{"@type":"EntryPoint","urlTemplate":"https:\/\/www.wanarun.net\/blog\/?s={search_term_string}"},"query-input":"required name=search_term_string"}],"inLanguage":"fr-FR"},{"@type":"ImageObject","inLanguage":"fr-FR","@id":"https:\/\/www.wanarun.net\/blog\/13eme-corrida-de-toulouse-2012-compte-rendu-et-photos-23384.html#primaryimage","url":"https:\/\/www.wanarun.net\/blog\/wp-content\/uploads\/2012\/07\/P1010017.jpg","contentUrl":"https:\/\/www.wanarun.net\/blog\/wp-content\/uploads\/2012\/07\/P1010017.jpg","width":2288,"height":1712},{"@type":"WebPage","@id":"https:\/\/www.wanarun.net\/blog\/13eme-corrida-de-toulouse-2012-compte-rendu-et-photos-23384.html#webpage","url":"https:\/\/www.wanarun.net\/blog\/13eme-corrida-de-toulouse-2012-compte-rendu-et-photos-23384.html","name":"13EME CORRIDA DE TOULOUSE 2012 : Compte-rendu et photos","isPartOf":{"@id":"https:\/\/www.wanarun.net\/blog\/#website"},"primaryImageOfPage":{"@id":"https:\/\/www.wanarun.net\/blog\/13eme-corrida-de-toulouse-2012-compte-rendu-et-photos-23384.html#primaryimage"},"datePublished":"2012-07-09T15:04:30+00:00","dateModified":"2012-07-09T15:04:30+00:00","description":"Plus de 3200 en jaune pour Serge ! Bien s\u00fbr, il y a les chiffres et donc, comme pr\u00e9vu depuis le d\u00e9but de la semaine, la Corrida Cr\u00e9dit Agricole Toulouse","breadcrumb":{"@id":"https:\/\/www.wanarun.net\/blog\/13eme-corrida-de-toulouse-2012-compte-rendu-et-photos-23384.html#breadcrumb"},"inLanguage":"fr-FR","potentialAction":[{"@type":"ReadAction","target":["https:\/\/www.wanarun.net\/blog\/13eme-corrida-de-toulouse-2012-compte-rendu-et-photos-23384.html"]}]},{"@type":"BreadcrumbList","@id":"https:\/\/www.wanarun.net\/blog\/13eme-corrida-de-toulouse-2012-compte-rendu-et-photos-23384.html#breadcrumb","itemListElement":[{"@type":"ListItem","position":1,"name":"13EME CORRIDA DE TOULOUSE 2012 : Compte-rendu et photos"}]},{"@type":"Article","@id":"https:\/\/www.wanarun.net\/blog\/13eme-corrida-de-toulouse-2012-compte-rendu-et-photos-23384.html#article","isPartOf":{"@id":"https:\/\/www.wanarun.net\/blog\/13eme-corrida-de-toulouse-2012-compte-rendu-et-photos-23384.html#webpage"},"author":{"@id":"https:\/\/www.wanarun.net\/blog\/#\/schema\/person\/e58c406c799b3270a5a760496a3ff881"},"headline":"13EME CORRIDA DE TOULOUSE 2012 : Compte-rendu et photos","datePublished":"2012-07-09T15:04:30+00:00","dateModified":"2012-07-09T15:04:30+00:00","mainEntityOfPage":{"@id":"https:\/\/www.wanarun.net\/blog\/13eme-corrida-de-toulouse-2012-compte-rendu-et-photos-23384.html#webpage"},"wordCount":315,"commentCount":0,"publisher":{"@id":"https:\/\/www.wanarun.net\/blog\/#organization"},"image":{"@id":"https:\/\/www.wanarun.net\/blog\/13eme-corrida-de-toulouse-2012-compte-rendu-et-photos-23384.html#primaryimage"},"thumbnailUrl":"https:\/\/www.wanarun.net\/blog\/wp-content\/uploads\/2012\/07\/P1010017.jpg","keywords":["corrida"],"articleSection":["Compte-rendu"],"inLanguage":"fr-FR","potentialAction":[{"@type":"CommentAction","name":"Comment","target":["https:\/\/www.wanarun.net\/blog\/13eme-corrida-de-toulouse-2012-compte-rendu-et-photos-23384.html#respond"]}]},{"@type":"Person","@id":"https:\/\/www.wanarun.net\/blog\/#\/schema\/person\/e58c406c799b3270a5a760496a3ff881","name":"remy","image":{"@type":"ImageObject","inLanguage":"fr-FR","@id":"https:\/\/www.wanarun.net\/blog\/#\/schema\/person\/image\/","url":"https:\/\/secure.gravatar.com\/avatar\/310a82a0e14c4ee37e4d788b11d27669?s=96&d=mm&r=g","contentUrl":"https:\/\/secure.gravatar.com\/avatar\/310a82a0e14c4ee37e4d788b11d27669?s=96&d=mm&r=g","caption":"remy"},"sameAs":["http:\/\/www.runningmag.fr"],"url":"https:\/\/www.wanarun.net\/blog\/author\/remy"}]}},"_links":{"self":[{"href":"https:\/\/www.wanarun.net\/blog\/wp-json\/wp\/v2\/posts\/23384"}],"collection":[{"href":"https:\/\/www.wanarun.net\/blog\/wp-json\/wp\/v2\/posts"}],"about":[{"href":"https:\/\/www.wanarun.net\/blog\/wp-json\/wp\/v2\/types\/post"}],"author":[{"embeddable":true,"href":"https:\/\/www.wanarun.net\/blog\/wp-json\/wp\/v2\/users\/37"}],"replies":[{"embeddable":true,"href":"https:\/\/www.wanarun.net\/blog\/wp-json\/wp\/v2\/comments?post=23384"}],"version-history":[{"count":3,"href":"https:\/\/www.wanarun.net\/blog\/wp-json\/wp\/v2\/posts\/23384\/revisions"}],"predecessor-version":[{"id":23391,"href":"https:\/\/www.wanarun.net\/blog\/wp-json\/wp\/v2\/posts\/23384\/revisions\/23391"}],"wp:featuredmedia":[{"embeddable":true,"href":"https:\/\/www.wanarun.net\/blog\/wp-json\/wp\/v2\/media\/23385"}],"wp:attachment":[{"href":"https:\/\/www.wanarun.net\/blog\/wp-json\/wp\/v2\/media?parent=23384"}],"wp:term":[{"taxonomy":"category","embeddable":true,"href":"https:\/\/www.wanarun.net\/blog\/wp-json\/wp\/v2\/categories?post=23384"},{"taxonomy":"post_tag","embeddable":true,"href":"https:\/\/www.wanarun.net\/blog\/wp-json\/wp\/v2\/tags?post=23384"}],"curies":[{"name":"wp","href":"https:\/\/api.w.org\/{rel}","templated":true}]}}