{"id":23201,"date":"2012-07-01T17:34:59","date_gmt":"2012-07-01T16:34:59","guid":{"rendered":"http:\/\/www.wanarun.net\/blog\/?p=23201"},"modified":"2012-07-01T22:19:33","modified_gmt":"2012-07-01T21:19:33","slug":"chamonix-un-week-end-de-record","status":"publish","type":"post","link":"https:\/\/www.wanarun.net\/blog\/chamonix-un-week-end-de-record-23201.html","title":{"rendered":"Chamonix : un week-end de record"},"content":{"rendered":"<p><a class=\"gallery-link\" href=\"https:\/\/www.wanarun.net\/blog\/wp-content\/uploads\/2012\/07\/Kilian-Jornet.jpg\"><img loading=\"lazy\" class=\"alignleft size-thumbnail wp-image-23202\" title=\"Kilian Jornet\" src=\"https:\/\/www.wanarun.net\/blog\/wp-content\/uploads\/2012\/07\/Kilian-Jornet-150x150.jpg\" alt=\"\" width=\"150\" height=\"150\" srcset=\"https:\/\/www.wanarun.net\/blog\/wp-content\/uploads\/2012\/07\/Kilian-Jornet-150x150.jpg 150w, https:\/\/www.wanarun.net\/blog\/wp-content\/uploads\/2012\/07\/Kilian-Jornet-100x100.jpg 100w\" sizes=\"(max-width: 150px) 100vw, 150px\" \/><\/a><\/p>\n<p>Le week-end a commenc\u00e9 vendredi 29 juin avec le kilom\u00e8tre vertical et une victoire d&rsquo;un petit nouveau Killian Jornet. Killian a encore montr\u00e9 qu&rsquo;il \u00e9tait en forme et a aval\u00e9 les 1000 m verticaux (pour 3,8 km de parcours : je vous laisse imaginer le d\u00e9nivel\u00e9 mais vous pouvez le constater <a href=\"http:\/\/www.youtube.com\/watch?v=Nypor-fz9D0\">sur la vid\u00e9o<\/a>) en seulement 36 minutes et 7 secondes. Emmanuel Vaudan, vainqueur en 2011 arrive deux minutes plus tard. Chez les femmes : l&rsquo;italienne Antonella Confortola s&rsquo;impose en 45&rsquo;26\u00a0\u00bb alors que Laetitia Roux (1\u00e8re en 2011) \u00e9tait absente.<\/p>\n<p>Samedi il faisait tr\u00e8s chaud dans la val\u00e9e avec des pointes \u00e0 34\u00b0C. Les 1500 partants ont pu s&rsquo;\u00e9lancer sur les 23 km du parcours pour trouver un peu de fraicheur en altitude et profiter de la vue magnifique sur la chaine du Mont-Blanc. Francis Tijod, (66 ans) qui prenait pour la 34\u00e8me fois (il a particip\u00e9 \u00e0 toutes les \u00e9ditions) nous racontent : \u00ab A l&rsquo;\u00e9poque c&rsquo;\u00e9tait beaucoup 23 km et nous n&rsquo;\u00e9tions pas tr\u00e8s nombreux ! Aujourd&rsquo;hui je pr\u00e9vois environ 4 heures de course, car cela devient quand m\u00eame de plus en plus dur pour moi. Mais le but est d&rsquo;arriver l\u00e0-haut ! \u00bb il finira l&rsquo;\u00e9preuve en 4 heures 20 minutes !<\/p>\n<p>En t\u00eate, Le N\u00e9o-Z\u00e9landais Jonathan Wyatt, 7 fois Champion du Monde de course en montagne a men\u00e9 la course avec une totale ma\u00eetrise ! Il comptait faire 1h55&prime;, il est arriv\u00e9 en 1h54&rsquo;42\u00a0\u00bb. Chez les dames, victoire de St\u00e9phanie Duc qui a fait la course en t\u00eate sans difficult\u00e9s et termine en 2h21&rsquo;16\u00a0\u00bb.<\/p>\n<p>Dimanche, Killian a su profiter de son \u00ab\u00a0petit footing d&rsquo;\u00e9chauffement\u00a0\u00bb du vendredi pour battre le record de l&rsquo;\u00e9preuve et parcourir le marathon en 3h38&rsquo;24\u00a0\u00bb&#8230; Il em\u00e8ne avec lui les co-\u00e9quipiers de l&rsquo;\u00e9quipe Salomon : Tofol Castaner et Gr\u00e9gory Vollet. Les 6 premiers profiteront d&rsquo;une temp\u00e9rature en baisse et de conditions id\u00e9ales pour descendre sous le record pr\u00e9c\u00e9dent.<\/p>\n<p>&nbsp;<\/p>\n<p>Classement<\/p>\n<p><strong>Km Vertical : 230 partants dont 19 femmes<\/strong><\/p>\n<ul>\n<li>Hommes<\/li>\n<\/ul>\n<ol>\n<li>Kilian Jornet (ES) : 36&rsquo;07\u00a0\u00bb<\/li>\n<li>Emmanuel Vaudan (CH) : 38&rsquo;09\u00a0\u00bb<\/li>\n<li>Christophe Perillat (FR) : 39&rsquo;01\u00a0\u00bb<\/li>\n<\/ol>\n<ul>\n<li>Femmes<\/li>\n<\/ul>\n<ol>\n<li>Antonella Confortola (IT) : 45&rsquo;26\u00a0\u00bb<\/li>\n<li>Corinne Favre (FR) : 48&rsquo;09\u00a0\u00bb<\/li>\n<li>Christiane Nex (IT) : 50&rsquo;05\u00a0\u00bb<\/li>\n<\/ol>\n<p><iframe loading=\"lazy\" src=\"https:\/\/www.youtube.com\/embed\/Nypor-fz9D0\" frameborder=\"0\" width=\"640\" height=\"360\"><\/iframe><\/p>\n<p><strong>CROSS 1448 partants dont 469 femmes<\/strong><\/p>\n<ul>\n<li>Hommes<\/li>\n<\/ul>\n<ol>\n<li>Jonathan Wyatt (NZ) : 1h54&rsquo;42\u00a0\u00bb<\/li>\n<li>Laurent Vicente (FR) : 1h57&rsquo;59\u00a0\u00bb<\/li>\n<li>Guillaume Fontaine (FR) : 1h58&rsquo;39\u00a0\u00bb<\/li>\n<\/ol>\n<ul>\n<li>Femmes<\/li>\n<\/ul>\n<ol>\n<li>St\u00e9phanie Duc (FR): 2h20&rsquo;16\u00a0\u00bb<\/li>\n<li>Axelle Mollaret (FR) : 2h29&rsquo;20\u00a0\u00bb<\/li>\n<li>Anouk Faivre-Picon (FR) : 2h32&rsquo;29\u00a0\u00bb<\/li>\n<\/ol>\n<p><iframe loading=\"lazy\" src=\"https:\/\/www.youtube.com\/embed\/a1PVUw5UhWE\" frameborder=\"0\" width=\"640\" height=\"360\"><\/iframe><\/p>\n<p><strong>Marathon &#8211; 1927 partants dont 246 femmes<\/strong><\/p>\n<ul>\n<li>Hommes<\/li>\n<\/ul>\n<ol>\n<li>Kilian Jornet (ES) : 3h38&rsquo;24\u00a0\u00bb<\/li>\n<li>Tofol Castaner (ES) : 3h45&rsquo;55\u00a0\u00bb<\/li>\n<li>Gr\u00e9gory Vollet (FR) : 3h52&rsquo;42\u00a0\u00bb<\/li>\n<\/ol>\n<ul>\n<li>Femmes<\/li>\n<\/ul>\n<ol>\n<li>Maude Mathys (CH) : 4h28\u00a0\u00bb17&prime;<\/li>\n<li>Sylvia Serafini (IT) : 4h33\u00a0\u00bb53&prime;<\/li>\n<li>Maud Gaubert (FR) : 4h39\u00a0\u00bb12&prime;<\/li>\n<\/ol>\n<p><iframe loading=\"lazy\" src=\"https:\/\/www.youtube.com\/embed\/6SFu8SkjhOs\" frameborder=\"0\" width=\"640\" height=\"360\"><\/iframe><\/p>\n","protected":false},"excerpt":{"rendered":"<a href=\"https:\/\/www.wanarun.net\/blog\/chamonix-un-week-end-de-record-23201.html\"><img width=\"150\" height=\"150\" src=\"https:\/\/www.wanarun.net\/blog\/wp-content\/uploads\/2012\/07\/Kilian-Jornet-150x150.jpg\" class=\"alignleft tfe wp-post-image\" alt=\"\" loading=\"lazy\" srcset=\"https:\/\/www.wanarun.net\/blog\/wp-content\/uploads\/2012\/07\/Kilian-Jornet-150x150.jpg 150w, https:\/\/www.wanarun.net\/blog\/wp-content\/uploads\/2012\/07\/Kilian-Jornet-100x100.jpg 100w\" sizes=\"(max-width: 150px) 100vw, 150px\" \/><\/a><p>Le week-end a commenc\u00e9 vendredi 29 juin avec le kilom\u00e8tre vertical et une victoire d&rsquo;un petit nouveau Killian Jornet. Killian a encore montr\u00e9 qu&rsquo;il \u00e9tait en forme et a aval\u00e9 les 1000 m verticaux (pour 3,8 km de parcours : je vous laisse imaginer le d\u00e9nivel\u00e9 mais vous pouvez le constater sur la vid\u00e9o) en [&hellip;]<\/p>\n","protected":false},"author":1,"featured_media":23202,"comment_status":"open","ping_status":"open","sticky":false,"template":"","format":"standard","meta":[],"categories":[1227],"tags":[4448,29,1045],"yoast_head":"<!-- This site is optimized with the Yoast SEO plugin v18.9 - https:\/\/yoast.com\/wordpress\/plugins\/seo\/ -->\n<title>Chamonix : un week-end de record<\/title>\n<meta name=\"description\" content=\"Le week-end a commenc\u00e9 vendredi 29 juin avec le kilom\u00e8tre vertical et une victoire d&#039;un petit nouveau Killian Jornet. Killian a encore montr\u00e9 qu&#039;il \u00e9tait\" \/>\n<meta name=\"robots\" content=\"index, follow, max-snippet:-1, max-image-preview:large, max-video-preview:-1\" \/>\n<link rel=\"canonical\" href=\"https:\/\/www.wanarun.net\/blog\/chamonix-un-week-end-de-record-23201.html\" \/>\n<meta property=\"og:locale\" content=\"fr_FR\" \/>\n<meta property=\"og:type\" content=\"article\" \/>\n<meta property=\"og:title\" content=\"Chamonix : un week-end de record\" \/>\n<meta property=\"og:description\" content=\"Le week-end a commenc\u00e9 vendredi 29 juin avec le kilom\u00e8tre vertical et une victoire d&#039;un petit nouveau Killian Jornet. Killian a encore montr\u00e9 qu&#039;il \u00e9tait\" \/>\n<meta property=\"og:url\" content=\"https:\/\/www.wanarun.net\/blog\/chamonix-un-week-end-de-record-23201.html\" \/>\n<meta property=\"og:site_name\" content=\"Wanarun, le blog du running, du trail et de la course \u00e0 pied\" \/>\n<meta property=\"article:publisher\" content=\"https:\/\/www.facebook.com\/wanarun\/\" \/>\n<meta property=\"article:published_time\" content=\"2012-07-01T16:34:59+00:00\" \/>\n<meta property=\"article:modified_time\" content=\"2012-07-01T21:19:33+00:00\" \/>\n<meta property=\"og:image\" content=\"https:\/\/www.wanarun.net\/blog\/wp-content\/uploads\/2012\/07\/Kilian-Jornet.jpg\" \/>\n\t<meta property=\"og:image:width\" content=\"1200\" \/>\n\t<meta property=\"og:image:height\" content=\"1800\" \/>\n\t<meta property=\"og:image:type\" content=\"image\/jpeg\" \/>\n<meta name=\"twitter:label1\" content=\"\u00c9crit par\" \/>\n\t<meta name=\"twitter:data1\" content=\"Manu\" \/>\n\t<meta name=\"twitter:label2\" content=\"Dur\u00e9e de lecture estim\u00e9e\" \/>\n\t<meta name=\"twitter:data2\" content=\"2 minutes\" \/>\n<script type=\"application\/ld+json\" class=\"yoast-schema-graph\">{\"@context\":\"https:\/\/schema.org\",\"@graph\":[{\"@type\":\"Organization\",\"@id\":\"https:\/\/www.wanarun.net\/blog\/#organization\",\"name\":\"Wanarun\",\"url\":\"https:\/\/www.wanarun.net\/blog\/\",\"sameAs\":[\"https:\/\/www.instagram.com\/wanarunnet\/\",\"https:\/\/www.youtube.com\/user\/wanarunnet\",\"https:\/\/www.facebook.com\/wanarun\/\",\"https:\/\/twitter.com\/wanarun\"],\"logo\":{\"@type\":\"ImageObject\",\"inLanguage\":\"fr-FR\",\"@id\":\"https:\/\/www.wanarun.net\/blog\/#\/schema\/logo\/image\/\",\"url\":\"https:\/\/www.wanarun.net\/blog\/wp-content\/uploads\/2018\/03\/logo-wanarun.jpg\",\"contentUrl\":\"https:\/\/www.wanarun.net\/blog\/wp-content\/uploads\/2018\/03\/logo-wanarun.jpg\",\"width\":1196,\"height\":1082,\"caption\":\"Wanarun\"},\"image\":{\"@id\":\"https:\/\/www.wanarun.net\/blog\/#\/schema\/logo\/image\/\"}},{\"@type\":\"WebSite\",\"@id\":\"https:\/\/www.wanarun.net\/blog\/#website\",\"url\":\"https:\/\/www.wanarun.net\/blog\/\",\"name\":\"Wanarun, le blog du running, du trail et de la course \u00e0 pied\",\"description\":\"Informations, remarques, avis, conseils sur la course \u00e0 pied.\",\"publisher\":{\"@id\":\"https:\/\/www.wanarun.net\/blog\/#organization\"},\"potentialAction\":[{\"@type\":\"SearchAction\",\"target\":{\"@type\":\"EntryPoint\",\"urlTemplate\":\"https:\/\/www.wanarun.net\/blog\/?s={search_term_string}\"},\"query-input\":\"required name=search_term_string\"}],\"inLanguage\":\"fr-FR\"},{\"@type\":\"ImageObject\",\"inLanguage\":\"fr-FR\",\"@id\":\"https:\/\/www.wanarun.net\/blog\/chamonix-un-week-end-de-record-23201.html#primaryimage\",\"url\":\"https:\/\/www.wanarun.net\/blog\/wp-content\/uploads\/2012\/07\/Kilian-Jornet.jpg\",\"contentUrl\":\"https:\/\/www.wanarun.net\/blog\/wp-content\/uploads\/2012\/07\/Kilian-Jornet.jpg\",\"width\":1200,\"height\":1800},{\"@type\":\"WebPage\",\"@id\":\"https:\/\/www.wanarun.net\/blog\/chamonix-un-week-end-de-record-23201.html#webpage\",\"url\":\"https:\/\/www.wanarun.net\/blog\/chamonix-un-week-end-de-record-23201.html\",\"name\":\"Chamonix : un week-end de record\",\"isPartOf\":{\"@id\":\"https:\/\/www.wanarun.net\/blog\/#website\"},\"primaryImageOfPage\":{\"@id\":\"https:\/\/www.wanarun.net\/blog\/chamonix-un-week-end-de-record-23201.html#primaryimage\"},\"datePublished\":\"2012-07-01T16:34:59+00:00\",\"dateModified\":\"2012-07-01T21:19:33+00:00\",\"description\":\"Le week-end a commenc\u00e9 vendredi 29 juin avec le kilom\u00e8tre vertical et une victoire d'un petit nouveau Killian Jornet. Killian a encore montr\u00e9 qu'il \u00e9tait\",\"breadcrumb\":{\"@id\":\"https:\/\/www.wanarun.net\/blog\/chamonix-un-week-end-de-record-23201.html#breadcrumb\"},\"inLanguage\":\"fr-FR\",\"potentialAction\":[{\"@type\":\"ReadAction\",\"target\":[\"https:\/\/www.wanarun.net\/blog\/chamonix-un-week-end-de-record-23201.html\"]}]},{\"@type\":\"BreadcrumbList\",\"@id\":\"https:\/\/www.wanarun.net\/blog\/chamonix-un-week-end-de-record-23201.html#breadcrumb\",\"itemListElement\":[{\"@type\":\"ListItem\",\"position\":1,\"name\":\"Chamonix : un week-end de record\"}]},{\"@type\":\"Article\",\"@id\":\"https:\/\/www.wanarun.net\/blog\/chamonix-un-week-end-de-record-23201.html#article\",\"isPartOf\":{\"@id\":\"https:\/\/www.wanarun.net\/blog\/chamonix-un-week-end-de-record-23201.html#webpage\"},\"author\":{\"@id\":\"https:\/\/www.wanarun.net\/blog\/#\/schema\/person\/bfb3bc166306771639fdc2bc6ac79771\"},\"headline\":\"Chamonix : un week-end de record\",\"datePublished\":\"2012-07-01T16:34:59+00:00\",\"dateModified\":\"2012-07-01T21:19:33+00:00\",\"mainEntityOfPage\":{\"@id\":\"https:\/\/www.wanarun.net\/blog\/chamonix-un-week-end-de-record-23201.html#webpage\"},\"wordCount\":457,\"commentCount\":0,\"publisher\":{\"@id\":\"https:\/\/www.wanarun.net\/blog\/#organization\"},\"image\":{\"@id\":\"https:\/\/www.wanarun.net\/blog\/chamonix-un-week-end-de-record-23201.html#primaryimage\"},\"thumbnailUrl\":\"https:\/\/www.wanarun.net\/blog\/wp-content\/uploads\/2012\/07\/Kilian-Jornet.jpg\",\"keywords\":[\"Chamonix\",\"MARATHON\",\"mont-blanc\"],\"articleSection\":[\"Compte-rendu\"],\"inLanguage\":\"fr-FR\",\"potentialAction\":[{\"@type\":\"CommentAction\",\"name\":\"Comment\",\"target\":[\"https:\/\/www.wanarun.net\/blog\/chamonix-un-week-end-de-record-23201.html#respond\"]}]},{\"@type\":\"Person\",\"@id\":\"https:\/\/www.wanarun.net\/blog\/#\/schema\/person\/bfb3bc166306771639fdc2bc6ac79771\",\"name\":\"Manu\",\"image\":{\"@type\":\"ImageObject\",\"inLanguage\":\"fr-FR\",\"@id\":\"https:\/\/www.wanarun.net\/blog\/#\/schema\/person\/image\/\",\"url\":\"https:\/\/secure.gravatar.com\/avatar\/717b7c28298e2900c61bceb611a4918a?s=96&d=mm&r=g\",\"contentUrl\":\"https:\/\/secure.gravatar.com\/avatar\/717b7c28298e2900c61bceb611a4918a?s=96&d=mm&r=g\",\"caption\":\"Manu\"},\"sameAs\":[\"https:\/\/www.wanarun.net\"],\"url\":\"https:\/\/www.wanarun.net\/blog\/author\/admin\"}]}<\/script>\n<!-- \/ Yoast SEO plugin. -->","yoast_head_json":{"title":"Chamonix : un week-end de record","description":"Le week-end a commenc\u00e9 vendredi 29 juin avec le kilom\u00e8tre vertical et une victoire d'un petit nouveau Killian Jornet. Killian a encore montr\u00e9 qu'il \u00e9tait","robots":{"index":"index","follow":"follow","max-snippet":"max-snippet:-1","max-image-preview":"max-image-preview:large","max-video-preview":"max-video-preview:-1"},"canonical":"https:\/\/www.wanarun.net\/blog\/chamonix-un-week-end-de-record-23201.html","og_locale":"fr_FR","og_type":"article","og_title":"Chamonix : un week-end de record","og_description":"Le week-end a commenc\u00e9 vendredi 29 juin avec le kilom\u00e8tre vertical et une victoire d'un petit nouveau Killian Jornet. Killian a encore montr\u00e9 qu'il \u00e9tait","og_url":"https:\/\/www.wanarun.net\/blog\/chamonix-un-week-end-de-record-23201.html","og_site_name":"Wanarun, le blog du running, du trail et de la course \u00e0 pied","article_publisher":"https:\/\/www.facebook.com\/wanarun\/","article_published_time":"2012-07-01T16:34:59+00:00","article_modified_time":"2012-07-01T21:19:33+00:00","og_image":[{"width":1200,"height":1800,"url":"https:\/\/www.wanarun.net\/blog\/wp-content\/uploads\/2012\/07\/Kilian-Jornet.jpg","type":"image\/jpeg"}],"twitter_misc":{"\u00c9crit par":"Manu","Dur\u00e9e de lecture estim\u00e9e":"2 minutes"},"schema":{"@context":"https:\/\/schema.org","@graph":[{"@type":"Organization","@id":"https:\/\/www.wanarun.net\/blog\/#organization","name":"Wanarun","url":"https:\/\/www.wanarun.net\/blog\/","sameAs":["https:\/\/www.instagram.com\/wanarunnet\/","https:\/\/www.youtube.com\/user\/wanarunnet","https:\/\/www.facebook.com\/wanarun\/","https:\/\/twitter.com\/wanarun"],"logo":{"@type":"ImageObject","inLanguage":"fr-FR","@id":"https:\/\/www.wanarun.net\/blog\/#\/schema\/logo\/image\/","url":"https:\/\/www.wanarun.net\/blog\/wp-content\/uploads\/2018\/03\/logo-wanarun.jpg","contentUrl":"https:\/\/www.wanarun.net\/blog\/wp-content\/uploads\/2018\/03\/logo-wanarun.jpg","width":1196,"height":1082,"caption":"Wanarun"},"image":{"@id":"https:\/\/www.wanarun.net\/blog\/#\/schema\/logo\/image\/"}},{"@type":"WebSite","@id":"https:\/\/www.wanarun.net\/blog\/#website","url":"https:\/\/www.wanarun.net\/blog\/","name":"Wanarun, le blog du running, du trail et de la course \u00e0 pied","description":"Informations, remarques, avis, conseils sur la course \u00e0 pied.","publisher":{"@id":"https:\/\/www.wanarun.net\/blog\/#organization"},"potentialAction":[{"@type":"SearchAction","target":{"@type":"EntryPoint","urlTemplate":"https:\/\/www.wanarun.net\/blog\/?s={search_term_string}"},"query-input":"required name=search_term_string"}],"inLanguage":"fr-FR"},{"@type":"ImageObject","inLanguage":"fr-FR","@id":"https:\/\/www.wanarun.net\/blog\/chamonix-un-week-end-de-record-23201.html#primaryimage","url":"https:\/\/www.wanarun.net\/blog\/wp-content\/uploads\/2012\/07\/Kilian-Jornet.jpg","contentUrl":"https:\/\/www.wanarun.net\/blog\/wp-content\/uploads\/2012\/07\/Kilian-Jornet.jpg","width":1200,"height":1800},{"@type":"WebPage","@id":"https:\/\/www.wanarun.net\/blog\/chamonix-un-week-end-de-record-23201.html#webpage","url":"https:\/\/www.wanarun.net\/blog\/chamonix-un-week-end-de-record-23201.html","name":"Chamonix : un week-end de record","isPartOf":{"@id":"https:\/\/www.wanarun.net\/blog\/#website"},"primaryImageOfPage":{"@id":"https:\/\/www.wanarun.net\/blog\/chamonix-un-week-end-de-record-23201.html#primaryimage"},"datePublished":"2012-07-01T16:34:59+00:00","dateModified":"2012-07-01T21:19:33+00:00","description":"Le week-end a commenc\u00e9 vendredi 29 juin avec le kilom\u00e8tre vertical et une victoire d'un petit nouveau Killian Jornet. Killian a encore montr\u00e9 qu'il \u00e9tait","breadcrumb":{"@id":"https:\/\/www.wanarun.net\/blog\/chamonix-un-week-end-de-record-23201.html#breadcrumb"},"inLanguage":"fr-FR","potentialAction":[{"@type":"ReadAction","target":["https:\/\/www.wanarun.net\/blog\/chamonix-un-week-end-de-record-23201.html"]}]},{"@type":"BreadcrumbList","@id":"https:\/\/www.wanarun.net\/blog\/chamonix-un-week-end-de-record-23201.html#breadcrumb","itemListElement":[{"@type":"ListItem","position":1,"name":"Chamonix : un week-end de record"}]},{"@type":"Article","@id":"https:\/\/www.wanarun.net\/blog\/chamonix-un-week-end-de-record-23201.html#article","isPartOf":{"@id":"https:\/\/www.wanarun.net\/blog\/chamonix-un-week-end-de-record-23201.html#webpage"},"author":{"@id":"https:\/\/www.wanarun.net\/blog\/#\/schema\/person\/bfb3bc166306771639fdc2bc6ac79771"},"headline":"Chamonix : un week-end de record","datePublished":"2012-07-01T16:34:59+00:00","dateModified":"2012-07-01T21:19:33+00:00","mainEntityOfPage":{"@id":"https:\/\/www.wanarun.net\/blog\/chamonix-un-week-end-de-record-23201.html#webpage"},"wordCount":457,"commentCount":0,"publisher":{"@id":"https:\/\/www.wanarun.net\/blog\/#organization"},"image":{"@id":"https:\/\/www.wanarun.net\/blog\/chamonix-un-week-end-de-record-23201.html#primaryimage"},"thumbnailUrl":"https:\/\/www.wanarun.net\/blog\/wp-content\/uploads\/2012\/07\/Kilian-Jornet.jpg","keywords":["Chamonix","MARATHON","mont-blanc"],"articleSection":["Compte-rendu"],"inLanguage":"fr-FR","potentialAction":[{"@type":"CommentAction","name":"Comment","target":["https:\/\/www.wanarun.net\/blog\/chamonix-un-week-end-de-record-23201.html#respond"]}]},{"@type":"Person","@id":"https:\/\/www.wanarun.net\/blog\/#\/schema\/person\/bfb3bc166306771639fdc2bc6ac79771","name":"Manu","image":{"@type":"ImageObject","inLanguage":"fr-FR","@id":"https:\/\/www.wanarun.net\/blog\/#\/schema\/person\/image\/","url":"https:\/\/secure.gravatar.com\/avatar\/717b7c28298e2900c61bceb611a4918a?s=96&d=mm&r=g","contentUrl":"https:\/\/secure.gravatar.com\/avatar\/717b7c28298e2900c61bceb611a4918a?s=96&d=mm&r=g","caption":"Manu"},"sameAs":["https:\/\/www.wanarun.net"],"url":"https:\/\/www.wanarun.net\/blog\/author\/admin"}]}},"_links":{"self":[{"href":"https:\/\/www.wanarun.net\/blog\/wp-json\/wp\/v2\/posts\/23201"}],"collection":[{"href":"https:\/\/www.wanarun.net\/blog\/wp-json\/wp\/v2\/posts"}],"about":[{"href":"https:\/\/www.wanarun.net\/blog\/wp-json\/wp\/v2\/types\/post"}],"author":[{"embeddable":true,"href":"https:\/\/www.wanarun.net\/blog\/wp-json\/wp\/v2\/users\/1"}],"replies":[{"embeddable":true,"href":"https:\/\/www.wanarun.net\/blog\/wp-json\/wp\/v2\/comments?post=23201"}],"version-history":[{"count":6,"href":"https:\/\/www.wanarun.net\/blog\/wp-json\/wp\/v2\/posts\/23201\/revisions"}],"predecessor-version":[{"id":23223,"href":"https:\/\/www.wanarun.net\/blog\/wp-json\/wp\/v2\/posts\/23201\/revisions\/23223"}],"wp:featuredmedia":[{"embeddable":true,"href":"https:\/\/www.wanarun.net\/blog\/wp-json\/wp\/v2\/media\/23202"}],"wp:attachment":[{"href":"https:\/\/www.wanarun.net\/blog\/wp-json\/wp\/v2\/media?parent=23201"}],"wp:term":[{"taxonomy":"category","embeddable":true,"href":"https:\/\/www.wanarun.net\/blog\/wp-json\/wp\/v2\/categories?post=23201"},{"taxonomy":"post_tag","embeddable":true,"href":"https:\/\/www.wanarun.net\/blog\/wp-json\/wp\/v2\/tags?post=23201"}],"curies":[{"name":"wp","href":"https:\/\/api.w.org\/{rel}","templated":true}]}}