{"id":23187,"date":"2012-06-30T14:19:30","date_gmt":"2012-06-30T13:19:30","guid":{"rendered":"http:\/\/www.wanarun.net\/blog\/?p=23187"},"modified":"2012-06-30T14:20:47","modified_gmt":"2012-06-30T13:20:47","slug":"chamoinx-vallee-trail","status":"publish","type":"post","link":"https:\/\/www.wanarun.net\/blog\/chamoinx-vallee-trail-23187.html","title":{"rendered":"Chamonix : la vall\u00e9e du Trail"},"content":{"rendered":"<p><a href=\"https:\/\/www.wanarun.net\/blog\/wp-content\/uploads\/2012\/06\/logo-valee-trail.png\"><img loading=\"lazy\" class=\"alignleft size-thumbnail wp-image-23188\" title=\"logo-valee-trail\" src=\"https:\/\/www.wanarun.net\/blog\/wp-content\/uploads\/2012\/06\/logo-valee-trail-150x150.png\" alt=\"\" width=\"150\" height=\"150\" srcset=\"https:\/\/www.wanarun.net\/blog\/wp-content\/uploads\/2012\/06\/logo-valee-trail-150x150.png 150w, https:\/\/www.wanarun.net\/blog\/wp-content\/uploads\/2012\/06\/logo-valee-trail.png 201w, https:\/\/www.wanarun.net\/blog\/wp-content\/uploads\/2012\/06\/logo-valee-trail-100x100.png 100w\" sizes=\"(max-width: 150px) 100vw, 150px\" \/><\/a>A l&rsquo;occasion du marathon du Mont-Blanc et \u00e0 l&rsquo;aube d&rsquo;une saison estivale qui fait de Chamonix et de la vall\u00e9e du Mont-Blanc, la Mecque du trail mondial avec une apoth\u00e9ose \u00e0 la fin du mois d&rsquo;aout. L&rsquo;ensemble des acteurs locaux veulent renforcer et officialiser l&rsquo;ancrage de la vall\u00e9e au c\u0153ur du milieu du trail, ils officialisent l&rsquo;ouverture de la \u00ab\u00a0Vall\u00e9e du Trail\u00a0\u00bb.<\/p>\n<p>Des parcours seront balis\u00e9s pour le trail. Pour le lancement, 8 parcours sont disponibles : vous pourrez t\u00e9l\u00e9charger les parcours sur le site Internet : une fiche technique par parcours avec une carte, le d\u00e9nivel\u00e9, une description,&#8230;<\/p>\n<p>Les parcours sont choisis pour mette en avant la beaut\u00e9 des paysages et mettre en avant la magnifique cha\u00eene du Mont Blanc. ils sont \u00e9loign\u00e9s des sentiers de randonn\u00e9es classiques pour \u00e9viter trop de rencontre avec les marcheurs.<\/p>\n<p>Autre sp\u00e9cificit\u00e9 : les d\u00e9parts et les arriv\u00e9s ont lieu a proximit\u00e9 des gares SNCF ou d&rsquo;arr\u00eat de bus pour mettre en avant l&rsquo;utilisation des transports en communs.<\/p>\n<p>Pour le futur, 10 nouveaux parcours seront ajout\u00e9s, une maison d&rsquo;accueil d\u00e9di\u00e9e sera ouverte et des stages ouverts \u00e0 tous seront organis\u00e9s.<\/p>\n<p>Le site <a href=\"http:\/\/www.valleedutrail.com\/\">www.valleedutrail.com<\/a><\/p>\n","protected":false},"excerpt":{"rendered":"<a href=\"https:\/\/www.wanarun.net\/blog\/chamoinx-vallee-trail-23187.html\"><img width=\"150\" height=\"150\" src=\"https:\/\/www.wanarun.net\/blog\/wp-content\/uploads\/2012\/06\/logo-valee-trail-150x150.png\" class=\"alignleft tfe wp-post-image\" alt=\"\" loading=\"lazy\" srcset=\"https:\/\/www.wanarun.net\/blog\/wp-content\/uploads\/2012\/06\/logo-valee-trail-150x150.png 150w, https:\/\/www.wanarun.net\/blog\/wp-content\/uploads\/2012\/06\/logo-valee-trail.png 201w, https:\/\/www.wanarun.net\/blog\/wp-content\/uploads\/2012\/06\/logo-valee-trail-100x100.png 100w\" sizes=\"(max-width: 150px) 100vw, 150px\" \/><\/a><p>A l&rsquo;occasion du marathon du Mont-Blanc et \u00e0 l&rsquo;aube d&rsquo;une saison estivale qui fait de Chamonix et de la vall\u00e9e du Mont-Blanc, la Mecque du trail mondial avec une apoth\u00e9ose \u00e0 la fin du mois d&rsquo;aout. L&rsquo;ensemble des acteurs locaux veulent renforcer et officialiser l&rsquo;ancrage de la vall\u00e9e au c\u0153ur du milieu du trail, ils [&hellip;]<\/p>\n","protected":false},"author":1,"featured_media":23188,"comment_status":"open","ping_status":"open","sticky":false,"template":"","format":"standard","meta":[],"categories":[172],"tags":[4448,9879],"yoast_head":"<!-- This site is optimized with the Yoast SEO plugin v18.9 - https:\/\/yoast.com\/wordpress\/plugins\/seo\/ -->\n<title>Chamonix : la vall\u00e9e du Trail<\/title>\n<meta name=\"description\" content=\"A l&#039;occasion du marathon du Mont-Blanc et \u00e0 l&#039;aube d&#039;une saison estivale qui fait de Chamonix et de la vall\u00e9e du Mont-Blanc, la Mecque du trail mondial\" \/>\n<meta name=\"robots\" content=\"index, follow, max-snippet:-1, max-image-preview:large, max-video-preview:-1\" \/>\n<link rel=\"canonical\" href=\"https:\/\/www.wanarun.net\/blog\/chamoinx-vallee-trail-23187.html\" \/>\n<meta property=\"og:locale\" content=\"fr_FR\" \/>\n<meta property=\"og:type\" content=\"article\" \/>\n<meta property=\"og:title\" content=\"Chamonix : la vall\u00e9e du Trail\" \/>\n<meta property=\"og:description\" content=\"A l&#039;occasion du marathon du Mont-Blanc et \u00e0 l&#039;aube d&#039;une saison estivale qui fait de Chamonix et de la vall\u00e9e du Mont-Blanc, la Mecque du trail mondial\" \/>\n<meta property=\"og:url\" content=\"https:\/\/www.wanarun.net\/blog\/chamoinx-vallee-trail-23187.html\" \/>\n<meta property=\"og:site_name\" content=\"Wanarun, le blog du running, du trail et de la course \u00e0 pied\" \/>\n<meta property=\"article:publisher\" content=\"https:\/\/www.facebook.com\/wanarun\/\" \/>\n<meta property=\"article:published_time\" content=\"2012-06-30T13:19:30+00:00\" \/>\n<meta property=\"article:modified_time\" content=\"2012-06-30T13:20:47+00:00\" \/>\n<meta property=\"og:image\" content=\"https:\/\/www.wanarun.net\/blog\/wp-content\/uploads\/2012\/06\/logo-valee-trail.png\" \/>\n\t<meta property=\"og:image:width\" content=\"201\" \/>\n\t<meta property=\"og:image:height\" content=\"203\" \/>\n\t<meta property=\"og:image:type\" content=\"image\/png\" \/>\n<meta name=\"twitter:label1\" content=\"\u00c9crit par\" \/>\n\t<meta name=\"twitter:data1\" content=\"Manu\" \/>\n\t<meta name=\"twitter:label2\" content=\"Dur\u00e9e de lecture estim\u00e9e\" \/>\n\t<meta name=\"twitter:data2\" content=\"1 minute\" \/>\n<script type=\"application\/ld+json\" class=\"yoast-schema-graph\">{\"@context\":\"https:\/\/schema.org\",\"@graph\":[{\"@type\":\"Organization\",\"@id\":\"https:\/\/www.wanarun.net\/blog\/#organization\",\"name\":\"Wanarun\",\"url\":\"https:\/\/www.wanarun.net\/blog\/\",\"sameAs\":[\"https:\/\/www.instagram.com\/wanarunnet\/\",\"https:\/\/www.youtube.com\/user\/wanarunnet\",\"https:\/\/www.facebook.com\/wanarun\/\",\"https:\/\/twitter.com\/wanarun\"],\"logo\":{\"@type\":\"ImageObject\",\"inLanguage\":\"fr-FR\",\"@id\":\"https:\/\/www.wanarun.net\/blog\/#\/schema\/logo\/image\/\",\"url\":\"https:\/\/www.wanarun.net\/blog\/wp-content\/uploads\/2018\/03\/logo-wanarun.jpg\",\"contentUrl\":\"https:\/\/www.wanarun.net\/blog\/wp-content\/uploads\/2018\/03\/logo-wanarun.jpg\",\"width\":1196,\"height\":1082,\"caption\":\"Wanarun\"},\"image\":{\"@id\":\"https:\/\/www.wanarun.net\/blog\/#\/schema\/logo\/image\/\"}},{\"@type\":\"WebSite\",\"@id\":\"https:\/\/www.wanarun.net\/blog\/#website\",\"url\":\"https:\/\/www.wanarun.net\/blog\/\",\"name\":\"Wanarun, le blog du running, du trail et de la course \u00e0 pied\",\"description\":\"Informations, remarques, avis, conseils sur la course \u00e0 pied.\",\"publisher\":{\"@id\":\"https:\/\/www.wanarun.net\/blog\/#organization\"},\"potentialAction\":[{\"@type\":\"SearchAction\",\"target\":{\"@type\":\"EntryPoint\",\"urlTemplate\":\"https:\/\/www.wanarun.net\/blog\/?s={search_term_string}\"},\"query-input\":\"required name=search_term_string\"}],\"inLanguage\":\"fr-FR\"},{\"@type\":\"ImageObject\",\"inLanguage\":\"fr-FR\",\"@id\":\"https:\/\/www.wanarun.net\/blog\/chamoinx-vallee-trail-23187.html#primaryimage\",\"url\":\"https:\/\/www.wanarun.net\/blog\/wp-content\/uploads\/2012\/06\/logo-valee-trail.png\",\"contentUrl\":\"https:\/\/www.wanarun.net\/blog\/wp-content\/uploads\/2012\/06\/logo-valee-trail.png\",\"width\":201,\"height\":203},{\"@type\":\"WebPage\",\"@id\":\"https:\/\/www.wanarun.net\/blog\/chamoinx-vallee-trail-23187.html#webpage\",\"url\":\"https:\/\/www.wanarun.net\/blog\/chamoinx-vallee-trail-23187.html\",\"name\":\"Chamonix : la vall\u00e9e du Trail\",\"isPartOf\":{\"@id\":\"https:\/\/www.wanarun.net\/blog\/#website\"},\"primaryImageOfPage\":{\"@id\":\"https:\/\/www.wanarun.net\/blog\/chamoinx-vallee-trail-23187.html#primaryimage\"},\"datePublished\":\"2012-06-30T13:19:30+00:00\",\"dateModified\":\"2012-06-30T13:20:47+00:00\",\"description\":\"A l'occasion du marathon du Mont-Blanc et \u00e0 l'aube d'une saison estivale qui fait de Chamonix et de la vall\u00e9e du Mont-Blanc, la Mecque du trail mondial\",\"breadcrumb\":{\"@id\":\"https:\/\/www.wanarun.net\/blog\/chamoinx-vallee-trail-23187.html#breadcrumb\"},\"inLanguage\":\"fr-FR\",\"potentialAction\":[{\"@type\":\"ReadAction\",\"target\":[\"https:\/\/www.wanarun.net\/blog\/chamoinx-vallee-trail-23187.html\"]}]},{\"@type\":\"BreadcrumbList\",\"@id\":\"https:\/\/www.wanarun.net\/blog\/chamoinx-vallee-trail-23187.html#breadcrumb\",\"itemListElement\":[{\"@type\":\"ListItem\",\"position\":1,\"name\":\"Chamonix : la vall\u00e9e du Trail\"}]},{\"@type\":\"Article\",\"@id\":\"https:\/\/www.wanarun.net\/blog\/chamoinx-vallee-trail-23187.html#article\",\"isPartOf\":{\"@id\":\"https:\/\/www.wanarun.net\/blog\/chamoinx-vallee-trail-23187.html#webpage\"},\"author\":{\"@id\":\"https:\/\/www.wanarun.net\/blog\/#\/schema\/person\/bfb3bc166306771639fdc2bc6ac79771\"},\"headline\":\"Chamonix : la vall\u00e9e du Trail\",\"datePublished\":\"2012-06-30T13:19:30+00:00\",\"dateModified\":\"2012-06-30T13:20:47+00:00\",\"mainEntityOfPage\":{\"@id\":\"https:\/\/www.wanarun.net\/blog\/chamoinx-vallee-trail-23187.html#webpage\"},\"wordCount\":210,\"commentCount\":0,\"publisher\":{\"@id\":\"https:\/\/www.wanarun.net\/blog\/#organization\"},\"image\":{\"@id\":\"https:\/\/www.wanarun.net\/blog\/chamoinx-vallee-trail-23187.html#primaryimage\"},\"thumbnailUrl\":\"https:\/\/www.wanarun.net\/blog\/wp-content\/uploads\/2012\/06\/logo-valee-trail.png\",\"keywords\":[\"Chamonix\",\"Trail\"],\"articleSection\":[\"voyage\"],\"inLanguage\":\"fr-FR\",\"potentialAction\":[{\"@type\":\"CommentAction\",\"name\":\"Comment\",\"target\":[\"https:\/\/www.wanarun.net\/blog\/chamoinx-vallee-trail-23187.html#respond\"]}]},{\"@type\":\"Person\",\"@id\":\"https:\/\/www.wanarun.net\/blog\/#\/schema\/person\/bfb3bc166306771639fdc2bc6ac79771\",\"name\":\"Manu\",\"image\":{\"@type\":\"ImageObject\",\"inLanguage\":\"fr-FR\",\"@id\":\"https:\/\/www.wanarun.net\/blog\/#\/schema\/person\/image\/\",\"url\":\"https:\/\/secure.gravatar.com\/avatar\/717b7c28298e2900c61bceb611a4918a?s=96&d=mm&r=g\",\"contentUrl\":\"https:\/\/secure.gravatar.com\/avatar\/717b7c28298e2900c61bceb611a4918a?s=96&d=mm&r=g\",\"caption\":\"Manu\"},\"sameAs\":[\"https:\/\/www.wanarun.net\"],\"url\":\"https:\/\/www.wanarun.net\/blog\/author\/admin\"}]}<\/script>\n<!-- \/ Yoast SEO plugin. -->","yoast_head_json":{"title":"Chamonix : la vall\u00e9e du Trail","description":"A l'occasion du marathon du Mont-Blanc et \u00e0 l'aube d'une saison estivale qui fait de Chamonix et de la vall\u00e9e du Mont-Blanc, la Mecque du trail mondial","robots":{"index":"index","follow":"follow","max-snippet":"max-snippet:-1","max-image-preview":"max-image-preview:large","max-video-preview":"max-video-preview:-1"},"canonical":"https:\/\/www.wanarun.net\/blog\/chamoinx-vallee-trail-23187.html","og_locale":"fr_FR","og_type":"article","og_title":"Chamonix : la vall\u00e9e du Trail","og_description":"A l'occasion du marathon du Mont-Blanc et \u00e0 l'aube d'une saison estivale qui fait de Chamonix et de la vall\u00e9e du Mont-Blanc, la Mecque du trail mondial","og_url":"https:\/\/www.wanarun.net\/blog\/chamoinx-vallee-trail-23187.html","og_site_name":"Wanarun, le blog du running, du trail et de la course \u00e0 pied","article_publisher":"https:\/\/www.facebook.com\/wanarun\/","article_published_time":"2012-06-30T13:19:30+00:00","article_modified_time":"2012-06-30T13:20:47+00:00","og_image":[{"width":201,"height":203,"url":"https:\/\/www.wanarun.net\/blog\/wp-content\/uploads\/2012\/06\/logo-valee-trail.png","type":"image\/png"}],"twitter_misc":{"\u00c9crit par":"Manu","Dur\u00e9e de lecture estim\u00e9e":"1 minute"},"schema":{"@context":"https:\/\/schema.org","@graph":[{"@type":"Organization","@id":"https:\/\/www.wanarun.net\/blog\/#organization","name":"Wanarun","url":"https:\/\/www.wanarun.net\/blog\/","sameAs":["https:\/\/www.instagram.com\/wanarunnet\/","https:\/\/www.youtube.com\/user\/wanarunnet","https:\/\/www.facebook.com\/wanarun\/","https:\/\/twitter.com\/wanarun"],"logo":{"@type":"ImageObject","inLanguage":"fr-FR","@id":"https:\/\/www.wanarun.net\/blog\/#\/schema\/logo\/image\/","url":"https:\/\/www.wanarun.net\/blog\/wp-content\/uploads\/2018\/03\/logo-wanarun.jpg","contentUrl":"https:\/\/www.wanarun.net\/blog\/wp-content\/uploads\/2018\/03\/logo-wanarun.jpg","width":1196,"height":1082,"caption":"Wanarun"},"image":{"@id":"https:\/\/www.wanarun.net\/blog\/#\/schema\/logo\/image\/"}},{"@type":"WebSite","@id":"https:\/\/www.wanarun.net\/blog\/#website","url":"https:\/\/www.wanarun.net\/blog\/","name":"Wanarun, le blog du running, du trail et de la course \u00e0 pied","description":"Informations, remarques, avis, conseils sur la course \u00e0 pied.","publisher":{"@id":"https:\/\/www.wanarun.net\/blog\/#organization"},"potentialAction":[{"@type":"SearchAction","target":{"@type":"EntryPoint","urlTemplate":"https:\/\/www.wanarun.net\/blog\/?s={search_term_string}"},"query-input":"required name=search_term_string"}],"inLanguage":"fr-FR"},{"@type":"ImageObject","inLanguage":"fr-FR","@id":"https:\/\/www.wanarun.net\/blog\/chamoinx-vallee-trail-23187.html#primaryimage","url":"https:\/\/www.wanarun.net\/blog\/wp-content\/uploads\/2012\/06\/logo-valee-trail.png","contentUrl":"https:\/\/www.wanarun.net\/blog\/wp-content\/uploads\/2012\/06\/logo-valee-trail.png","width":201,"height":203},{"@type":"WebPage","@id":"https:\/\/www.wanarun.net\/blog\/chamoinx-vallee-trail-23187.html#webpage","url":"https:\/\/www.wanarun.net\/blog\/chamoinx-vallee-trail-23187.html","name":"Chamonix : la vall\u00e9e du Trail","isPartOf":{"@id":"https:\/\/www.wanarun.net\/blog\/#website"},"primaryImageOfPage":{"@id":"https:\/\/www.wanarun.net\/blog\/chamoinx-vallee-trail-23187.html#primaryimage"},"datePublished":"2012-06-30T13:19:30+00:00","dateModified":"2012-06-30T13:20:47+00:00","description":"A l'occasion du marathon du Mont-Blanc et \u00e0 l'aube d'une saison estivale qui fait de Chamonix et de la vall\u00e9e du Mont-Blanc, la Mecque du trail mondial","breadcrumb":{"@id":"https:\/\/www.wanarun.net\/blog\/chamoinx-vallee-trail-23187.html#breadcrumb"},"inLanguage":"fr-FR","potentialAction":[{"@type":"ReadAction","target":["https:\/\/www.wanarun.net\/blog\/chamoinx-vallee-trail-23187.html"]}]},{"@type":"BreadcrumbList","@id":"https:\/\/www.wanarun.net\/blog\/chamoinx-vallee-trail-23187.html#breadcrumb","itemListElement":[{"@type":"ListItem","position":1,"name":"Chamonix : la vall\u00e9e du Trail"}]},{"@type":"Article","@id":"https:\/\/www.wanarun.net\/blog\/chamoinx-vallee-trail-23187.html#article","isPartOf":{"@id":"https:\/\/www.wanarun.net\/blog\/chamoinx-vallee-trail-23187.html#webpage"},"author":{"@id":"https:\/\/www.wanarun.net\/blog\/#\/schema\/person\/bfb3bc166306771639fdc2bc6ac79771"},"headline":"Chamonix : la vall\u00e9e du Trail","datePublished":"2012-06-30T13:19:30+00:00","dateModified":"2012-06-30T13:20:47+00:00","mainEntityOfPage":{"@id":"https:\/\/www.wanarun.net\/blog\/chamoinx-vallee-trail-23187.html#webpage"},"wordCount":210,"commentCount":0,"publisher":{"@id":"https:\/\/www.wanarun.net\/blog\/#organization"},"image":{"@id":"https:\/\/www.wanarun.net\/blog\/chamoinx-vallee-trail-23187.html#primaryimage"},"thumbnailUrl":"https:\/\/www.wanarun.net\/blog\/wp-content\/uploads\/2012\/06\/logo-valee-trail.png","keywords":["Chamonix","Trail"],"articleSection":["voyage"],"inLanguage":"fr-FR","potentialAction":[{"@type":"CommentAction","name":"Comment","target":["https:\/\/www.wanarun.net\/blog\/chamoinx-vallee-trail-23187.html#respond"]}]},{"@type":"Person","@id":"https:\/\/www.wanarun.net\/blog\/#\/schema\/person\/bfb3bc166306771639fdc2bc6ac79771","name":"Manu","image":{"@type":"ImageObject","inLanguage":"fr-FR","@id":"https:\/\/www.wanarun.net\/blog\/#\/schema\/person\/image\/","url":"https:\/\/secure.gravatar.com\/avatar\/717b7c28298e2900c61bceb611a4918a?s=96&d=mm&r=g","contentUrl":"https:\/\/secure.gravatar.com\/avatar\/717b7c28298e2900c61bceb611a4918a?s=96&d=mm&r=g","caption":"Manu"},"sameAs":["https:\/\/www.wanarun.net"],"url":"https:\/\/www.wanarun.net\/blog\/author\/admin"}]}},"_links":{"self":[{"href":"https:\/\/www.wanarun.net\/blog\/wp-json\/wp\/v2\/posts\/23187"}],"collection":[{"href":"https:\/\/www.wanarun.net\/blog\/wp-json\/wp\/v2\/posts"}],"about":[{"href":"https:\/\/www.wanarun.net\/blog\/wp-json\/wp\/v2\/types\/post"}],"author":[{"embeddable":true,"href":"https:\/\/www.wanarun.net\/blog\/wp-json\/wp\/v2\/users\/1"}],"replies":[{"embeddable":true,"href":"https:\/\/www.wanarun.net\/blog\/wp-json\/wp\/v2\/comments?post=23187"}],"version-history":[{"count":3,"href":"https:\/\/www.wanarun.net\/blog\/wp-json\/wp\/v2\/posts\/23187\/revisions"}],"predecessor-version":[{"id":23191,"href":"https:\/\/www.wanarun.net\/blog\/wp-json\/wp\/v2\/posts\/23187\/revisions\/23191"}],"wp:featuredmedia":[{"embeddable":true,"href":"https:\/\/www.wanarun.net\/blog\/wp-json\/wp\/v2\/media\/23188"}],"wp:attachment":[{"href":"https:\/\/www.wanarun.net\/blog\/wp-json\/wp\/v2\/media?parent=23187"}],"wp:term":[{"taxonomy":"category","embeddable":true,"href":"https:\/\/www.wanarun.net\/blog\/wp-json\/wp\/v2\/categories?post=23187"},{"taxonomy":"post_tag","embeddable":true,"href":"https:\/\/www.wanarun.net\/blog\/wp-json\/wp\/v2\/tags?post=23187"}],"curies":[{"name":"wp","href":"https:\/\/api.w.org\/{rel}","templated":true}]}}