{"id":22576,"date":"2012-05-31T18:00:14","date_gmt":"2012-05-31T17:00:14","guid":{"rendered":"http:\/\/www.wanarun.net\/blog\/?p=22576"},"modified":"2024-02-18T18:31:27","modified_gmt":"2024-02-18T17:31:27","slug":"et-pour-finir-leverest","status":"publish","type":"post","link":"https:\/\/www.wanarun.net\/blog\/et-pour-finir-leverest-22576.html","title":{"rendered":"Et pour finir, l\u2019Everest !"},"content":{"rendered":"<p>Il nous avait donn\u00e9 rendez-vous \u00e0 18 heures ce mardi 29 mai 2012 pour nous pr\u00e9senter le projet de sa vie, les sommets de sa vie ! Kilian Jornet Burgada, le ph\u00e9nom\u00e8ne, el f\u00e9nom\u00e9no (en espagnol dans le texte !) est donc apparu sur mon \u00e9cran d\u2019ordinateur vers 18h15. L\u00e0, devant moi, en direct, simple, en jean et chemisette, fascinant&#8230;<\/p>\n<p style=\"text-align: center;\">\u00a0<a href=\"https:\/\/www.wanarun.net\/blog\/wp-content\/uploads\/2012\/05\/kilian_summits_of_my_life.jpg\"><img loading=\"lazy\" class=\"size-full wp-image-22597 aligncenter\" title=\"kilian_summits_of_my_life\" src=\"https:\/\/www.wanarun.net\/blog\/wp-content\/uploads\/2012\/05\/kilian_summits_of_my_life.jpg\" alt=\"\" width=\"400\" height=\"271\" srcset=\"https:\/\/www.wanarun.net\/blog\/wp-content\/uploads\/2012\/05\/kilian_summits_of_my_life.jpg 400w, https:\/\/www.wanarun.net\/blog\/wp-content\/uploads\/2012\/05\/kilian_summits_of_my_life-300x203.jpg 300w\" sizes=\"(max-width: 400px) 100vw, 400px\" \/><\/a><\/p>\n<p><em>(copie d\u2019\u00e9cran site web <a href=\"http:\/\/www.summitsofmylife.com\/\" target=\"_blank\" rel=\"noopener\">www.summitsofmylife.com\/<\/a>)<\/em><\/p>\n<p>Quelques minutes auparavant, sur la droite de l\u2019\u00e9cran on avait pu d\u00e9couvrir LE projet, \u201c<a href=\"http:\/\/www.summitsofmylife.com\/\" target=\"_blank\" rel=\"noopener\">Summits of my life<\/a>\u201d, qui va entrainer Kilian, pendant 4 ann\u00e9es, sur les plus beaux sommets du monde.<\/p>\n<p>Le jeune espagnol (il aura seulement 25 ans en octobre prochain), grand sp\u00e9cialiste de ski-alpinisme, met les petits sommets dans les grands et annonce qu\u2019il va \u201ctenter des records d\u2019ascension et descente de quelques unes des montagnes les plus spectaculaires qui existent\u201d. Rien que cela ! Sans oublier d\u2019ajouter : \u201cl&rsquo;approche de ce projet ne signifie pas que je vais arr\u00eater les comp\u00e9titions de trail running ou ski alpinisme&#8230;\u201d.<\/p>\n<p>[vimeo]http:\/\/vimeo.com\/42632868[\/vimeo]<\/p>\n<p>Tout commencera cet \u00e9t\u00e9 avec deux travers\u00e9es dans le massif du Mont-Blanc. La premi\u00e8re, des Contamines \u00e0 Champex, et la deuxi\u00e8me de Courmayeur \u00e0 Chamonix en passant par le sommet du Mont-Blanc.<\/p>\n<p>En 2013 Kilian sera en Russie, au pied du mont Elbrus puis il s\u2019attaquera au record de Bruno Brunod qui gravit le Cervin en 3h14. Pour finir l\u2019ann\u00e9e, Jornet encha\u00eenera Chamonix &#8211; Mont-Blanc &#8211; Chamonix et tentera de prendre le record, vieux de 22 ans, \u00e0 Pierre Andr\u00e9 Goblet.<\/p>\n<p>\u201cEn 2014, nous allons traverser l&rsquo;Atlantique pour trouver les deux plus hauts sommets en Am\u00e9rique, l&rsquo;Aconcagua en Am\u00e9rique du Sud (Cordill\u00e8re des Andes) avec pr\u00e8s de 7.000m et le Mont McKinley en Alaska, un sommet avec des conditions m\u00e9t\u00e9orologiques difficiles\u201d.<\/p>\n<p>Avec Kilian quand il n\u2019y en a plus il y en a encore ! En 2015, il aura alors 28 ans, il s\u2019attaquera \u00e0 l\u2019Everest avec pour objectif de le gravir puis le descendre le plus rapidement possible.<\/p>\n<p>La bonne nouvelle est que Kilian Jornet embarque avec lui <a href=\"http:\/\/sebmontaz.com\/\" target=\"_blank\" rel=\"noopener\">S\u00e9bastien Montaz<\/a>. Nous sommes alors certains de vivre tous ces exploits film\u00e9s de l\u2019int\u00e9rieur et avec des images \u00e0 couper le souffle (il faut avoir vu <a href=\"http:\/\/sebmontaz.com\/videos\/69-i-believe-i-can-fly-flight-of-the-frenchies-trailer\" target=\"_blank\" rel=\"noopener\">I believe I can fly<\/a> ; rien \u00e0 voir avec le trail mais ce film est magnifique et \u00e0 couper le souffle).<\/p>\n<p>[vimeo]http:\/\/vimeo.com\/42977539[\/vimeo]<\/p>\n","protected":false},"excerpt":{"rendered":"<a href=\"https:\/\/www.wanarun.net\/blog\/et-pour-finir-leverest-22576.html\"><img width=\"150\" src=\"\" class=\"alignleft wp-post-image tfe\" alt=\"\" title=\"\" \/><\/a><p>Il nous avait donn\u00e9 rendez-vous \u00e0 18 heures ce mardi 29 mai 2012 pour nous pr\u00e9senter le projet de sa vie, les sommets de sa vie ! Kilian Jornet Burgada, le ph\u00e9nom\u00e8ne, el f\u00e9nom\u00e9no (en espagnol dans le texte !) est donc apparu sur mon \u00e9cran d\u2019ordinateur vers 18h15. L\u00e0, devant moi, en direct, simple, [&hellip;]<\/p>\n","protected":false},"author":18,"featured_media":0,"comment_status":"open","ping_status":"open","sticky":false,"template":"","format":"standard","meta":[],"categories":[18],"tags":[],"yoast_head":"<!-- This site is optimized with the Yoast SEO plugin v18.9 - https:\/\/yoast.com\/wordpress\/plugins\/seo\/ -->\n<title>Et pour finir, l\u2019Everest !<\/title>\n<meta name=\"description\" content=\"Il nous avait donn\u00e9 rendez-vous \u00e0 18 heures ce mardi 29 mai 2012 pour nous pr\u00e9senter le projet de sa vie, les sommets de sa vie ! Kilian Jornet Burgada,\" \/>\n<meta name=\"robots\" content=\"index, follow, max-snippet:-1, max-image-preview:large, max-video-preview:-1\" \/>\n<link rel=\"canonical\" href=\"https:\/\/www.wanarun.net\/blog\/et-pour-finir-leverest-22576.html\" \/>\n<meta property=\"og:locale\" content=\"fr_FR\" \/>\n<meta property=\"og:type\" content=\"article\" \/>\n<meta property=\"og:title\" content=\"Et pour finir, l\u2019Everest !\" \/>\n<meta property=\"og:description\" content=\"Il nous avait donn\u00e9 rendez-vous \u00e0 18 heures ce mardi 29 mai 2012 pour nous pr\u00e9senter le projet de sa vie, les sommets de sa vie ! Kilian Jornet Burgada,\" \/>\n<meta property=\"og:url\" content=\"https:\/\/www.wanarun.net\/blog\/et-pour-finir-leverest-22576.html\" \/>\n<meta property=\"og:site_name\" content=\"Wanarun, le blog du running, du trail et de la course \u00e0 pied\" \/>\n<meta property=\"article:publisher\" content=\"https:\/\/www.facebook.com\/wanarun\/\" \/>\n<meta property=\"article:published_time\" content=\"2012-05-31T17:00:14+00:00\" \/>\n<meta property=\"article:modified_time\" content=\"2024-02-18T17:31:27+00:00\" \/>\n<meta property=\"og:image\" content=\"https:\/\/www.wanarun.net\/blog\/wp-content\/uploads\/2012\/05\/kilian_summits_of_my_life.jpg\" \/>\n<meta name=\"twitter:label1\" content=\"\u00c9crit par\" \/>\n\t<meta name=\"twitter:data1\" content=\"Vincent\" \/>\n\t<meta name=\"twitter:label2\" content=\"Dur\u00e9e de lecture estim\u00e9e\" \/>\n\t<meta name=\"twitter:data2\" content=\"2 minutes\" \/>\n<script type=\"application\/ld+json\" class=\"yoast-schema-graph\">{\"@context\":\"https:\/\/schema.org\",\"@graph\":[{\"@type\":\"Organization\",\"@id\":\"https:\/\/www.wanarun.net\/blog\/#organization\",\"name\":\"Wanarun\",\"url\":\"https:\/\/www.wanarun.net\/blog\/\",\"sameAs\":[\"https:\/\/www.instagram.com\/wanarunnet\/\",\"https:\/\/www.youtube.com\/user\/wanarunnet\",\"https:\/\/www.facebook.com\/wanarun\/\",\"https:\/\/twitter.com\/wanarun\"],\"logo\":{\"@type\":\"ImageObject\",\"inLanguage\":\"fr-FR\",\"@id\":\"https:\/\/www.wanarun.net\/blog\/#\/schema\/logo\/image\/\",\"url\":\"https:\/\/www.wanarun.net\/blog\/wp-content\/uploads\/2018\/03\/logo-wanarun.jpg\",\"contentUrl\":\"https:\/\/www.wanarun.net\/blog\/wp-content\/uploads\/2018\/03\/logo-wanarun.jpg\",\"width\":1196,\"height\":1082,\"caption\":\"Wanarun\"},\"image\":{\"@id\":\"https:\/\/www.wanarun.net\/blog\/#\/schema\/logo\/image\/\"}},{\"@type\":\"WebSite\",\"@id\":\"https:\/\/www.wanarun.net\/blog\/#website\",\"url\":\"https:\/\/www.wanarun.net\/blog\/\",\"name\":\"Wanarun, le blog du running, du trail et de la course \u00e0 pied\",\"description\":\"Informations, remarques, avis, conseils sur la course \u00e0 pied.\",\"publisher\":{\"@id\":\"https:\/\/www.wanarun.net\/blog\/#organization\"},\"potentialAction\":[{\"@type\":\"SearchAction\",\"target\":{\"@type\":\"EntryPoint\",\"urlTemplate\":\"https:\/\/www.wanarun.net\/blog\/?s={search_term_string}\"},\"query-input\":\"required name=search_term_string\"}],\"inLanguage\":\"fr-FR\"},{\"@type\":\"ImageObject\",\"inLanguage\":\"fr-FR\",\"@id\":\"https:\/\/www.wanarun.net\/blog\/et-pour-finir-leverest-22576.html#primaryimage\",\"url\":\"https:\/\/www.wanarun.net\/blog\/wp-content\/uploads\/2012\/05\/kilian_summits_of_my_life.jpg\",\"contentUrl\":\"https:\/\/www.wanarun.net\/blog\/wp-content\/uploads\/2012\/05\/kilian_summits_of_my_life.jpg\",\"width\":400,\"height\":271},{\"@type\":\"WebPage\",\"@id\":\"https:\/\/www.wanarun.net\/blog\/et-pour-finir-leverest-22576.html#webpage\",\"url\":\"https:\/\/www.wanarun.net\/blog\/et-pour-finir-leverest-22576.html\",\"name\":\"Et pour finir, l\u2019Everest !\",\"isPartOf\":{\"@id\":\"https:\/\/www.wanarun.net\/blog\/#website\"},\"primaryImageOfPage\":{\"@id\":\"https:\/\/www.wanarun.net\/blog\/et-pour-finir-leverest-22576.html#primaryimage\"},\"datePublished\":\"2012-05-31T17:00:14+00:00\",\"dateModified\":\"2024-02-18T17:31:27+00:00\",\"description\":\"Il nous avait donn\u00e9 rendez-vous \u00e0 18 heures ce mardi 29 mai 2012 pour nous pr\u00e9senter le projet de sa vie, les sommets de sa vie ! Kilian Jornet Burgada,\",\"breadcrumb\":{\"@id\":\"https:\/\/www.wanarun.net\/blog\/et-pour-finir-leverest-22576.html#breadcrumb\"},\"inLanguage\":\"fr-FR\",\"potentialAction\":[{\"@type\":\"ReadAction\",\"target\":[\"https:\/\/www.wanarun.net\/blog\/et-pour-finir-leverest-22576.html\"]}]},{\"@type\":\"BreadcrumbList\",\"@id\":\"https:\/\/www.wanarun.net\/blog\/et-pour-finir-leverest-22576.html#breadcrumb\",\"itemListElement\":[{\"@type\":\"ListItem\",\"position\":1,\"name\":\"Et pour finir, l\u2019Everest !\"}]},{\"@type\":\"Article\",\"@id\":\"https:\/\/www.wanarun.net\/blog\/et-pour-finir-leverest-22576.html#article\",\"isPartOf\":{\"@id\":\"https:\/\/www.wanarun.net\/blog\/et-pour-finir-leverest-22576.html#webpage\"},\"author\":{\"@id\":\"https:\/\/www.wanarun.net\/blog\/#\/schema\/person\/9c652272e54781c67072549fab29efea\"},\"headline\":\"Et pour finir, l\u2019Everest !\",\"datePublished\":\"2012-05-31T17:00:14+00:00\",\"dateModified\":\"2024-02-18T17:31:27+00:00\",\"mainEntityOfPage\":{\"@id\":\"https:\/\/www.wanarun.net\/blog\/et-pour-finir-leverest-22576.html#webpage\"},\"wordCount\":412,\"commentCount\":0,\"publisher\":{\"@id\":\"https:\/\/www.wanarun.net\/blog\/#organization\"},\"image\":{\"@id\":\"https:\/\/www.wanarun.net\/blog\/et-pour-finir-leverest-22576.html#primaryimage\"},\"thumbnailUrl\":\"https:\/\/www.wanarun.net\/blog\/wp-content\/uploads\/2012\/05\/kilian_summits_of_my_life.jpg\",\"articleSection\":[\"Challenges\"],\"inLanguage\":\"fr-FR\",\"potentialAction\":[{\"@type\":\"CommentAction\",\"name\":\"Comment\",\"target\":[\"https:\/\/www.wanarun.net\/blog\/et-pour-finir-leverest-22576.html#respond\"]}]},{\"@type\":\"Person\",\"@id\":\"https:\/\/www.wanarun.net\/blog\/#\/schema\/person\/9c652272e54781c67072549fab29efea\",\"name\":\"Vincent\",\"image\":{\"@type\":\"ImageObject\",\"inLanguage\":\"fr-FR\",\"@id\":\"https:\/\/www.wanarun.net\/blog\/#\/schema\/person\/image\/\",\"url\":\"https:\/\/secure.gravatar.com\/avatar\/0cb3c1a4d350c7c55a794e44667e2830?s=96&d=mm&r=g\",\"contentUrl\":\"https:\/\/secure.gravatar.com\/avatar\/0cb3c1a4d350c7c55a794e44667e2830?s=96&d=mm&r=g\",\"caption\":\"Vincent\"},\"sameAs\":[\"http:\/\/www.les4bellais.fr\"],\"url\":\"https:\/\/www.wanarun.net\/blog\/author\/vincent\"}]}<\/script>\n<!-- \/ Yoast SEO plugin. -->","yoast_head_json":{"title":"Et pour finir, l\u2019Everest !","description":"Il nous avait donn\u00e9 rendez-vous \u00e0 18 heures ce mardi 29 mai 2012 pour nous pr\u00e9senter le projet de sa vie, les sommets de sa vie ! Kilian Jornet Burgada,","robots":{"index":"index","follow":"follow","max-snippet":"max-snippet:-1","max-image-preview":"max-image-preview:large","max-video-preview":"max-video-preview:-1"},"canonical":"https:\/\/www.wanarun.net\/blog\/et-pour-finir-leverest-22576.html","og_locale":"fr_FR","og_type":"article","og_title":"Et pour finir, l\u2019Everest !","og_description":"Il nous avait donn\u00e9 rendez-vous \u00e0 18 heures ce mardi 29 mai 2012 pour nous pr\u00e9senter le projet de sa vie, les sommets de sa vie ! Kilian Jornet Burgada,","og_url":"https:\/\/www.wanarun.net\/blog\/et-pour-finir-leverest-22576.html","og_site_name":"Wanarun, le blog du running, du trail et de la course \u00e0 pied","article_publisher":"https:\/\/www.facebook.com\/wanarun\/","article_published_time":"2012-05-31T17:00:14+00:00","article_modified_time":"2024-02-18T17:31:27+00:00","og_image":[{"url":"https:\/\/www.wanarun.net\/blog\/wp-content\/uploads\/2012\/05\/kilian_summits_of_my_life.jpg"}],"twitter_misc":{"\u00c9crit par":"Vincent","Dur\u00e9e de lecture estim\u00e9e":"2 minutes"},"schema":{"@context":"https:\/\/schema.org","@graph":[{"@type":"Organization","@id":"https:\/\/www.wanarun.net\/blog\/#organization","name":"Wanarun","url":"https:\/\/www.wanarun.net\/blog\/","sameAs":["https:\/\/www.instagram.com\/wanarunnet\/","https:\/\/www.youtube.com\/user\/wanarunnet","https:\/\/www.facebook.com\/wanarun\/","https:\/\/twitter.com\/wanarun"],"logo":{"@type":"ImageObject","inLanguage":"fr-FR","@id":"https:\/\/www.wanarun.net\/blog\/#\/schema\/logo\/image\/","url":"https:\/\/www.wanarun.net\/blog\/wp-content\/uploads\/2018\/03\/logo-wanarun.jpg","contentUrl":"https:\/\/www.wanarun.net\/blog\/wp-content\/uploads\/2018\/03\/logo-wanarun.jpg","width":1196,"height":1082,"caption":"Wanarun"},"image":{"@id":"https:\/\/www.wanarun.net\/blog\/#\/schema\/logo\/image\/"}},{"@type":"WebSite","@id":"https:\/\/www.wanarun.net\/blog\/#website","url":"https:\/\/www.wanarun.net\/blog\/","name":"Wanarun, le blog du running, du trail et de la course \u00e0 pied","description":"Informations, remarques, avis, conseils sur la course \u00e0 pied.","publisher":{"@id":"https:\/\/www.wanarun.net\/blog\/#organization"},"potentialAction":[{"@type":"SearchAction","target":{"@type":"EntryPoint","urlTemplate":"https:\/\/www.wanarun.net\/blog\/?s={search_term_string}"},"query-input":"required name=search_term_string"}],"inLanguage":"fr-FR"},{"@type":"ImageObject","inLanguage":"fr-FR","@id":"https:\/\/www.wanarun.net\/blog\/et-pour-finir-leverest-22576.html#primaryimage","url":"https:\/\/www.wanarun.net\/blog\/wp-content\/uploads\/2012\/05\/kilian_summits_of_my_life.jpg","contentUrl":"https:\/\/www.wanarun.net\/blog\/wp-content\/uploads\/2012\/05\/kilian_summits_of_my_life.jpg","width":400,"height":271},{"@type":"WebPage","@id":"https:\/\/www.wanarun.net\/blog\/et-pour-finir-leverest-22576.html#webpage","url":"https:\/\/www.wanarun.net\/blog\/et-pour-finir-leverest-22576.html","name":"Et pour finir, l\u2019Everest !","isPartOf":{"@id":"https:\/\/www.wanarun.net\/blog\/#website"},"primaryImageOfPage":{"@id":"https:\/\/www.wanarun.net\/blog\/et-pour-finir-leverest-22576.html#primaryimage"},"datePublished":"2012-05-31T17:00:14+00:00","dateModified":"2024-02-18T17:31:27+00:00","description":"Il nous avait donn\u00e9 rendez-vous \u00e0 18 heures ce mardi 29 mai 2012 pour nous pr\u00e9senter le projet de sa vie, les sommets de sa vie ! Kilian Jornet Burgada,","breadcrumb":{"@id":"https:\/\/www.wanarun.net\/blog\/et-pour-finir-leverest-22576.html#breadcrumb"},"inLanguage":"fr-FR","potentialAction":[{"@type":"ReadAction","target":["https:\/\/www.wanarun.net\/blog\/et-pour-finir-leverest-22576.html"]}]},{"@type":"BreadcrumbList","@id":"https:\/\/www.wanarun.net\/blog\/et-pour-finir-leverest-22576.html#breadcrumb","itemListElement":[{"@type":"ListItem","position":1,"name":"Et pour finir, l\u2019Everest !"}]},{"@type":"Article","@id":"https:\/\/www.wanarun.net\/blog\/et-pour-finir-leverest-22576.html#article","isPartOf":{"@id":"https:\/\/www.wanarun.net\/blog\/et-pour-finir-leverest-22576.html#webpage"},"author":{"@id":"https:\/\/www.wanarun.net\/blog\/#\/schema\/person\/9c652272e54781c67072549fab29efea"},"headline":"Et pour finir, l\u2019Everest !","datePublished":"2012-05-31T17:00:14+00:00","dateModified":"2024-02-18T17:31:27+00:00","mainEntityOfPage":{"@id":"https:\/\/www.wanarun.net\/blog\/et-pour-finir-leverest-22576.html#webpage"},"wordCount":412,"commentCount":0,"publisher":{"@id":"https:\/\/www.wanarun.net\/blog\/#organization"},"image":{"@id":"https:\/\/www.wanarun.net\/blog\/et-pour-finir-leverest-22576.html#primaryimage"},"thumbnailUrl":"https:\/\/www.wanarun.net\/blog\/wp-content\/uploads\/2012\/05\/kilian_summits_of_my_life.jpg","articleSection":["Challenges"],"inLanguage":"fr-FR","potentialAction":[{"@type":"CommentAction","name":"Comment","target":["https:\/\/www.wanarun.net\/blog\/et-pour-finir-leverest-22576.html#respond"]}]},{"@type":"Person","@id":"https:\/\/www.wanarun.net\/blog\/#\/schema\/person\/9c652272e54781c67072549fab29efea","name":"Vincent","image":{"@type":"ImageObject","inLanguage":"fr-FR","@id":"https:\/\/www.wanarun.net\/blog\/#\/schema\/person\/image\/","url":"https:\/\/secure.gravatar.com\/avatar\/0cb3c1a4d350c7c55a794e44667e2830?s=96&d=mm&r=g","contentUrl":"https:\/\/secure.gravatar.com\/avatar\/0cb3c1a4d350c7c55a794e44667e2830?s=96&d=mm&r=g","caption":"Vincent"},"sameAs":["http:\/\/www.les4bellais.fr"],"url":"https:\/\/www.wanarun.net\/blog\/author\/vincent"}]}},"_links":{"self":[{"href":"https:\/\/www.wanarun.net\/blog\/wp-json\/wp\/v2\/posts\/22576"}],"collection":[{"href":"https:\/\/www.wanarun.net\/blog\/wp-json\/wp\/v2\/posts"}],"about":[{"href":"https:\/\/www.wanarun.net\/blog\/wp-json\/wp\/v2\/types\/post"}],"author":[{"embeddable":true,"href":"https:\/\/www.wanarun.net\/blog\/wp-json\/wp\/v2\/users\/18"}],"replies":[{"embeddable":true,"href":"https:\/\/www.wanarun.net\/blog\/wp-json\/wp\/v2\/comments?post=22576"}],"version-history":[{"count":28,"href":"https:\/\/www.wanarun.net\/blog\/wp-json\/wp\/v2\/posts\/22576\/revisions"}],"predecessor-version":[{"id":72669,"href":"https:\/\/www.wanarun.net\/blog\/wp-json\/wp\/v2\/posts\/22576\/revisions\/72669"}],"wp:attachment":[{"href":"https:\/\/www.wanarun.net\/blog\/wp-json\/wp\/v2\/media?parent=22576"}],"wp:term":[{"taxonomy":"category","embeddable":true,"href":"https:\/\/www.wanarun.net\/blog\/wp-json\/wp\/v2\/categories?post=22576"},{"taxonomy":"post_tag","embeddable":true,"href":"https:\/\/www.wanarun.net\/blog\/wp-json\/wp\/v2\/tags?post=22576"}],"curies":[{"name":"wp","href":"https:\/\/api.w.org\/{rel}","templated":true}]}}