{"id":21573,"date":"2012-04-16T06:00:09","date_gmt":"2012-04-16T05:00:09","guid":{"rendered":"http:\/\/www.wanarun.net\/blog\/?p=21573"},"modified":"2012-04-15T20:35:31","modified_gmt":"2012-04-15T19:35:31","slug":"100km-de-belves-2012-compte-rendu-resultats-et-photos","status":"publish","type":"post","link":"https:\/\/www.wanarun.net\/blog\/100km-de-belves-2012-compte-rendu-resultats-et-photos-21573.html","title":{"rendered":"100km de Belves 2012 : Compte-rendu, r\u00e9sultats et photos"},"content":{"rendered":"<p><a class=\"gallery-link\" href=\"https:\/\/www.wanarun.net\/blog\/wp-content\/uploads\/2012\/04\/100km-de-belves-2012-2.jpg\"><img loading=\"lazy\" class=\"alignleft size-thumbnail wp-image-21577\" title=\"OLYMPUS DIGITAL CAMERA\" src=\"https:\/\/www.wanarun.net\/blog\/wp-content\/uploads\/2012\/04\/100km-de-belves-2012-2-150x150.jpg\" alt=\"\" width=\"150\" height=\"150\" srcset=\"https:\/\/www.wanarun.net\/blog\/wp-content\/uploads\/2012\/04\/100km-de-belves-2012-2-150x150.jpg 150w, https:\/\/www.wanarun.net\/blog\/wp-content\/uploads\/2012\/04\/100km-de-belves-2012-2-100x100.jpg 100w\" sizes=\"(max-width: 150px) 100vw, 150px\" \/><\/a><strong>Lacombe, champion de France !<\/strong><\/p>\n<p>Apr\u00e8s un d\u00e9part \u00e0 8h au centre du village sous une temp\u00e9rature fra\u00eeche proche de 3\u00b0C, le millier de coureurs et marcheurs, r\u00e9partis sur le 100km donc (600) supports des champions de France de la sp\u00e9cialit\u00e9 et le 50km (300) s&rsquo;en est all\u00e9 sur les petites routes de campagne si fr\u00e9quentes dans le P\u00e9rigord. Les conditions m\u00e9t\u00e9os \u00e9taient donc quasi id\u00e9ales avec pas trop de vent et une temp\u00e9rature allant en montant un petit peu au fil des heures, mais le parcours, toujours aussi difficile, est \u00e0 chaque fois dur \u00e0 n\u00e9gocier. On part en descendant, mais la m\u00eame bosse au retour pour finir fait peur \u00e0 tous. Pour le moment sur le 50km, on sait que Francis Ingl\u00e9s n&rsquo;a pas doubl\u00e9 la mise. Il a tenu longtemps dans la foul\u00e9e de Julien Beuvais, le gars du coin, mais celui-ci l&#8217;emporte donc au final en 3h10&prime;. Francis est \u00e0 8&prime; et Philippe Brillet troisi\u00e8me en 3h35&rsquo;&#8230; Sur le 100km, c&rsquo;est finalement notre sympathique ami de Rodez, R\u00e9gis Lacombe qui est all\u00e9 chercher le titre tant convoit\u00e9. On se souvient que l&rsquo;homme tr\u00e8s volontaire dans ses pr\u00e9parations avait d\u00e9j\u00e0 gagn\u00e9 \u00e0 Millau il y a quelques ann\u00e9es. Il avait aussi obtenu quelques s\u00e9lections en \u00e9quipe de France sur la distance et puis avait un peu lev\u00e9 le pied. Cette fois apr\u00e8s un d\u00e9part prudent, il va tranquillement remonter sur la t\u00eate, passant de la cinqui\u00e8me \u00e0 la quatri\u00e8me place puis revenant sur les autres pour conclure en 7h21&prime;. Un tr\u00e8s beau score au vu du parcours. Alain Maurel est deuxi\u00e8me.et Herv\u00e9 Seitz, d\u00e9j\u00e0 tr\u00e8s bien class\u00e9 lors du dernier Millau, finit troisi\u00e8me. M\u00e9daille de bronze donc pour une superbe cons\u00e9cration \u00e0 ce passionn\u00e9 qui le m\u00e9rite vraiment. Et aussi Vincent Rivoire, l&rsquo;aventurier toulousain, en tout juste moins de 8h, termine premier de sa cat\u00e9gorie des V2. Champion de France donc ! On notera aussi sur le 50km pour compl\u00e9ter donc le compte-rendu que Laure Boissieras, encore espoir, l&#8217;emporte devant V\u00e9ronique Jumeau, en 4h01&prime; contre 4h02&prime;. Ce fut chaud&#8230;<\/p>\n\n\t\t<style type=\"text\/css\">\n\t\t\t#gallery-1 {\n\t\t\t\tmargin: auto;\n\t\t\t}\n\t\t\t#gallery-1 .gallery-item {\n\t\t\t\tfloat: left;\n\t\t\t\tmargin-top: 10px;\n\t\t\t\ttext-align: center;\n\t\t\t\twidth: 50%;\n\t\t\t}\n\t\t\t#gallery-1 img {\n\t\t\t\tborder: 2px solid #cfcfcf;\n\t\t\t}\n\t\t\t#gallery-1 .gallery-caption {\n\t\t\t\tmargin-left: 0;\n\t\t\t}\n\t\t\t\/* see gallery_shortcode() in wp-includes\/media.php *\/\n\t\t<\/style>\n\t\t<div id='gallery-1' class='gallery galleryid-21573 gallery-columns-2 gallery-size-thumbnail'><dl class='gallery-item'>\n\t\t\t<dt class='gallery-icon landscape'>\n\t\t\t\t<a href='https:\/\/www.wanarun.net\/blog\/wp-content\/uploads\/2012\/04\/100km-de-belves-2012-5.jpg'><img width=\"150\" height=\"150\" src=\"https:\/\/www.wanarun.net\/blog\/wp-content\/uploads\/2012\/04\/100km-de-belves-2012-5-150x150.jpg\" class=\"attachment-thumbnail size-thumbnail\" alt=\"\" loading=\"lazy\" srcset=\"https:\/\/www.wanarun.net\/blog\/wp-content\/uploads\/2012\/04\/100km-de-belves-2012-5-150x150.jpg 150w, https:\/\/www.wanarun.net\/blog\/wp-content\/uploads\/2012\/04\/100km-de-belves-2012-5-100x100.jpg 100w\" sizes=\"(max-width: 150px) 100vw, 150px\" \/><\/a>\n\t\t\t<\/dt><\/dl><dl class='gallery-item'>\n\t\t\t<dt class='gallery-icon landscape'>\n\t\t\t\t<a href='https:\/\/www.wanarun.net\/blog\/wp-content\/uploads\/2012\/04\/100km-de-belves-2012-4.jpg'><img width=\"150\" height=\"150\" src=\"https:\/\/www.wanarun.net\/blog\/wp-content\/uploads\/2012\/04\/100km-de-belves-2012-4-150x150.jpg\" class=\"attachment-thumbnail size-thumbnail\" alt=\"\" loading=\"lazy\" srcset=\"https:\/\/www.wanarun.net\/blog\/wp-content\/uploads\/2012\/04\/100km-de-belves-2012-4-150x150.jpg 150w, https:\/\/www.wanarun.net\/blog\/wp-content\/uploads\/2012\/04\/100km-de-belves-2012-4-100x100.jpg 100w\" sizes=\"(max-width: 150px) 100vw, 150px\" \/><\/a>\n\t\t\t<\/dt><\/dl><br style=\"clear: both\" \/><dl class='gallery-item'>\n\t\t\t<dt class='gallery-icon landscape'>\n\t\t\t\t<a href='https:\/\/www.wanarun.net\/blog\/wp-content\/uploads\/2012\/04\/100km-de-belves-2012-3.jpg'><img width=\"150\" height=\"150\" src=\"https:\/\/www.wanarun.net\/blog\/wp-content\/uploads\/2012\/04\/100km-de-belves-2012-3-150x150.jpg\" class=\"attachment-thumbnail size-thumbnail\" alt=\"\" loading=\"lazy\" srcset=\"https:\/\/www.wanarun.net\/blog\/wp-content\/uploads\/2012\/04\/100km-de-belves-2012-3-150x150.jpg 150w, https:\/\/www.wanarun.net\/blog\/wp-content\/uploads\/2012\/04\/100km-de-belves-2012-3-100x100.jpg 100w\" sizes=\"(max-width: 150px) 100vw, 150px\" \/><\/a>\n\t\t\t<\/dt><\/dl><dl class='gallery-item'>\n\t\t\t<dt class='gallery-icon landscape'>\n\t\t\t\t<a href='https:\/\/www.wanarun.net\/blog\/wp-content\/uploads\/2012\/04\/100km-de-belves-2012-2.jpg'><img width=\"150\" height=\"150\" src=\"https:\/\/www.wanarun.net\/blog\/wp-content\/uploads\/2012\/04\/100km-de-belves-2012-2-150x150.jpg\" class=\"attachment-thumbnail size-thumbnail\" alt=\"\" loading=\"lazy\" srcset=\"https:\/\/www.wanarun.net\/blog\/wp-content\/uploads\/2012\/04\/100km-de-belves-2012-2-150x150.jpg 150w, https:\/\/www.wanarun.net\/blog\/wp-content\/uploads\/2012\/04\/100km-de-belves-2012-2-100x100.jpg 100w\" sizes=\"(max-width: 150px) 100vw, 150px\" \/><\/a>\n\t\t\t<\/dt><\/dl><br style=\"clear: both\" \/><dl class='gallery-item'>\n\t\t\t<dt class='gallery-icon landscape'>\n\t\t\t\t<a href='https:\/\/www.wanarun.net\/blog\/wp-content\/uploads\/2012\/04\/100km-de-belves-2012-1.jpg'><img width=\"150\" height=\"150\" src=\"https:\/\/www.wanarun.net\/blog\/wp-content\/uploads\/2012\/04\/100km-de-belves-2012-1-150x150.jpg\" class=\"attachment-thumbnail size-thumbnail\" alt=\"\" loading=\"lazy\" srcset=\"https:\/\/www.wanarun.net\/blog\/wp-content\/uploads\/2012\/04\/100km-de-belves-2012-1-150x150.jpg 150w, https:\/\/www.wanarun.net\/blog\/wp-content\/uploads\/2012\/04\/100km-de-belves-2012-1-100x100.jpg 100w\" sizes=\"(max-width: 150px) 100vw, 150px\" \/><\/a>\n\t\t\t<\/dt><\/dl>\n\t\t\t<br style='clear: both' \/>\n\t\t<\/div>\n\n","protected":false},"excerpt":{"rendered":"<a href=\"https:\/\/www.wanarun.net\/blog\/100km-de-belves-2012-compte-rendu-resultats-et-photos-21573.html\"><img width=\"150\" height=\"150\" src=\"https:\/\/www.wanarun.net\/blog\/wp-content\/uploads\/2012\/04\/100km-de-belves-2012-1-150x150.jpg\" class=\"alignleft tfe wp-post-image\" alt=\"\" loading=\"lazy\" srcset=\"https:\/\/www.wanarun.net\/blog\/wp-content\/uploads\/2012\/04\/100km-de-belves-2012-1-150x150.jpg 150w, https:\/\/www.wanarun.net\/blog\/wp-content\/uploads\/2012\/04\/100km-de-belves-2012-1-100x100.jpg 100w\" sizes=\"(max-width: 150px) 100vw, 150px\" \/><\/a><p>Lacombe, champion de France ! Apr\u00e8s un d\u00e9part \u00e0 8h au centre du village sous une temp\u00e9rature fra\u00eeche proche de 3\u00b0C, le millier de coureurs et marcheurs, r\u00e9partis sur le 100km donc (600) supports des champions de France de la sp\u00e9cialit\u00e9 et le 50km (300) s&rsquo;en est all\u00e9 sur les petites routes de campagne si [&hellip;]<\/p>\n","protected":false},"author":37,"featured_media":21578,"comment_status":"open","ping_status":"open","sticky":false,"template":"","format":"standard","meta":[],"categories":[1227],"tags":[898,336],"yoast_head":"<!-- This site is optimized with the Yoast SEO plugin v18.9 - https:\/\/yoast.com\/wordpress\/plugins\/seo\/ -->\n<title>100km de Belves 2012 : Compte-rendu, r\u00e9sultats et photos<\/title>\n<meta name=\"description\" content=\"Lacombe, champion de France ! Apr\u00e8s un d\u00e9part \u00e0 8h au centre du village sous une temp\u00e9rature fra\u00eeche proche de 3\u00b0C, le millier de coureurs et marcheurs,\" \/>\n<meta name=\"robots\" content=\"index, follow, max-snippet:-1, max-image-preview:large, max-video-preview:-1\" \/>\n<link rel=\"canonical\" href=\"https:\/\/www.wanarun.net\/blog\/100km-de-belves-2012-compte-rendu-resultats-et-photos-21573.html\" \/>\n<meta property=\"og:locale\" content=\"fr_FR\" \/>\n<meta property=\"og:type\" content=\"article\" \/>\n<meta property=\"og:title\" content=\"100km de Belves 2012 : Compte-rendu, r\u00e9sultats et photos\" \/>\n<meta property=\"og:description\" content=\"Lacombe, champion de France ! Apr\u00e8s un d\u00e9part \u00e0 8h au centre du village sous une temp\u00e9rature fra\u00eeche proche de 3\u00b0C, le millier de coureurs et marcheurs,\" \/>\n<meta property=\"og:url\" content=\"https:\/\/www.wanarun.net\/blog\/100km-de-belves-2012-compte-rendu-resultats-et-photos-21573.html\" \/>\n<meta property=\"og:site_name\" content=\"Wanarun, le blog du running, du trail et de la course \u00e0 pied\" \/>\n<meta property=\"article:publisher\" content=\"https:\/\/www.facebook.com\/wanarun\/\" \/>\n<meta property=\"article:published_time\" content=\"2012-04-16T05:00:09+00:00\" \/>\n<meta property=\"article:modified_time\" content=\"2012-04-15T19:35:31+00:00\" \/>\n<meta property=\"og:image\" content=\"https:\/\/www.wanarun.net\/blog\/wp-content\/uploads\/2012\/04\/100km-de-belves-2012-1.jpg\" \/>\n\t<meta property=\"og:image:width\" content=\"2288\" \/>\n\t<meta property=\"og:image:height\" content=\"1712\" \/>\n\t<meta property=\"og:image:type\" content=\"image\/jpeg\" \/>\n<meta name=\"twitter:label1\" content=\"\u00c9crit par\" \/>\n\t<meta name=\"twitter:data1\" content=\"remy\" \/>\n\t<meta name=\"twitter:label2\" content=\"Dur\u00e9e de lecture estim\u00e9e\" \/>\n\t<meta name=\"twitter:data2\" content=\"2 minutes\" \/>\n<script type=\"application\/ld+json\" class=\"yoast-schema-graph\">{\"@context\":\"https:\/\/schema.org\",\"@graph\":[{\"@type\":\"Organization\",\"@id\":\"https:\/\/www.wanarun.net\/blog\/#organization\",\"name\":\"Wanarun\",\"url\":\"https:\/\/www.wanarun.net\/blog\/\",\"sameAs\":[\"https:\/\/www.instagram.com\/wanarunnet\/\",\"https:\/\/www.youtube.com\/user\/wanarunnet\",\"https:\/\/www.facebook.com\/wanarun\/\",\"https:\/\/twitter.com\/wanarun\"],\"logo\":{\"@type\":\"ImageObject\",\"inLanguage\":\"fr-FR\",\"@id\":\"https:\/\/www.wanarun.net\/blog\/#\/schema\/logo\/image\/\",\"url\":\"https:\/\/www.wanarun.net\/blog\/wp-content\/uploads\/2018\/03\/logo-wanarun.jpg\",\"contentUrl\":\"https:\/\/www.wanarun.net\/blog\/wp-content\/uploads\/2018\/03\/logo-wanarun.jpg\",\"width\":1196,\"height\":1082,\"caption\":\"Wanarun\"},\"image\":{\"@id\":\"https:\/\/www.wanarun.net\/blog\/#\/schema\/logo\/image\/\"}},{\"@type\":\"WebSite\",\"@id\":\"https:\/\/www.wanarun.net\/blog\/#website\",\"url\":\"https:\/\/www.wanarun.net\/blog\/\",\"name\":\"Wanarun, le blog du running, du trail et de la course \u00e0 pied\",\"description\":\"Informations, remarques, avis, conseils sur la course \u00e0 pied.\",\"publisher\":{\"@id\":\"https:\/\/www.wanarun.net\/blog\/#organization\"},\"potentialAction\":[{\"@type\":\"SearchAction\",\"target\":{\"@type\":\"EntryPoint\",\"urlTemplate\":\"https:\/\/www.wanarun.net\/blog\/?s={search_term_string}\"},\"query-input\":\"required name=search_term_string\"}],\"inLanguage\":\"fr-FR\"},{\"@type\":\"ImageObject\",\"inLanguage\":\"fr-FR\",\"@id\":\"https:\/\/www.wanarun.net\/blog\/100km-de-belves-2012-compte-rendu-resultats-et-photos-21573.html#primaryimage\",\"url\":\"https:\/\/www.wanarun.net\/blog\/wp-content\/uploads\/2012\/04\/100km-de-belves-2012-1.jpg\",\"contentUrl\":\"https:\/\/www.wanarun.net\/blog\/wp-content\/uploads\/2012\/04\/100km-de-belves-2012-1.jpg\",\"width\":2288,\"height\":1712},{\"@type\":\"WebPage\",\"@id\":\"https:\/\/www.wanarun.net\/blog\/100km-de-belves-2012-compte-rendu-resultats-et-photos-21573.html#webpage\",\"url\":\"https:\/\/www.wanarun.net\/blog\/100km-de-belves-2012-compte-rendu-resultats-et-photos-21573.html\",\"name\":\"100km de Belves 2012 : Compte-rendu, r\u00e9sultats et photos\",\"isPartOf\":{\"@id\":\"https:\/\/www.wanarun.net\/blog\/#website\"},\"primaryImageOfPage\":{\"@id\":\"https:\/\/www.wanarun.net\/blog\/100km-de-belves-2012-compte-rendu-resultats-et-photos-21573.html#primaryimage\"},\"datePublished\":\"2012-04-16T05:00:09+00:00\",\"dateModified\":\"2012-04-15T19:35:31+00:00\",\"description\":\"Lacombe, champion de France ! Apr\u00e8s un d\u00e9part \u00e0 8h au centre du village sous une temp\u00e9rature fra\u00eeche proche de 3\u00b0C, le millier de coureurs et marcheurs,\",\"breadcrumb\":{\"@id\":\"https:\/\/www.wanarun.net\/blog\/100km-de-belves-2012-compte-rendu-resultats-et-photos-21573.html#breadcrumb\"},\"inLanguage\":\"fr-FR\",\"potentialAction\":[{\"@type\":\"ReadAction\",\"target\":[\"https:\/\/www.wanarun.net\/blog\/100km-de-belves-2012-compte-rendu-resultats-et-photos-21573.html\"]}]},{\"@type\":\"BreadcrumbList\",\"@id\":\"https:\/\/www.wanarun.net\/blog\/100km-de-belves-2012-compte-rendu-resultats-et-photos-21573.html#breadcrumb\",\"itemListElement\":[{\"@type\":\"ListItem\",\"position\":1,\"name\":\"100km de Belves 2012 : Compte-rendu, r\u00e9sultats et photos\"}]},{\"@type\":\"Article\",\"@id\":\"https:\/\/www.wanarun.net\/blog\/100km-de-belves-2012-compte-rendu-resultats-et-photos-21573.html#article\",\"isPartOf\":{\"@id\":\"https:\/\/www.wanarun.net\/blog\/100km-de-belves-2012-compte-rendu-resultats-et-photos-21573.html#webpage\"},\"author\":{\"@id\":\"https:\/\/www.wanarun.net\/blog\/#\/schema\/person\/e58c406c799b3270a5a760496a3ff881\"},\"headline\":\"100km de Belves 2012 : Compte-rendu, r\u00e9sultats et photos\",\"datePublished\":\"2012-04-16T05:00:09+00:00\",\"dateModified\":\"2012-04-15T19:35:31+00:00\",\"mainEntityOfPage\":{\"@id\":\"https:\/\/www.wanarun.net\/blog\/100km-de-belves-2012-compte-rendu-resultats-et-photos-21573.html#webpage\"},\"wordCount\":390,\"commentCount\":0,\"publisher\":{\"@id\":\"https:\/\/www.wanarun.net\/blog\/#organization\"},\"image\":{\"@id\":\"https:\/\/www.wanarun.net\/blog\/100km-de-belves-2012-compte-rendu-resultats-et-photos-21573.html#primaryimage\"},\"thumbnailUrl\":\"https:\/\/www.wanarun.net\/blog\/wp-content\/uploads\/2012\/04\/100km-de-belves-2012-1.jpg\",\"keywords\":[\"100km\",\"championnat de france\"],\"articleSection\":[\"Compte-rendu\"],\"inLanguage\":\"fr-FR\",\"potentialAction\":[{\"@type\":\"CommentAction\",\"name\":\"Comment\",\"target\":[\"https:\/\/www.wanarun.net\/blog\/100km-de-belves-2012-compte-rendu-resultats-et-photos-21573.html#respond\"]}]},{\"@type\":\"Person\",\"@id\":\"https:\/\/www.wanarun.net\/blog\/#\/schema\/person\/e58c406c799b3270a5a760496a3ff881\",\"name\":\"remy\",\"image\":{\"@type\":\"ImageObject\",\"inLanguage\":\"fr-FR\",\"@id\":\"https:\/\/www.wanarun.net\/blog\/#\/schema\/person\/image\/\",\"url\":\"https:\/\/secure.gravatar.com\/avatar\/310a82a0e14c4ee37e4d788b11d27669?s=96&d=mm&r=g\",\"contentUrl\":\"https:\/\/secure.gravatar.com\/avatar\/310a82a0e14c4ee37e4d788b11d27669?s=96&d=mm&r=g\",\"caption\":\"remy\"},\"sameAs\":[\"http:\/\/www.runningmag.fr\"],\"url\":\"https:\/\/www.wanarun.net\/blog\/author\/remy\"}]}<\/script>\n<!-- \/ Yoast SEO plugin. -->","yoast_head_json":{"title":"100km de Belves 2012 : Compte-rendu, r\u00e9sultats et photos","description":"Lacombe, champion de France ! Apr\u00e8s un d\u00e9part \u00e0 8h au centre du village sous une temp\u00e9rature fra\u00eeche proche de 3\u00b0C, le millier de coureurs et marcheurs,","robots":{"index":"index","follow":"follow","max-snippet":"max-snippet:-1","max-image-preview":"max-image-preview:large","max-video-preview":"max-video-preview:-1"},"canonical":"https:\/\/www.wanarun.net\/blog\/100km-de-belves-2012-compte-rendu-resultats-et-photos-21573.html","og_locale":"fr_FR","og_type":"article","og_title":"100km de Belves 2012 : Compte-rendu, r\u00e9sultats et photos","og_description":"Lacombe, champion de France ! Apr\u00e8s un d\u00e9part \u00e0 8h au centre du village sous une temp\u00e9rature fra\u00eeche proche de 3\u00b0C, le millier de coureurs et marcheurs,","og_url":"https:\/\/www.wanarun.net\/blog\/100km-de-belves-2012-compte-rendu-resultats-et-photos-21573.html","og_site_name":"Wanarun, le blog du running, du trail et de la course \u00e0 pied","article_publisher":"https:\/\/www.facebook.com\/wanarun\/","article_published_time":"2012-04-16T05:00:09+00:00","article_modified_time":"2012-04-15T19:35:31+00:00","og_image":[{"width":2288,"height":1712,"url":"https:\/\/www.wanarun.net\/blog\/wp-content\/uploads\/2012\/04\/100km-de-belves-2012-1.jpg","type":"image\/jpeg"}],"twitter_misc":{"\u00c9crit par":"remy","Dur\u00e9e de lecture estim\u00e9e":"2 minutes"},"schema":{"@context":"https:\/\/schema.org","@graph":[{"@type":"Organization","@id":"https:\/\/www.wanarun.net\/blog\/#organization","name":"Wanarun","url":"https:\/\/www.wanarun.net\/blog\/","sameAs":["https:\/\/www.instagram.com\/wanarunnet\/","https:\/\/www.youtube.com\/user\/wanarunnet","https:\/\/www.facebook.com\/wanarun\/","https:\/\/twitter.com\/wanarun"],"logo":{"@type":"ImageObject","inLanguage":"fr-FR","@id":"https:\/\/www.wanarun.net\/blog\/#\/schema\/logo\/image\/","url":"https:\/\/www.wanarun.net\/blog\/wp-content\/uploads\/2018\/03\/logo-wanarun.jpg","contentUrl":"https:\/\/www.wanarun.net\/blog\/wp-content\/uploads\/2018\/03\/logo-wanarun.jpg","width":1196,"height":1082,"caption":"Wanarun"},"image":{"@id":"https:\/\/www.wanarun.net\/blog\/#\/schema\/logo\/image\/"}},{"@type":"WebSite","@id":"https:\/\/www.wanarun.net\/blog\/#website","url":"https:\/\/www.wanarun.net\/blog\/","name":"Wanarun, le blog du running, du trail et de la course \u00e0 pied","description":"Informations, remarques, avis, conseils sur la course \u00e0 pied.","publisher":{"@id":"https:\/\/www.wanarun.net\/blog\/#organization"},"potentialAction":[{"@type":"SearchAction","target":{"@type":"EntryPoint","urlTemplate":"https:\/\/www.wanarun.net\/blog\/?s={search_term_string}"},"query-input":"required name=search_term_string"}],"inLanguage":"fr-FR"},{"@type":"ImageObject","inLanguage":"fr-FR","@id":"https:\/\/www.wanarun.net\/blog\/100km-de-belves-2012-compte-rendu-resultats-et-photos-21573.html#primaryimage","url":"https:\/\/www.wanarun.net\/blog\/wp-content\/uploads\/2012\/04\/100km-de-belves-2012-1.jpg","contentUrl":"https:\/\/www.wanarun.net\/blog\/wp-content\/uploads\/2012\/04\/100km-de-belves-2012-1.jpg","width":2288,"height":1712},{"@type":"WebPage","@id":"https:\/\/www.wanarun.net\/blog\/100km-de-belves-2012-compte-rendu-resultats-et-photos-21573.html#webpage","url":"https:\/\/www.wanarun.net\/blog\/100km-de-belves-2012-compte-rendu-resultats-et-photos-21573.html","name":"100km de Belves 2012 : Compte-rendu, r\u00e9sultats et photos","isPartOf":{"@id":"https:\/\/www.wanarun.net\/blog\/#website"},"primaryImageOfPage":{"@id":"https:\/\/www.wanarun.net\/blog\/100km-de-belves-2012-compte-rendu-resultats-et-photos-21573.html#primaryimage"},"datePublished":"2012-04-16T05:00:09+00:00","dateModified":"2012-04-15T19:35:31+00:00","description":"Lacombe, champion de France ! Apr\u00e8s un d\u00e9part \u00e0 8h au centre du village sous une temp\u00e9rature fra\u00eeche proche de 3\u00b0C, le millier de coureurs et marcheurs,","breadcrumb":{"@id":"https:\/\/www.wanarun.net\/blog\/100km-de-belves-2012-compte-rendu-resultats-et-photos-21573.html#breadcrumb"},"inLanguage":"fr-FR","potentialAction":[{"@type":"ReadAction","target":["https:\/\/www.wanarun.net\/blog\/100km-de-belves-2012-compte-rendu-resultats-et-photos-21573.html"]}]},{"@type":"BreadcrumbList","@id":"https:\/\/www.wanarun.net\/blog\/100km-de-belves-2012-compte-rendu-resultats-et-photos-21573.html#breadcrumb","itemListElement":[{"@type":"ListItem","position":1,"name":"100km de Belves 2012 : Compte-rendu, r\u00e9sultats et photos"}]},{"@type":"Article","@id":"https:\/\/www.wanarun.net\/blog\/100km-de-belves-2012-compte-rendu-resultats-et-photos-21573.html#article","isPartOf":{"@id":"https:\/\/www.wanarun.net\/blog\/100km-de-belves-2012-compte-rendu-resultats-et-photos-21573.html#webpage"},"author":{"@id":"https:\/\/www.wanarun.net\/blog\/#\/schema\/person\/e58c406c799b3270a5a760496a3ff881"},"headline":"100km de Belves 2012 : Compte-rendu, r\u00e9sultats et photos","datePublished":"2012-04-16T05:00:09+00:00","dateModified":"2012-04-15T19:35:31+00:00","mainEntityOfPage":{"@id":"https:\/\/www.wanarun.net\/blog\/100km-de-belves-2012-compte-rendu-resultats-et-photos-21573.html#webpage"},"wordCount":390,"commentCount":0,"publisher":{"@id":"https:\/\/www.wanarun.net\/blog\/#organization"},"image":{"@id":"https:\/\/www.wanarun.net\/blog\/100km-de-belves-2012-compte-rendu-resultats-et-photos-21573.html#primaryimage"},"thumbnailUrl":"https:\/\/www.wanarun.net\/blog\/wp-content\/uploads\/2012\/04\/100km-de-belves-2012-1.jpg","keywords":["100km","championnat de france"],"articleSection":["Compte-rendu"],"inLanguage":"fr-FR","potentialAction":[{"@type":"CommentAction","name":"Comment","target":["https:\/\/www.wanarun.net\/blog\/100km-de-belves-2012-compte-rendu-resultats-et-photos-21573.html#respond"]}]},{"@type":"Person","@id":"https:\/\/www.wanarun.net\/blog\/#\/schema\/person\/e58c406c799b3270a5a760496a3ff881","name":"remy","image":{"@type":"ImageObject","inLanguage":"fr-FR","@id":"https:\/\/www.wanarun.net\/blog\/#\/schema\/person\/image\/","url":"https:\/\/secure.gravatar.com\/avatar\/310a82a0e14c4ee37e4d788b11d27669?s=96&d=mm&r=g","contentUrl":"https:\/\/secure.gravatar.com\/avatar\/310a82a0e14c4ee37e4d788b11d27669?s=96&d=mm&r=g","caption":"remy"},"sameAs":["http:\/\/www.runningmag.fr"],"url":"https:\/\/www.wanarun.net\/blog\/author\/remy"}]}},"_links":{"self":[{"href":"https:\/\/www.wanarun.net\/blog\/wp-json\/wp\/v2\/posts\/21573"}],"collection":[{"href":"https:\/\/www.wanarun.net\/blog\/wp-json\/wp\/v2\/posts"}],"about":[{"href":"https:\/\/www.wanarun.net\/blog\/wp-json\/wp\/v2\/types\/post"}],"author":[{"embeddable":true,"href":"https:\/\/www.wanarun.net\/blog\/wp-json\/wp\/v2\/users\/37"}],"replies":[{"embeddable":true,"href":"https:\/\/www.wanarun.net\/blog\/wp-json\/wp\/v2\/comments?post=21573"}],"version-history":[{"count":2,"href":"https:\/\/www.wanarun.net\/blog\/wp-json\/wp\/v2\/posts\/21573\/revisions"}],"predecessor-version":[{"id":21580,"href":"https:\/\/www.wanarun.net\/blog\/wp-json\/wp\/v2\/posts\/21573\/revisions\/21580"}],"wp:featuredmedia":[{"embeddable":true,"href":"https:\/\/www.wanarun.net\/blog\/wp-json\/wp\/v2\/media\/21578"}],"wp:attachment":[{"href":"https:\/\/www.wanarun.net\/blog\/wp-json\/wp\/v2\/media?parent=21573"}],"wp:term":[{"taxonomy":"category","embeddable":true,"href":"https:\/\/www.wanarun.net\/blog\/wp-json\/wp\/v2\/categories?post=21573"},{"taxonomy":"post_tag","embeddable":true,"href":"https:\/\/www.wanarun.net\/blog\/wp-json\/wp\/v2\/tags?post=21573"}],"curies":[{"name":"wp","href":"https:\/\/api.w.org\/{rel}","templated":true}]}}