{"id":18511,"date":"2011-11-21T03:00:45","date_gmt":"2011-11-21T02:00:45","guid":{"rendered":"http:\/\/www.wanarun.net\/blog\/?p=18511"},"modified":"2011-11-21T15:16:38","modified_gmt":"2011-11-21T14:16:38","slug":"marathon-nice-cannes-compte-rendu-resultats-et-photos","status":"publish","type":"post","link":"https:\/\/www.wanarun.net\/blog\/marathon-nice-cannes-compte-rendu-resultats-et-photos-18511.html","title":{"rendered":"Marathon Nice-Cannes : compte-rendu, r\u00e9sultats et photos"},"content":{"rendered":"<p><strong>Lukas Kanda et Alban Chorin, rois de la C\u00f4te d&rsquo;Azur !<br \/>\n<\/strong><\/p>\n<p><img loading=\"lazy\" class=\"alignleft size-thumbnail wp-image-18512\" title=\"OLYMPUS DIGITAL CAMERA\" src=\"https:\/\/www.wanarun.net\/blog\/wp-content\/uploads\/2011\/11\/photo-marathon-nice-cannes-2011-150x150.jpg\" alt=\"\" width=\"150\" height=\"150\" srcset=\"https:\/\/www.wanarun.net\/blog\/wp-content\/uploads\/2011\/11\/photo-marathon-nice-cannes-2011-150x150.jpg 150w, https:\/\/www.wanarun.net\/blog\/wp-content\/uploads\/2011\/11\/photo-marathon-nice-cannes-2011-100x100.jpg 100w\" sizes=\"(max-width: 150px) 100vw, 150px\" \/><\/p>\n<p>Si il n&rsquo;en reste qu&rsquo;un, ce sera celui-l\u00e0 ! Lukas Kanda, le Kenyan, r\u00e9ussit donc l&rsquo;exploit pour sa premi\u00e8re tentative sur le distance reine du marathon de descendre sous les 2h10&prime; et donc du m\u00eame coup de battre le record du 4\u00e8me Marathon Nice-Cannes. Le gaillard, d\u00e9j\u00e0 vainqueur cette ann\u00e9e de Marevejols-Mende avait tout de m\u00eame de s\u00e9rieux atouts \u00e0 faire valoir: un chrono \u00e0 1h01&prime; sur semi, deux r\u00f4les de li\u00e8vre sur la m\u00eame \u00e9preuve les deux d&rsquo;ann\u00e9e d&rsquo;avant. Bref il connaissait son affaire. Il n&rsquo;avait plus qu&rsquo;\u00e0 28 ans \u00e0 tenter le grand saut. Et donc, cette ann\u00e9e, devant pr\u00e8s de 9000 concurrents en individuels, il acc\u00e9l\u00e8rera vers le 36\u00e8me kilom\u00e8tre dans un dernier petite radillon \u00e0 l&rsquo;entr\u00e9e de Cannes pour passer au-dessus de la voie ferr\u00e9e pour se d\u00e9faire de son dernier compagnon d&rsquo;\u00e9chapp\u00e9e, un \u00e9thiopien&#8230; Il finit donc en 2h08&rsquo;38\u00a0\u00bb. La premi\u00e8re f\u00e9minine \u00e9choue de peu pour le record. Il s&rsquo;agit de l&rsquo;\u00e9thiopienne Shumye Te Ame en 2h30&rsquo;53\u00a0\u00bb&#8230; La meilleure performance r\u00e9alis\u00e9e \u00e0 Nice \u00e9tait de 2h30&rsquo;27\u00a0\u00bb&#8230; 9000 coureurs et plus de 360 \u00e9quipes de six coureurs maximum ont donc pris le d\u00e9part ce matin \u00e0 8h sur la promenade des Anglais. Cela fait donc pas loin de 11000 participants. Parmi eux, une nouvelle fois, des pr\u00e9tendants au titre de champion de France de la sp\u00e9cialit\u00e9. L\u00e0 c&rsquo;est Alban Chorin qui sera le plus vaillant avec un tr\u00e8s bon chrono de 2h18&rsquo;53&rsquo; \u00e0 la clef&#8230; Aline Camboulives, vice-championne en 2010, compl\u00e8te donc le palmar\u00e8s&#8230; A Cannes, la croisette \u00e9tait noire de monde et ce, durant des heures et des heures apr\u00e8s le premier arriv\u00e9e. M\u00e9daille, fruit, tee-shirts, ravitaillements se sont rajout\u00e9s donc au magnifique sac offert aux coureurs \u00e0 l&rsquo;inscription&#8230; La m\u00e9t\u00e9o \u00e9tait en plus quasi-id\u00e9ale avec peu de vent, du moins pour le d\u00e9but, et une belle temp\u00e9rature fr\u00f4lant les 12 ou 13\u00b0C&#8230;<\/p>\n<p>Le 4<sup>\u00e8me<\/sup> chapitre du Marathon des Alpes-Maritimes Nice-Cannes aura, sans conteste, \u00e9tait l\u2019un des plus aboutis en termes de qualit\u00e9 d\u2019organisation et qualit\u00e9 de comp\u00e9tition proprement. Autant dire que cette ann\u00e9e tout le monde avait mis le paquet pour que le rendez-vous azur\u00e9en devienne bien vite une r\u00e9f\u00e9rence europ\u00e9enne en la mati\u00e8re et le pari est d\u2019ores et d\u00e9j\u00e0 r\u00e9ussi.<\/p>\n<p>10800 inscrits, 2h08\u201940\u2019\u2019, 26% d\u2019\u00e9trangers: ces trois chiffres \u00e0 eux seuls donnent le tournis. Le deuxi\u00e8me plus grand marathon de France appuie donc sa notori\u00e9t\u00e9 dans la hi\u00e9rarchie nationale\u2026<\/p>\n<p>Le week-end ni\u00e7ois commence forc\u00e9ment toujours par un petit tour sur le village-partenaires. C\u2019est l\u00e0 o\u00f9 l\u2019on retire son pr\u00e9cieux dossard et que l\u2019on r\u00e9cup\u00e8re ainsi tous les cadeaux qui vont avec. Le sac \u00e0 dos estampill\u00e9 Marathon Nice-Cannes que l\u2019on retrouve ensuite quasiment sur toutes les \u00e9preuves de France et de Navarre, le tee-shirt, les magazines sp\u00e9cialis\u00e9s r\u00e9serv\u00e9s sp\u00e9cialement \u00e0 l\u2019\u00e9v\u00e9nement (R Mag et Running Mag pour ne pas les citer\u00a0!) et les tracts pour bien d\u2019autres courses \u00e0 venir. C\u2019est un peu comme si le coureur faisait son march\u00e9 et il ne s\u2019y trompe pas. Il aime \u00e0 trainer dans les all\u00e9es de cet immense village r\u00e9serv\u00e9 donc essentiellement \u00e0 la course \u00e0 pied. On y croise des copains, on fixe un rendez-vous \u00e0 la vol\u00e9e, on y r\u00e8gle aussi pas mal d\u2019affaires\u2026 Les stands sont constitu\u00e9s \u00e0 moiti\u00e9 d\u2019\u00e9quipementiers sp\u00e9cialis\u00e9s course et \u00e0 moiti\u00e9 de courses qui font leur promotion. Mais les villes qui ont la chance d\u2019accueillir le parcours de l\u2019\u00e9preuve sont aussi tr\u00e8s bien repr\u00e9sent\u00e9es. Histoire de faire un peu de promo touristique\u2026 m\u00eame si les Villeneuve Loubet, Juan les Pins ou Cap d\u2019Antibes sont connus dans le monde entier. Le village constitu\u00e9 ainsi d\u2019un immense chapiteau occupe une grande partie des Jardins Albert 1<sup>er<\/sup> de la place Massena de Nice. Il a \u00e9t\u00e9 ouvert le jeudi apr\u00e8s-midi et ne fermera ses portes que le samedi soir vers 20h\u2026 C\u2019est aussi un des points forts du marathon, m\u00eame si l\u2019on ne parle pas encore v\u00e9ritablement de course, ni de sueur\u2026 La grande attraction du lieu aura \u00e9t\u00e9, sans nul doute, le visionnage du parcours 3D, sur grand \u00e9cran. L\u2019animation est vraiment r\u00e9ussie et permet de visualiser l\u2019effort \u00e0 venir, au d\u00e9tail pr\u00e8s.<\/p>\n<p>Mais le samedi soir est aussi r\u00e9serv\u00e9, comme \u00e0 l\u2019accoutum\u00e9e, au stock de glucides et de sucres lents. Et \u00e0 Nice ou \u00e0 Cannes, les restos qui jouent le jeu ne manquent pas. Le marathon est aujourd\u2019hui bien entr\u00e9 dans les m\u0153urs. Aussi quand on fl\u00e2ne sur la Promenade des Anglais avant de planter sa fourchette dans un bon plat de p\u00e2tes du c\u00f4t\u00e9 du Vieux Nice, on comprend forc\u00e9ment pourquoi cette \u00e9preuve a la c\u00f4te. Nice attire les touristes a pareille \u00e9poque de l\u2019ann\u00e9e, c\u2019est une \u00e9vidence. Et ce n\u2019est pas un hasard, si cette ann\u00e9e, presqu\u2019un tiers des concurrents sont des \u00e9trangers. Il y a bien \u00e9videmment les Italiens qui viennent en voisins, mais il y aussi les Anglais, les Danois et m\u00eame les Marocains qui remplissent les avions. Vive le low-cost, les fronti\u00e8res s\u2019ouvrent \u00e0 tous. Le marathon Nice-Cannes prend des accents d\u2019internationalisation. Et c\u2019est tant mieux ainsi. Il n\u2019y a gu\u00e8re que Paris, du coup, qui puisse maintenir la comparaison. M\u00eame le petit avion de Toulouse, par exemple, la veille, est plein de coureurs et accompagnateurs qui viennent tenter l\u2019aventure d\u2019un 42km.<\/p>\n<p>A cette p\u00e9riode de l\u2019ann\u00e9e, en fin de mois de novembre, on ne peut gu\u00e8re \u00eatre d\u00e9\u00e7u de la m\u00e9t\u00e9o de ce c\u00f4t\u00e9-l\u00e0 de la France. C\u2019est un des rares endroits o\u00f9 les temp\u00e9ratures promettent encore d\u2019\u00eatre agr\u00e9ables. Le coureur-voyageur ne s\u2019y trompe pas. C\u2019est comme un petit go\u00fbt de vacances qui l\u2019aime \u00e0 retrouver. Et puis n\u2019oublions pas de parler aussi du parcours. C\u2019est un des points forts de l\u2019organisation. On le dit et on le r\u00e9p\u00e8te depuis le d\u00e9but, il a de quoi faire fantasmer et r\u00eaver. D\u00e9part \u00e0 Nice sur la Promenade pour une quinzaine de kilom\u00e8tres hyper plats, larges \u00e0 souhaits\u2026 On peut d\u2019entr\u00e9e se lib\u00e9rer sur l\u2019une des plus belles avenues du monde. Passage dans des villes prestigieuses ou des stars et fortunes de France et d\u2019ailleurs ont \u00e9lu domicile. La mer est toujours \u00e0 port\u00e9e de vue, m\u00eame si l\u2019on n\u2019a gu\u00e8re le temps de l\u2019admirer. L\u2019arriv\u00e9e sur la Croisette est tout aussi mythique. Cannes s\u2019est par\u00e9 de ses plus beaux atouts et tout le front de mer est ferm\u00e9, cadenass\u00e9, pour faire la part belle aux marathoniens. Comment r\u00eaver de mieux\u00a0? Juste en esp\u00e9rant que la m\u00e9t\u00e9o soit vraiment du c\u00f4t\u00e9 du coureur\u00a0? Et bien ce fut le cas. Pas de vent, ou si peu, du moins pendant les trois premi\u00e8res heures, une temp\u00e9rature avoisinant les 10\u00b0 C, que demander de plus\u00a0? Sur le parcours, on a bien pu apercevoir les stigmates de ma temp\u00eate qui est pass\u00e9 par l\u00e0 deux semaines auparavant, mais tout cela fait d\u00e9sormais partie de l\u2019histoire ancienne. Ouf, le marathon est pass\u00e9 \u00e0 travers. Encore une fois\u00a0!<\/p>\n<p>Mais place maintenant \u00e0 la course. Le d\u00e9part est donc donn\u00e9 \u00e0 8h pr\u00e9cises pour 8000 individuels qui ont retir\u00e9 finalement leur dossard et pr\u00e8s de 360 \u00e9quipes de six coureurs maximum (parfois il n\u2019y aura que trois ou quatre coureurs pour former un team\u00a0!). Cela repr\u00e9sente tout de m\u00eame un peloton \u00e9norme de plus de 9000 partants sur la Promenade. Il faut plus de 6\u2019 au dernier pour passer la ligne, alors que les premiers, Kenyans et Ethiopiens en t\u00eate donc, ont d\u00e9j\u00e0 parcouru deux kilom\u00e8tres.<\/p>\n<p>Cette ann\u00e9e, une nouvelle fois, l\u2019\u00e9preuve est le support des championnats de France de la sp\u00e9cialit\u00e9. Mais la date un peu recul\u00e9e dans l\u2019ann\u00e9e (la faute au G20 donc\u00a0!) n\u2019a pas motiv\u00e9 les foules. Environ 300 coureurs seulement sont l\u00e0 par le biais des qualifications et sur le paier gu\u00e8re de t\u00eate d\u2019affiche. Seul Benasser fait office de favori chez les hommes, mais il avouera un peu plus tard souffrir d\u2019une mauvaise grippe. Bref il sera reprendre dans les derniers kilom\u00e8tres par un Alban Chorin, tout heureux donc, de r\u00e9aliser d\u2019un seul coup deux de ses objectifs de toujours. \u00abPasser sous les 2h20\u2019 et un titre, c\u2019est le comble du bonheur pour moi. Je peux quasiment arr\u00eater la course \u00e0 pied apr\u00e8s cela. C\u2019est le carton plein\u2026\u00a0\u00bb<\/p>\n<p>Pendant quelques kilom\u00e8tres m\u00eame Alban se paiera le luxe de rester dans la foul\u00e9e de l\u2019armada africaine. Le rythme est donn\u00e9 d\u2019entr\u00e9e par le li\u00e8vre de service James Theuri. Il emm\u00e8ne donc dans son sillage un petit paquet d\u2019une quinzaine de gars. Tous les favoris sont bien s\u00fbr pr\u00e9sents. Il passe en 1h04\u2019. C\u2019est pile poil dans le timing. Puis il s\u2019\u00e9carte donc pendant les quelques kilom\u00e8tres qui suivent, entre le 22 et le 26<sup>\u00e8me<\/sup>, c\u2019est un peu l\u2019affolement. Personne ne semble vouloir prendre la course \u00e0 son compte. Les kilom\u00e8tres d\u00e9filent donc \u00e0 3\u201906\u2019\u2019, 3\u201907\u2019\u2019\u2026 Le record semble s\u2019envoler du coup. Les 2h10\u201917\u2019\u2019 d\u2019Adelo Roba, l\u2019Ethiopien, vont tenir bon, deux ans apr\u00e8s, m\u00eame si le parcours, admettons-l\u00e0 tout de m\u00eame, n\u2019est plus tout \u00e0 fait le m\u00eame. Mais \u00e0 ce moment l\u00e0, Hailu Shume et Moses Kurgat\u00a0; tentent tour \u00e0 tour leur chance. Le rythme s\u2019acc\u00e9l\u00e8re. S\u2019accroche qui peut\u00a0! Le groupe diminue consid\u00e9rablement. Il n\u2019y a plus que quatre gar\u00e7ons devant. Lukas Kanda et Lema Feyasa tiennent bon\u2026 Apr\u00e8s les petites mont\u00e9es vers Cap Antibes et Juan les Pins, tout devient encore plus clair. Luka Kandas, le roi des c\u00f4tes, vainqueur cette ann\u00e9e de Marvejols-Mende et titulaire d\u2019un record \u00e0 1h01\u201901\u2019\u2019 est le plus \u00e0 l\u2019aise. Son gabarit, plus l\u00e9ger, plus petit aussi, lui permet de passer les difficult\u00e9s beaucoup plus facilement que ses concurrents. Au kilom\u00e8tre 35, juste avant de passer par-dessus la voie ferr\u00e9e, Moses Kurgat craque. Ils ne sont plus que deux d\u00e8s lors et Luka appuie encore sur le champignon. Pour sa premi\u00e8re tentative sur la distance, apr\u00e8s deux r\u00f4les de li\u00e8vre de luxe sur les deux derni\u00e8res \u00e9ditions, il va donc r\u00e9ussir l\u2019incroyable\u00a0: remporter le Nice-Cannes en moins de 2h10\u2019. 2h08\u201940\u2019\u2019 pour \u00eatre pr\u00e9cis. Record explos\u00e9. Heilu et Moses, deux et troisi\u00e8mes, sont aussi en dessous des 2h10\u2019. C\u2019est donc aller tr\u00e8s, tr\u00e8s vite sur la fin de parcours\u2026 peut-\u00eatre un l\u00e9ger vent dans le dos n\u2019y est pas \u00e9tranger\u2026 la premi\u00e8re f\u00e9minine, Te Am\u00e9 Shumye n\u2019est pas si loin. L\u2019Ethiopienne s\u2019est d\u00e9faite de ses compatriotes, il y a un petit moment d\u00e9j\u00e0. L\u2019\u00e9cart est fait depuis longtemps et elle termine seule, en 2h30\u201953\u2019\u2019. Tr\u00e8s pr\u00e8s finalement du record de la course, d\u00e9tenue toujours donc par Radiya Roba depuis l\u2019an pass\u00e9 en 2h30\u201927\u2019\u2019\u2026 S\u00fbrement que si elle avait \u00e9t\u00e9 \u00e0 la bagarre en fin de course\u00a0? On le saura jamais\u2026 Mais la bonne surprise arrive juste apr\u00e8s, car la Fran\u00e7aise Aline Camboulives, dans un excellent chrono de 2h38\u201942\u2019\u2019 a bien failli prendre la derni\u00e8re marche du podium. Elle finit sous les talons de Tolla Tesfaye, la troisi\u00e8me \u00e9thiopienne du jour. Mais elle se console largement avec un beau titre de championne de France de la discipline, elle qui avait termin\u00e9 deuxi\u00e8me en 2010. On notera ensuite dans le d\u00e9sordre que Fran\u00e7ois Holzerny, premier r\u00e9gional rentre dans le Top 20 avec un beau 2h23\u2019 \u00e0 hauteur quasiment de son record personnel apr\u00e8s deux saisons un peu plus \u00ab\u00a0d\u00e9licates\u00a0\u00bb. Il est donc m\u00e9daille de bronze des Frances. Que Christian Estrosi, d\u00e9put\u00e9 maire de Nice, finit une nouvelle fois son marathon f\u00e9tiche, en un peu plus de 4h30\u2019 et que l\u2019\u00e9quipe compos\u00e9, entre autres, de St\u00e9phane Diagana, Marc Raquil et Yohan Diniz passe sous la barre des 3h\u2026 Bref tout fut vraiment parfait sur cette 4<sup>\u00e8me<\/sup> \u00e9dition du marathon Nice-Cannes. Les coureurs pouvaient tranquillement profiter des stands de ravitaillement et se gaver de fruits au passage, apr\u00e8s avoir re\u00e7u m\u00e9dailles, tee-shirt et autres cadeaux\u2026 La c\u00f4re retrouvait, quand \u00e0 elle, son <a href=\"\/blog\/allure-et-vitesse-la-difference-2324.html\"target=\"_top\" title=\"Allure ou vitesse\" >allure<\/a> normale, comme si de rien n\u2019\u00e9tait\u00a0!<\/p>\n<p>Seuls les corps et les jambes de quelques 10000 courageux se souviendront encore de ce p\u00e9riple hors-norme en terre azur\u00e9enne. On en rendemande\u00a0! Si vous ne savez pas o\u00f9 aller courir le 4 novembre 2012\u00a0? Pensez-y\u00a0!<\/p>\n<p>&nbsp;<\/p>\n<p>&nbsp;<\/p>\n<p>&nbsp;<\/p>\n<p>&nbsp;<\/p>\n\n\t\t<style type=\"text\/css\">\n\t\t\t#gallery-1 {\n\t\t\t\tmargin: auto;\n\t\t\t}\n\t\t\t#gallery-1 .gallery-item {\n\t\t\t\tfloat: left;\n\t\t\t\tmargin-top: 10px;\n\t\t\t\ttext-align: center;\n\t\t\t\twidth: 50%;\n\t\t\t}\n\t\t\t#gallery-1 img {\n\t\t\t\tborder: 2px solid #cfcfcf;\n\t\t\t}\n\t\t\t#gallery-1 .gallery-caption {\n\t\t\t\tmargin-left: 0;\n\t\t\t}\n\t\t\t\/* see gallery_shortcode() in wp-includes\/media.php *\/\n\t\t<\/style>\n\t\t<div id='gallery-1' class='gallery galleryid-18511 gallery-columns-2 gallery-size-thumbnail'><dl class='gallery-item'>\n\t\t\t<dt class='gallery-icon landscape'>\n\t\t\t\t<a href='https:\/\/www.wanarun.net\/blog\/wp-content\/uploads\/2011\/11\/094.jpg'><img width=\"150\" height=\"150\" src=\"https:\/\/www.wanarun.net\/blog\/wp-content\/uploads\/2011\/11\/094-150x150.jpg\" class=\"attachment-thumbnail size-thumbnail\" alt=\"\" loading=\"lazy\" srcset=\"https:\/\/www.wanarun.net\/blog\/wp-content\/uploads\/2011\/11\/094-150x150.jpg 150w, https:\/\/www.wanarun.net\/blog\/wp-content\/uploads\/2011\/11\/094-100x100.jpg 100w\" sizes=\"(max-width: 150px) 100vw, 150px\" \/><\/a>\n\t\t\t<\/dt><\/dl><dl class='gallery-item'>\n\t\t\t<dt class='gallery-icon landscape'>\n\t\t\t\t<a href='https:\/\/www.wanarun.net\/blog\/wp-content\/uploads\/2011\/11\/photo-marathon-nice-cannes-2011.jpg'><img width=\"150\" height=\"150\" src=\"https:\/\/www.wanarun.net\/blog\/wp-content\/uploads\/2011\/11\/photo-marathon-nice-cannes-2011-150x150.jpg\" class=\"attachment-thumbnail size-thumbnail\" alt=\"\" loading=\"lazy\" srcset=\"https:\/\/www.wanarun.net\/blog\/wp-content\/uploads\/2011\/11\/photo-marathon-nice-cannes-2011-150x150.jpg 150w, https:\/\/www.wanarun.net\/blog\/wp-content\/uploads\/2011\/11\/photo-marathon-nice-cannes-2011-100x100.jpg 100w\" sizes=\"(max-width: 150px) 100vw, 150px\" \/><\/a>\n\t\t\t<\/dt><\/dl><br style=\"clear: both\" \/><dl class='gallery-item'>\n\t\t\t<dt class='gallery-icon landscape'>\n\t\t\t\t<a href='https:\/\/www.wanarun.net\/blog\/wp-content\/uploads\/2011\/11\/P1010014.jpg'><img width=\"150\" height=\"150\" src=\"https:\/\/www.wanarun.net\/blog\/wp-content\/uploads\/2011\/11\/P1010014-150x150.jpg\" class=\"attachment-thumbnail size-thumbnail\" alt=\"\" loading=\"lazy\" srcset=\"https:\/\/www.wanarun.net\/blog\/wp-content\/uploads\/2011\/11\/P1010014-150x150.jpg 150w, https:\/\/www.wanarun.net\/blog\/wp-content\/uploads\/2011\/11\/P1010014-100x100.jpg 100w\" sizes=\"(max-width: 150px) 100vw, 150px\" \/><\/a>\n\t\t\t<\/dt><\/dl><dl class='gallery-item'>\n\t\t\t<dt class='gallery-icon landscape'>\n\t\t\t\t<a href='https:\/\/www.wanarun.net\/blog\/wp-content\/uploads\/2011\/11\/P1010032.jpg'><img width=\"150\" height=\"150\" src=\"https:\/\/www.wanarun.net\/blog\/wp-content\/uploads\/2011\/11\/P1010032-150x150.jpg\" class=\"attachment-thumbnail size-thumbnail\" alt=\"\" loading=\"lazy\" srcset=\"https:\/\/www.wanarun.net\/blog\/wp-content\/uploads\/2011\/11\/P1010032-150x150.jpg 150w, https:\/\/www.wanarun.net\/blog\/wp-content\/uploads\/2011\/11\/P1010032-100x100.jpg 100w\" sizes=\"(max-width: 150px) 100vw, 150px\" \/><\/a>\n\t\t\t<\/dt><\/dl><br style=\"clear: both\" \/>\n\t\t<\/div>\n\n","protected":false},"excerpt":{"rendered":"<a href=\"https:\/\/www.wanarun.net\/blog\/marathon-nice-cannes-compte-rendu-resultats-et-photos-18511.html\"><img width=\"150\" height=\"150\" src=\"https:\/\/www.wanarun.net\/blog\/wp-content\/uploads\/2011\/11\/photo-marathon-nice-cannes-2011-150x150.jpg\" class=\"alignleft tfe wp-post-image\" alt=\"\" loading=\"lazy\" srcset=\"https:\/\/www.wanarun.net\/blog\/wp-content\/uploads\/2011\/11\/photo-marathon-nice-cannes-2011-150x150.jpg 150w, https:\/\/www.wanarun.net\/blog\/wp-content\/uploads\/2011\/11\/photo-marathon-nice-cannes-2011-100x100.jpg 100w\" sizes=\"(max-width: 150px) 100vw, 150px\" \/><\/a><p>Lukas Kanda et Alban Chorin, rois de la C\u00f4te d&rsquo;Azur ! Si il n&rsquo;en reste qu&rsquo;un, ce sera celui-l\u00e0 ! Lukas Kanda, le Kenyan, r\u00e9ussit donc l&rsquo;exploit pour sa premi\u00e8re tentative sur le distance reine du marathon de descendre sous les 2h10&prime; et donc du m\u00eame coup de battre le record du 4\u00e8me Marathon Nice-Cannes. [&hellip;]<\/p>\n","protected":false},"author":37,"featured_media":18512,"comment_status":"open","ping_status":"open","sticky":false,"template":"","format":"standard","meta":[],"categories":[1227,21],"tags":[1380,149,29,171],"yoast_head":"<!-- This site is optimized with the Yoast SEO plugin v18.9 - https:\/\/yoast.com\/wordpress\/plugins\/seo\/ -->\n<title>Marathon Nice-Cannes : compte-rendu, r\u00e9sultats et photos<\/title>\n<meta name=\"description\" content=\"Lukas Kanda et Alban Chorin, rois de la C\u00f4te d&#039;Azur ! Si il n&#039;en reste qu&#039;un, ce sera celui-l\u00e0 ! Lukas Kanda, le Kenyan, r\u00e9ussit donc l&#039;exploit pour sa\" \/>\n<meta name=\"robots\" content=\"index, follow, max-snippet:-1, max-image-preview:large, max-video-preview:-1\" \/>\n<link rel=\"canonical\" href=\"https:\/\/www.wanarun.net\/blog\/marathon-nice-cannes-compte-rendu-resultats-et-photos-18511.html\" \/>\n<meta property=\"og:locale\" content=\"fr_FR\" \/>\n<meta property=\"og:type\" content=\"article\" \/>\n<meta property=\"og:title\" content=\"Marathon Nice-Cannes : compte-rendu, r\u00e9sultats et photos\" \/>\n<meta property=\"og:description\" content=\"Lukas Kanda et Alban Chorin, rois de la C\u00f4te d&#039;Azur ! Si il n&#039;en reste qu&#039;un, ce sera celui-l\u00e0 ! Lukas Kanda, le Kenyan, r\u00e9ussit donc l&#039;exploit pour sa\" \/>\n<meta property=\"og:url\" content=\"https:\/\/www.wanarun.net\/blog\/marathon-nice-cannes-compte-rendu-resultats-et-photos-18511.html\" \/>\n<meta property=\"og:site_name\" content=\"Wanarun, le blog du running, du trail et de la course \u00e0 pied\" \/>\n<meta property=\"article:publisher\" content=\"https:\/\/www.facebook.com\/wanarun\/\" \/>\n<meta property=\"article:published_time\" content=\"2011-11-21T02:00:45+00:00\" \/>\n<meta property=\"article:modified_time\" content=\"2011-11-21T14:16:38+00:00\" \/>\n<meta property=\"og:image\" content=\"https:\/\/www.wanarun.net\/blog\/wp-content\/uploads\/2011\/11\/photo-marathon-nice-cannes-2011.jpg\" \/>\n\t<meta property=\"og:image:width\" content=\"2288\" \/>\n\t<meta property=\"og:image:height\" content=\"1712\" \/>\n\t<meta property=\"og:image:type\" content=\"image\/jpeg\" \/>\n<meta name=\"twitter:label1\" content=\"\u00c9crit par\" \/>\n\t<meta name=\"twitter:data1\" content=\"remy\" \/>\n\t<meta name=\"twitter:label2\" content=\"Dur\u00e9e de lecture estim\u00e9e\" \/>\n\t<meta name=\"twitter:data2\" content=\"11 minutes\" \/>\n<script type=\"application\/ld+json\" class=\"yoast-schema-graph\">{\"@context\":\"https:\/\/schema.org\",\"@graph\":[{\"@type\":\"Organization\",\"@id\":\"https:\/\/www.wanarun.net\/blog\/#organization\",\"name\":\"Wanarun\",\"url\":\"https:\/\/www.wanarun.net\/blog\/\",\"sameAs\":[\"https:\/\/www.instagram.com\/wanarunnet\/\",\"https:\/\/www.youtube.com\/user\/wanarunnet\",\"https:\/\/www.facebook.com\/wanarun\/\",\"https:\/\/twitter.com\/wanarun\"],\"logo\":{\"@type\":\"ImageObject\",\"inLanguage\":\"fr-FR\",\"@id\":\"https:\/\/www.wanarun.net\/blog\/#\/schema\/logo\/image\/\",\"url\":\"https:\/\/www.wanarun.net\/blog\/wp-content\/uploads\/2018\/03\/logo-wanarun.jpg\",\"contentUrl\":\"https:\/\/www.wanarun.net\/blog\/wp-content\/uploads\/2018\/03\/logo-wanarun.jpg\",\"width\":1196,\"height\":1082,\"caption\":\"Wanarun\"},\"image\":{\"@id\":\"https:\/\/www.wanarun.net\/blog\/#\/schema\/logo\/image\/\"}},{\"@type\":\"WebSite\",\"@id\":\"https:\/\/www.wanarun.net\/blog\/#website\",\"url\":\"https:\/\/www.wanarun.net\/blog\/\",\"name\":\"Wanarun, le blog du running, du trail et de la course \u00e0 pied\",\"description\":\"Informations, remarques, avis, conseils sur la course \u00e0 pied.\",\"publisher\":{\"@id\":\"https:\/\/www.wanarun.net\/blog\/#organization\"},\"potentialAction\":[{\"@type\":\"SearchAction\",\"target\":{\"@type\":\"EntryPoint\",\"urlTemplate\":\"https:\/\/www.wanarun.net\/blog\/?s={search_term_string}\"},\"query-input\":\"required name=search_term_string\"}],\"inLanguage\":\"fr-FR\"},{\"@type\":\"ImageObject\",\"inLanguage\":\"fr-FR\",\"@id\":\"https:\/\/www.wanarun.net\/blog\/marathon-nice-cannes-compte-rendu-resultats-et-photos-18511.html#primaryimage\",\"url\":\"https:\/\/www.wanarun.net\/blog\/wp-content\/uploads\/2011\/11\/photo-marathon-nice-cannes-2011.jpg\",\"contentUrl\":\"https:\/\/www.wanarun.net\/blog\/wp-content\/uploads\/2011\/11\/photo-marathon-nice-cannes-2011.jpg\",\"width\":2288,\"height\":1712},{\"@type\":\"WebPage\",\"@id\":\"https:\/\/www.wanarun.net\/blog\/marathon-nice-cannes-compte-rendu-resultats-et-photos-18511.html#webpage\",\"url\":\"https:\/\/www.wanarun.net\/blog\/marathon-nice-cannes-compte-rendu-resultats-et-photos-18511.html\",\"name\":\"Marathon Nice-Cannes : compte-rendu, r\u00e9sultats et photos\",\"isPartOf\":{\"@id\":\"https:\/\/www.wanarun.net\/blog\/#website\"},\"primaryImageOfPage\":{\"@id\":\"https:\/\/www.wanarun.net\/blog\/marathon-nice-cannes-compte-rendu-resultats-et-photos-18511.html#primaryimage\"},\"datePublished\":\"2011-11-21T02:00:45+00:00\",\"dateModified\":\"2011-11-21T14:16:38+00:00\",\"description\":\"Lukas Kanda et Alban Chorin, rois de la C\u00f4te d'Azur ! Si il n'en reste qu'un, ce sera celui-l\u00e0 ! Lukas Kanda, le Kenyan, r\u00e9ussit donc l'exploit pour sa\",\"breadcrumb\":{\"@id\":\"https:\/\/www.wanarun.net\/blog\/marathon-nice-cannes-compte-rendu-resultats-et-photos-18511.html#breadcrumb\"},\"inLanguage\":\"fr-FR\",\"potentialAction\":[{\"@type\":\"ReadAction\",\"target\":[\"https:\/\/www.wanarun.net\/blog\/marathon-nice-cannes-compte-rendu-resultats-et-photos-18511.html\"]}]},{\"@type\":\"BreadcrumbList\",\"@id\":\"https:\/\/www.wanarun.net\/blog\/marathon-nice-cannes-compte-rendu-resultats-et-photos-18511.html#breadcrumb\",\"itemListElement\":[{\"@type\":\"ListItem\",\"position\":1,\"name\":\"Marathon Nice-Cannes : compte-rendu, r\u00e9sultats et photos\"}]},{\"@type\":\"Article\",\"@id\":\"https:\/\/www.wanarun.net\/blog\/marathon-nice-cannes-compte-rendu-resultats-et-photos-18511.html#article\",\"isPartOf\":{\"@id\":\"https:\/\/www.wanarun.net\/blog\/marathon-nice-cannes-compte-rendu-resultats-et-photos-18511.html#webpage\"},\"author\":{\"@id\":\"https:\/\/www.wanarun.net\/blog\/#\/schema\/person\/e58c406c799b3270a5a760496a3ff881\"},\"headline\":\"Marathon Nice-Cannes : compte-rendu, r\u00e9sultats et photos\",\"datePublished\":\"2011-11-21T02:00:45+00:00\",\"dateModified\":\"2011-11-21T14:16:38+00:00\",\"mainEntityOfPage\":{\"@id\":\"https:\/\/www.wanarun.net\/blog\/marathon-nice-cannes-compte-rendu-resultats-et-photos-18511.html#webpage\"},\"wordCount\":2253,\"commentCount\":1,\"publisher\":{\"@id\":\"https:\/\/www.wanarun.net\/blog\/#organization\"},\"image\":{\"@id\":\"https:\/\/www.wanarun.net\/blog\/marathon-nice-cannes-compte-rendu-resultats-et-photos-18511.html#primaryimage\"},\"thumbnailUrl\":\"https:\/\/www.wanarun.net\/blog\/wp-content\/uploads\/2011\/11\/photo-marathon-nice-cannes-2011.jpg\",\"keywords\":[\"2011\",\"Cannes\",\"MARATHON\",\"Nice\"],\"articleSection\":[\"Compte-rendu\",\"R\u00e9sultats\"],\"inLanguage\":\"fr-FR\",\"potentialAction\":[{\"@type\":\"CommentAction\",\"name\":\"Comment\",\"target\":[\"https:\/\/www.wanarun.net\/blog\/marathon-nice-cannes-compte-rendu-resultats-et-photos-18511.html#respond\"]}]},{\"@type\":\"Person\",\"@id\":\"https:\/\/www.wanarun.net\/blog\/#\/schema\/person\/e58c406c799b3270a5a760496a3ff881\",\"name\":\"remy\",\"image\":{\"@type\":\"ImageObject\",\"inLanguage\":\"fr-FR\",\"@id\":\"https:\/\/www.wanarun.net\/blog\/#\/schema\/person\/image\/\",\"url\":\"https:\/\/secure.gravatar.com\/avatar\/310a82a0e14c4ee37e4d788b11d27669?s=96&d=mm&r=g\",\"contentUrl\":\"https:\/\/secure.gravatar.com\/avatar\/310a82a0e14c4ee37e4d788b11d27669?s=96&d=mm&r=g\",\"caption\":\"remy\"},\"sameAs\":[\"http:\/\/www.runningmag.fr\"],\"url\":\"https:\/\/www.wanarun.net\/blog\/author\/remy\"}]}<\/script>\n<!-- \/ Yoast SEO plugin. -->","yoast_head_json":{"title":"Marathon Nice-Cannes : compte-rendu, r\u00e9sultats et photos","description":"Lukas Kanda et Alban Chorin, rois de la C\u00f4te d'Azur ! Si il n'en reste qu'un, ce sera celui-l\u00e0 ! Lukas Kanda, le Kenyan, r\u00e9ussit donc l'exploit pour sa","robots":{"index":"index","follow":"follow","max-snippet":"max-snippet:-1","max-image-preview":"max-image-preview:large","max-video-preview":"max-video-preview:-1"},"canonical":"https:\/\/www.wanarun.net\/blog\/marathon-nice-cannes-compte-rendu-resultats-et-photos-18511.html","og_locale":"fr_FR","og_type":"article","og_title":"Marathon Nice-Cannes : compte-rendu, r\u00e9sultats et photos","og_description":"Lukas Kanda et Alban Chorin, rois de la C\u00f4te d'Azur ! Si il n'en reste qu'un, ce sera celui-l\u00e0 ! Lukas Kanda, le Kenyan, r\u00e9ussit donc l'exploit pour sa","og_url":"https:\/\/www.wanarun.net\/blog\/marathon-nice-cannes-compte-rendu-resultats-et-photos-18511.html","og_site_name":"Wanarun, le blog du running, du trail et de la course \u00e0 pied","article_publisher":"https:\/\/www.facebook.com\/wanarun\/","article_published_time":"2011-11-21T02:00:45+00:00","article_modified_time":"2011-11-21T14:16:38+00:00","og_image":[{"width":2288,"height":1712,"url":"https:\/\/www.wanarun.net\/blog\/wp-content\/uploads\/2011\/11\/photo-marathon-nice-cannes-2011.jpg","type":"image\/jpeg"}],"twitter_misc":{"\u00c9crit par":"remy","Dur\u00e9e de lecture estim\u00e9e":"11 minutes"},"schema":{"@context":"https:\/\/schema.org","@graph":[{"@type":"Organization","@id":"https:\/\/www.wanarun.net\/blog\/#organization","name":"Wanarun","url":"https:\/\/www.wanarun.net\/blog\/","sameAs":["https:\/\/www.instagram.com\/wanarunnet\/","https:\/\/www.youtube.com\/user\/wanarunnet","https:\/\/www.facebook.com\/wanarun\/","https:\/\/twitter.com\/wanarun"],"logo":{"@type":"ImageObject","inLanguage":"fr-FR","@id":"https:\/\/www.wanarun.net\/blog\/#\/schema\/logo\/image\/","url":"https:\/\/www.wanarun.net\/blog\/wp-content\/uploads\/2018\/03\/logo-wanarun.jpg","contentUrl":"https:\/\/www.wanarun.net\/blog\/wp-content\/uploads\/2018\/03\/logo-wanarun.jpg","width":1196,"height":1082,"caption":"Wanarun"},"image":{"@id":"https:\/\/www.wanarun.net\/blog\/#\/schema\/logo\/image\/"}},{"@type":"WebSite","@id":"https:\/\/www.wanarun.net\/blog\/#website","url":"https:\/\/www.wanarun.net\/blog\/","name":"Wanarun, le blog du running, du trail et de la course \u00e0 pied","description":"Informations, remarques, avis, conseils sur la course \u00e0 pied.","publisher":{"@id":"https:\/\/www.wanarun.net\/blog\/#organization"},"potentialAction":[{"@type":"SearchAction","target":{"@type":"EntryPoint","urlTemplate":"https:\/\/www.wanarun.net\/blog\/?s={search_term_string}"},"query-input":"required name=search_term_string"}],"inLanguage":"fr-FR"},{"@type":"ImageObject","inLanguage":"fr-FR","@id":"https:\/\/www.wanarun.net\/blog\/marathon-nice-cannes-compte-rendu-resultats-et-photos-18511.html#primaryimage","url":"https:\/\/www.wanarun.net\/blog\/wp-content\/uploads\/2011\/11\/photo-marathon-nice-cannes-2011.jpg","contentUrl":"https:\/\/www.wanarun.net\/blog\/wp-content\/uploads\/2011\/11\/photo-marathon-nice-cannes-2011.jpg","width":2288,"height":1712},{"@type":"WebPage","@id":"https:\/\/www.wanarun.net\/blog\/marathon-nice-cannes-compte-rendu-resultats-et-photos-18511.html#webpage","url":"https:\/\/www.wanarun.net\/blog\/marathon-nice-cannes-compte-rendu-resultats-et-photos-18511.html","name":"Marathon Nice-Cannes : compte-rendu, r\u00e9sultats et photos","isPartOf":{"@id":"https:\/\/www.wanarun.net\/blog\/#website"},"primaryImageOfPage":{"@id":"https:\/\/www.wanarun.net\/blog\/marathon-nice-cannes-compte-rendu-resultats-et-photos-18511.html#primaryimage"},"datePublished":"2011-11-21T02:00:45+00:00","dateModified":"2011-11-21T14:16:38+00:00","description":"Lukas Kanda et Alban Chorin, rois de la C\u00f4te d'Azur ! Si il n'en reste qu'un, ce sera celui-l\u00e0 ! Lukas Kanda, le Kenyan, r\u00e9ussit donc l'exploit pour sa","breadcrumb":{"@id":"https:\/\/www.wanarun.net\/blog\/marathon-nice-cannes-compte-rendu-resultats-et-photos-18511.html#breadcrumb"},"inLanguage":"fr-FR","potentialAction":[{"@type":"ReadAction","target":["https:\/\/www.wanarun.net\/blog\/marathon-nice-cannes-compte-rendu-resultats-et-photos-18511.html"]}]},{"@type":"BreadcrumbList","@id":"https:\/\/www.wanarun.net\/blog\/marathon-nice-cannes-compte-rendu-resultats-et-photos-18511.html#breadcrumb","itemListElement":[{"@type":"ListItem","position":1,"name":"Marathon Nice-Cannes : compte-rendu, r\u00e9sultats et photos"}]},{"@type":"Article","@id":"https:\/\/www.wanarun.net\/blog\/marathon-nice-cannes-compte-rendu-resultats-et-photos-18511.html#article","isPartOf":{"@id":"https:\/\/www.wanarun.net\/blog\/marathon-nice-cannes-compte-rendu-resultats-et-photos-18511.html#webpage"},"author":{"@id":"https:\/\/www.wanarun.net\/blog\/#\/schema\/person\/e58c406c799b3270a5a760496a3ff881"},"headline":"Marathon Nice-Cannes : compte-rendu, r\u00e9sultats et photos","datePublished":"2011-11-21T02:00:45+00:00","dateModified":"2011-11-21T14:16:38+00:00","mainEntityOfPage":{"@id":"https:\/\/www.wanarun.net\/blog\/marathon-nice-cannes-compte-rendu-resultats-et-photos-18511.html#webpage"},"wordCount":2253,"commentCount":1,"publisher":{"@id":"https:\/\/www.wanarun.net\/blog\/#organization"},"image":{"@id":"https:\/\/www.wanarun.net\/blog\/marathon-nice-cannes-compte-rendu-resultats-et-photos-18511.html#primaryimage"},"thumbnailUrl":"https:\/\/www.wanarun.net\/blog\/wp-content\/uploads\/2011\/11\/photo-marathon-nice-cannes-2011.jpg","keywords":["2011","Cannes","MARATHON","Nice"],"articleSection":["Compte-rendu","R\u00e9sultats"],"inLanguage":"fr-FR","potentialAction":[{"@type":"CommentAction","name":"Comment","target":["https:\/\/www.wanarun.net\/blog\/marathon-nice-cannes-compte-rendu-resultats-et-photos-18511.html#respond"]}]},{"@type":"Person","@id":"https:\/\/www.wanarun.net\/blog\/#\/schema\/person\/e58c406c799b3270a5a760496a3ff881","name":"remy","image":{"@type":"ImageObject","inLanguage":"fr-FR","@id":"https:\/\/www.wanarun.net\/blog\/#\/schema\/person\/image\/","url":"https:\/\/secure.gravatar.com\/avatar\/310a82a0e14c4ee37e4d788b11d27669?s=96&d=mm&r=g","contentUrl":"https:\/\/secure.gravatar.com\/avatar\/310a82a0e14c4ee37e4d788b11d27669?s=96&d=mm&r=g","caption":"remy"},"sameAs":["http:\/\/www.runningmag.fr"],"url":"https:\/\/www.wanarun.net\/blog\/author\/remy"}]}},"_links":{"self":[{"href":"https:\/\/www.wanarun.net\/blog\/wp-json\/wp\/v2\/posts\/18511"}],"collection":[{"href":"https:\/\/www.wanarun.net\/blog\/wp-json\/wp\/v2\/posts"}],"about":[{"href":"https:\/\/www.wanarun.net\/blog\/wp-json\/wp\/v2\/types\/post"}],"author":[{"embeddable":true,"href":"https:\/\/www.wanarun.net\/blog\/wp-json\/wp\/v2\/users\/37"}],"replies":[{"embeddable":true,"href":"https:\/\/www.wanarun.net\/blog\/wp-json\/wp\/v2\/comments?post=18511"}],"version-history":[{"count":9,"href":"https:\/\/www.wanarun.net\/blog\/wp-json\/wp\/v2\/posts\/18511\/revisions"}],"predecessor-version":[{"id":18536,"href":"https:\/\/www.wanarun.net\/blog\/wp-json\/wp\/v2\/posts\/18511\/revisions\/18536"}],"wp:featuredmedia":[{"embeddable":true,"href":"https:\/\/www.wanarun.net\/blog\/wp-json\/wp\/v2\/media\/18512"}],"wp:attachment":[{"href":"https:\/\/www.wanarun.net\/blog\/wp-json\/wp\/v2\/media?parent=18511"}],"wp:term":[{"taxonomy":"category","embeddable":true,"href":"https:\/\/www.wanarun.net\/blog\/wp-json\/wp\/v2\/categories?post=18511"},{"taxonomy":"post_tag","embeddable":true,"href":"https:\/\/www.wanarun.net\/blog\/wp-json\/wp\/v2\/tags?post=18511"}],"curies":[{"name":"wp","href":"https:\/\/api.w.org\/{rel}","templated":true}]}}