{"id":17964,"date":"2011-10-26T03:00:34","date_gmt":"2011-10-26T02:00:34","guid":{"rendered":"http:\/\/www.wanarun.net\/blog\/?p=17964"},"modified":"2011-10-25T22:51:35","modified_gmt":"2011-10-25T21:51:35","slug":"gilles-farina","status":"publish","type":"post","link":"https:\/\/www.wanarun.net\/blog\/gilles-farina-17964.html","title":{"rendered":"Portrait de coureur : Gilles FARINA"},"content":{"rendered":"<p><a href=\"https:\/\/www.wanarun.net\/blog\/wp-content\/uploads\/2011\/10\/100_1064.jpg\"><img loading=\"lazy\" class=\"alignleft size-thumbnail wp-image-17965\" title=\"Gilles FARINA\" src=\"https:\/\/www.wanarun.net\/blog\/wp-content\/uploads\/2011\/10\/100_1064-150x150.jpg\" alt=\"\" width=\"150\" height=\"150\" \/><\/a><strong>pr\u00e9sente toi : nom , pr\u00e9nom , \u00e2ge , profession<\/strong><\/p>\n<p>Gilles FARINA 52ans j\u2019habite a THYEZ , je suis responsable du magasin produits finis et des exp\u00e9ditions dans la soci\u00e9t\u00e9 ALTIA CLUSES<\/p>\n<p><strong>Ton club, tes sponsors<\/strong><\/p>\n<p>Je suis licenci\u00e9 au Faucigny atlh\u00e9tic club depuis 2008<\/p>\n<p>Je suis sponsoris\u00e9 par SPORTS 2000 CLUSES \/ MIZUNO et par ALTIA CLUSES qui m\u2019attribut une subvention par le biais du comit\u00e9 d\u2019entreprise<\/p>\n<p><strong>Qu\u2019est ce qui te pousse a courir ?<\/strong><\/p>\n<p>D\u00e9j\u00e0 et avant tous c\u2019est pratiquer un sport et rencontrer des gens , comme je suis aussi bien \u00e0 l\u2019aise sur les cross en hiver, un 10 kilom\u00e8tres un semi ou un marathon sur bitume , un trail en montagne en passant par des courses plus ou moins longues avec peu ou beaucoup de d\u00e9nivel\u00e9 \u00e7a me permet de toucher \u00e0 tous en variant les difficult\u00e9s car si toutes les courses sont difficiles \u00e7a reste pour moi du plaisir.<\/p>\n<p><strong>Depuis quand cours tu en comp\u00e9titions ?<\/strong><\/p>\n<p>Je cours depuis 12 ans .Pendant 7ans j\u2019ai fait uniquement 2 footings de 30 minutes par semaine pour entretenir ma forme , mon but \u00e9tait de gravir le mont blanc, j ai r\u00e9ussi cette ascension plusieurs fois ainsi que celle des 3 plus hauts sommets d\u2019Europe .Puis un beau jour d\u2019octobre 2006 lors d\u2019un rendez vous professionnel, on m\u2019a propos\u00e9 de participer au marathon de Paris , j\u2019ai accept\u00e9 sans aucune h\u00e9sitation et sans <a href=\"\/blog\/plan-d-entrainement-comment-lire-entre-les-lignes-17508.html\"target=\"_top\" title=\"entrainement\" >entrainement<\/a> je boucle ma premi\u00e8re course et mon premier marathon en 4h&#8230;.une exp\u00e9rience tr\u00e8s enrichissante et plus que motivante. Ensuite j\u2019enchaine avec le marathon du mont blanc . Pouss\u00e9e par mes proches, je prends ma premi\u00e8re licence en 2008 au FAUCIGNY ATLHETIC CLUB a Cluses . L\u2019entraineur du club Daniel VANEL me pr\u00e9pare un plan d\u2019entrainement pour le marathon de Monaco .Je termine 26 \u00e8me au g\u00e9n\u00e9ral et 1er V2 , c\u2019est le d\u00e9clic !!<\/p>\n<p><strong>Comment t\u2019entraines tu ,combien de fois par semaine, tu suis un plan ,tu t\u2019entraines seul ?<\/strong><\/p>\n<p>Ah l \u2019entrainement , \u00ab entrainements difficiles courses faciles \u00ab voila il n\u2019y a pas de secret !! toute est la\u2026<\/p>\n<p>Oui, je m\u2019entraine beaucoup , enfin \u2026.je suis a la lettre les plans d\u2019entrainements pr\u00e9par\u00e9s par mon coach daniel VANEL, car si je progresse toujours c\u2019est bien gr\u00e2ce a lui !!!<br \/>\nJe cours 5 fois par semaines sauf en aout 7 fois, avec deux s\u00e9ances collectives avec le club le mardi et le jeudi<\/p>\n<p>Le mardi c\u2019est du fractionn\u00e9 court mais rapide<br \/>\nLe mercredi c\u2019est un footing de 45mn a 1h30 sur du plat ou en montagneLe jeudi c\u2019est du fractionn\u00e9 long ou des s\u00e9ances en montagne au printemps et en \u00e9t\u00e9<br \/>\nLe samedi c\u2019est un footing de 45mm a 2h30 suivant ce que je pr\u00e9pare<br \/>\nEt le dimanche c\u2019est les courses ou de grosses s\u00e9ances montagne ou sur route toujours en fonction de ce que je pr\u00e9pare<br \/>\nActuellement je pr\u00e9pare le marathon Nice Cannes support des championnats de France, j\u2019ai commenc\u00e9 la pr\u00e9paration sp\u00e9cifique le 2 aout<br \/>\nEnfin je coupe compl\u00e8tement mes entrainements pendant 10 dix jours uniquement apr\u00e8s les marathons en g\u00e9n\u00e9ral j\u2019en fais 2 par ans Chamonix fin juin et un autre en automne<\/p>\n<p><strong>tes meilleurs classements de l\u2019 ann\u00e9e .<\/strong><\/p>\n<p>Depuis le 1er janvier j\u2019ai particip\u00e9 a 29 courses ,cross, 10km ,semi- marathon ,marathon ,trail et course en montagne plus ou moins longues , j\u2019ai obtenu dans la cat\u00e9gorie V\u00e9t\u00e9ran 2 26 podiums 18 victoires dont 2 victoires au scratch (voir tableau en pi\u00e8ce jointe)<\/p>\n<p>en V2<\/p>\n<p>9\u00e8me au France open de cross a paray le monial<br \/>\n1er riviera classic Vintimille \/Monaco<br \/>\n1er au 10 kilometre de bourg en bresse<br \/>\n1er au marathon du montblanc 16\u00e8me au scratch et 3\u00e8me victoire cons\u00e9cutive en V2<br \/>\n1ER grimp\u00e9e du nid d\u2019aigle a Saint Gervais<br \/>\n1er au belier a la clusaz<br \/>\n6\u00e8me au g\u00e9n\u00e9ral a l\u2019ancilevienne tour du lac d\u2019annecy soit 46km en relais course\/velo avec daniel VANEL<br \/>\n1ER au sratch a la montee du revard a aix les bains<br \/>\n1er a la perjussienne<br \/>\n1ER a l\u2019ekiden des 4 hameaux a saint julien en \u00e9quipe v\u00e9t\u00e9ran et qualifi\u00e9 pour la championnat de france<br \/>\nCette saison j\u2019ai am\u00e9lior\u00e9 mes records sur 10km 34mn49, a Chamb\u00e9ry sur semi 1H18mn35 a Annecy et sur marathon 2h45mn31 a Nice Cannes ou j\u2019 ai obtenu le titre de vice champion de France en novembre 2010<\/p>\n<p><strong>ton prochain objectif<\/strong><\/p>\n<p>Mon prochain objectif c\u2019est le 20 novembre prochain, le marathon Nice cannes support des championnats de France de marathon<\/p>\n<p>Et puis les grandes lignes pour la saison prochaine se dessinent tout doucement , les cross d\u00e9partementaux ,r\u00e9gionaux et inter r\u00e9gionaux et peut \u00eatre plus\u2026<br \/>\nEnsuite les France du 10 kilom\u00e8tres, un semi marathon sans doute Annecy les france de montagne , les France d\u2019\u00e9kiden ,le marathon de Chamonix et de nouveau Nice Cannes c\u2019est agr\u00e9able d\u2019aller passer une petite semaine sur la cote d\u2019azure en novembre\u2026<\/p>\n<p>&nbsp;<\/p>\n\n\t\t<style type=\"text\/css\">\n\t\t\t#gallery-1 {\n\t\t\t\tmargin: auto;\n\t\t\t}\n\t\t\t#gallery-1 .gallery-item {\n\t\t\t\tfloat: left;\n\t\t\t\tmargin-top: 10px;\n\t\t\t\ttext-align: center;\n\t\t\t\twidth: 50%;\n\t\t\t}\n\t\t\t#gallery-1 img {\n\t\t\t\tborder: 2px solid #cfcfcf;\n\t\t\t}\n\t\t\t#gallery-1 .gallery-caption {\n\t\t\t\tmargin-left: 0;\n\t\t\t}\n\t\t\t\/* see gallery_shortcode() in wp-includes\/media.php *\/\n\t\t<\/style>\n\t\t<div id='gallery-1' class='gallery galleryid-17964 gallery-columns-2 gallery-size-thumbnail'><dl class='gallery-item'>\n\t\t\t<dt class='gallery-icon landscape'>\n\t\t\t\t<a href='https:\/\/www.wanarun.net\/blog\/wp-content\/uploads\/2011\/10\/100_1064.jpg'><img width=\"150\" height=\"150\" src=\"https:\/\/www.wanarun.net\/blog\/wp-content\/uploads\/2011\/10\/100_1064-150x150.jpg\" class=\"attachment-thumbnail size-thumbnail\" alt=\"\" loading=\"lazy\" \/><\/a>\n\t\t\t<\/dt><\/dl><dl class='gallery-item'>\n\t\t\t<dt class='gallery-icon landscape'>\n\t\t\t\t<a href='https:\/\/www.wanarun.net\/blog\/wp-content\/uploads\/2011\/10\/DSCF1066.jpg'><img width=\"150\" height=\"150\" src=\"https:\/\/www.wanarun.net\/blog\/wp-content\/uploads\/2011\/10\/DSCF1066-150x150.jpg\" class=\"attachment-thumbnail size-thumbnail\" alt=\"\" loading=\"lazy\" \/><\/a>\n\t\t\t<\/dt><\/dl><br style=\"clear: both\" \/><dl class='gallery-item'>\n\t\t\t<dt class='gallery-icon landscape'>\n\t\t\t\t<a href='https:\/\/www.wanarun.net\/blog\/wp-content\/uploads\/2011\/10\/DSCF1074.jpg'><img width=\"150\" height=\"150\" src=\"https:\/\/www.wanarun.net\/blog\/wp-content\/uploads\/2011\/10\/DSCF1074-150x150.jpg\" class=\"attachment-thumbnail size-thumbnail\" alt=\"\" loading=\"lazy\" \/><\/a>\n\t\t\t<\/dt><\/dl><dl class='gallery-item'>\n\t\t\t<dt class='gallery-icon portrait'>\n\t\t\t\t<a href='https:\/\/www.wanarun.net\/blog\/wp-content\/uploads\/2011\/10\/100_4267.jpg'><img width=\"150\" height=\"150\" src=\"https:\/\/www.wanarun.net\/blog\/wp-content\/uploads\/2011\/10\/100_4267-150x150.jpg\" class=\"attachment-thumbnail size-thumbnail\" alt=\"\" loading=\"lazy\" \/><\/a>\n\t\t\t<\/dt><\/dl><br style=\"clear: both\" \/>\n\t\t<\/div>\n\n","protected":false},"excerpt":{"rendered":"<a href=\"https:\/\/www.wanarun.net\/blog\/gilles-farina-17964.html\"><img width=\"150\" height=\"150\" src=\"https:\/\/www.wanarun.net\/blog\/wp-content\/uploads\/2011\/10\/100_1064-150x150.jpg\" class=\"alignleft tfe wp-post-image\" alt=\"\" loading=\"lazy\" \/><\/a><p>pr\u00e9sente toi : nom , pr\u00e9nom , \u00e2ge , profession Gilles FARINA 52ans j\u2019habite a THYEZ , je suis responsable du magasin produits finis et des exp\u00e9ditions dans la soci\u00e9t\u00e9 ALTIA CLUSES Ton club, tes sponsors Je suis licenci\u00e9 au Faucigny atlh\u00e9tic club depuis 2008 Je suis sponsoris\u00e9 par SPORTS 2000 CLUSES \/ MIZUNO et [&hellip;]<\/p>\n","protected":false},"author":1,"featured_media":17965,"comment_status":"open","ping_status":"open","sticky":false,"template":"","format":"standard","meta":[],"categories":[1705],"tags":[29,74,1652],"yoast_head":"<!-- This site is optimized with the Yoast SEO plugin v18.9 - https:\/\/yoast.com\/wordpress\/plugins\/seo\/ -->\n<title>Portrait de coureur : Gilles FARINA<\/title>\n<meta name=\"description\" content=\"pr\u00e9sente toi : nom , pr\u00e9nom , \u00e2ge , profession Gilles FARINA 52ans j\u2019habite a THYEZ , je suis responsable du magasin produits finis et des exp\u00e9ditions\" \/>\n<meta name=\"robots\" content=\"index, follow, max-snippet:-1, max-image-preview:large, max-video-preview:-1\" \/>\n<link rel=\"canonical\" href=\"https:\/\/www.wanarun.net\/blog\/gilles-farina-17964.html\" \/>\n<meta property=\"og:locale\" content=\"fr_FR\" \/>\n<meta property=\"og:type\" content=\"article\" \/>\n<meta property=\"og:title\" content=\"Portrait de coureur : Gilles FARINA\" \/>\n<meta property=\"og:description\" content=\"pr\u00e9sente toi : nom , pr\u00e9nom , \u00e2ge , profession Gilles FARINA 52ans j\u2019habite a THYEZ , je suis responsable du magasin produits finis et des exp\u00e9ditions\" \/>\n<meta property=\"og:url\" content=\"https:\/\/www.wanarun.net\/blog\/gilles-farina-17964.html\" \/>\n<meta property=\"og:site_name\" content=\"Wanarun, le blog du running, du trail et de la course \u00e0 pied\" \/>\n<meta property=\"article:publisher\" content=\"https:\/\/www.facebook.com\/wanarun\/\" \/>\n<meta property=\"article:published_time\" content=\"2011-10-26T02:00:34+00:00\" \/>\n<meta property=\"article:modified_time\" content=\"2011-10-25T21:51:35+00:00\" \/>\n<meta property=\"og:image\" content=\"https:\/\/www.wanarun.net\/blog\/wp-content\/uploads\/2011\/10\/100_1064.jpg\" \/>\n\t<meta property=\"og:image:width\" content=\"3664\" \/>\n\t<meta property=\"og:image:height\" content=\"2748\" \/>\n\t<meta property=\"og:image:type\" content=\"image\/jpeg\" \/>\n<meta name=\"twitter:label1\" content=\"\u00c9crit par\" \/>\n\t<meta name=\"twitter:data1\" content=\"Manu\" \/>\n\t<meta name=\"twitter:label2\" content=\"Dur\u00e9e de lecture estim\u00e9e\" \/>\n\t<meta name=\"twitter:data2\" content=\"4 minutes\" \/>\n<script type=\"application\/ld+json\" class=\"yoast-schema-graph\">{\"@context\":\"https:\/\/schema.org\",\"@graph\":[{\"@type\":\"Organization\",\"@id\":\"https:\/\/www.wanarun.net\/blog\/#organization\",\"name\":\"Wanarun\",\"url\":\"https:\/\/www.wanarun.net\/blog\/\",\"sameAs\":[\"https:\/\/www.instagram.com\/wanarunnet\/\",\"https:\/\/www.youtube.com\/user\/wanarunnet\",\"https:\/\/www.facebook.com\/wanarun\/\",\"https:\/\/twitter.com\/wanarun\"],\"logo\":{\"@type\":\"ImageObject\",\"inLanguage\":\"fr-FR\",\"@id\":\"https:\/\/www.wanarun.net\/blog\/#\/schema\/logo\/image\/\",\"url\":\"https:\/\/www.wanarun.net\/blog\/wp-content\/uploads\/2018\/03\/logo-wanarun.jpg\",\"contentUrl\":\"https:\/\/www.wanarun.net\/blog\/wp-content\/uploads\/2018\/03\/logo-wanarun.jpg\",\"width\":1196,\"height\":1082,\"caption\":\"Wanarun\"},\"image\":{\"@id\":\"https:\/\/www.wanarun.net\/blog\/#\/schema\/logo\/image\/\"}},{\"@type\":\"WebSite\",\"@id\":\"https:\/\/www.wanarun.net\/blog\/#website\",\"url\":\"https:\/\/www.wanarun.net\/blog\/\",\"name\":\"Wanarun, le blog du running, du trail et de la course \u00e0 pied\",\"description\":\"Informations, remarques, avis, conseils sur la course \u00e0 pied.\",\"publisher\":{\"@id\":\"https:\/\/www.wanarun.net\/blog\/#organization\"},\"potentialAction\":[{\"@type\":\"SearchAction\",\"target\":{\"@type\":\"EntryPoint\",\"urlTemplate\":\"https:\/\/www.wanarun.net\/blog\/?s={search_term_string}\"},\"query-input\":\"required name=search_term_string\"}],\"inLanguage\":\"fr-FR\"},{\"@type\":\"ImageObject\",\"inLanguage\":\"fr-FR\",\"@id\":\"https:\/\/www.wanarun.net\/blog\/gilles-farina-17964.html#primaryimage\",\"url\":\"https:\/\/www.wanarun.net\/blog\/wp-content\/uploads\/2011\/10\/100_1064.jpg\",\"contentUrl\":\"https:\/\/www.wanarun.net\/blog\/wp-content\/uploads\/2011\/10\/100_1064.jpg\",\"width\":3664,\"height\":2748},{\"@type\":\"WebPage\",\"@id\":\"https:\/\/www.wanarun.net\/blog\/gilles-farina-17964.html#webpage\",\"url\":\"https:\/\/www.wanarun.net\/blog\/gilles-farina-17964.html\",\"name\":\"Portrait de coureur : Gilles FARINA\",\"isPartOf\":{\"@id\":\"https:\/\/www.wanarun.net\/blog\/#website\"},\"primaryImageOfPage\":{\"@id\":\"https:\/\/www.wanarun.net\/blog\/gilles-farina-17964.html#primaryimage\"},\"datePublished\":\"2011-10-26T02:00:34+00:00\",\"dateModified\":\"2011-10-25T21:51:35+00:00\",\"description\":\"pr\u00e9sente toi : nom , pr\u00e9nom , \u00e2ge , profession Gilles FARINA 52ans j\u2019habite a THYEZ , je suis responsable du magasin produits finis et des exp\u00e9ditions\",\"breadcrumb\":{\"@id\":\"https:\/\/www.wanarun.net\/blog\/gilles-farina-17964.html#breadcrumb\"},\"inLanguage\":\"fr-FR\",\"potentialAction\":[{\"@type\":\"ReadAction\",\"target\":[\"https:\/\/www.wanarun.net\/blog\/gilles-farina-17964.html\"]}]},{\"@type\":\"BreadcrumbList\",\"@id\":\"https:\/\/www.wanarun.net\/blog\/gilles-farina-17964.html#breadcrumb\",\"itemListElement\":[{\"@type\":\"ListItem\",\"position\":1,\"name\":\"Portrait de coureur : Gilles FARINA\"}]},{\"@type\":\"Article\",\"@id\":\"https:\/\/www.wanarun.net\/blog\/gilles-farina-17964.html#article\",\"isPartOf\":{\"@id\":\"https:\/\/www.wanarun.net\/blog\/gilles-farina-17964.html#webpage\"},\"author\":{\"@id\":\"https:\/\/www.wanarun.net\/blog\/#\/schema\/person\/bfb3bc166306771639fdc2bc6ac79771\"},\"headline\":\"Portrait de coureur : Gilles FARINA\",\"datePublished\":\"2011-10-26T02:00:34+00:00\",\"dateModified\":\"2011-10-25T21:51:35+00:00\",\"mainEntityOfPage\":{\"@id\":\"https:\/\/www.wanarun.net\/blog\/gilles-farina-17964.html#webpage\"},\"wordCount\":865,\"commentCount\":0,\"publisher\":{\"@id\":\"https:\/\/www.wanarun.net\/blog\/#organization\"},\"image\":{\"@id\":\"https:\/\/www.wanarun.net\/blog\/gilles-farina-17964.html#primaryimage\"},\"thumbnailUrl\":\"https:\/\/www.wanarun.net\/blog\/wp-content\/uploads\/2011\/10\/100_1064.jpg\",\"keywords\":[\"MARATHON\",\"Montagne\",\"portrait\"],\"articleSection\":[\"Portrait\"],\"inLanguage\":\"fr-FR\",\"potentialAction\":[{\"@type\":\"CommentAction\",\"name\":\"Comment\",\"target\":[\"https:\/\/www.wanarun.net\/blog\/gilles-farina-17964.html#respond\"]}]},{\"@type\":\"Person\",\"@id\":\"https:\/\/www.wanarun.net\/blog\/#\/schema\/person\/bfb3bc166306771639fdc2bc6ac79771\",\"name\":\"Manu\",\"image\":{\"@type\":\"ImageObject\",\"inLanguage\":\"fr-FR\",\"@id\":\"https:\/\/www.wanarun.net\/blog\/#\/schema\/person\/image\/\",\"url\":\"https:\/\/secure.gravatar.com\/avatar\/717b7c28298e2900c61bceb611a4918a?s=96&d=mm&r=g\",\"contentUrl\":\"https:\/\/secure.gravatar.com\/avatar\/717b7c28298e2900c61bceb611a4918a?s=96&d=mm&r=g\",\"caption\":\"Manu\"},\"sameAs\":[\"https:\/\/www.wanarun.net\"],\"url\":\"https:\/\/www.wanarun.net\/blog\/author\/admin\"}]}<\/script>\n<!-- \/ Yoast SEO plugin. -->","yoast_head_json":{"title":"Portrait de coureur : Gilles FARINA","description":"pr\u00e9sente toi : nom , pr\u00e9nom , \u00e2ge , profession Gilles FARINA 52ans j\u2019habite a THYEZ , je suis responsable du magasin produits finis et des exp\u00e9ditions","robots":{"index":"index","follow":"follow","max-snippet":"max-snippet:-1","max-image-preview":"max-image-preview:large","max-video-preview":"max-video-preview:-1"},"canonical":"https:\/\/www.wanarun.net\/blog\/gilles-farina-17964.html","og_locale":"fr_FR","og_type":"article","og_title":"Portrait de coureur : Gilles FARINA","og_description":"pr\u00e9sente toi : nom , pr\u00e9nom , \u00e2ge , profession Gilles FARINA 52ans j\u2019habite a THYEZ , je suis responsable du magasin produits finis et des exp\u00e9ditions","og_url":"https:\/\/www.wanarun.net\/blog\/gilles-farina-17964.html","og_site_name":"Wanarun, le blog du running, du trail et de la course \u00e0 pied","article_publisher":"https:\/\/www.facebook.com\/wanarun\/","article_published_time":"2011-10-26T02:00:34+00:00","article_modified_time":"2011-10-25T21:51:35+00:00","og_image":[{"width":3664,"height":2748,"url":"https:\/\/www.wanarun.net\/blog\/wp-content\/uploads\/2011\/10\/100_1064.jpg","type":"image\/jpeg"}],"twitter_misc":{"\u00c9crit par":"Manu","Dur\u00e9e de lecture estim\u00e9e":"4 minutes"},"schema":{"@context":"https:\/\/schema.org","@graph":[{"@type":"Organization","@id":"https:\/\/www.wanarun.net\/blog\/#organization","name":"Wanarun","url":"https:\/\/www.wanarun.net\/blog\/","sameAs":["https:\/\/www.instagram.com\/wanarunnet\/","https:\/\/www.youtube.com\/user\/wanarunnet","https:\/\/www.facebook.com\/wanarun\/","https:\/\/twitter.com\/wanarun"],"logo":{"@type":"ImageObject","inLanguage":"fr-FR","@id":"https:\/\/www.wanarun.net\/blog\/#\/schema\/logo\/image\/","url":"https:\/\/www.wanarun.net\/blog\/wp-content\/uploads\/2018\/03\/logo-wanarun.jpg","contentUrl":"https:\/\/www.wanarun.net\/blog\/wp-content\/uploads\/2018\/03\/logo-wanarun.jpg","width":1196,"height":1082,"caption":"Wanarun"},"image":{"@id":"https:\/\/www.wanarun.net\/blog\/#\/schema\/logo\/image\/"}},{"@type":"WebSite","@id":"https:\/\/www.wanarun.net\/blog\/#website","url":"https:\/\/www.wanarun.net\/blog\/","name":"Wanarun, le blog du running, du trail et de la course \u00e0 pied","description":"Informations, remarques, avis, conseils sur la course \u00e0 pied.","publisher":{"@id":"https:\/\/www.wanarun.net\/blog\/#organization"},"potentialAction":[{"@type":"SearchAction","target":{"@type":"EntryPoint","urlTemplate":"https:\/\/www.wanarun.net\/blog\/?s={search_term_string}"},"query-input":"required name=search_term_string"}],"inLanguage":"fr-FR"},{"@type":"ImageObject","inLanguage":"fr-FR","@id":"https:\/\/www.wanarun.net\/blog\/gilles-farina-17964.html#primaryimage","url":"https:\/\/www.wanarun.net\/blog\/wp-content\/uploads\/2011\/10\/100_1064.jpg","contentUrl":"https:\/\/www.wanarun.net\/blog\/wp-content\/uploads\/2011\/10\/100_1064.jpg","width":3664,"height":2748},{"@type":"WebPage","@id":"https:\/\/www.wanarun.net\/blog\/gilles-farina-17964.html#webpage","url":"https:\/\/www.wanarun.net\/blog\/gilles-farina-17964.html","name":"Portrait de coureur : Gilles FARINA","isPartOf":{"@id":"https:\/\/www.wanarun.net\/blog\/#website"},"primaryImageOfPage":{"@id":"https:\/\/www.wanarun.net\/blog\/gilles-farina-17964.html#primaryimage"},"datePublished":"2011-10-26T02:00:34+00:00","dateModified":"2011-10-25T21:51:35+00:00","description":"pr\u00e9sente toi : nom , pr\u00e9nom , \u00e2ge , profession Gilles FARINA 52ans j\u2019habite a THYEZ , je suis responsable du magasin produits finis et des exp\u00e9ditions","breadcrumb":{"@id":"https:\/\/www.wanarun.net\/blog\/gilles-farina-17964.html#breadcrumb"},"inLanguage":"fr-FR","potentialAction":[{"@type":"ReadAction","target":["https:\/\/www.wanarun.net\/blog\/gilles-farina-17964.html"]}]},{"@type":"BreadcrumbList","@id":"https:\/\/www.wanarun.net\/blog\/gilles-farina-17964.html#breadcrumb","itemListElement":[{"@type":"ListItem","position":1,"name":"Portrait de coureur : Gilles FARINA"}]},{"@type":"Article","@id":"https:\/\/www.wanarun.net\/blog\/gilles-farina-17964.html#article","isPartOf":{"@id":"https:\/\/www.wanarun.net\/blog\/gilles-farina-17964.html#webpage"},"author":{"@id":"https:\/\/www.wanarun.net\/blog\/#\/schema\/person\/bfb3bc166306771639fdc2bc6ac79771"},"headline":"Portrait de coureur : Gilles FARINA","datePublished":"2011-10-26T02:00:34+00:00","dateModified":"2011-10-25T21:51:35+00:00","mainEntityOfPage":{"@id":"https:\/\/www.wanarun.net\/blog\/gilles-farina-17964.html#webpage"},"wordCount":865,"commentCount":0,"publisher":{"@id":"https:\/\/www.wanarun.net\/blog\/#organization"},"image":{"@id":"https:\/\/www.wanarun.net\/blog\/gilles-farina-17964.html#primaryimage"},"thumbnailUrl":"https:\/\/www.wanarun.net\/blog\/wp-content\/uploads\/2011\/10\/100_1064.jpg","keywords":["MARATHON","Montagne","portrait"],"articleSection":["Portrait"],"inLanguage":"fr-FR","potentialAction":[{"@type":"CommentAction","name":"Comment","target":["https:\/\/www.wanarun.net\/blog\/gilles-farina-17964.html#respond"]}]},{"@type":"Person","@id":"https:\/\/www.wanarun.net\/blog\/#\/schema\/person\/bfb3bc166306771639fdc2bc6ac79771","name":"Manu","image":{"@type":"ImageObject","inLanguage":"fr-FR","@id":"https:\/\/www.wanarun.net\/blog\/#\/schema\/person\/image\/","url":"https:\/\/secure.gravatar.com\/avatar\/717b7c28298e2900c61bceb611a4918a?s=96&d=mm&r=g","contentUrl":"https:\/\/secure.gravatar.com\/avatar\/717b7c28298e2900c61bceb611a4918a?s=96&d=mm&r=g","caption":"Manu"},"sameAs":["https:\/\/www.wanarun.net"],"url":"https:\/\/www.wanarun.net\/blog\/author\/admin"}]}},"_links":{"self":[{"href":"https:\/\/www.wanarun.net\/blog\/wp-json\/wp\/v2\/posts\/17964"}],"collection":[{"href":"https:\/\/www.wanarun.net\/blog\/wp-json\/wp\/v2\/posts"}],"about":[{"href":"https:\/\/www.wanarun.net\/blog\/wp-json\/wp\/v2\/types\/post"}],"author":[{"embeddable":true,"href":"https:\/\/www.wanarun.net\/blog\/wp-json\/wp\/v2\/users\/1"}],"replies":[{"embeddable":true,"href":"https:\/\/www.wanarun.net\/blog\/wp-json\/wp\/v2\/comments?post=17964"}],"version-history":[{"count":4,"href":"https:\/\/www.wanarun.net\/blog\/wp-json\/wp\/v2\/posts\/17964\/revisions"}],"predecessor-version":[{"id":17972,"href":"https:\/\/www.wanarun.net\/blog\/wp-json\/wp\/v2\/posts\/17964\/revisions\/17972"}],"wp:featuredmedia":[{"embeddable":true,"href":"https:\/\/www.wanarun.net\/blog\/wp-json\/wp\/v2\/media\/17965"}],"wp:attachment":[{"href":"https:\/\/www.wanarun.net\/blog\/wp-json\/wp\/v2\/media?parent=17964"}],"wp:term":[{"taxonomy":"category","embeddable":true,"href":"https:\/\/www.wanarun.net\/blog\/wp-json\/wp\/v2\/categories?post=17964"},{"taxonomy":"post_tag","embeddable":true,"href":"https:\/\/www.wanarun.net\/blog\/wp-json\/wp\/v2\/tags?post=17964"}],"curies":[{"name":"wp","href":"https:\/\/api.w.org\/{rel}","templated":true}]}}