{"id":17656,"date":"2011-10-17T03:00:49","date_gmt":"2011-10-17T02:00:49","guid":{"rendered":"http:\/\/www.wanarun.net\/blog\/?p=17656"},"modified":"2024-02-19T14:19:05","modified_gmt":"2024-02-19T13:19:05","slug":"mais-cest-quoi-cette-histoire-de-drapeau","status":"publish","type":"post","link":"https:\/\/www.wanarun.net\/blog\/mais-cest-quoi-cette-histoire-de-drapeau-17656.html","title":{"rendered":"Mais c&rsquo;est quoi cette histoire de drapeau ?"},"content":{"rendered":"<p><a href=\"https:\/\/www.wanarun.net\/blog\/wp-content\/uploads\/2011\/10\/deuxdrapeaux.jpg\"><img loading=\"lazy\" class=\"size-medium wp-image-17657 alignleft\" title=\"deuxdrapeaux\" src=\"https:\/\/www.wanarun.net\/blog\/wp-content\/uploads\/2011\/10\/deuxdrapeaux-300x192.jpg\" alt=\"\" width=\"300\" height=\"192\" srcset=\"https:\/\/www.wanarun.net\/blog\/wp-content\/uploads\/2011\/10\/deuxdrapeaux-300x192.jpg 300w, https:\/\/www.wanarun.net\/blog\/wp-content\/uploads\/2011\/10\/deuxdrapeaux.jpg 342w\" sizes=\"(max-width: 300px) 100vw, 300px\" \/><\/a><strong>Tout a commenc\u00e9 en 2004\u2026<\/strong><\/p>\n<p><strong>Fredou*<\/strong>, coureur Rh\u00f4ne-Alpin et ufo depuis quelques temps d\u00e9j\u00e0 se confectionne un joli petit fanion blanc marqu\u00e9 du logo ufo qu&rsquo;il emporte avec lui lors de ses sorties longues en solo. <strong>Le drapeau UFO<\/strong> est fortement li\u00e9 \u00e0 la cr\u00e9ation et au d\u00e9veloppement du site et du forum Ultrafondus, et donc bien sur \u00e9galement au magazine (les 3 formant un tout unique). A l&rsquo;\u00e9poque sur Ultrafondus, il y avait la CTU, <strong>la Course de Tous les Ultras<\/strong>, une sorte de compteur ou tous les coureurs d&rsquo;ultra d\u00e9claraient leur kilom\u00e8tres ce qui venait alimenter le compteur des kilom\u00e8tres courus par tous les UFO<span style=\"font-size: small;\"><span style=\"font-family: Times New Roman;\">.<\/span><\/span><\/p>\n<p>Le drapeau commence \u00e0 circuler lors de sorties en solos, puis un jour de 2004, sur les 24h de St-Fons alors que Fredou et <strong>Leptimichel**<\/strong> couraient ensembles, ils ont eu l&rsquo;id\u00e9e d&rsquo;inscrire le drapeau comme participant \u00e0 la CTU vu le nombre de km qu&rsquo;il avait parcouru\u2026 (au m\u00eame titre que n&rsquo;importe quel coureur).<\/p>\n<p>L&rsquo;id\u00e9e \u00e9tait n\u00e9e\u2026 Et elle va s&rsquo;\u00e9tendre.<\/p>\n<p><strong>Comptabiliser les kilom\u00e8tres c&rsquo;\u00e9tait bien mais pourquoi ne pas augmenter ces kilom\u00e8tres parcourus en le confiant \u00e0 celles et ceux qui partent faire des ultras ?<\/strong><\/p>\n<p>C&rsquo;est ainsi que d\u00e8s le mois de juin, Pitou va emporter avec lui ce qui allait devenir le symbole des ufos, et pour cette sortie, le drapeau va placer la barre tr\u00e8s haute avec <strong>la Transamerica<\/strong> et ses 5000km !<\/p>\n<p>Le rythme est donn\u00e9\u2026 Le drapeau circule, passe de sac \u00e0 dos en valise avant de se retrouver accroch\u00e9 au short, \u00e0 la sangle ou \u00e0 la casquette des ufo, quelles que soient les courses et les distances parcourues.<\/p>\n<p>Aujourd&rsquo;hui la CTU n&rsquo;existe plus en tant que telle, mais l&rsquo;id\u00e9e du drapeau a perdur\u00e9e et continue<span style=\"font-size: small;\"><span style=\"font-family: Times New Roman;\">.<\/span><\/span><\/p>\n<p>&nbsp;<\/p>\n<p>Nul doute qu&rsquo;il va continuer \u00e0 voyager longtemps, tr\u00e8s longtemps ! ! !<\/p>\n<p>&nbsp;<\/p>\n<p>Aujourd\u2019hui le drapeau chemine sur les sentiers de l\u2019Ile de la R\u00e9union, bien accroch\u00e9 au sac de <strong>Philippe JACQUES****<\/strong> engag\u00e9 sur la Diag (Grand Raid de la R\u00e9union). Encore des kilom\u00e8tres suppl\u00e9mentaires et une belle histoire racont\u00e9e par un passionn\u00e9 d\u2019Ultra. Un coureur anonyme avec un gros c\u0153ur\u2026.<\/p>\n<p>&nbsp;<\/p>\n<p>Toute l\u2019histoire du drapeau sur\u00a0: <a href=\"http:\/\/lesitedemichel.sportnat.com\/drapeau\/drapindex.htm\">http:\/\/lesitedemichel.sportnat.com\/drapeau\/drapindex.htm<\/a><\/p>\n<p>&nbsp;<\/p>\n<p>&nbsp;<\/p>\n<p><em>* Fredou, qui est \u00e0 l&rsquo;origine de l&rsquo;id\u00e9e, est un coureur d&rsquo;ultra qui \u00e9tait pr\u00e9sent sur UFO d\u00e8s le d\u00e9but du site et du forum (\u00e0 l&rsquo;\u00e9poque o\u00f9 l&rsquo;animation du forum \u00e9tait partag\u00e9e entre Philippe Billard et Bruno Heubi&#8230; mais l\u00e0 on remonte \u00e0 l&rsquo;histoire ancienne de l&rsquo;ultra).<\/em><\/p>\n<p><em>\u00a0<\/em><\/p>\n<p><em>** Leptitmichel est un coureur d\u2019Ultra, \u00e9galement pr\u00e9sent d\u00e9s les premi\u00e8res heures sur le forum d\u2019ultrafondus, il est aussi un passionn\u00e9 de course d\u2019orientation<\/em><\/p>\n<p><em>\u00a0<\/em><\/p>\n<p><em>*** PITOU Coureur d&rsquo;ultra qui a notamment fait la transam\u00e9rica avec le drapeau<\/em><\/p>\n<p><em>\u00a0<\/em><\/p>\n<p><em>**** Philippe JACQUES <a href=\"https:\/\/www.facebook.com\/#!\/profile.php?id=100000112370337\">https:\/\/www.facebook.com\/#!\/profile.php?id=100000112370337<\/a><\/em><\/p>\n<p>&nbsp;<\/p>\n","protected":false},"excerpt":{"rendered":"<a href=\"https:\/\/www.wanarun.net\/blog\/mais-cest-quoi-cette-histoire-de-drapeau-17656.html\"><img width=\"150\" height=\"150\" src=\"https:\/\/www.wanarun.net\/blog\/wp-content\/uploads\/2011\/10\/deuxdrapeaux-150x150.jpg\" class=\"alignleft tfe wp-post-image\" alt=\"\" loading=\"lazy\" \/><\/a><p>Tout a commenc\u00e9 en 2004\u2026 Fredou*, coureur Rh\u00f4ne-Alpin et ufo depuis quelques temps d\u00e9j\u00e0 se confectionne un joli petit fanion blanc marqu\u00e9 du logo ufo qu&rsquo;il emporte avec lui lors de ses sorties longues en solo. Le drapeau UFO est fortement li\u00e9 \u00e0 la cr\u00e9ation et au d\u00e9veloppement du site et du forum Ultrafondus, et [&hellip;]<\/p>\n","protected":false},"author":29,"featured_media":17657,"comment_status":"open","ping_status":"open","sticky":false,"template":"","format":"standard","meta":[],"categories":[556],"tags":[],"yoast_head":"<!-- This site is optimized with the Yoast SEO plugin v18.9 - https:\/\/yoast.com\/wordpress\/plugins\/seo\/ -->\n<title>Mais c&#039;est quoi cette histoire de drapeau ?<\/title>\n<meta name=\"description\" content=\"Tout a commenc\u00e9 en 2004\u2026 Fredou*, coureur Rh\u00f4ne-Alpin et ufo depuis quelques temps d\u00e9j\u00e0 se confectionne un joli petit fanion blanc marqu\u00e9 du logo ufo\" \/>\n<meta name=\"robots\" content=\"index, follow, max-snippet:-1, max-image-preview:large, max-video-preview:-1\" \/>\n<link rel=\"canonical\" href=\"https:\/\/www.wanarun.net\/blog\/mais-cest-quoi-cette-histoire-de-drapeau-17656.html\" \/>\n<meta property=\"og:locale\" content=\"fr_FR\" \/>\n<meta property=\"og:type\" content=\"article\" \/>\n<meta property=\"og:title\" content=\"Mais c&#039;est quoi cette histoire de drapeau ?\" \/>\n<meta property=\"og:description\" content=\"Tout a commenc\u00e9 en 2004\u2026 Fredou*, coureur Rh\u00f4ne-Alpin et ufo depuis quelques temps d\u00e9j\u00e0 se confectionne un joli petit fanion blanc marqu\u00e9 du logo ufo\" \/>\n<meta property=\"og:url\" content=\"https:\/\/www.wanarun.net\/blog\/mais-cest-quoi-cette-histoire-de-drapeau-17656.html\" \/>\n<meta property=\"og:site_name\" content=\"Wanarun, le blog du running, du trail et de la course \u00e0 pied\" \/>\n<meta property=\"article:publisher\" content=\"https:\/\/www.facebook.com\/wanarun\/\" \/>\n<meta property=\"article:published_time\" content=\"2011-10-17T02:00:49+00:00\" \/>\n<meta property=\"article:modified_time\" content=\"2024-02-19T13:19:05+00:00\" \/>\n<meta property=\"og:image\" content=\"https:\/\/www.wanarun.net\/blog\/wp-content\/uploads\/2011\/10\/deuxdrapeaux.jpg\" \/>\n\t<meta property=\"og:image:width\" content=\"342\" \/>\n\t<meta property=\"og:image:height\" content=\"219\" \/>\n\t<meta property=\"og:image:type\" content=\"image\/jpeg\" \/>\n<meta name=\"twitter:label1\" content=\"\u00c9crit par\" \/>\n\t<meta name=\"twitter:data1\" content=\"laurent\" \/>\n\t<meta name=\"twitter:label2\" content=\"Dur\u00e9e de lecture estim\u00e9e\" \/>\n\t<meta name=\"twitter:data2\" content=\"2 minutes\" \/>\n<script type=\"application\/ld+json\" class=\"yoast-schema-graph\">{\"@context\":\"https:\/\/schema.org\",\"@graph\":[{\"@type\":\"Organization\",\"@id\":\"https:\/\/www.wanarun.net\/blog\/#organization\",\"name\":\"Wanarun\",\"url\":\"https:\/\/www.wanarun.net\/blog\/\",\"sameAs\":[\"https:\/\/www.instagram.com\/wanarunnet\/\",\"https:\/\/www.youtube.com\/user\/wanarunnet\",\"https:\/\/www.facebook.com\/wanarun\/\",\"https:\/\/twitter.com\/wanarun\"],\"logo\":{\"@type\":\"ImageObject\",\"inLanguage\":\"fr-FR\",\"@id\":\"https:\/\/www.wanarun.net\/blog\/#\/schema\/logo\/image\/\",\"url\":\"https:\/\/www.wanarun.net\/blog\/wp-content\/uploads\/2018\/03\/logo-wanarun.jpg\",\"contentUrl\":\"https:\/\/www.wanarun.net\/blog\/wp-content\/uploads\/2018\/03\/logo-wanarun.jpg\",\"width\":1196,\"height\":1082,\"caption\":\"Wanarun\"},\"image\":{\"@id\":\"https:\/\/www.wanarun.net\/blog\/#\/schema\/logo\/image\/\"}},{\"@type\":\"WebSite\",\"@id\":\"https:\/\/www.wanarun.net\/blog\/#website\",\"url\":\"https:\/\/www.wanarun.net\/blog\/\",\"name\":\"Wanarun, le blog du running, du trail et de la course \u00e0 pied\",\"description\":\"Informations, remarques, avis, conseils sur la course \u00e0 pied.\",\"publisher\":{\"@id\":\"https:\/\/www.wanarun.net\/blog\/#organization\"},\"potentialAction\":[{\"@type\":\"SearchAction\",\"target\":{\"@type\":\"EntryPoint\",\"urlTemplate\":\"https:\/\/www.wanarun.net\/blog\/?s={search_term_string}\"},\"query-input\":\"required name=search_term_string\"}],\"inLanguage\":\"fr-FR\"},{\"@type\":\"ImageObject\",\"inLanguage\":\"fr-FR\",\"@id\":\"https:\/\/www.wanarun.net\/blog\/mais-cest-quoi-cette-histoire-de-drapeau-17656.html#primaryimage\",\"url\":\"https:\/\/www.wanarun.net\/blog\/wp-content\/uploads\/2011\/10\/deuxdrapeaux.jpg\",\"contentUrl\":\"https:\/\/www.wanarun.net\/blog\/wp-content\/uploads\/2011\/10\/deuxdrapeaux.jpg\",\"width\":342,\"height\":219},{\"@type\":\"WebPage\",\"@id\":\"https:\/\/www.wanarun.net\/blog\/mais-cest-quoi-cette-histoire-de-drapeau-17656.html#webpage\",\"url\":\"https:\/\/www.wanarun.net\/blog\/mais-cest-quoi-cette-histoire-de-drapeau-17656.html\",\"name\":\"Mais c'est quoi cette histoire de drapeau ?\",\"isPartOf\":{\"@id\":\"https:\/\/www.wanarun.net\/blog\/#website\"},\"primaryImageOfPage\":{\"@id\":\"https:\/\/www.wanarun.net\/blog\/mais-cest-quoi-cette-histoire-de-drapeau-17656.html#primaryimage\"},\"datePublished\":\"2011-10-17T02:00:49+00:00\",\"dateModified\":\"2024-02-19T13:19:05+00:00\",\"description\":\"Tout a commenc\u00e9 en 2004\u2026 Fredou*, coureur Rh\u00f4ne-Alpin et ufo depuis quelques temps d\u00e9j\u00e0 se confectionne un joli petit fanion blanc marqu\u00e9 du logo ufo\",\"breadcrumb\":{\"@id\":\"https:\/\/www.wanarun.net\/blog\/mais-cest-quoi-cette-histoire-de-drapeau-17656.html#breadcrumb\"},\"inLanguage\":\"fr-FR\",\"potentialAction\":[{\"@type\":\"ReadAction\",\"target\":[\"https:\/\/www.wanarun.net\/blog\/mais-cest-quoi-cette-histoire-de-drapeau-17656.html\"]}]},{\"@type\":\"BreadcrumbList\",\"@id\":\"https:\/\/www.wanarun.net\/blog\/mais-cest-quoi-cette-histoire-de-drapeau-17656.html#breadcrumb\",\"itemListElement\":[{\"@type\":\"ListItem\",\"position\":1,\"name\":\"Mais c&rsquo;est quoi cette histoire de drapeau ?\"}]},{\"@type\":\"Article\",\"@id\":\"https:\/\/www.wanarun.net\/blog\/mais-cest-quoi-cette-histoire-de-drapeau-17656.html#article\",\"isPartOf\":{\"@id\":\"https:\/\/www.wanarun.net\/blog\/mais-cest-quoi-cette-histoire-de-drapeau-17656.html#webpage\"},\"author\":{\"@id\":\"https:\/\/www.wanarun.net\/blog\/#\/schema\/person\/ed88c735bd122c6b6356955e40ec6bc1\"},\"headline\":\"Mais c&rsquo;est quoi cette histoire de drapeau ?\",\"datePublished\":\"2011-10-17T02:00:49+00:00\",\"dateModified\":\"2024-02-19T13:19:05+00:00\",\"mainEntityOfPage\":{\"@id\":\"https:\/\/www.wanarun.net\/blog\/mais-cest-quoi-cette-histoire-de-drapeau-17656.html#webpage\"},\"wordCount\":492,\"commentCount\":0,\"publisher\":{\"@id\":\"https:\/\/www.wanarun.net\/blog\/#organization\"},\"image\":{\"@id\":\"https:\/\/www.wanarun.net\/blog\/mais-cest-quoi-cette-histoire-de-drapeau-17656.html#primaryimage\"},\"thumbnailUrl\":\"https:\/\/www.wanarun.net\/blog\/wp-content\/uploads\/2011\/10\/deuxdrapeaux.jpg\",\"articleSection\":[\"Derni\u00e8res Minutes\"],\"inLanguage\":\"fr-FR\",\"potentialAction\":[{\"@type\":\"CommentAction\",\"name\":\"Comment\",\"target\":[\"https:\/\/www.wanarun.net\/blog\/mais-cest-quoi-cette-histoire-de-drapeau-17656.html#respond\"]}]},{\"@type\":\"Person\",\"@id\":\"https:\/\/www.wanarun.net\/blog\/#\/schema\/person\/ed88c735bd122c6b6356955e40ec6bc1\",\"name\":\"laurent\",\"image\":{\"@type\":\"ImageObject\",\"inLanguage\":\"fr-FR\",\"@id\":\"https:\/\/www.wanarun.net\/blog\/#\/schema\/person\/image\/\",\"url\":\"https:\/\/secure.gravatar.com\/avatar\/57da4030efe67c8c21dfcc235e85d39d?s=96&d=mm&r=g\",\"contentUrl\":\"https:\/\/secure.gravatar.com\/avatar\/57da4030efe67c8c21dfcc235e85d39d?s=96&d=mm&r=g\",\"caption\":\"laurent\"},\"description\":\"45 ans (euh oui d\u00e9j\u00e0\u2026) \u2013 Dirigeant d\u2019un \u00e9tablissement M\u00e9dico-social. Rochelais d\u2019origine je vis d\u00e9sormais en R\u00e9gion Centre. La course \u00e0 pied fait partie de mon quotidien depuis 7 ans, elle repr\u00e9sente entre 40 et 70km par semaine, une hernie discale me contraint d\u00e9sormais \u00e0 l\u2019endurance et j\u2019adore !! Je ne cours jamais sans plaisir, souvent \u00e9go\u00efstement \u2026.. Je me suis r\u00e9gal\u00e9 sur plusieurs ultras de plus de 10h, 5 marathons, plusieurs semi-marathons, diverses courses petites distances et \u00ab nature \u00bb, deux participations au 25\u00e8me Marathon Des Sables et une participation aux 100 km de Millau ! J\u2019aime les gadgets et l\u2019innovation, je suis gourmand et la nutrition me passionne. Mon adage : \u00ab Ce n\u2019est pas parce que c\u2019est dur qu\u2019on le fait pas, mais parce qu\u2019on ne le fait pas que \u00e7a parait difficile ! \u00bb\",\"url\":\"https:\/\/www.wanarun.net\/blog\/author\/laurent\"}]}<\/script>\n<!-- \/ Yoast SEO plugin. -->","yoast_head_json":{"title":"Mais c'est quoi cette histoire de drapeau ?","description":"Tout a commenc\u00e9 en 2004\u2026 Fredou*, coureur Rh\u00f4ne-Alpin et ufo depuis quelques temps d\u00e9j\u00e0 se confectionne un joli petit fanion blanc marqu\u00e9 du logo ufo","robots":{"index":"index","follow":"follow","max-snippet":"max-snippet:-1","max-image-preview":"max-image-preview:large","max-video-preview":"max-video-preview:-1"},"canonical":"https:\/\/www.wanarun.net\/blog\/mais-cest-quoi-cette-histoire-de-drapeau-17656.html","og_locale":"fr_FR","og_type":"article","og_title":"Mais c'est quoi cette histoire de drapeau ?","og_description":"Tout a commenc\u00e9 en 2004\u2026 Fredou*, coureur Rh\u00f4ne-Alpin et ufo depuis quelques temps d\u00e9j\u00e0 se confectionne un joli petit fanion blanc marqu\u00e9 du logo ufo","og_url":"https:\/\/www.wanarun.net\/blog\/mais-cest-quoi-cette-histoire-de-drapeau-17656.html","og_site_name":"Wanarun, le blog du running, du trail et de la course \u00e0 pied","article_publisher":"https:\/\/www.facebook.com\/wanarun\/","article_published_time":"2011-10-17T02:00:49+00:00","article_modified_time":"2024-02-19T13:19:05+00:00","og_image":[{"width":342,"height":219,"url":"https:\/\/www.wanarun.net\/blog\/wp-content\/uploads\/2011\/10\/deuxdrapeaux.jpg","type":"image\/jpeg"}],"twitter_misc":{"\u00c9crit par":"laurent","Dur\u00e9e de lecture estim\u00e9e":"2 minutes"},"schema":{"@context":"https:\/\/schema.org","@graph":[{"@type":"Organization","@id":"https:\/\/www.wanarun.net\/blog\/#organization","name":"Wanarun","url":"https:\/\/www.wanarun.net\/blog\/","sameAs":["https:\/\/www.instagram.com\/wanarunnet\/","https:\/\/www.youtube.com\/user\/wanarunnet","https:\/\/www.facebook.com\/wanarun\/","https:\/\/twitter.com\/wanarun"],"logo":{"@type":"ImageObject","inLanguage":"fr-FR","@id":"https:\/\/www.wanarun.net\/blog\/#\/schema\/logo\/image\/","url":"https:\/\/www.wanarun.net\/blog\/wp-content\/uploads\/2018\/03\/logo-wanarun.jpg","contentUrl":"https:\/\/www.wanarun.net\/blog\/wp-content\/uploads\/2018\/03\/logo-wanarun.jpg","width":1196,"height":1082,"caption":"Wanarun"},"image":{"@id":"https:\/\/www.wanarun.net\/blog\/#\/schema\/logo\/image\/"}},{"@type":"WebSite","@id":"https:\/\/www.wanarun.net\/blog\/#website","url":"https:\/\/www.wanarun.net\/blog\/","name":"Wanarun, le blog du running, du trail et de la course \u00e0 pied","description":"Informations, remarques, avis, conseils sur la course \u00e0 pied.","publisher":{"@id":"https:\/\/www.wanarun.net\/blog\/#organization"},"potentialAction":[{"@type":"SearchAction","target":{"@type":"EntryPoint","urlTemplate":"https:\/\/www.wanarun.net\/blog\/?s={search_term_string}"},"query-input":"required name=search_term_string"}],"inLanguage":"fr-FR"},{"@type":"ImageObject","inLanguage":"fr-FR","@id":"https:\/\/www.wanarun.net\/blog\/mais-cest-quoi-cette-histoire-de-drapeau-17656.html#primaryimage","url":"https:\/\/www.wanarun.net\/blog\/wp-content\/uploads\/2011\/10\/deuxdrapeaux.jpg","contentUrl":"https:\/\/www.wanarun.net\/blog\/wp-content\/uploads\/2011\/10\/deuxdrapeaux.jpg","width":342,"height":219},{"@type":"WebPage","@id":"https:\/\/www.wanarun.net\/blog\/mais-cest-quoi-cette-histoire-de-drapeau-17656.html#webpage","url":"https:\/\/www.wanarun.net\/blog\/mais-cest-quoi-cette-histoire-de-drapeau-17656.html","name":"Mais c'est quoi cette histoire de drapeau ?","isPartOf":{"@id":"https:\/\/www.wanarun.net\/blog\/#website"},"primaryImageOfPage":{"@id":"https:\/\/www.wanarun.net\/blog\/mais-cest-quoi-cette-histoire-de-drapeau-17656.html#primaryimage"},"datePublished":"2011-10-17T02:00:49+00:00","dateModified":"2024-02-19T13:19:05+00:00","description":"Tout a commenc\u00e9 en 2004\u2026 Fredou*, coureur Rh\u00f4ne-Alpin et ufo depuis quelques temps d\u00e9j\u00e0 se confectionne un joli petit fanion blanc marqu\u00e9 du logo ufo","breadcrumb":{"@id":"https:\/\/www.wanarun.net\/blog\/mais-cest-quoi-cette-histoire-de-drapeau-17656.html#breadcrumb"},"inLanguage":"fr-FR","potentialAction":[{"@type":"ReadAction","target":["https:\/\/www.wanarun.net\/blog\/mais-cest-quoi-cette-histoire-de-drapeau-17656.html"]}]},{"@type":"BreadcrumbList","@id":"https:\/\/www.wanarun.net\/blog\/mais-cest-quoi-cette-histoire-de-drapeau-17656.html#breadcrumb","itemListElement":[{"@type":"ListItem","position":1,"name":"Mais c&rsquo;est quoi cette histoire de drapeau ?"}]},{"@type":"Article","@id":"https:\/\/www.wanarun.net\/blog\/mais-cest-quoi-cette-histoire-de-drapeau-17656.html#article","isPartOf":{"@id":"https:\/\/www.wanarun.net\/blog\/mais-cest-quoi-cette-histoire-de-drapeau-17656.html#webpage"},"author":{"@id":"https:\/\/www.wanarun.net\/blog\/#\/schema\/person\/ed88c735bd122c6b6356955e40ec6bc1"},"headline":"Mais c&rsquo;est quoi cette histoire de drapeau ?","datePublished":"2011-10-17T02:00:49+00:00","dateModified":"2024-02-19T13:19:05+00:00","mainEntityOfPage":{"@id":"https:\/\/www.wanarun.net\/blog\/mais-cest-quoi-cette-histoire-de-drapeau-17656.html#webpage"},"wordCount":492,"commentCount":0,"publisher":{"@id":"https:\/\/www.wanarun.net\/blog\/#organization"},"image":{"@id":"https:\/\/www.wanarun.net\/blog\/mais-cest-quoi-cette-histoire-de-drapeau-17656.html#primaryimage"},"thumbnailUrl":"https:\/\/www.wanarun.net\/blog\/wp-content\/uploads\/2011\/10\/deuxdrapeaux.jpg","articleSection":["Derni\u00e8res Minutes"],"inLanguage":"fr-FR","potentialAction":[{"@type":"CommentAction","name":"Comment","target":["https:\/\/www.wanarun.net\/blog\/mais-cest-quoi-cette-histoire-de-drapeau-17656.html#respond"]}]},{"@type":"Person","@id":"https:\/\/www.wanarun.net\/blog\/#\/schema\/person\/ed88c735bd122c6b6356955e40ec6bc1","name":"laurent","image":{"@type":"ImageObject","inLanguage":"fr-FR","@id":"https:\/\/www.wanarun.net\/blog\/#\/schema\/person\/image\/","url":"https:\/\/secure.gravatar.com\/avatar\/57da4030efe67c8c21dfcc235e85d39d?s=96&d=mm&r=g","contentUrl":"https:\/\/secure.gravatar.com\/avatar\/57da4030efe67c8c21dfcc235e85d39d?s=96&d=mm&r=g","caption":"laurent"},"description":"45 ans (euh oui d\u00e9j\u00e0\u2026) \u2013 Dirigeant d\u2019un \u00e9tablissement M\u00e9dico-social. Rochelais d\u2019origine je vis d\u00e9sormais en R\u00e9gion Centre. La course \u00e0 pied fait partie de mon quotidien depuis 7 ans, elle repr\u00e9sente entre 40 et 70km par semaine, une hernie discale me contraint d\u00e9sormais \u00e0 l\u2019endurance et j\u2019adore !! Je ne cours jamais sans plaisir, souvent \u00e9go\u00efstement \u2026.. Je me suis r\u00e9gal\u00e9 sur plusieurs ultras de plus de 10h, 5 marathons, plusieurs semi-marathons, diverses courses petites distances et \u00ab nature \u00bb, deux participations au 25\u00e8me Marathon Des Sables et une participation aux 100 km de Millau ! J\u2019aime les gadgets et l\u2019innovation, je suis gourmand et la nutrition me passionne. Mon adage : \u00ab Ce n\u2019est pas parce que c\u2019est dur qu\u2019on le fait pas, mais parce qu\u2019on ne le fait pas que \u00e7a parait difficile ! \u00bb","url":"https:\/\/www.wanarun.net\/blog\/author\/laurent"}]}},"_links":{"self":[{"href":"https:\/\/www.wanarun.net\/blog\/wp-json\/wp\/v2\/posts\/17656"}],"collection":[{"href":"https:\/\/www.wanarun.net\/blog\/wp-json\/wp\/v2\/posts"}],"about":[{"href":"https:\/\/www.wanarun.net\/blog\/wp-json\/wp\/v2\/types\/post"}],"author":[{"embeddable":true,"href":"https:\/\/www.wanarun.net\/blog\/wp-json\/wp\/v2\/users\/29"}],"replies":[{"embeddable":true,"href":"https:\/\/www.wanarun.net\/blog\/wp-json\/wp\/v2\/comments?post=17656"}],"version-history":[{"count":12,"href":"https:\/\/www.wanarun.net\/blog\/wp-json\/wp\/v2\/posts\/17656\/revisions"}],"predecessor-version":[{"id":72697,"href":"https:\/\/www.wanarun.net\/blog\/wp-json\/wp\/v2\/posts\/17656\/revisions\/72697"}],"wp:featuredmedia":[{"embeddable":true,"href":"https:\/\/www.wanarun.net\/blog\/wp-json\/wp\/v2\/media\/17657"}],"wp:attachment":[{"href":"https:\/\/www.wanarun.net\/blog\/wp-json\/wp\/v2\/media?parent=17656"}],"wp:term":[{"taxonomy":"category","embeddable":true,"href":"https:\/\/www.wanarun.net\/blog\/wp-json\/wp\/v2\/categories?post=17656"},{"taxonomy":"post_tag","embeddable":true,"href":"https:\/\/www.wanarun.net\/blog\/wp-json\/wp\/v2\/tags?post=17656"}],"curies":[{"name":"wp","href":"https:\/\/api.w.org\/{rel}","templated":true}]}}