{"id":17417,"date":"2011-10-04T03:00:55","date_gmt":"2011-10-04T02:00:55","guid":{"rendered":"http:\/\/www.wanarun.net\/blog\/?p=17417"},"modified":"2011-10-04T06:37:07","modified_gmt":"2011-10-04T05:37:07","slug":"semi-marathon-de-tournefeuille-photos-et-compte-rendu","status":"publish","type":"post","link":"https:\/\/www.wanarun.net\/blog\/semi-marathon-de-tournefeuille-photos-et-compte-rendu-17417.html","title":{"rendered":"semi-marathon de Tournefeuille : photos et compte-rendu"},"content":{"rendered":"<p><strong>Plus de 1500 au semi de Tournefeuille !<\/strong><\/p>\n<p>Tournefeuille, un des tout premiers jours d\u2019automne, un des tout premiers jours d\u2019octobre. Cette ann\u00e9e, contrairement \u00e0 l\u2019ann\u00e9e derni\u00e8re, la nouvelle saison s\u2019est faite attendre. Les feuilles ne tournent point encore. Il fait beau, beau et chaud. On ne s\u2019en plaindra pas, quoique\u2026. La temp\u00e9rature affich\u00e9e d\u00e8s le matin reste bien au dessus des normales saisonni\u00e8res. L\u2019\u00e9t\u00e9 est indien. On ira\u2026 et l\u2019on courra bien encore\u2026<\/p>\n<p>Toute la semaine fut chaude. Pas un nuage dans le ciel, pas un souffle de vent. A la derni\u00e8re nuit claire, succ\u00e8de une nouvelle journ\u00e9e, tout aussi claire. Dimanche. Les rayons du soleil sont tout de suite g\u00e9n\u00e9reux, la lumi\u00e8re est surabondante. D\u00e8s sept heures, le gymnase s\u2019emplit. Les coureurs arrivent, solitaires, ou par petits groupes courir la dixi\u00e8me \u00e9dition du dix kilom\u00e8tres de Tournefeuille, ou le semi. A trois petites semaines du marathon international du Grand Toulouse, le club de la petite bourgade mitoyenne, l\u2019athl\u00e9 632, a eu la bonne id\u00e9e il y a cinq ans de rajouter aux dix kilom\u00e8tres qu\u2019elle proposait jusque l\u00e0 au monde de la course \u00e0 pied un vrai semi-marathon. Chacun sait qu\u2019une telle distance conf\u00e8re \u00e0 ceux qui pr\u00e9parent l\u2019\u00e9preuve marathonienne avec engagement et s\u00e9rieux qu\u2019une telle \u00e9preuve est une \u00e9tape incontournable dans un plan de pr\u00e9paration. Un vrai semi, pour tester son <a href=\"\/blog\/allure-et-vitesse-la-difference-2324.html\"target=\"_top\" title=\"Allure ou vitesse\" >allure<\/a>, son envie, ses sensations\u2026 Le succ\u00e8s de l\u2019\u00e9dition ne vient pas seulement de l\u00e0. L\u2019organisation est hors pair et sans reproche. Si l\u2019on ajoute la cl\u00e9mence des conditions m\u00e9t\u00e9o, le charme du parcours retenu et la propension que l\u2019homme moderne \u00e0 se d\u00e9penser, plus de mille cinq cents personnes sont venues, ont r\u00e9pondu pr\u00e9sentes. Apr\u00e8s un d\u00e9part donn\u00e9 \u00e0 dix heures p\u00e9tantes et sous un soleil de plus en plus chaud, toutes ont vaincu en transpirant un peu plus que d\u2019habitude leurs objectifs personnels. Endorphine, quand tu nous tiens\u2026.<\/p>\n<p>Sur les boulevards attenants au lac de la Ram\u00e9e, exactement mille cinq cents soixante six coureurs, tous motiv\u00e9s, v\u00eatus des tenues requises color\u00e9es les plus l\u00e9g\u00e8res, sont partis en m\u00eame temps pour l\u2019une des deux \u00e9preuves. Face \u00e0 l\u2019engouement et au nombre de participations de plus en plus nombreuses d\u2019ann\u00e9e en ann\u00e9e, les organisateurs ont du modifier l\u2019emplacement de la ligne d\u2019envol. Question de s\u00e9curit\u00e9. La moiti\u00e9 est partie pour dix kilom\u00e8tres, l\u2019autre pour le semi. Peu de courses en Haute Garonne rassemblent tant de monde. Sur la quatre voies sur laquelle s\u2019\u00e9lance l\u2019essaim, la densit\u00e9 du peloton rend incontournables les coups de coude. Au-del\u00e0 du premier rond-point, la bande centrale, le terre-plein qui s\u00e9pare les voies, la pr\u00e9cipitation des uns bouscule le d\u00e9part plus timor\u00e9 des autres plac\u00e9s trop en avant sur la ligne. Chacun s\u2019\u00e9lance \u00e0 sa cadence. Les premiers d\u00e9collent comme des avions. D\u2019autres, moins aguerris, mesurent d\u00e9j\u00e0 l\u2019effort, le g\u00e8rent et sont plus prudents. Durant ces quelques secondes qui suivent les ordres du starter, entour\u00e9 de tant de monde qui se meut simultan\u00e9ment, le coureur craint surtout la chute. Au-del\u00e0, tr\u00e8s vite, les choses se mettent en place. Les favoris prennent les devants, sans surprise. Les allures des coureurs se r\u00e8glent et le train prend sa bonne marche, s\u2019\u00e9tire. Reste \u00e0 choisir le bon wagon, le plus judicieux et \u00e0 se laisser porter. Ceux qui p\u00eachent par pr\u00e9somption paieront trop vite leur d\u00e9part trop rapide. D\u2019autres sont moins ambitieux restent d\u00e9cemment en de\u00e7\u00e0 de leurs possibilit\u00e9s, un choix plus raisonnable. Chacun se cale sur son objectif. On retrouve tr\u00e8s vite au c\u0153ur du peloton ses amis, ceux que l\u2019on retrouve syst\u00e9matiquement chaque dimanche sur les diff\u00e9rentes \u00e9preuves du calendrier annuel. La course \u00e0 pied est une grande famille, beaucoup de gens se connaissent, se reconnaissent, se lient. On se cale avec les siens, on \u00e9change, on se rassure, on s\u2019assigne des objectifs, une vitesse de croisi\u00e8re, des temps de passage. Deux petits kilom\u00e8tres de ligne droite sur le boulevard puis le peloton s\u2019engage autour du lac de la Ram\u00e9e. Un site privil\u00e9gi\u00e9, facile \u00e0 cadrer, que l\u2019organisation a logiquement retenu. Le parcours \u00e9pouse les trois quarts de la rive du lac, tourne autour d\u2019un rond point puis revient. Le dix kilom\u00e8tres n\u2019effectuera qu\u2019un passage pr\u00e8s du lac puis rentrera \u00e0 l\u2019arriv\u00e9e, par le m\u00eame boulevard qu\u2019\u00e0 l\u2019aller. Les coureurs du semi bifurqueront et seront invit\u00e9s \u00e0 doubler la mise. Mais si le trac\u00e9 retenu reste plat et laisse th\u00e9oriquement pr\u00e9sager des performances chronom\u00e9triques avenantes, les temp\u00e9ratures du jour s\u2019av\u00e8rent bien trop cl\u00e9mentes. Le ciel ensoleill\u00e9, la lumi\u00e8re, le bombardement de photons et d\u2019ultra-violets chauffe les tignasses. Temp\u00eate sous les cr\u00e2nes. Cocottes minutes. Les tempes et les maillots s\u2019humectent. Les muscles tirent. Les gosiers se dess\u00e8chent. Il faut pourtant poursuivre.<\/p>\n<p>Sur le dix kilom\u00e8tres, le suspense n\u2019aura pourtant pas dur\u00e9 longtemps. D\u00e8s le coup d\u2019envoi, le nouveau licenci\u00e9 du team 12, Damien B\u00e9venot, ne laisse personne penser tr\u00e8s longtemps que la victoire pourrait \u00e9choir \u00e0 un autre que lui. Le rythme emprunt\u00e9 d\u00e8s les premi\u00e8res foul\u00e9es laisse pantois la horde, d\u00e9j\u00e0 en recul, lanc\u00e9e \u00e0 ses trousses. Le seul qui n\u2019abdique pas tout de suite, c\u2019est Nicolas Ansiaux. Mais Nicolas sait aussi que ses premi\u00e8res foul\u00e9es, ses temps de passage au premier puis au deuxi\u00e8me kilom\u00e8tres sont trop rapides, qu\u2019il ne pourra pas tenir. Et au lac, il l\u00e2che lui aussi prise. Il saura finalement g\u00e9rer sa seconde place. Seul devant, Damien poursuit, sans se retourner, sans se poser la moindre question. Certes, il cogite. Sans doute mesure-t-il l\u2019ampleur de son retour. Damien se positionne comme un coureur de tout premier plan. Jeune, il \u00e9tait d\u00e9j\u00e0 dou\u00e9 pour courir vite. Mais quelques ann\u00e9es pass\u00e9es dans l\u2019arm\u00e9e l\u2019ont \u00e9loign\u00e9 un temps des pistes asphalt\u00e9es. Depuis un an, \u00e0 aujourd\u2019hui vingt-neuf ans, il a d\u00e9cid\u00e9 se s\u2019y remettre, s\u00e9rieusement. R\u00e9gime, entra\u00eenements quotidiens doubl\u00e9s, amaigrissement de cinq ou six kilos, aff\u00fbtage. Damien va de plus en plus vite. Son objectif, les cross prochains. Attention, il peut, il veut faire mal. A commencer par aujourd\u2019hui.<\/p>\n<p>Sur le semi, en l\u2019absence de J\u00e9r\u00f4me Bellanca, vainqueur de la pr\u00e9c\u00e9dente \u00e9dition, et de Nicolas Fernandez, vainqueur la semaine derni\u00e8re du semi de Toulouse, tous deux partis disputer le semi de Carcassonne, c\u2019est logiquement Fred Lureau, leur second, qui cherche \u00e0 tirer les marrons du feu et \u00e0 oublier les autres. Taill\u00e9 en V, large d\u2019\u00e9paules, moniteur de culturisme, Fred \u00e9voque peu le gabarit requis pour briller express\u00e9ment en course \u00e0 pied. Et pourtant. Aucun autre gaillard ne parviendra \u00e0 lui emboiter le pas. Fred, lui aussi au team 12, fera lui aussi seul la course en t\u00eate. Vingt-et-un kilom\u00e8tres. La chaleur et la solitude le desservent, Fred reste concentr\u00e9. Il compte clore la boucle en 1h12. Il y parviendra. Chapeau. On peut tout aussi congratuler Houria Fr\u00e9chou. ind\u00e9boulonnable Houria. La dame s\u2019adjuge une nouvelle victoire sur semi. 1h21, quatorzi\u00e8me au scratch, \u00e0 bient\u00f4t cinquante-trois ans\u2026 Les ennuis de sant\u00e9 de son mari ne semblent plus qu\u2019un mauvais souvenir. Houria, par solidarit\u00e9 pour celui qu\u2019elle aime, n\u2019avait pas couru du tout l\u2019\u00e9t\u00e9. Patrick va mieux, Hourah. Il recourt lui aussi, trottine, envisage de nouvelles comp\u00e9titions. Madame Fr\u00e9chou n\u2019a rien perdu de sa superbe, elle a m\u00eame encore gagn\u00e9\u2026<\/p>\n\n\t\t<style type=\"text\/css\">\n\t\t\t#gallery-1 {\n\t\t\t\tmargin: auto;\n\t\t\t}\n\t\t\t#gallery-1 .gallery-item {\n\t\t\t\tfloat: left;\n\t\t\t\tmargin-top: 10px;\n\t\t\t\ttext-align: center;\n\t\t\t\twidth: 33%;\n\t\t\t}\n\t\t\t#gallery-1 img {\n\t\t\t\tborder: 2px solid #cfcfcf;\n\t\t\t}\n\t\t\t#gallery-1 .gallery-caption {\n\t\t\t\tmargin-left: 0;\n\t\t\t}\n\t\t\t\/* see gallery_shortcode() in wp-includes\/media.php *\/\n\t\t<\/style>\n\t\t<div id='gallery-1' class='gallery galleryid-17417 gallery-columns-3 gallery-size-thumbnail'><dl class='gallery-item'>\n\t\t\t<dt class='gallery-icon landscape'>\n\t\t\t\t<a href='https:\/\/www.wanarun.net\/blog\/wp-content\/uploads\/2011\/10\/semi-marathon-tournefeuille-1.jpg'><img width=\"150\" height=\"150\" src=\"https:\/\/www.wanarun.net\/blog\/wp-content\/uploads\/2011\/10\/semi-marathon-tournefeuille-1-150x150.jpg\" class=\"attachment-thumbnail size-thumbnail\" alt=\"\" loading=\"lazy\" \/><\/a>\n\t\t\t<\/dt><\/dl><dl class='gallery-item'>\n\t\t\t<dt class='gallery-icon landscape'>\n\t\t\t\t<a href='https:\/\/www.wanarun.net\/blog\/wp-content\/uploads\/2011\/10\/semi-marathon-tournefeuille-2.jpg'><img width=\"150\" height=\"150\" src=\"https:\/\/www.wanarun.net\/blog\/wp-content\/uploads\/2011\/10\/semi-marathon-tournefeuille-2-150x150.jpg\" class=\"attachment-thumbnail size-thumbnail\" alt=\"\" loading=\"lazy\" \/><\/a>\n\t\t\t<\/dt><\/dl><dl class='gallery-item'>\n\t\t\t<dt class='gallery-icon landscape'>\n\t\t\t\t<a href='https:\/\/www.wanarun.net\/blog\/wp-content\/uploads\/2011\/10\/semi-marathon-tournefeuille-3.jpg'><img width=\"150\" height=\"150\" src=\"https:\/\/www.wanarun.net\/blog\/wp-content\/uploads\/2011\/10\/semi-marathon-tournefeuille-3-150x150.jpg\" class=\"attachment-thumbnail size-thumbnail\" alt=\"\" loading=\"lazy\" \/><\/a>\n\t\t\t<\/dt><\/dl><br style=\"clear: both\" \/><dl class='gallery-item'>\n\t\t\t<dt class='gallery-icon landscape'>\n\t\t\t\t<a href='https:\/\/www.wanarun.net\/blog\/wp-content\/uploads\/2011\/10\/semi-marathon-tournefeuille-4.jpg'><img width=\"150\" height=\"150\" src=\"https:\/\/www.wanarun.net\/blog\/wp-content\/uploads\/2011\/10\/semi-marathon-tournefeuille-4-150x150.jpg\" class=\"attachment-thumbnail size-thumbnail\" alt=\"\" loading=\"lazy\" \/><\/a>\n\t\t\t<\/dt><\/dl><dl class='gallery-item'>\n\t\t\t<dt class='gallery-icon landscape'>\n\t\t\t\t<a href='https:\/\/www.wanarun.net\/blog\/wp-content\/uploads\/2011\/10\/semi-marathon-tournefeuille-5.jpg'><img width=\"150\" height=\"150\" src=\"https:\/\/www.wanarun.net\/blog\/wp-content\/uploads\/2011\/10\/semi-marathon-tournefeuille-5-150x150.jpg\" class=\"attachment-thumbnail size-thumbnail\" alt=\"\" loading=\"lazy\" \/><\/a>\n\t\t\t<\/dt><\/dl>\n\t\t\t<br style='clear: both' \/>\n\t\t<\/div>\n\n","protected":false},"excerpt":{"rendered":"<a href=\"https:\/\/www.wanarun.net\/blog\/semi-marathon-de-tournefeuille-photos-et-compte-rendu-17417.html\"><img width=\"150\" height=\"150\" src=\"https:\/\/www.wanarun.net\/blog\/wp-content\/uploads\/2011\/10\/semi-marathon-tournefeuille-3-150x150.jpg\" class=\"alignleft tfe wp-post-image\" alt=\"\" loading=\"lazy\" \/><\/a><p>Plus de 1500 au semi de Tournefeuille ! Tournefeuille, un des tout premiers jours d\u2019automne, un des tout premiers jours d\u2019octobre. Cette ann\u00e9e, contrairement \u00e0 l\u2019ann\u00e9e derni\u00e8re, la nouvelle saison s\u2019est faite attendre. Les feuilles ne tournent point encore. Il fait beau, beau et chaud. On ne s\u2019en plaindra pas, quoique\u2026. La temp\u00e9rature affich\u00e9e d\u00e8s [&hellip;]<\/p>\n","protected":false},"author":37,"featured_media":17422,"comment_status":"open","ping_status":"open","sticky":false,"template":"","format":"standard","meta":[],"categories":[1227],"tags":[33],"yoast_head":"<!-- This site is optimized with the Yoast SEO plugin v18.9 - https:\/\/yoast.com\/wordpress\/plugins\/seo\/ -->\n<title>semi-marathon de Tournefeuille : photos et compte-rendu<\/title>\n<meta name=\"description\" content=\"Plus de 1500 au semi de Tournefeuille ! Tournefeuille, un des tout premiers jours d\u2019automne, un des tout premiers jours d\u2019octobre. Cette ann\u00e9e,\" \/>\n<meta name=\"robots\" content=\"index, follow, max-snippet:-1, max-image-preview:large, max-video-preview:-1\" \/>\n<link rel=\"canonical\" href=\"https:\/\/www.wanarun.net\/blog\/semi-marathon-de-tournefeuille-photos-et-compte-rendu-17417.html\" \/>\n<meta property=\"og:locale\" content=\"fr_FR\" \/>\n<meta property=\"og:type\" content=\"article\" \/>\n<meta property=\"og:title\" content=\"semi-marathon de Tournefeuille : photos et compte-rendu\" \/>\n<meta property=\"og:description\" content=\"Plus de 1500 au semi de Tournefeuille ! Tournefeuille, un des tout premiers jours d\u2019automne, un des tout premiers jours d\u2019octobre. Cette ann\u00e9e,\" \/>\n<meta property=\"og:url\" content=\"https:\/\/www.wanarun.net\/blog\/semi-marathon-de-tournefeuille-photos-et-compte-rendu-17417.html\" \/>\n<meta property=\"og:site_name\" content=\"Wanarun, le blog du running, du trail et de la course \u00e0 pied\" \/>\n<meta property=\"article:publisher\" content=\"https:\/\/www.facebook.com\/wanarun\/\" \/>\n<meta property=\"article:published_time\" content=\"2011-10-04T02:00:55+00:00\" \/>\n<meta property=\"article:modified_time\" content=\"2011-10-04T05:37:07+00:00\" \/>\n<meta property=\"og:image\" content=\"https:\/\/www.wanarun.net\/blog\/wp-content\/uploads\/2011\/10\/semi-marathon-tournefeuille-3.jpg\" \/>\n\t<meta property=\"og:image:width\" content=\"1448\" \/>\n\t<meta property=\"og:image:height\" content=\"972\" \/>\n\t<meta property=\"og:image:type\" content=\"image\/jpeg\" \/>\n<meta name=\"twitter:label1\" content=\"\u00c9crit par\" \/>\n\t<meta name=\"twitter:data1\" content=\"remy\" \/>\n\t<meta name=\"twitter:label2\" content=\"Dur\u00e9e de lecture estim\u00e9e\" \/>\n\t<meta name=\"twitter:data2\" content=\"7 minutes\" \/>\n<script type=\"application\/ld+json\" class=\"yoast-schema-graph\">{\"@context\":\"https:\/\/schema.org\",\"@graph\":[{\"@type\":\"Organization\",\"@id\":\"https:\/\/www.wanarun.net\/blog\/#organization\",\"name\":\"Wanarun\",\"url\":\"https:\/\/www.wanarun.net\/blog\/\",\"sameAs\":[\"https:\/\/www.instagram.com\/wanarunnet\/\",\"https:\/\/www.youtube.com\/user\/wanarunnet\",\"https:\/\/www.facebook.com\/wanarun\/\",\"https:\/\/twitter.com\/wanarun\"],\"logo\":{\"@type\":\"ImageObject\",\"inLanguage\":\"fr-FR\",\"@id\":\"https:\/\/www.wanarun.net\/blog\/#\/schema\/logo\/image\/\",\"url\":\"https:\/\/www.wanarun.net\/blog\/wp-content\/uploads\/2018\/03\/logo-wanarun.jpg\",\"contentUrl\":\"https:\/\/www.wanarun.net\/blog\/wp-content\/uploads\/2018\/03\/logo-wanarun.jpg\",\"width\":1196,\"height\":1082,\"caption\":\"Wanarun\"},\"image\":{\"@id\":\"https:\/\/www.wanarun.net\/blog\/#\/schema\/logo\/image\/\"}},{\"@type\":\"WebSite\",\"@id\":\"https:\/\/www.wanarun.net\/blog\/#website\",\"url\":\"https:\/\/www.wanarun.net\/blog\/\",\"name\":\"Wanarun, le blog du running, du trail et de la course \u00e0 pied\",\"description\":\"Informations, remarques, avis, conseils sur la course \u00e0 pied.\",\"publisher\":{\"@id\":\"https:\/\/www.wanarun.net\/blog\/#organization\"},\"potentialAction\":[{\"@type\":\"SearchAction\",\"target\":{\"@type\":\"EntryPoint\",\"urlTemplate\":\"https:\/\/www.wanarun.net\/blog\/?s={search_term_string}\"},\"query-input\":\"required name=search_term_string\"}],\"inLanguage\":\"fr-FR\"},{\"@type\":\"ImageObject\",\"inLanguage\":\"fr-FR\",\"@id\":\"https:\/\/www.wanarun.net\/blog\/semi-marathon-de-tournefeuille-photos-et-compte-rendu-17417.html#primaryimage\",\"url\":\"https:\/\/www.wanarun.net\/blog\/wp-content\/uploads\/2011\/10\/semi-marathon-tournefeuille-3.jpg\",\"contentUrl\":\"https:\/\/www.wanarun.net\/blog\/wp-content\/uploads\/2011\/10\/semi-marathon-tournefeuille-3.jpg\",\"width\":1448,\"height\":972},{\"@type\":\"WebPage\",\"@id\":\"https:\/\/www.wanarun.net\/blog\/semi-marathon-de-tournefeuille-photos-et-compte-rendu-17417.html#webpage\",\"url\":\"https:\/\/www.wanarun.net\/blog\/semi-marathon-de-tournefeuille-photos-et-compte-rendu-17417.html\",\"name\":\"semi-marathon de Tournefeuille : photos et compte-rendu\",\"isPartOf\":{\"@id\":\"https:\/\/www.wanarun.net\/blog\/#website\"},\"primaryImageOfPage\":{\"@id\":\"https:\/\/www.wanarun.net\/blog\/semi-marathon-de-tournefeuille-photos-et-compte-rendu-17417.html#primaryimage\"},\"datePublished\":\"2011-10-04T02:00:55+00:00\",\"dateModified\":\"2011-10-04T05:37:07+00:00\",\"description\":\"Plus de 1500 au semi de Tournefeuille ! Tournefeuille, un des tout premiers jours d\u2019automne, un des tout premiers jours d\u2019octobre. Cette ann\u00e9e,\",\"breadcrumb\":{\"@id\":\"https:\/\/www.wanarun.net\/blog\/semi-marathon-de-tournefeuille-photos-et-compte-rendu-17417.html#breadcrumb\"},\"inLanguage\":\"fr-FR\",\"potentialAction\":[{\"@type\":\"ReadAction\",\"target\":[\"https:\/\/www.wanarun.net\/blog\/semi-marathon-de-tournefeuille-photos-et-compte-rendu-17417.html\"]}]},{\"@type\":\"BreadcrumbList\",\"@id\":\"https:\/\/www.wanarun.net\/blog\/semi-marathon-de-tournefeuille-photos-et-compte-rendu-17417.html#breadcrumb\",\"itemListElement\":[{\"@type\":\"ListItem\",\"position\":1,\"name\":\"semi-marathon de Tournefeuille : photos et compte-rendu\"}]},{\"@type\":\"Article\",\"@id\":\"https:\/\/www.wanarun.net\/blog\/semi-marathon-de-tournefeuille-photos-et-compte-rendu-17417.html#article\",\"isPartOf\":{\"@id\":\"https:\/\/www.wanarun.net\/blog\/semi-marathon-de-tournefeuille-photos-et-compte-rendu-17417.html#webpage\"},\"author\":{\"@id\":\"https:\/\/www.wanarun.net\/blog\/#\/schema\/person\/e58c406c799b3270a5a760496a3ff881\"},\"headline\":\"semi-marathon de Tournefeuille : photos et compte-rendu\",\"datePublished\":\"2011-10-04T02:00:55+00:00\",\"dateModified\":\"2011-10-04T05:37:07+00:00\",\"mainEntityOfPage\":{\"@id\":\"https:\/\/www.wanarun.net\/blog\/semi-marathon-de-tournefeuille-photos-et-compte-rendu-17417.html#webpage\"},\"wordCount\":1357,\"commentCount\":1,\"publisher\":{\"@id\":\"https:\/\/www.wanarun.net\/blog\/#organization\"},\"image\":{\"@id\":\"https:\/\/www.wanarun.net\/blog\/semi-marathon-de-tournefeuille-photos-et-compte-rendu-17417.html#primaryimage\"},\"thumbnailUrl\":\"https:\/\/www.wanarun.net\/blog\/wp-content\/uploads\/2011\/10\/semi-marathon-tournefeuille-3.jpg\",\"keywords\":[\"SEMI MARATHON\"],\"articleSection\":[\"Compte-rendu\"],\"inLanguage\":\"fr-FR\",\"potentialAction\":[{\"@type\":\"CommentAction\",\"name\":\"Comment\",\"target\":[\"https:\/\/www.wanarun.net\/blog\/semi-marathon-de-tournefeuille-photos-et-compte-rendu-17417.html#respond\"]}]},{\"@type\":\"Person\",\"@id\":\"https:\/\/www.wanarun.net\/blog\/#\/schema\/person\/e58c406c799b3270a5a760496a3ff881\",\"name\":\"remy\",\"image\":{\"@type\":\"ImageObject\",\"inLanguage\":\"fr-FR\",\"@id\":\"https:\/\/www.wanarun.net\/blog\/#\/schema\/person\/image\/\",\"url\":\"https:\/\/secure.gravatar.com\/avatar\/310a82a0e14c4ee37e4d788b11d27669?s=96&d=mm&r=g\",\"contentUrl\":\"https:\/\/secure.gravatar.com\/avatar\/310a82a0e14c4ee37e4d788b11d27669?s=96&d=mm&r=g\",\"caption\":\"remy\"},\"sameAs\":[\"http:\/\/www.runningmag.fr\"],\"url\":\"https:\/\/www.wanarun.net\/blog\/author\/remy\"}]}<\/script>\n<!-- \/ Yoast SEO plugin. -->","yoast_head_json":{"title":"semi-marathon de Tournefeuille : photos et compte-rendu","description":"Plus de 1500 au semi de Tournefeuille ! Tournefeuille, un des tout premiers jours d\u2019automne, un des tout premiers jours d\u2019octobre. Cette ann\u00e9e,","robots":{"index":"index","follow":"follow","max-snippet":"max-snippet:-1","max-image-preview":"max-image-preview:large","max-video-preview":"max-video-preview:-1"},"canonical":"https:\/\/www.wanarun.net\/blog\/semi-marathon-de-tournefeuille-photos-et-compte-rendu-17417.html","og_locale":"fr_FR","og_type":"article","og_title":"semi-marathon de Tournefeuille : photos et compte-rendu","og_description":"Plus de 1500 au semi de Tournefeuille ! Tournefeuille, un des tout premiers jours d\u2019automne, un des tout premiers jours d\u2019octobre. Cette ann\u00e9e,","og_url":"https:\/\/www.wanarun.net\/blog\/semi-marathon-de-tournefeuille-photos-et-compte-rendu-17417.html","og_site_name":"Wanarun, le blog du running, du trail et de la course \u00e0 pied","article_publisher":"https:\/\/www.facebook.com\/wanarun\/","article_published_time":"2011-10-04T02:00:55+00:00","article_modified_time":"2011-10-04T05:37:07+00:00","og_image":[{"width":1448,"height":972,"url":"https:\/\/www.wanarun.net\/blog\/wp-content\/uploads\/2011\/10\/semi-marathon-tournefeuille-3.jpg","type":"image\/jpeg"}],"twitter_misc":{"\u00c9crit par":"remy","Dur\u00e9e de lecture estim\u00e9e":"7 minutes"},"schema":{"@context":"https:\/\/schema.org","@graph":[{"@type":"Organization","@id":"https:\/\/www.wanarun.net\/blog\/#organization","name":"Wanarun","url":"https:\/\/www.wanarun.net\/blog\/","sameAs":["https:\/\/www.instagram.com\/wanarunnet\/","https:\/\/www.youtube.com\/user\/wanarunnet","https:\/\/www.facebook.com\/wanarun\/","https:\/\/twitter.com\/wanarun"],"logo":{"@type":"ImageObject","inLanguage":"fr-FR","@id":"https:\/\/www.wanarun.net\/blog\/#\/schema\/logo\/image\/","url":"https:\/\/www.wanarun.net\/blog\/wp-content\/uploads\/2018\/03\/logo-wanarun.jpg","contentUrl":"https:\/\/www.wanarun.net\/blog\/wp-content\/uploads\/2018\/03\/logo-wanarun.jpg","width":1196,"height":1082,"caption":"Wanarun"},"image":{"@id":"https:\/\/www.wanarun.net\/blog\/#\/schema\/logo\/image\/"}},{"@type":"WebSite","@id":"https:\/\/www.wanarun.net\/blog\/#website","url":"https:\/\/www.wanarun.net\/blog\/","name":"Wanarun, le blog du running, du trail et de la course \u00e0 pied","description":"Informations, remarques, avis, conseils sur la course \u00e0 pied.","publisher":{"@id":"https:\/\/www.wanarun.net\/blog\/#organization"},"potentialAction":[{"@type":"SearchAction","target":{"@type":"EntryPoint","urlTemplate":"https:\/\/www.wanarun.net\/blog\/?s={search_term_string}"},"query-input":"required name=search_term_string"}],"inLanguage":"fr-FR"},{"@type":"ImageObject","inLanguage":"fr-FR","@id":"https:\/\/www.wanarun.net\/blog\/semi-marathon-de-tournefeuille-photos-et-compte-rendu-17417.html#primaryimage","url":"https:\/\/www.wanarun.net\/blog\/wp-content\/uploads\/2011\/10\/semi-marathon-tournefeuille-3.jpg","contentUrl":"https:\/\/www.wanarun.net\/blog\/wp-content\/uploads\/2011\/10\/semi-marathon-tournefeuille-3.jpg","width":1448,"height":972},{"@type":"WebPage","@id":"https:\/\/www.wanarun.net\/blog\/semi-marathon-de-tournefeuille-photos-et-compte-rendu-17417.html#webpage","url":"https:\/\/www.wanarun.net\/blog\/semi-marathon-de-tournefeuille-photos-et-compte-rendu-17417.html","name":"semi-marathon de Tournefeuille : photos et compte-rendu","isPartOf":{"@id":"https:\/\/www.wanarun.net\/blog\/#website"},"primaryImageOfPage":{"@id":"https:\/\/www.wanarun.net\/blog\/semi-marathon-de-tournefeuille-photos-et-compte-rendu-17417.html#primaryimage"},"datePublished":"2011-10-04T02:00:55+00:00","dateModified":"2011-10-04T05:37:07+00:00","description":"Plus de 1500 au semi de Tournefeuille ! Tournefeuille, un des tout premiers jours d\u2019automne, un des tout premiers jours d\u2019octobre. Cette ann\u00e9e,","breadcrumb":{"@id":"https:\/\/www.wanarun.net\/blog\/semi-marathon-de-tournefeuille-photos-et-compte-rendu-17417.html#breadcrumb"},"inLanguage":"fr-FR","potentialAction":[{"@type":"ReadAction","target":["https:\/\/www.wanarun.net\/blog\/semi-marathon-de-tournefeuille-photos-et-compte-rendu-17417.html"]}]},{"@type":"BreadcrumbList","@id":"https:\/\/www.wanarun.net\/blog\/semi-marathon-de-tournefeuille-photos-et-compte-rendu-17417.html#breadcrumb","itemListElement":[{"@type":"ListItem","position":1,"name":"semi-marathon de Tournefeuille : photos et compte-rendu"}]},{"@type":"Article","@id":"https:\/\/www.wanarun.net\/blog\/semi-marathon-de-tournefeuille-photos-et-compte-rendu-17417.html#article","isPartOf":{"@id":"https:\/\/www.wanarun.net\/blog\/semi-marathon-de-tournefeuille-photos-et-compte-rendu-17417.html#webpage"},"author":{"@id":"https:\/\/www.wanarun.net\/blog\/#\/schema\/person\/e58c406c799b3270a5a760496a3ff881"},"headline":"semi-marathon de Tournefeuille : photos et compte-rendu","datePublished":"2011-10-04T02:00:55+00:00","dateModified":"2011-10-04T05:37:07+00:00","mainEntityOfPage":{"@id":"https:\/\/www.wanarun.net\/blog\/semi-marathon-de-tournefeuille-photos-et-compte-rendu-17417.html#webpage"},"wordCount":1357,"commentCount":1,"publisher":{"@id":"https:\/\/www.wanarun.net\/blog\/#organization"},"image":{"@id":"https:\/\/www.wanarun.net\/blog\/semi-marathon-de-tournefeuille-photos-et-compte-rendu-17417.html#primaryimage"},"thumbnailUrl":"https:\/\/www.wanarun.net\/blog\/wp-content\/uploads\/2011\/10\/semi-marathon-tournefeuille-3.jpg","keywords":["SEMI MARATHON"],"articleSection":["Compte-rendu"],"inLanguage":"fr-FR","potentialAction":[{"@type":"CommentAction","name":"Comment","target":["https:\/\/www.wanarun.net\/blog\/semi-marathon-de-tournefeuille-photos-et-compte-rendu-17417.html#respond"]}]},{"@type":"Person","@id":"https:\/\/www.wanarun.net\/blog\/#\/schema\/person\/e58c406c799b3270a5a760496a3ff881","name":"remy","image":{"@type":"ImageObject","inLanguage":"fr-FR","@id":"https:\/\/www.wanarun.net\/blog\/#\/schema\/person\/image\/","url":"https:\/\/secure.gravatar.com\/avatar\/310a82a0e14c4ee37e4d788b11d27669?s=96&d=mm&r=g","contentUrl":"https:\/\/secure.gravatar.com\/avatar\/310a82a0e14c4ee37e4d788b11d27669?s=96&d=mm&r=g","caption":"remy"},"sameAs":["http:\/\/www.runningmag.fr"],"url":"https:\/\/www.wanarun.net\/blog\/author\/remy"}]}},"_links":{"self":[{"href":"https:\/\/www.wanarun.net\/blog\/wp-json\/wp\/v2\/posts\/17417"}],"collection":[{"href":"https:\/\/www.wanarun.net\/blog\/wp-json\/wp\/v2\/posts"}],"about":[{"href":"https:\/\/www.wanarun.net\/blog\/wp-json\/wp\/v2\/types\/post"}],"author":[{"embeddable":true,"href":"https:\/\/www.wanarun.net\/blog\/wp-json\/wp\/v2\/users\/37"}],"replies":[{"embeddable":true,"href":"https:\/\/www.wanarun.net\/blog\/wp-json\/wp\/v2\/comments?post=17417"}],"version-history":[{"count":11,"href":"https:\/\/www.wanarun.net\/blog\/wp-json\/wp\/v2\/posts\/17417\/revisions"}],"predecessor-version":[{"id":17435,"href":"https:\/\/www.wanarun.net\/blog\/wp-json\/wp\/v2\/posts\/17417\/revisions\/17435"}],"wp:featuredmedia":[{"embeddable":true,"href":"https:\/\/www.wanarun.net\/blog\/wp-json\/wp\/v2\/media\/17422"}],"wp:attachment":[{"href":"https:\/\/www.wanarun.net\/blog\/wp-json\/wp\/v2\/media?parent=17417"}],"wp:term":[{"taxonomy":"category","embeddable":true,"href":"https:\/\/www.wanarun.net\/blog\/wp-json\/wp\/v2\/categories?post=17417"},{"taxonomy":"post_tag","embeddable":true,"href":"https:\/\/www.wanarun.net\/blog\/wp-json\/wp\/v2\/tags?post=17417"}],"curies":[{"name":"wp","href":"https:\/\/api.w.org\/{rel}","templated":true}]}}