{"id":1661,"date":"2009-04-15T11:55:29","date_gmt":"2009-04-15T09:55:29","guid":{"rendered":"http:\/\/www.wanarun.net\/blog\/?p=1661"},"modified":"2017-03-08T13:38:03","modified_gmt":"2017-03-08T12:38:03","slug":"autoportrait-de-lauteur-en-coureur-de-fond","status":"publish","type":"post","link":"https:\/\/www.wanarun.net\/blog\/autoportrait-de-lauteur-en-coureur-de-fond-1661.html","title":{"rendered":"Autoportrait de l&rsquo;auteur en coureur de fond"},"content":{"rendered":"<p><img loading=\"lazy\" class=\"alignleft size-thumbnail wp-image-53548\" src=\"https:\/\/www.wanarun.net\/blog\/wp-content\/uploads\/2009\/04\/autoportrait-auteur-coureur-fond-150x150.jpg\" alt=\"\" width=\"150\" height=\"150\" srcset=\"https:\/\/www.wanarun.net\/blog\/wp-content\/uploads\/2009\/04\/autoportrait-auteur-coureur-fond-150x150.jpg 150w, https:\/\/www.wanarun.net\/blog\/wp-content\/uploads\/2009\/04\/autoportrait-auteur-coureur-fond-100x100.jpg 100w\" sizes=\"(max-width: 150px) 100vw, 150px\" \/>Pourquoi vous <strong>DEVEZ<\/strong> imp\u00e9rativement lire \u00ab\u00a0<strong>Autoportrait de l&rsquo;auteur en coureur de fond<\/strong>\u00a0\u00bb d&rsquo;Haruki Murakami qui vient tout juste de sortir chez Belfond :<\/p>\n<p>1) Ce livre est g\u00e9nial mais \u00e9videmment vous n&rsquo;\u00eates pas oblig\u00e9s de me croire.<\/p>\n<p>2) Haruki Murakami est l&rsquo;un des plus grands romanciers japonais contemporains si ce n&rsquo;est le plus grand et vous pourrez toujours placer son nom lors de vos d\u00eeners mondains.<\/p>\n<p>3) Murakami a mis 10 ans \u00e0 r\u00e9diger cet ouvrage, gage d&rsquo;une certaine maturit\u00e9 !<\/p>\n<p>4) Ce livre parle de course \u00e0 pied, de marathon, d&rsquo;ultra-marathon &#8230; bref, des mots qui ne vous sont pas inconnus.<\/p>\n<p>5) Si vous ne connaissiez pas le blues du coureur, vous d\u00e9couvrirez les affres dans lesquels vous plonge cette affliction.<\/p>\n<p>6) Mais surtout, dans un style qui se lit comme se boit le petit lait, Murakami, nous conduit, au travers de ses r\u00e9flexions personnelles \u00e0 nous interroger sur le sens profond de notre go\u00fbt pour la course de fond et plus g\u00e9n\u00e9ralement sur le sens de notre existence.<\/p>\n<p>Deux extraits de l&rsquo;ouvrage pour conclure :<\/p>\n<p>\u00ab\u00a0On ne peut \u00e9viter d&rsquo;avoir mal, il d\u00e9pend de soi de souffrir ou non.\u00a0\u00bb<\/p>\n<p>\u00ab\u00a0Se consumer au mieux \u00e0 l&rsquo;int\u00e9rieur de ses limites individuelles, voil\u00e0 le principe fondamental de la course\u00a0\u00bb.<\/p>\n","protected":false},"excerpt":{"rendered":"<a href=\"https:\/\/www.wanarun.net\/blog\/autoportrait-de-lauteur-en-coureur-de-fond-1661.html\"><img width=\"150\" height=\"150\" src=\"https:\/\/www.wanarun.net\/blog\/wp-content\/uploads\/2009\/04\/autoportrait-auteur-coureur-fond-150x150.jpg\" class=\"alignleft tfe wp-post-image\" alt=\"\" loading=\"lazy\" srcset=\"https:\/\/www.wanarun.net\/blog\/wp-content\/uploads\/2009\/04\/autoportrait-auteur-coureur-fond-150x150.jpg 150w, https:\/\/www.wanarun.net\/blog\/wp-content\/uploads\/2009\/04\/autoportrait-auteur-coureur-fond-100x100.jpg 100w\" sizes=\"(max-width: 150px) 100vw, 150px\" \/><\/a><p>Pourquoi vous DEVEZ imp\u00e9rativement lire \u00ab\u00a0Autoportrait de l&rsquo;auteur en coureur de fond\u00a0\u00bb d&rsquo;Haruki Murakami qui vient tout juste de sortir chez Belfond : 1) Ce livre est g\u00e9nial mais \u00e9videmment vous n&rsquo;\u00eates pas oblig\u00e9s de me croire. 2) Haruki Murakami est l&rsquo;un des plus grands romanciers japonais contemporains si ce n&rsquo;est le plus grand et [&hellip;]<\/p>\n","protected":false},"author":21,"featured_media":53548,"comment_status":"open","ping_status":"open","sticky":false,"template":"","format":"standard","meta":[],"categories":[164],"tags":[9827,167,29,168,9883],"yoast_head":"<!-- This site is optimized with the Yoast SEO plugin v18.9 - https:\/\/yoast.com\/wordpress\/plugins\/seo\/ -->\n<title>Autoportrait de l&#039;auteur en coureur de fond<\/title>\n<meta name=\"description\" content=\"Pourquoi vous DEVEZ imp\u00e9rativement lire &quot;Autoportrait de l&#039;auteur en coureur de fond&quot; d&#039;Haruki Murakami qui vient tout juste de sortir chez Belfond : 1)\" \/>\n<meta name=\"robots\" content=\"index, follow, max-snippet:-1, max-image-preview:large, max-video-preview:-1\" \/>\n<link rel=\"canonical\" href=\"https:\/\/www.wanarun.net\/blog\/autoportrait-de-lauteur-en-coureur-de-fond-1661.html\" \/>\n<meta property=\"og:locale\" content=\"fr_FR\" \/>\n<meta property=\"og:type\" content=\"article\" \/>\n<meta property=\"og:title\" content=\"Autoportrait de l&#039;auteur en coureur de fond\" \/>\n<meta property=\"og:description\" content=\"Pourquoi vous DEVEZ imp\u00e9rativement lire &quot;Autoportrait de l&#039;auteur en coureur de fond&quot; d&#039;Haruki Murakami qui vient tout juste de sortir chez Belfond : 1)\" \/>\n<meta property=\"og:url\" content=\"https:\/\/www.wanarun.net\/blog\/autoportrait-de-lauteur-en-coureur-de-fond-1661.html\" \/>\n<meta property=\"og:site_name\" content=\"Wanarun, le blog du running, du trail et de la course \u00e0 pied\" \/>\n<meta property=\"article:publisher\" content=\"https:\/\/www.facebook.com\/wanarun\/\" \/>\n<meta property=\"article:published_time\" content=\"2009-04-15T09:55:29+00:00\" \/>\n<meta property=\"article:modified_time\" content=\"2017-03-08T12:38:03+00:00\" \/>\n<meta property=\"og:image\" content=\"https:\/\/www.wanarun.net\/blog\/wp-content\/uploads\/2009\/04\/autoportrait-auteur-coureur-fond.jpg\" \/>\n\t<meta property=\"og:image:width\" content=\"496\" \/>\n\t<meta property=\"og:image:height\" content=\"800\" \/>\n\t<meta property=\"og:image:type\" content=\"image\/jpeg\" \/>\n<meta name=\"twitter:label1\" content=\"\u00c9crit par\" \/>\n\t<meta name=\"twitter:data1\" content=\"fredbros\" \/>\n\t<meta name=\"twitter:label2\" content=\"Dur\u00e9e de lecture estim\u00e9e\" \/>\n\t<meta name=\"twitter:data2\" content=\"1 minute\" \/>\n<script type=\"application\/ld+json\" class=\"yoast-schema-graph\">{\"@context\":\"https:\/\/schema.org\",\"@graph\":[{\"@type\":\"Organization\",\"@id\":\"https:\/\/www.wanarun.net\/blog\/#organization\",\"name\":\"Wanarun\",\"url\":\"https:\/\/www.wanarun.net\/blog\/\",\"sameAs\":[\"https:\/\/www.instagram.com\/wanarunnet\/\",\"https:\/\/www.youtube.com\/user\/wanarunnet\",\"https:\/\/www.facebook.com\/wanarun\/\",\"https:\/\/twitter.com\/wanarun\"],\"logo\":{\"@type\":\"ImageObject\",\"inLanguage\":\"fr-FR\",\"@id\":\"https:\/\/www.wanarun.net\/blog\/#\/schema\/logo\/image\/\",\"url\":\"https:\/\/www.wanarun.net\/blog\/wp-content\/uploads\/2018\/03\/logo-wanarun.jpg\",\"contentUrl\":\"https:\/\/www.wanarun.net\/blog\/wp-content\/uploads\/2018\/03\/logo-wanarun.jpg\",\"width\":1196,\"height\":1082,\"caption\":\"Wanarun\"},\"image\":{\"@id\":\"https:\/\/www.wanarun.net\/blog\/#\/schema\/logo\/image\/\"}},{\"@type\":\"WebSite\",\"@id\":\"https:\/\/www.wanarun.net\/blog\/#website\",\"url\":\"https:\/\/www.wanarun.net\/blog\/\",\"name\":\"Wanarun, le blog du running, du trail et de la course \u00e0 pied\",\"description\":\"Informations, remarques, avis, conseils sur la course \u00e0 pied.\",\"publisher\":{\"@id\":\"https:\/\/www.wanarun.net\/blog\/#organization\"},\"potentialAction\":[{\"@type\":\"SearchAction\",\"target\":{\"@type\":\"EntryPoint\",\"urlTemplate\":\"https:\/\/www.wanarun.net\/blog\/?s={search_term_string}\"},\"query-input\":\"required name=search_term_string\"}],\"inLanguage\":\"fr-FR\"},{\"@type\":\"ImageObject\",\"inLanguage\":\"fr-FR\",\"@id\":\"https:\/\/www.wanarun.net\/blog\/autoportrait-de-lauteur-en-coureur-de-fond-1661.html#primaryimage\",\"url\":\"https:\/\/www.wanarun.net\/blog\/wp-content\/uploads\/2009\/04\/autoportrait-auteur-coureur-fond.jpg\",\"contentUrl\":\"https:\/\/www.wanarun.net\/blog\/wp-content\/uploads\/2009\/04\/autoportrait-auteur-coureur-fond.jpg\",\"width\":496,\"height\":800},{\"@type\":\"WebPage\",\"@id\":\"https:\/\/www.wanarun.net\/blog\/autoportrait-de-lauteur-en-coureur-de-fond-1661.html#webpage\",\"url\":\"https:\/\/www.wanarun.net\/blog\/autoportrait-de-lauteur-en-coureur-de-fond-1661.html\",\"name\":\"Autoportrait de l'auteur en coureur de fond\",\"isPartOf\":{\"@id\":\"https:\/\/www.wanarun.net\/blog\/#website\"},\"primaryImageOfPage\":{\"@id\":\"https:\/\/www.wanarun.net\/blog\/autoportrait-de-lauteur-en-coureur-de-fond-1661.html#primaryimage\"},\"datePublished\":\"2009-04-15T09:55:29+00:00\",\"dateModified\":\"2017-03-08T12:38:03+00:00\",\"description\":\"Pourquoi vous DEVEZ imp\u00e9rativement lire \\\"Autoportrait de l'auteur en coureur de fond\\\" d'Haruki Murakami qui vient tout juste de sortir chez Belfond : 1)\",\"breadcrumb\":{\"@id\":\"https:\/\/www.wanarun.net\/blog\/autoportrait-de-lauteur-en-coureur-de-fond-1661.html#breadcrumb\"},\"inLanguage\":\"fr-FR\",\"potentialAction\":[{\"@type\":\"ReadAction\",\"target\":[\"https:\/\/www.wanarun.net\/blog\/autoportrait-de-lauteur-en-coureur-de-fond-1661.html\"]}]},{\"@type\":\"BreadcrumbList\",\"@id\":\"https:\/\/www.wanarun.net\/blog\/autoportrait-de-lauteur-en-coureur-de-fond-1661.html#breadcrumb\",\"itemListElement\":[{\"@type\":\"ListItem\",\"position\":1,\"name\":\"Autoportrait de l&rsquo;auteur en coureur de fond\"}]},{\"@type\":\"Article\",\"@id\":\"https:\/\/www.wanarun.net\/blog\/autoportrait-de-lauteur-en-coureur-de-fond-1661.html#article\",\"isPartOf\":{\"@id\":\"https:\/\/www.wanarun.net\/blog\/autoportrait-de-lauteur-en-coureur-de-fond-1661.html#webpage\"},\"author\":{\"@id\":\"https:\/\/www.wanarun.net\/blog\/#\/schema\/person\/1f6463621f44a2b66c33ff32ccdab3e8\"},\"headline\":\"Autoportrait de l&rsquo;auteur en coureur de fond\",\"datePublished\":\"2009-04-15T09:55:29+00:00\",\"dateModified\":\"2017-03-08T12:38:03+00:00\",\"mainEntityOfPage\":{\"@id\":\"https:\/\/www.wanarun.net\/blog\/autoportrait-de-lauteur-en-coureur-de-fond-1661.html#webpage\"},\"wordCount\":213,\"commentCount\":8,\"publisher\":{\"@id\":\"https:\/\/www.wanarun.net\/blog\/#organization\"},\"image\":{\"@id\":\"https:\/\/www.wanarun.net\/blog\/autoportrait-de-lauteur-en-coureur-de-fond-1661.html#primaryimage\"},\"thumbnailUrl\":\"https:\/\/www.wanarun.net\/blog\/wp-content\/uploads\/2009\/04\/autoportrait-auteur-coureur-fond.jpg\",\"keywords\":[\"Course\",\"livre\",\"MARATHON\",\"Murakami\",\"ultra\"],\"articleSection\":[\"Litt\u00e9rature\"],\"inLanguage\":\"fr-FR\",\"potentialAction\":[{\"@type\":\"CommentAction\",\"name\":\"Comment\",\"target\":[\"https:\/\/www.wanarun.net\/blog\/autoportrait-de-lauteur-en-coureur-de-fond-1661.html#respond\"]}]},{\"@type\":\"Person\",\"@id\":\"https:\/\/www.wanarun.net\/blog\/#\/schema\/person\/1f6463621f44a2b66c33ff32ccdab3e8\",\"name\":\"fredbros\",\"image\":{\"@type\":\"ImageObject\",\"inLanguage\":\"fr-FR\",\"@id\":\"https:\/\/www.wanarun.net\/blog\/#\/schema\/person\/image\/\",\"url\":\"https:\/\/secure.gravatar.com\/avatar\/0706328db4ae4ea1111c0fe8b464d6a7?s=96&d=mm&r=g\",\"contentUrl\":\"https:\/\/secure.gravatar.com\/avatar\/0706328db4ae4ea1111c0fe8b464d6a7?s=96&d=mm&r=g\",\"caption\":\"fredbros\"},\"url\":\"https:\/\/www.wanarun.net\/blog\/author\/fred\"}]}<\/script>\n<!-- \/ Yoast SEO plugin. -->","yoast_head_json":{"title":"Autoportrait de l'auteur en coureur de fond","description":"Pourquoi vous DEVEZ imp\u00e9rativement lire \"Autoportrait de l'auteur en coureur de fond\" d'Haruki Murakami qui vient tout juste de sortir chez Belfond : 1)","robots":{"index":"index","follow":"follow","max-snippet":"max-snippet:-1","max-image-preview":"max-image-preview:large","max-video-preview":"max-video-preview:-1"},"canonical":"https:\/\/www.wanarun.net\/blog\/autoportrait-de-lauteur-en-coureur-de-fond-1661.html","og_locale":"fr_FR","og_type":"article","og_title":"Autoportrait de l'auteur en coureur de fond","og_description":"Pourquoi vous DEVEZ imp\u00e9rativement lire \"Autoportrait de l'auteur en coureur de fond\" d'Haruki Murakami qui vient tout juste de sortir chez Belfond : 1)","og_url":"https:\/\/www.wanarun.net\/blog\/autoportrait-de-lauteur-en-coureur-de-fond-1661.html","og_site_name":"Wanarun, le blog du running, du trail et de la course \u00e0 pied","article_publisher":"https:\/\/www.facebook.com\/wanarun\/","article_published_time":"2009-04-15T09:55:29+00:00","article_modified_time":"2017-03-08T12:38:03+00:00","og_image":[{"width":496,"height":800,"url":"https:\/\/www.wanarun.net\/blog\/wp-content\/uploads\/2009\/04\/autoportrait-auteur-coureur-fond.jpg","type":"image\/jpeg"}],"twitter_misc":{"\u00c9crit par":"fredbros","Dur\u00e9e de lecture estim\u00e9e":"1 minute"},"schema":{"@context":"https:\/\/schema.org","@graph":[{"@type":"Organization","@id":"https:\/\/www.wanarun.net\/blog\/#organization","name":"Wanarun","url":"https:\/\/www.wanarun.net\/blog\/","sameAs":["https:\/\/www.instagram.com\/wanarunnet\/","https:\/\/www.youtube.com\/user\/wanarunnet","https:\/\/www.facebook.com\/wanarun\/","https:\/\/twitter.com\/wanarun"],"logo":{"@type":"ImageObject","inLanguage":"fr-FR","@id":"https:\/\/www.wanarun.net\/blog\/#\/schema\/logo\/image\/","url":"https:\/\/www.wanarun.net\/blog\/wp-content\/uploads\/2018\/03\/logo-wanarun.jpg","contentUrl":"https:\/\/www.wanarun.net\/blog\/wp-content\/uploads\/2018\/03\/logo-wanarun.jpg","width":1196,"height":1082,"caption":"Wanarun"},"image":{"@id":"https:\/\/www.wanarun.net\/blog\/#\/schema\/logo\/image\/"}},{"@type":"WebSite","@id":"https:\/\/www.wanarun.net\/blog\/#website","url":"https:\/\/www.wanarun.net\/blog\/","name":"Wanarun, le blog du running, du trail et de la course \u00e0 pied","description":"Informations, remarques, avis, conseils sur la course \u00e0 pied.","publisher":{"@id":"https:\/\/www.wanarun.net\/blog\/#organization"},"potentialAction":[{"@type":"SearchAction","target":{"@type":"EntryPoint","urlTemplate":"https:\/\/www.wanarun.net\/blog\/?s={search_term_string}"},"query-input":"required name=search_term_string"}],"inLanguage":"fr-FR"},{"@type":"ImageObject","inLanguage":"fr-FR","@id":"https:\/\/www.wanarun.net\/blog\/autoportrait-de-lauteur-en-coureur-de-fond-1661.html#primaryimage","url":"https:\/\/www.wanarun.net\/blog\/wp-content\/uploads\/2009\/04\/autoportrait-auteur-coureur-fond.jpg","contentUrl":"https:\/\/www.wanarun.net\/blog\/wp-content\/uploads\/2009\/04\/autoportrait-auteur-coureur-fond.jpg","width":496,"height":800},{"@type":"WebPage","@id":"https:\/\/www.wanarun.net\/blog\/autoportrait-de-lauteur-en-coureur-de-fond-1661.html#webpage","url":"https:\/\/www.wanarun.net\/blog\/autoportrait-de-lauteur-en-coureur-de-fond-1661.html","name":"Autoportrait de l'auteur en coureur de fond","isPartOf":{"@id":"https:\/\/www.wanarun.net\/blog\/#website"},"primaryImageOfPage":{"@id":"https:\/\/www.wanarun.net\/blog\/autoportrait-de-lauteur-en-coureur-de-fond-1661.html#primaryimage"},"datePublished":"2009-04-15T09:55:29+00:00","dateModified":"2017-03-08T12:38:03+00:00","description":"Pourquoi vous DEVEZ imp\u00e9rativement lire \"Autoportrait de l'auteur en coureur de fond\" d'Haruki Murakami qui vient tout juste de sortir chez Belfond : 1)","breadcrumb":{"@id":"https:\/\/www.wanarun.net\/blog\/autoportrait-de-lauteur-en-coureur-de-fond-1661.html#breadcrumb"},"inLanguage":"fr-FR","potentialAction":[{"@type":"ReadAction","target":["https:\/\/www.wanarun.net\/blog\/autoportrait-de-lauteur-en-coureur-de-fond-1661.html"]}]},{"@type":"BreadcrumbList","@id":"https:\/\/www.wanarun.net\/blog\/autoportrait-de-lauteur-en-coureur-de-fond-1661.html#breadcrumb","itemListElement":[{"@type":"ListItem","position":1,"name":"Autoportrait de l&rsquo;auteur en coureur de fond"}]},{"@type":"Article","@id":"https:\/\/www.wanarun.net\/blog\/autoportrait-de-lauteur-en-coureur-de-fond-1661.html#article","isPartOf":{"@id":"https:\/\/www.wanarun.net\/blog\/autoportrait-de-lauteur-en-coureur-de-fond-1661.html#webpage"},"author":{"@id":"https:\/\/www.wanarun.net\/blog\/#\/schema\/person\/1f6463621f44a2b66c33ff32ccdab3e8"},"headline":"Autoportrait de l&rsquo;auteur en coureur de fond","datePublished":"2009-04-15T09:55:29+00:00","dateModified":"2017-03-08T12:38:03+00:00","mainEntityOfPage":{"@id":"https:\/\/www.wanarun.net\/blog\/autoportrait-de-lauteur-en-coureur-de-fond-1661.html#webpage"},"wordCount":213,"commentCount":8,"publisher":{"@id":"https:\/\/www.wanarun.net\/blog\/#organization"},"image":{"@id":"https:\/\/www.wanarun.net\/blog\/autoportrait-de-lauteur-en-coureur-de-fond-1661.html#primaryimage"},"thumbnailUrl":"https:\/\/www.wanarun.net\/blog\/wp-content\/uploads\/2009\/04\/autoportrait-auteur-coureur-fond.jpg","keywords":["Course","livre","MARATHON","Murakami","ultra"],"articleSection":["Litt\u00e9rature"],"inLanguage":"fr-FR","potentialAction":[{"@type":"CommentAction","name":"Comment","target":["https:\/\/www.wanarun.net\/blog\/autoportrait-de-lauteur-en-coureur-de-fond-1661.html#respond"]}]},{"@type":"Person","@id":"https:\/\/www.wanarun.net\/blog\/#\/schema\/person\/1f6463621f44a2b66c33ff32ccdab3e8","name":"fredbros","image":{"@type":"ImageObject","inLanguage":"fr-FR","@id":"https:\/\/www.wanarun.net\/blog\/#\/schema\/person\/image\/","url":"https:\/\/secure.gravatar.com\/avatar\/0706328db4ae4ea1111c0fe8b464d6a7?s=96&d=mm&r=g","contentUrl":"https:\/\/secure.gravatar.com\/avatar\/0706328db4ae4ea1111c0fe8b464d6a7?s=96&d=mm&r=g","caption":"fredbros"},"url":"https:\/\/www.wanarun.net\/blog\/author\/fred"}]}},"_links":{"self":[{"href":"https:\/\/www.wanarun.net\/blog\/wp-json\/wp\/v2\/posts\/1661"}],"collection":[{"href":"https:\/\/www.wanarun.net\/blog\/wp-json\/wp\/v2\/posts"}],"about":[{"href":"https:\/\/www.wanarun.net\/blog\/wp-json\/wp\/v2\/types\/post"}],"author":[{"embeddable":true,"href":"https:\/\/www.wanarun.net\/blog\/wp-json\/wp\/v2\/users\/21"}],"replies":[{"embeddable":true,"href":"https:\/\/www.wanarun.net\/blog\/wp-json\/wp\/v2\/comments?post=1661"}],"version-history":[{"count":5,"href":"https:\/\/www.wanarun.net\/blog\/wp-json\/wp\/v2\/posts\/1661\/revisions"}],"predecessor-version":[{"id":53550,"href":"https:\/\/www.wanarun.net\/blog\/wp-json\/wp\/v2\/posts\/1661\/revisions\/53550"}],"wp:featuredmedia":[{"embeddable":true,"href":"https:\/\/www.wanarun.net\/blog\/wp-json\/wp\/v2\/media\/53548"}],"wp:attachment":[{"href":"https:\/\/www.wanarun.net\/blog\/wp-json\/wp\/v2\/media?parent=1661"}],"wp:term":[{"taxonomy":"category","embeddable":true,"href":"https:\/\/www.wanarun.net\/blog\/wp-json\/wp\/v2\/categories?post=1661"},{"taxonomy":"post_tag","embeddable":true,"href":"https:\/\/www.wanarun.net\/blog\/wp-json\/wp\/v2\/tags?post=1661"}],"curies":[{"name":"wp","href":"https:\/\/api.w.org\/{rel}","templated":true}]}}