{"id":15204,"date":"2011-07-11T03:00:20","date_gmt":"2011-07-11T02:00:20","guid":{"rendered":"http:\/\/www.wanarun.net\/blog\/?p=15204"},"modified":"2011-07-10T22:02:31","modified_gmt":"2011-07-10T21:02:31","slug":"marathon-des-sables","status":"publish","type":"post","link":"https:\/\/www.wanarun.net\/blog\/marathon-des-sables-15204.html","title":{"rendered":"Marathon des sables"},"content":{"rendered":"<p><a href=\"https:\/\/www.wanarun.net\/blog\/wp-content\/uploads\/tdomf\/15204\/sebastien.jpg\"><img loading=\"lazy\" class=\"alignleft size-full wp-image-15206\" title=\"sebastien.jpg\" src=\"https:\/\/www.wanarun.net\/blog\/wp-content\/uploads\/tdomf\/15204\/sebastien.jpg\" alt=\"\" width=\"240\" height=\"180\" \/><\/a>Je pense au lieutenant Giovani Drogo, pour \u00e9voquer l&rsquo;attrait qu&rsquo;exerce le d\u00e9sert sur la plupart de ceux qui s&rsquo;y projettent\u2026Mais le marathon des sables n&rsquo;est pas comme dans ce roman de Dino Buzzati, \u00ab\u00a0le d\u00e9sert des tartares\u00a0\u00bb, un \u00e9v\u00e9nement qu&rsquo;on attend comme un sacre qui pourrait ne jamais venir. Non, ce raid cristallise tous les sentiments qui s&rsquo;en d\u00e9gagent de mani\u00e8re tr\u00e8s concr\u00e8te. C&rsquo;est sa magie, c&rsquo;est sa r\u00e9alit\u00e9.<\/p>\n<p>Tout, ou presque, au bout de 25 ans a \u00e9t\u00e9 dit sur ce raid mythique, pionnier du genre pour attirer les plus fondus.<\/p>\n<p>Le d\u00e9sert, le r\u00eave bien s\u00fbr, et la v\u00e9rit\u00e9 sur soi, sur les autres. Le sable exerce une sorte de catharsis, on y trouve les limites de ce que l&rsquo;on est\u2026le temps, l&rsquo;attente, la gloire (sa gloire). Tous ces charmes de l&rsquo;aventure sont les \u00e9l\u00e9ments qui en font une sorte de passage. \u00c7a passe ou \u00e7a casse, mais pour tous ceux qui s&rsquo;alignent au d\u00e9part, qu&rsquo;on s&rsquo;arr\u00eate au bout ou bien le premier jour, c&rsquo;est toujours le m\u00eame constat : on n&rsquo;en revient pas pareil.<\/p>\n<p>C&rsquo;est normal au bout de si longtemps\u2026parce que pour les plus neufs dans ce d\u00e9fi on ne peut pas avoir moins d&rsquo;un an ! Il est impossible de se lancer sur 6 \u00e9tapes, 7 jours et 250 kilom\u00e8tres en autosuffisance, sans \u00eatre s\u00fbr de sa d\u00e9termination en regardant l&rsquo;\u00e9dition pr\u00e9c\u00e9dent la sienne. Pour la plupart des athl\u00e8tes qui s&rsquo;engagent, on y a pens\u00e9 longtemps, sans le savoir d&rsquo;abord, et puis ensuite on s&rsquo;est donn\u00e9 mille objectifs sportifs. Un temps sur 10 kilom\u00e8tres, sur semi-marathon, sur marathon. Jusqu&rsquo;au jour o\u00f9, soudainement, \u00e7a semble une \u00e9vidence. Pour ouvrir la porte, il faut prendre directement le chemin du d\u00e9sert, sans d\u00e9tours. Ce marathon des sables, on peut en dire ce qu&rsquo;on veut, raid marketing ou marque-dingue, peu importe, au bout il reste nos traces dans le sable.<br \/>\nVoici pourquoi j&rsquo;ai fait la 25\u00b0 \u00e9dition du 2 au 12 avril 2010.<\/p>\n<p>S\u00e9bastien Baillot<\/p>\n","protected":false},"excerpt":{"rendered":"<a href=\"https:\/\/www.wanarun.net\/blog\/marathon-des-sables-15204.html\"><img width=\"150\" src=\"\" class=\"alignleft wp-post-image tfe\" alt=\"\" title=\"\" \/><\/a><p>Je pense au lieutenant Giovani Drogo, pour \u00e9voquer l&rsquo;attrait qu&rsquo;exerce le d\u00e9sert sur la plupart de ceux qui s&rsquo;y projettent\u2026Mais le marathon des sables n&rsquo;est pas comme dans ce roman de Dino Buzzati, \u00ab\u00a0le d\u00e9sert des tartares\u00a0\u00bb, un \u00e9v\u00e9nement qu&rsquo;on attend comme un sacre qui pourrait ne jamais venir. Non, ce raid cristallise tous les [&hellip;]<\/p>\n","protected":false},"author":31,"featured_media":0,"comment_status":"open","ping_status":"open","sticky":false,"template":"","format":"standard","meta":[],"categories":[161],"tags":[29,1650],"yoast_head":"<!-- This site is optimized with the Yoast SEO plugin v18.9 - https:\/\/yoast.com\/wordpress\/plugins\/seo\/ -->\n<title>Marathon des sables<\/title>\n<meta name=\"description\" content=\"Je pense au lieutenant Giovani Drogo, pour \u00e9voquer l&#039;attrait qu&#039;exerce le d\u00e9sert sur la plupart de ceux qui s&#039;y projettent\u2026Mais le marathon des sables\" \/>\n<meta name=\"robots\" content=\"index, follow, max-snippet:-1, max-image-preview:large, max-video-preview:-1\" \/>\n<link rel=\"canonical\" href=\"https:\/\/www.wanarun.net\/blog\/marathon-des-sables-15204.html\" \/>\n<meta property=\"og:locale\" content=\"fr_FR\" \/>\n<meta property=\"og:type\" content=\"article\" \/>\n<meta property=\"og:title\" content=\"Marathon des sables\" \/>\n<meta property=\"og:description\" content=\"Je pense au lieutenant Giovani Drogo, pour \u00e9voquer l&#039;attrait qu&#039;exerce le d\u00e9sert sur la plupart de ceux qui s&#039;y projettent\u2026Mais le marathon des sables\" \/>\n<meta property=\"og:url\" content=\"https:\/\/www.wanarun.net\/blog\/marathon-des-sables-15204.html\" \/>\n<meta property=\"og:site_name\" content=\"Wanarun, le blog du running, du trail et de la course \u00e0 pied\" \/>\n<meta property=\"article:publisher\" content=\"https:\/\/www.facebook.com\/wanarun\/\" \/>\n<meta property=\"article:published_time\" content=\"2011-07-11T02:00:20+00:00\" \/>\n<meta property=\"article:modified_time\" content=\"2011-07-10T21:02:31+00:00\" \/>\n<meta property=\"og:image\" content=\"https:\/\/www.wanarun.net\/blog\/wp-content\/uploads\/tdomf\/15204\/sebastien.jpg\" \/>\n<meta name=\"twitter:label1\" content=\"\u00c9crit par\" \/>\n\t<meta name=\"twitter:data1\" content=\"Wanarun\" \/>\n\t<meta name=\"twitter:label2\" content=\"Dur\u00e9e de lecture estim\u00e9e\" \/>\n\t<meta name=\"twitter:data2\" content=\"2 minutes\" \/>\n<script type=\"application\/ld+json\" class=\"yoast-schema-graph\">{\"@context\":\"https:\/\/schema.org\",\"@graph\":[{\"@type\":\"Organization\",\"@id\":\"https:\/\/www.wanarun.net\/blog\/#organization\",\"name\":\"Wanarun\",\"url\":\"https:\/\/www.wanarun.net\/blog\/\",\"sameAs\":[\"https:\/\/www.instagram.com\/wanarunnet\/\",\"https:\/\/www.youtube.com\/user\/wanarunnet\",\"https:\/\/www.facebook.com\/wanarun\/\",\"https:\/\/twitter.com\/wanarun\"],\"logo\":{\"@type\":\"ImageObject\",\"inLanguage\":\"fr-FR\",\"@id\":\"https:\/\/www.wanarun.net\/blog\/#\/schema\/logo\/image\/\",\"url\":\"https:\/\/www.wanarun.net\/blog\/wp-content\/uploads\/2018\/03\/logo-wanarun.jpg\",\"contentUrl\":\"https:\/\/www.wanarun.net\/blog\/wp-content\/uploads\/2018\/03\/logo-wanarun.jpg\",\"width\":1196,\"height\":1082,\"caption\":\"Wanarun\"},\"image\":{\"@id\":\"https:\/\/www.wanarun.net\/blog\/#\/schema\/logo\/image\/\"}},{\"@type\":\"WebSite\",\"@id\":\"https:\/\/www.wanarun.net\/blog\/#website\",\"url\":\"https:\/\/www.wanarun.net\/blog\/\",\"name\":\"Wanarun, le blog du running, du trail et de la course \u00e0 pied\",\"description\":\"Informations, remarques, avis, conseils sur la course \u00e0 pied.\",\"publisher\":{\"@id\":\"https:\/\/www.wanarun.net\/blog\/#organization\"},\"potentialAction\":[{\"@type\":\"SearchAction\",\"target\":{\"@type\":\"EntryPoint\",\"urlTemplate\":\"https:\/\/www.wanarun.net\/blog\/?s={search_term_string}\"},\"query-input\":\"required name=search_term_string\"}],\"inLanguage\":\"fr-FR\"},{\"@type\":\"ImageObject\",\"inLanguage\":\"fr-FR\",\"@id\":\"https:\/\/www.wanarun.net\/blog\/marathon-des-sables-15204.html#primaryimage\",\"url\":\"https:\/\/www.wanarun.net\/blog\/wp-content\/uploads\/tdomf\/15204\/sebastien.jpg\",\"contentUrl\":\"https:\/\/www.wanarun.net\/blog\/wp-content\/uploads\/tdomf\/15204\/sebastien.jpg\"},{\"@type\":\"WebPage\",\"@id\":\"https:\/\/www.wanarun.net\/blog\/marathon-des-sables-15204.html#webpage\",\"url\":\"https:\/\/www.wanarun.net\/blog\/marathon-des-sables-15204.html\",\"name\":\"Marathon des sables\",\"isPartOf\":{\"@id\":\"https:\/\/www.wanarun.net\/blog\/#website\"},\"primaryImageOfPage\":{\"@id\":\"https:\/\/www.wanarun.net\/blog\/marathon-des-sables-15204.html#primaryimage\"},\"datePublished\":\"2011-07-11T02:00:20+00:00\",\"dateModified\":\"2011-07-10T21:02:31+00:00\",\"description\":\"Je pense au lieutenant Giovani Drogo, pour \u00e9voquer l'attrait qu'exerce le d\u00e9sert sur la plupart de ceux qui s'y projettent\u2026Mais le marathon des sables\",\"breadcrumb\":{\"@id\":\"https:\/\/www.wanarun.net\/blog\/marathon-des-sables-15204.html#breadcrumb\"},\"inLanguage\":\"fr-FR\",\"potentialAction\":[{\"@type\":\"ReadAction\",\"target\":[\"https:\/\/www.wanarun.net\/blog\/marathon-des-sables-15204.html\"]}]},{\"@type\":\"BreadcrumbList\",\"@id\":\"https:\/\/www.wanarun.net\/blog\/marathon-des-sables-15204.html#breadcrumb\",\"itemListElement\":[{\"@type\":\"ListItem\",\"position\":1,\"name\":\"Marathon des sables\"}]},{\"@type\":\"Article\",\"@id\":\"https:\/\/www.wanarun.net\/blog\/marathon-des-sables-15204.html#article\",\"isPartOf\":{\"@id\":\"https:\/\/www.wanarun.net\/blog\/marathon-des-sables-15204.html#webpage\"},\"author\":{\"@id\":\"https:\/\/www.wanarun.net\/blog\/#\/schema\/person\/7d088e671d48fc8f65431bcc89bf2651\"},\"headline\":\"Marathon des sables\",\"datePublished\":\"2011-07-11T02:00:20+00:00\",\"dateModified\":\"2011-07-10T21:02:31+00:00\",\"mainEntityOfPage\":{\"@id\":\"https:\/\/www.wanarun.net\/blog\/marathon-des-sables-15204.html#webpage\"},\"wordCount\":349,\"commentCount\":0,\"publisher\":{\"@id\":\"https:\/\/www.wanarun.net\/blog\/#organization\"},\"image\":{\"@id\":\"https:\/\/www.wanarun.net\/blog\/marathon-des-sables-15204.html#primaryimage\"},\"thumbnailUrl\":\"https:\/\/www.wanarun.net\/blog\/wp-content\/uploads\/tdomf\/15204\/sebastien.jpg\",\"keywords\":[\"MARATHON\",\"sables\"],\"articleSection\":[\"Humeur\"],\"inLanguage\":\"fr-FR\",\"potentialAction\":[{\"@type\":\"CommentAction\",\"name\":\"Comment\",\"target\":[\"https:\/\/www.wanarun.net\/blog\/marathon-des-sables-15204.html#respond\"]}]},{\"@type\":\"Person\",\"@id\":\"https:\/\/www.wanarun.net\/blog\/#\/schema\/person\/7d088e671d48fc8f65431bcc89bf2651\",\"name\":\"Wanarun\",\"image\":{\"@type\":\"ImageObject\",\"inLanguage\":\"fr-FR\",\"@id\":\"https:\/\/www.wanarun.net\/blog\/#\/schema\/person\/image\/\",\"url\":\"https:\/\/secure.gravatar.com\/avatar\/6212b243043e127b2f32aae949c8babf?s=96&d=mm&r=g\",\"contentUrl\":\"https:\/\/secure.gravatar.com\/avatar\/6212b243043e127b2f32aae949c8babf?s=96&d=mm&r=g\",\"caption\":\"Wanarun\"},\"url\":\"https:\/\/www.wanarun.net\/blog\/author\/tdomf_7822e\"}]}<\/script>\n<!-- \/ Yoast SEO plugin. -->","yoast_head_json":{"title":"Marathon des sables","description":"Je pense au lieutenant Giovani Drogo, pour \u00e9voquer l'attrait qu'exerce le d\u00e9sert sur la plupart de ceux qui s'y projettent\u2026Mais le marathon des sables","robots":{"index":"index","follow":"follow","max-snippet":"max-snippet:-1","max-image-preview":"max-image-preview:large","max-video-preview":"max-video-preview:-1"},"canonical":"https:\/\/www.wanarun.net\/blog\/marathon-des-sables-15204.html","og_locale":"fr_FR","og_type":"article","og_title":"Marathon des sables","og_description":"Je pense au lieutenant Giovani Drogo, pour \u00e9voquer l'attrait qu'exerce le d\u00e9sert sur la plupart de ceux qui s'y projettent\u2026Mais le marathon des sables","og_url":"https:\/\/www.wanarun.net\/blog\/marathon-des-sables-15204.html","og_site_name":"Wanarun, le blog du running, du trail et de la course \u00e0 pied","article_publisher":"https:\/\/www.facebook.com\/wanarun\/","article_published_time":"2011-07-11T02:00:20+00:00","article_modified_time":"2011-07-10T21:02:31+00:00","og_image":[{"url":"https:\/\/www.wanarun.net\/blog\/wp-content\/uploads\/tdomf\/15204\/sebastien.jpg"}],"twitter_misc":{"\u00c9crit par":"Wanarun","Dur\u00e9e de lecture estim\u00e9e":"2 minutes"},"schema":{"@context":"https:\/\/schema.org","@graph":[{"@type":"Organization","@id":"https:\/\/www.wanarun.net\/blog\/#organization","name":"Wanarun","url":"https:\/\/www.wanarun.net\/blog\/","sameAs":["https:\/\/www.instagram.com\/wanarunnet\/","https:\/\/www.youtube.com\/user\/wanarunnet","https:\/\/www.facebook.com\/wanarun\/","https:\/\/twitter.com\/wanarun"],"logo":{"@type":"ImageObject","inLanguage":"fr-FR","@id":"https:\/\/www.wanarun.net\/blog\/#\/schema\/logo\/image\/","url":"https:\/\/www.wanarun.net\/blog\/wp-content\/uploads\/2018\/03\/logo-wanarun.jpg","contentUrl":"https:\/\/www.wanarun.net\/blog\/wp-content\/uploads\/2018\/03\/logo-wanarun.jpg","width":1196,"height":1082,"caption":"Wanarun"},"image":{"@id":"https:\/\/www.wanarun.net\/blog\/#\/schema\/logo\/image\/"}},{"@type":"WebSite","@id":"https:\/\/www.wanarun.net\/blog\/#website","url":"https:\/\/www.wanarun.net\/blog\/","name":"Wanarun, le blog du running, du trail et de la course \u00e0 pied","description":"Informations, remarques, avis, conseils sur la course \u00e0 pied.","publisher":{"@id":"https:\/\/www.wanarun.net\/blog\/#organization"},"potentialAction":[{"@type":"SearchAction","target":{"@type":"EntryPoint","urlTemplate":"https:\/\/www.wanarun.net\/blog\/?s={search_term_string}"},"query-input":"required name=search_term_string"}],"inLanguage":"fr-FR"},{"@type":"ImageObject","inLanguage":"fr-FR","@id":"https:\/\/www.wanarun.net\/blog\/marathon-des-sables-15204.html#primaryimage","url":"https:\/\/www.wanarun.net\/blog\/wp-content\/uploads\/tdomf\/15204\/sebastien.jpg","contentUrl":"https:\/\/www.wanarun.net\/blog\/wp-content\/uploads\/tdomf\/15204\/sebastien.jpg"},{"@type":"WebPage","@id":"https:\/\/www.wanarun.net\/blog\/marathon-des-sables-15204.html#webpage","url":"https:\/\/www.wanarun.net\/blog\/marathon-des-sables-15204.html","name":"Marathon des sables","isPartOf":{"@id":"https:\/\/www.wanarun.net\/blog\/#website"},"primaryImageOfPage":{"@id":"https:\/\/www.wanarun.net\/blog\/marathon-des-sables-15204.html#primaryimage"},"datePublished":"2011-07-11T02:00:20+00:00","dateModified":"2011-07-10T21:02:31+00:00","description":"Je pense au lieutenant Giovani Drogo, pour \u00e9voquer l'attrait qu'exerce le d\u00e9sert sur la plupart de ceux qui s'y projettent\u2026Mais le marathon des sables","breadcrumb":{"@id":"https:\/\/www.wanarun.net\/blog\/marathon-des-sables-15204.html#breadcrumb"},"inLanguage":"fr-FR","potentialAction":[{"@type":"ReadAction","target":["https:\/\/www.wanarun.net\/blog\/marathon-des-sables-15204.html"]}]},{"@type":"BreadcrumbList","@id":"https:\/\/www.wanarun.net\/blog\/marathon-des-sables-15204.html#breadcrumb","itemListElement":[{"@type":"ListItem","position":1,"name":"Marathon des sables"}]},{"@type":"Article","@id":"https:\/\/www.wanarun.net\/blog\/marathon-des-sables-15204.html#article","isPartOf":{"@id":"https:\/\/www.wanarun.net\/blog\/marathon-des-sables-15204.html#webpage"},"author":{"@id":"https:\/\/www.wanarun.net\/blog\/#\/schema\/person\/7d088e671d48fc8f65431bcc89bf2651"},"headline":"Marathon des sables","datePublished":"2011-07-11T02:00:20+00:00","dateModified":"2011-07-10T21:02:31+00:00","mainEntityOfPage":{"@id":"https:\/\/www.wanarun.net\/blog\/marathon-des-sables-15204.html#webpage"},"wordCount":349,"commentCount":0,"publisher":{"@id":"https:\/\/www.wanarun.net\/blog\/#organization"},"image":{"@id":"https:\/\/www.wanarun.net\/blog\/marathon-des-sables-15204.html#primaryimage"},"thumbnailUrl":"https:\/\/www.wanarun.net\/blog\/wp-content\/uploads\/tdomf\/15204\/sebastien.jpg","keywords":["MARATHON","sables"],"articleSection":["Humeur"],"inLanguage":"fr-FR","potentialAction":[{"@type":"CommentAction","name":"Comment","target":["https:\/\/www.wanarun.net\/blog\/marathon-des-sables-15204.html#respond"]}]},{"@type":"Person","@id":"https:\/\/www.wanarun.net\/blog\/#\/schema\/person\/7d088e671d48fc8f65431bcc89bf2651","name":"Wanarun","image":{"@type":"ImageObject","inLanguage":"fr-FR","@id":"https:\/\/www.wanarun.net\/blog\/#\/schema\/person\/image\/","url":"https:\/\/secure.gravatar.com\/avatar\/6212b243043e127b2f32aae949c8babf?s=96&d=mm&r=g","contentUrl":"https:\/\/secure.gravatar.com\/avatar\/6212b243043e127b2f32aae949c8babf?s=96&d=mm&r=g","caption":"Wanarun"},"url":"https:\/\/www.wanarun.net\/blog\/author\/tdomf_7822e"}]}},"_links":{"self":[{"href":"https:\/\/www.wanarun.net\/blog\/wp-json\/wp\/v2\/posts\/15204"}],"collection":[{"href":"https:\/\/www.wanarun.net\/blog\/wp-json\/wp\/v2\/posts"}],"about":[{"href":"https:\/\/www.wanarun.net\/blog\/wp-json\/wp\/v2\/types\/post"}],"author":[{"embeddable":true,"href":"https:\/\/www.wanarun.net\/blog\/wp-json\/wp\/v2\/users\/31"}],"replies":[{"embeddable":true,"href":"https:\/\/www.wanarun.net\/blog\/wp-json\/wp\/v2\/comments?post=15204"}],"version-history":[{"count":2,"href":"https:\/\/www.wanarun.net\/blog\/wp-json\/wp\/v2\/posts\/15204\/revisions"}],"predecessor-version":[{"id":15426,"href":"https:\/\/www.wanarun.net\/blog\/wp-json\/wp\/v2\/posts\/15204\/revisions\/15426"}],"wp:attachment":[{"href":"https:\/\/www.wanarun.net\/blog\/wp-json\/wp\/v2\/media?parent=15204"}],"wp:term":[{"taxonomy":"category","embeddable":true,"href":"https:\/\/www.wanarun.net\/blog\/wp-json\/wp\/v2\/categories?post=15204"},{"taxonomy":"post_tag","embeddable":true,"href":"https:\/\/www.wanarun.net\/blog\/wp-json\/wp\/v2\/tags?post=15204"}],"curies":[{"name":"wp","href":"https:\/\/api.w.org\/{rel}","templated":true}]}}