{"id":14843,"date":"2011-06-21T03:00:06","date_gmt":"2011-06-21T02:00:06","guid":{"rendered":"http:\/\/www.wanarun.net\/blog\/?p=14843"},"modified":"2011-06-19T15:36:56","modified_gmt":"2011-06-19T14:36:56","slug":"christophe-lemaitre-ou-va-til-sarreter-record-de-france-du-100m","status":"publish","type":"post","link":"https:\/\/www.wanarun.net\/blog\/christophe-lemaitre-ou-va-til-sarreter-record-de-france-du-100m-14843.html","title":{"rendered":"Christophe Lemaitre : ou va t&rsquo;il s&rsquo;arreter ? Record de France du 100m"},"content":{"rendered":"<p><a class=\"gallery-link\" href=\"https:\/\/www.wanarun.net\/blog\/wp-content\/uploads\/2010\/07\/lemaitre.jpg\"><img loading=\"lazy\" class=\"alignleft size-medium wp-image-7442\" title=\"Christophe Lema\u00eetre\" src=\"https:\/\/www.wanarun.net\/blog\/wp-content\/uploads\/2010\/07\/lemaitre-300x199.jpg\" alt=\"\" width=\"300\" height=\"199\" srcset=\"https:\/\/www.wanarun.net\/blog\/wp-content\/uploads\/2010\/07\/lemaitre-300x199.jpg 300w, https:\/\/www.wanarun.net\/blog\/wp-content\/uploads\/2010\/07\/lemaitre.jpg 1000w\" sizes=\"(max-width: 300px) 100vw, 300px\" \/><\/a>Voil\u00e0 un sportif fran\u00e7ais qui arrive \u00e0 sortir du lot et qui confirme tous les espoirs que l&rsquo;on avait plac\u00e9 en lui. Apr\u00e8s avoir \u00e9t\u00e9 champion du monde junior en 2008, Il vient de battre encore une fois le record de France du 100m.<\/p>\n<p>Avec un record de France en 9&rsquo;95\u00a0\u00bb, Christophe Lema\u00eetre grappille centi\u00e8me par centi\u00e8me.<\/p>\n<p>La seule malchance de cet athl\u00e8te est d&rsquo;\u00eatre dans la m\u00eame g\u00e9n\u00e9ration qu&rsquo;Usain Bolt mais rien n&rsquo;est perdu et je vous rappelle que Christophe n&rsquo;a que 21 ans&#8230;<\/p>\n<p>Je vous propose de revoir la course du record de France du 100m<\/p>\n<p><iframe loading=\"lazy\" width=\"640\" height=\"390\" src=\"http:\/\/www.youtube.com\/embed\/YVoRNDBTlyw\" frameborder=\"0\" allowfullscreen><\/iframe><\/p>\n","protected":false},"excerpt":{"rendered":"<a href=\"https:\/\/www.wanarun.net\/blog\/christophe-lemaitre-ou-va-til-sarreter-record-de-france-du-100m-14843.html\"><img width=\"150\" src=\"\" class=\"alignleft wp-post-image tfe\" alt=\"\" title=\"\" \/><\/a><p>Voil\u00e0 un sportif fran\u00e7ais qui arrive \u00e0 sortir du lot et qui confirme tous les espoirs que l&rsquo;on avait plac\u00e9 en lui. Apr\u00e8s avoir \u00e9t\u00e9 champion du monde junior en 2008, Il vient de battre encore une fois le record de France du 100m. Avec un record de France en 9&rsquo;95\u00a0\u00bb, Christophe Lema\u00eetre grappille centi\u00e8me [&hellip;]<\/p>\n","protected":false},"author":1,"featured_media":0,"comment_status":"open","ping_status":"open","sticky":false,"template":"","format":"standard","meta":[],"categories":[60],"tags":[1039,791,9878],"yoast_head":"<!-- This site is optimized with the Yoast SEO plugin v18.9 - https:\/\/yoast.com\/wordpress\/plugins\/seo\/ -->\n<title>Christophe Lemaitre : ou va t&#039;il s&#039;arreter ? Record de France du 100m<\/title>\n<meta name=\"description\" content=\"Voil\u00e0 un sportif fran\u00e7ais qui arrive \u00e0 sortir du lot et qui confirme tous les espoirs que l&#039;on avait plac\u00e9 en lui. Apr\u00e8s avoir \u00e9t\u00e9 champion du monde\" \/>\n<meta name=\"robots\" content=\"index, follow, max-snippet:-1, max-image-preview:large, max-video-preview:-1\" \/>\n<link rel=\"canonical\" href=\"https:\/\/www.wanarun.net\/blog\/christophe-lemaitre-ou-va-til-sarreter-record-de-france-du-100m-14843.html\" \/>\n<meta property=\"og:locale\" content=\"fr_FR\" \/>\n<meta property=\"og:type\" content=\"article\" \/>\n<meta property=\"og:title\" content=\"Christophe Lemaitre : ou va t&#039;il s&#039;arreter ? Record de France du 100m\" \/>\n<meta property=\"og:description\" content=\"Voil\u00e0 un sportif fran\u00e7ais qui arrive \u00e0 sortir du lot et qui confirme tous les espoirs que l&#039;on avait plac\u00e9 en lui. Apr\u00e8s avoir \u00e9t\u00e9 champion du monde\" \/>\n<meta property=\"og:url\" content=\"https:\/\/www.wanarun.net\/blog\/christophe-lemaitre-ou-va-til-sarreter-record-de-france-du-100m-14843.html\" \/>\n<meta property=\"og:site_name\" content=\"Wanarun, le blog du running, du trail et de la course \u00e0 pied\" \/>\n<meta property=\"article:publisher\" content=\"https:\/\/www.facebook.com\/wanarun\/\" \/>\n<meta property=\"article:published_time\" content=\"2011-06-21T02:00:06+00:00\" \/>\n<meta property=\"article:modified_time\" content=\"2011-06-19T14:36:56+00:00\" \/>\n<meta property=\"og:image\" content=\"https:\/\/www.wanarun.net\/blog\/wp-content\/uploads\/2010\/07\/lemaitre-300x199.jpg\" \/>\n<meta name=\"twitter:label1\" content=\"\u00c9crit par\" \/>\n\t<meta name=\"twitter:data1\" content=\"Manu\" \/>\n\t<meta name=\"twitter:label2\" content=\"Dur\u00e9e de lecture estim\u00e9e\" \/>\n\t<meta name=\"twitter:data2\" content=\"1 minute\" \/>\n<script type=\"application\/ld+json\" class=\"yoast-schema-graph\">{\"@context\":\"https:\/\/schema.org\",\"@graph\":[{\"@type\":\"Organization\",\"@id\":\"https:\/\/www.wanarun.net\/blog\/#organization\",\"name\":\"Wanarun\",\"url\":\"https:\/\/www.wanarun.net\/blog\/\",\"sameAs\":[\"https:\/\/www.instagram.com\/wanarunnet\/\",\"https:\/\/www.youtube.com\/user\/wanarunnet\",\"https:\/\/www.facebook.com\/wanarun\/\",\"https:\/\/twitter.com\/wanarun\"],\"logo\":{\"@type\":\"ImageObject\",\"inLanguage\":\"fr-FR\",\"@id\":\"https:\/\/www.wanarun.net\/blog\/#\/schema\/logo\/image\/\",\"url\":\"https:\/\/www.wanarun.net\/blog\/wp-content\/uploads\/2018\/03\/logo-wanarun.jpg\",\"contentUrl\":\"https:\/\/www.wanarun.net\/blog\/wp-content\/uploads\/2018\/03\/logo-wanarun.jpg\",\"width\":1196,\"height\":1082,\"caption\":\"Wanarun\"},\"image\":{\"@id\":\"https:\/\/www.wanarun.net\/blog\/#\/schema\/logo\/image\/\"}},{\"@type\":\"WebSite\",\"@id\":\"https:\/\/www.wanarun.net\/blog\/#website\",\"url\":\"https:\/\/www.wanarun.net\/blog\/\",\"name\":\"Wanarun, le blog du running, du trail et de la course \u00e0 pied\",\"description\":\"Informations, remarques, avis, conseils sur la course \u00e0 pied.\",\"publisher\":{\"@id\":\"https:\/\/www.wanarun.net\/blog\/#organization\"},\"potentialAction\":[{\"@type\":\"SearchAction\",\"target\":{\"@type\":\"EntryPoint\",\"urlTemplate\":\"https:\/\/www.wanarun.net\/blog\/?s={search_term_string}\"},\"query-input\":\"required name=search_term_string\"}],\"inLanguage\":\"fr-FR\"},{\"@type\":\"ImageObject\",\"inLanguage\":\"fr-FR\",\"@id\":\"https:\/\/www.wanarun.net\/blog\/christophe-lemaitre-ou-va-til-sarreter-record-de-france-du-100m-14843.html#primaryimage\",\"url\":\"https:\/\/www.wanarun.net\/blog\/wp-content\/uploads\/2010\/07\/lemaitre.jpg\",\"contentUrl\":\"https:\/\/www.wanarun.net\/blog\/wp-content\/uploads\/2010\/07\/lemaitre.jpg\",\"width\":1000,\"height\":666},{\"@type\":\"WebPage\",\"@id\":\"https:\/\/www.wanarun.net\/blog\/christophe-lemaitre-ou-va-til-sarreter-record-de-france-du-100m-14843.html#webpage\",\"url\":\"https:\/\/www.wanarun.net\/blog\/christophe-lemaitre-ou-va-til-sarreter-record-de-france-du-100m-14843.html\",\"name\":\"Christophe Lemaitre : ou va t'il s'arreter ? Record de France du 100m\",\"isPartOf\":{\"@id\":\"https:\/\/www.wanarun.net\/blog\/#website\"},\"primaryImageOfPage\":{\"@id\":\"https:\/\/www.wanarun.net\/blog\/christophe-lemaitre-ou-va-til-sarreter-record-de-france-du-100m-14843.html#primaryimage\"},\"datePublished\":\"2011-06-21T02:00:06+00:00\",\"dateModified\":\"2011-06-19T14:36:56+00:00\",\"description\":\"Voil\u00e0 un sportif fran\u00e7ais qui arrive \u00e0 sortir du lot et qui confirme tous les espoirs que l'on avait plac\u00e9 en lui. Apr\u00e8s avoir \u00e9t\u00e9 champion du monde\",\"breadcrumb\":{\"@id\":\"https:\/\/www.wanarun.net\/blog\/christophe-lemaitre-ou-va-til-sarreter-record-de-france-du-100m-14843.html#breadcrumb\"},\"inLanguage\":\"fr-FR\",\"potentialAction\":[{\"@type\":\"ReadAction\",\"target\":[\"https:\/\/www.wanarun.net\/blog\/christophe-lemaitre-ou-va-til-sarreter-record-de-france-du-100m-14843.html\"]}]},{\"@type\":\"BreadcrumbList\",\"@id\":\"https:\/\/www.wanarun.net\/blog\/christophe-lemaitre-ou-va-til-sarreter-record-de-france-du-100m-14843.html#breadcrumb\",\"itemListElement\":[{\"@type\":\"ListItem\",\"position\":1,\"name\":\"Christophe Lemaitre : ou va t&rsquo;il s&rsquo;arreter ? Record de France du 100m\"}]},{\"@type\":\"Article\",\"@id\":\"https:\/\/www.wanarun.net\/blog\/christophe-lemaitre-ou-va-til-sarreter-record-de-france-du-100m-14843.html#article\",\"isPartOf\":{\"@id\":\"https:\/\/www.wanarun.net\/blog\/christophe-lemaitre-ou-va-til-sarreter-record-de-france-du-100m-14843.html#webpage\"},\"author\":{\"@id\":\"https:\/\/www.wanarun.net\/blog\/#\/schema\/person\/bfb3bc166306771639fdc2bc6ac79771\"},\"headline\":\"Christophe Lemaitre : ou va t&rsquo;il s&rsquo;arreter ? Record de France du 100m\",\"datePublished\":\"2011-06-21T02:00:06+00:00\",\"dateModified\":\"2011-06-19T14:36:56+00:00\",\"mainEntityOfPage\":{\"@id\":\"https:\/\/www.wanarun.net\/blog\/christophe-lemaitre-ou-va-til-sarreter-record-de-france-du-100m-14843.html#webpage\"},\"wordCount\":116,\"commentCount\":1,\"publisher\":{\"@id\":\"https:\/\/www.wanarun.net\/blog\/#organization\"},\"image\":{\"@id\":\"https:\/\/www.wanarun.net\/blog\/christophe-lemaitre-ou-va-til-sarreter-record-de-france-du-100m-14843.html#primaryimage\"},\"thumbnailUrl\":\"https:\/\/www.wanarun.net\/blog\/wp-content\/uploads\/2010\/07\/lemaitre-300x199.jpg\",\"keywords\":[\"100m\",\"France\",\"record\"],\"articleSection\":[\"record\"],\"inLanguage\":\"fr-FR\",\"potentialAction\":[{\"@type\":\"CommentAction\",\"name\":\"Comment\",\"target\":[\"https:\/\/www.wanarun.net\/blog\/christophe-lemaitre-ou-va-til-sarreter-record-de-france-du-100m-14843.html#respond\"]}]},{\"@type\":\"Person\",\"@id\":\"https:\/\/www.wanarun.net\/blog\/#\/schema\/person\/bfb3bc166306771639fdc2bc6ac79771\",\"name\":\"Manu\",\"image\":{\"@type\":\"ImageObject\",\"inLanguage\":\"fr-FR\",\"@id\":\"https:\/\/www.wanarun.net\/blog\/#\/schema\/person\/image\/\",\"url\":\"https:\/\/secure.gravatar.com\/avatar\/717b7c28298e2900c61bceb611a4918a?s=96&d=mm&r=g\",\"contentUrl\":\"https:\/\/secure.gravatar.com\/avatar\/717b7c28298e2900c61bceb611a4918a?s=96&d=mm&r=g\",\"caption\":\"Manu\"},\"sameAs\":[\"https:\/\/www.wanarun.net\"],\"url\":\"https:\/\/www.wanarun.net\/blog\/author\/admin\"}]}<\/script>\n<!-- \/ Yoast SEO plugin. -->","yoast_head_json":{"title":"Christophe Lemaitre : ou va t'il s'arreter ? Record de France du 100m","description":"Voil\u00e0 un sportif fran\u00e7ais qui arrive \u00e0 sortir du lot et qui confirme tous les espoirs que l'on avait plac\u00e9 en lui. Apr\u00e8s avoir \u00e9t\u00e9 champion du monde","robots":{"index":"index","follow":"follow","max-snippet":"max-snippet:-1","max-image-preview":"max-image-preview:large","max-video-preview":"max-video-preview:-1"},"canonical":"https:\/\/www.wanarun.net\/blog\/christophe-lemaitre-ou-va-til-sarreter-record-de-france-du-100m-14843.html","og_locale":"fr_FR","og_type":"article","og_title":"Christophe Lemaitre : ou va t'il s'arreter ? Record de France du 100m","og_description":"Voil\u00e0 un sportif fran\u00e7ais qui arrive \u00e0 sortir du lot et qui confirme tous les espoirs que l'on avait plac\u00e9 en lui. Apr\u00e8s avoir \u00e9t\u00e9 champion du monde","og_url":"https:\/\/www.wanarun.net\/blog\/christophe-lemaitre-ou-va-til-sarreter-record-de-france-du-100m-14843.html","og_site_name":"Wanarun, le blog du running, du trail et de la course \u00e0 pied","article_publisher":"https:\/\/www.facebook.com\/wanarun\/","article_published_time":"2011-06-21T02:00:06+00:00","article_modified_time":"2011-06-19T14:36:56+00:00","og_image":[{"url":"https:\/\/www.wanarun.net\/blog\/wp-content\/uploads\/2010\/07\/lemaitre-300x199.jpg"}],"twitter_misc":{"\u00c9crit par":"Manu","Dur\u00e9e de lecture estim\u00e9e":"1 minute"},"schema":{"@context":"https:\/\/schema.org","@graph":[{"@type":"Organization","@id":"https:\/\/www.wanarun.net\/blog\/#organization","name":"Wanarun","url":"https:\/\/www.wanarun.net\/blog\/","sameAs":["https:\/\/www.instagram.com\/wanarunnet\/","https:\/\/www.youtube.com\/user\/wanarunnet","https:\/\/www.facebook.com\/wanarun\/","https:\/\/twitter.com\/wanarun"],"logo":{"@type":"ImageObject","inLanguage":"fr-FR","@id":"https:\/\/www.wanarun.net\/blog\/#\/schema\/logo\/image\/","url":"https:\/\/www.wanarun.net\/blog\/wp-content\/uploads\/2018\/03\/logo-wanarun.jpg","contentUrl":"https:\/\/www.wanarun.net\/blog\/wp-content\/uploads\/2018\/03\/logo-wanarun.jpg","width":1196,"height":1082,"caption":"Wanarun"},"image":{"@id":"https:\/\/www.wanarun.net\/blog\/#\/schema\/logo\/image\/"}},{"@type":"WebSite","@id":"https:\/\/www.wanarun.net\/blog\/#website","url":"https:\/\/www.wanarun.net\/blog\/","name":"Wanarun, le blog du running, du trail et de la course \u00e0 pied","description":"Informations, remarques, avis, conseils sur la course \u00e0 pied.","publisher":{"@id":"https:\/\/www.wanarun.net\/blog\/#organization"},"potentialAction":[{"@type":"SearchAction","target":{"@type":"EntryPoint","urlTemplate":"https:\/\/www.wanarun.net\/blog\/?s={search_term_string}"},"query-input":"required name=search_term_string"}],"inLanguage":"fr-FR"},{"@type":"ImageObject","inLanguage":"fr-FR","@id":"https:\/\/www.wanarun.net\/blog\/christophe-lemaitre-ou-va-til-sarreter-record-de-france-du-100m-14843.html#primaryimage","url":"https:\/\/www.wanarun.net\/blog\/wp-content\/uploads\/2010\/07\/lemaitre.jpg","contentUrl":"https:\/\/www.wanarun.net\/blog\/wp-content\/uploads\/2010\/07\/lemaitre.jpg","width":1000,"height":666},{"@type":"WebPage","@id":"https:\/\/www.wanarun.net\/blog\/christophe-lemaitre-ou-va-til-sarreter-record-de-france-du-100m-14843.html#webpage","url":"https:\/\/www.wanarun.net\/blog\/christophe-lemaitre-ou-va-til-sarreter-record-de-france-du-100m-14843.html","name":"Christophe Lemaitre : ou va t'il s'arreter ? Record de France du 100m","isPartOf":{"@id":"https:\/\/www.wanarun.net\/blog\/#website"},"primaryImageOfPage":{"@id":"https:\/\/www.wanarun.net\/blog\/christophe-lemaitre-ou-va-til-sarreter-record-de-france-du-100m-14843.html#primaryimage"},"datePublished":"2011-06-21T02:00:06+00:00","dateModified":"2011-06-19T14:36:56+00:00","description":"Voil\u00e0 un sportif fran\u00e7ais qui arrive \u00e0 sortir du lot et qui confirme tous les espoirs que l'on avait plac\u00e9 en lui. Apr\u00e8s avoir \u00e9t\u00e9 champion du monde","breadcrumb":{"@id":"https:\/\/www.wanarun.net\/blog\/christophe-lemaitre-ou-va-til-sarreter-record-de-france-du-100m-14843.html#breadcrumb"},"inLanguage":"fr-FR","potentialAction":[{"@type":"ReadAction","target":["https:\/\/www.wanarun.net\/blog\/christophe-lemaitre-ou-va-til-sarreter-record-de-france-du-100m-14843.html"]}]},{"@type":"BreadcrumbList","@id":"https:\/\/www.wanarun.net\/blog\/christophe-lemaitre-ou-va-til-sarreter-record-de-france-du-100m-14843.html#breadcrumb","itemListElement":[{"@type":"ListItem","position":1,"name":"Christophe Lemaitre : ou va t&rsquo;il s&rsquo;arreter ? Record de France du 100m"}]},{"@type":"Article","@id":"https:\/\/www.wanarun.net\/blog\/christophe-lemaitre-ou-va-til-sarreter-record-de-france-du-100m-14843.html#article","isPartOf":{"@id":"https:\/\/www.wanarun.net\/blog\/christophe-lemaitre-ou-va-til-sarreter-record-de-france-du-100m-14843.html#webpage"},"author":{"@id":"https:\/\/www.wanarun.net\/blog\/#\/schema\/person\/bfb3bc166306771639fdc2bc6ac79771"},"headline":"Christophe Lemaitre : ou va t&rsquo;il s&rsquo;arreter ? Record de France du 100m","datePublished":"2011-06-21T02:00:06+00:00","dateModified":"2011-06-19T14:36:56+00:00","mainEntityOfPage":{"@id":"https:\/\/www.wanarun.net\/blog\/christophe-lemaitre-ou-va-til-sarreter-record-de-france-du-100m-14843.html#webpage"},"wordCount":116,"commentCount":1,"publisher":{"@id":"https:\/\/www.wanarun.net\/blog\/#organization"},"image":{"@id":"https:\/\/www.wanarun.net\/blog\/christophe-lemaitre-ou-va-til-sarreter-record-de-france-du-100m-14843.html#primaryimage"},"thumbnailUrl":"https:\/\/www.wanarun.net\/blog\/wp-content\/uploads\/2010\/07\/lemaitre-300x199.jpg","keywords":["100m","France","record"],"articleSection":["record"],"inLanguage":"fr-FR","potentialAction":[{"@type":"CommentAction","name":"Comment","target":["https:\/\/www.wanarun.net\/blog\/christophe-lemaitre-ou-va-til-sarreter-record-de-france-du-100m-14843.html#respond"]}]},{"@type":"Person","@id":"https:\/\/www.wanarun.net\/blog\/#\/schema\/person\/bfb3bc166306771639fdc2bc6ac79771","name":"Manu","image":{"@type":"ImageObject","inLanguage":"fr-FR","@id":"https:\/\/www.wanarun.net\/blog\/#\/schema\/person\/image\/","url":"https:\/\/secure.gravatar.com\/avatar\/717b7c28298e2900c61bceb611a4918a?s=96&d=mm&r=g","contentUrl":"https:\/\/secure.gravatar.com\/avatar\/717b7c28298e2900c61bceb611a4918a?s=96&d=mm&r=g","caption":"Manu"},"sameAs":["https:\/\/www.wanarun.net"],"url":"https:\/\/www.wanarun.net\/blog\/author\/admin"}]}},"_links":{"self":[{"href":"https:\/\/www.wanarun.net\/blog\/wp-json\/wp\/v2\/posts\/14843"}],"collection":[{"href":"https:\/\/www.wanarun.net\/blog\/wp-json\/wp\/v2\/posts"}],"about":[{"href":"https:\/\/www.wanarun.net\/blog\/wp-json\/wp\/v2\/types\/post"}],"author":[{"embeddable":true,"href":"https:\/\/www.wanarun.net\/blog\/wp-json\/wp\/v2\/users\/1"}],"replies":[{"embeddable":true,"href":"https:\/\/www.wanarun.net\/blog\/wp-json\/wp\/v2\/comments?post=14843"}],"version-history":[{"count":4,"href":"https:\/\/www.wanarun.net\/blog\/wp-json\/wp\/v2\/posts\/14843\/revisions"}],"predecessor-version":[{"id":14847,"href":"https:\/\/www.wanarun.net\/blog\/wp-json\/wp\/v2\/posts\/14843\/revisions\/14847"}],"wp:attachment":[{"href":"https:\/\/www.wanarun.net\/blog\/wp-json\/wp\/v2\/media?parent=14843"}],"wp:term":[{"taxonomy":"category","embeddable":true,"href":"https:\/\/www.wanarun.net\/blog\/wp-json\/wp\/v2\/categories?post=14843"},{"taxonomy":"post_tag","embeddable":true,"href":"https:\/\/www.wanarun.net\/blog\/wp-json\/wp\/v2\/tags?post=14843"}],"curies":[{"name":"wp","href":"https:\/\/api.w.org\/{rel}","templated":true}]}}