{"id":11466,"date":"2011-01-21T03:00:32","date_gmt":"2011-01-21T02:00:32","guid":{"rendered":"http:\/\/www.wanarun.net\/blog\/?p=11466"},"modified":"2011-01-20T16:18:16","modified_gmt":"2011-01-20T15:18:16","slug":"wanarun-dans-la-team-asics-presse-pour-le-marathon-de-paris","status":"publish","type":"post","link":"https:\/\/www.wanarun.net\/blog\/wanarun-dans-la-team-asics-presse-pour-le-marathon-de-paris-11466.html","title":{"rendered":"WANARUN dans la Team ASICS Presse 2011 !!!"},"content":{"rendered":"<div id=\"attachment_11586\" style=\"width: 310px\" class=\"wp-caption alignleft\"><a href=\"https:\/\/www.wanarun.net\/blog\/wp-content\/uploads\/2011\/01\/team-presse-ASICS.jpg\"><img aria-describedby=\"caption-attachment-11586\" loading=\"lazy\" class=\"size-medium wp-image-11586\" title=\"team presse ASICS\" src=\"https:\/\/www.wanarun.net\/blog\/wp-content\/uploads\/2011\/01\/team-presse-ASICS-300x190.jpg\" alt=\"\" width=\"300\" height=\"190\" srcset=\"https:\/\/www.wanarun.net\/blog\/wp-content\/uploads\/2011\/01\/team-presse-ASICS-300x190.jpg 300w, https:\/\/www.wanarun.net\/blog\/wp-content\/uploads\/2011\/01\/team-presse-ASICS.jpg 851w\" sizes=\"(max-width: 300px) 100vw, 300px\" \/><\/a><p id=\"caption-attachment-11586\" class=\"wp-caption-text\">TEAM PRESSE ASICS<\/p><\/div>\n<p>Je vous le dis tout de suite, dans cet article, on va encore se la p\u00e9ter \ud83d\ude42 Si vous en avez marre qu&rsquo;on vous r\u00e9p\u00e8te qu&rsquo;on est les meilleurs &#8211; cela dit, c&rsquo;est vrai, quand on y r\u00e9fl\u00e9chit bien &#8211; vous allez souffrir LOL.<\/p>\n<p>Apr\u00e8s le <a href=\"https:\/\/www.wanarun.net\/blog\/wanarun-dans-lest-republicain-11521.html\">passage triomphal de Manu dans l&rsquo;Est R\u00e9publicain<\/a> qui lui a valu : 1243 lettres de f\u00e9licitations d&rsquo;admiratrices ou de belles-m\u00e8res potentielles, de passer 2 heures \u00e0 discuter avec sa boulang\u00e8re dimanche matin et de se faire enguirlander au retour par sa moiti\u00e9 qui se d\u00e9sesp\u00e9rait devant son caf\u00e9 froid, de ne plus pouvoir sortir de chez lui sans \u00eatre assailli par une meute de fans d\u00e9cha\u00een\u00e9s, voici que, plus s\u00e9rieusement deux membres de notre \u00e9quipe int\u00e8grent : <strong>La Team ASICS Presse officielle pour l&rsquo;ann\u00e9e 2011 !<\/strong> Et qui dit \u00ab\u00a0officielle\u00a0\u00bb dit reconnaissance en tant que m\u00e9dia running s\u00e9rieux et cr\u00e9dible. Avouez qu&rsquo;on a quand m\u00eame le droit d&rsquo;\u00eatre un tout petit peu fier, non ?<\/p>\n<p>Le Cannois &#8211; oui, oui, nous sommes multiculturels sur Wanarun et pas seulement Nanc\u00e9o-Nanc\u00e9ens LOL &#8211; <strong>Mathieu <\/strong>disputera la <strong><a href=\"http:\/\/www.la6000d.com\/\">6000D<\/a><\/strong>, un trail de g\u00e9ants fin juillet 2011, tandis que votre serviteur (<strong>Fred<\/strong>), banlieusard Parisien, je pr\u00e9cise pour le c\u00f4t\u00e9 multiculturel, participera, plus classiquement et plus modestement, au <strong><a href=\"http:\/\/www.parismarathon.com\/\">Marathon de Paris<\/a><\/strong>, tous les deux sous les couleurs d&rsquo;ASICS, des pieds \u00e0 la t\u00eate.<\/p>\n<p><a href=\"https:\/\/www.wanarun.net\/blog\/wp-content\/uploads\/2011\/01\/asics2.jpg\"><img loading=\"lazy\" class=\"alignleft size-medium wp-image-11609\" title=\"asics2\" src=\"https:\/\/www.wanarun.net\/blog\/wp-content\/uploads\/2011\/01\/asics2-300x262.jpg\" alt=\"\" width=\"300\" height=\"262\" srcset=\"https:\/\/www.wanarun.net\/blog\/wp-content\/uploads\/2011\/01\/asics2-300x262.jpg 300w, https:\/\/www.wanarun.net\/blog\/wp-content\/uploads\/2011\/01\/asics2.jpg 453w\" sizes=\"(max-width: 300px) 100vw, 300px\" \/><\/a>J&rsquo;ai \u00e9crit \u00ab\u00a0des pieds \u00e0 la t\u00eate\u00a0\u00bb, ce qui signifie : chaussures ASICS et tenue de running compl\u00e8te ASICS donc &#8230; quelques Vrais Tests Wanarun en perspective :-). A noter qu&rsquo;en ce qui me concerne, ce sera la premi\u00e8re fois de ma d\u00e9j\u00e0 longue existence que je vais courir en chaussures ASICS, en l&rsquo;occurrence des ??? en fait, je ne sais pas encore lesquelles, vous allez comprendre pourquoi.<\/p>\n<p>L&rsquo;annonce officielle du lancement de la<strong> Team Presse ASICS <\/strong>2011 a donc eu lieu hier au show room de la marque \u00e0 Paris. Au menu :<\/p>\n<p>&#8211; un point rapide sur l&rsquo;op\u00e9ration dont l&rsquo;objectif est d&rsquo;offrir \u00e0 des journalistes, en plus de la tenue \u00e9voqu\u00e9e ci-dessus, un coaching 100% personnalis\u00e9 jusqu&rsquo;\u00e0 l&rsquo;\u00e9preuve choisie.<\/p>\n<p>&#8211; une pr\u00e9sentation des coachs :<a href=\"http:\/\/www.brunoheubi.com\"> Bruno Heubi <\/a>pour le trail et <a href=\"http:\/\/www.athlete-endurance.com\/courseapied\/information\/palmares-de-jean-pierre-monciaux.html\">Jean-Pierre Monciaux<\/a> pour le marathon. Ah oui, quand m\u00eame ! Du tr\u00e8s tr\u00e8s haut niveau !<\/p>\n<p>&#8211; une prise d&#8217;empreinte en 3 dimensions de chaque pied avec le syst\u00e8me num\u00e9rique <strong>ASICS FOOT ID<\/strong>. C&rsquo;est cette prise d&#8217;empreinte qui va d\u00e9terminer LA Chaussure avec un C majuscule dont j&rsquo;ai besoin. Verdict par &#8230; la Poste dans quelques jours. Surprise \ud83d\ude42<\/p>\n<div id=\"attachment_11610\" style=\"width: 310px\" class=\"wp-caption alignleft\"><a href=\"https:\/\/www.wanarun.net\/blog\/wp-content\/uploads\/2011\/01\/asics1.jpg\"><img aria-describedby=\"caption-attachment-11610\" loading=\"lazy\" class=\"size-medium wp-image-11610\" title=\"asics1\" src=\"https:\/\/www.wanarun.net\/blog\/wp-content\/uploads\/2011\/01\/asics1-300x267.jpg\" alt=\"\" width=\"300\" height=\"267\" srcset=\"https:\/\/www.wanarun.net\/blog\/wp-content\/uploads\/2011\/01\/asics1-300x267.jpg 300w, https:\/\/www.wanarun.net\/blog\/wp-content\/uploads\/2011\/01\/asics1.jpg 850w\" sizes=\"(max-width: 300px) 100vw, 300px\" \/><\/a><p id=\"caption-attachment-11610\" class=\"wp-caption-text\">Tenue Team Asics Presse<\/p><\/div>\n<p>&#8211; la remise d&rsquo;une partie de la tenue officielle de la Team Presse : sac \u00e0 dos, headband et coupe-vent. Short et maillot suivent &#8230; \u00e9galement par la Poste.<\/p>\n<p>&#8211; une discussion avec les coachs. Jean-Pierre Monciaux, va concocter pour chacun des participants un plan adapt\u00e9 \u00e0 ses objectifs, ses caract\u00e9ristiques, ses possibilit\u00e9s d&rsquo;entra\u00eenement &#8230; Chaque s\u00e9ance sera suivie d&rsquo;une analyse. Le tout par e-mail et t\u00e9l\u00e9phone car Jean-Pierre est Clermontois. Ces plans int\u00e9greront \u00e9videmment des s\u00e9ances issues des travaux de <a href=\"http:\/\/www.billat.net\/\">V\u00e9ronique Billat<\/a>. Mon cas particulier de d\u00e9pl\u00e2tr\u00e9 r\u00e9cent fera donc\u00a0 l&rsquo;objet d&rsquo;un plan lui aussi &#8230; particulier. Si seulement il pouvait m&#8217;emmener aux 3 heures &#8230;<\/p>\n<p>Sympa non ? En tous cas, un grand merci \u00e0 ASICS pour cette op\u00e9ration.<\/p>\n","protected":false},"excerpt":{"rendered":"<a href=\"https:\/\/www.wanarun.net\/blog\/wanarun-dans-la-team-asics-presse-pour-le-marathon-de-paris-11466.html\"><img width=\"150\" src=\"\" class=\"alignleft wp-post-image tfe\" alt=\"\" title=\"\" \/><\/a><p>Je vous le dis tout de suite, dans cet article, on va encore se la p\u00e9ter \ud83d\ude42 Si vous en avez marre qu&rsquo;on vous r\u00e9p\u00e8te qu&rsquo;on est les meilleurs &#8211; cela dit, c&rsquo;est vrai, quand on y r\u00e9fl\u00e9chit bien &#8211; vous allez souffrir LOL. Apr\u00e8s le passage triomphal de Manu dans l&rsquo;Est R\u00e9publicain qui lui [&hellip;]<\/p>\n","protected":false},"author":21,"featured_media":0,"comment_status":"open","ping_status":"open","sticky":false,"template":"","format":"standard","meta":[],"categories":[126,135,18,7,19,14,8],"tags":[1380,42,158,418,9874,559,1381,9828],"yoast_head":"<!-- This site is optimized with the Yoast SEO plugin v18.9 - https:\/\/yoast.com\/wordpress\/plugins\/seo\/ -->\n<title>WANARUN dans la Team ASICS Presse 2011 !!!<\/title>\n<meta name=\"description\" content=\"Je vous le dis tout de suite, dans cet article, on va encore se la p\u00e9ter :-) Si vous en avez marre qu&#039;on vous r\u00e9p\u00e8te qu&#039;on est les meilleurs - cela dit,\" \/>\n<meta name=\"robots\" content=\"index, follow, max-snippet:-1, max-image-preview:large, max-video-preview:-1\" \/>\n<link rel=\"canonical\" href=\"https:\/\/www.wanarun.net\/blog\/wanarun-dans-la-team-asics-presse-pour-le-marathon-de-paris-11466.html\" \/>\n<meta property=\"og:locale\" content=\"fr_FR\" \/>\n<meta property=\"og:type\" content=\"article\" \/>\n<meta property=\"og:title\" content=\"WANARUN dans la Team ASICS Presse 2011 !!!\" \/>\n<meta property=\"og:description\" content=\"Je vous le dis tout de suite, dans cet article, on va encore se la p\u00e9ter :-) Si vous en avez marre qu&#039;on vous r\u00e9p\u00e8te qu&#039;on est les meilleurs - cela dit,\" \/>\n<meta property=\"og:url\" content=\"https:\/\/www.wanarun.net\/blog\/wanarun-dans-la-team-asics-presse-pour-le-marathon-de-paris-11466.html\" \/>\n<meta property=\"og:site_name\" content=\"Wanarun, le blog du running, du trail et de la course \u00e0 pied\" \/>\n<meta property=\"article:publisher\" content=\"https:\/\/www.facebook.com\/wanarun\/\" \/>\n<meta property=\"article:published_time\" content=\"2011-01-21T02:00:32+00:00\" \/>\n<meta property=\"article:modified_time\" content=\"2011-01-20T15:18:16+00:00\" \/>\n<meta property=\"og:image\" content=\"https:\/\/www.wanarun.net\/blog\/wp-content\/uploads\/2011\/01\/team-presse-ASICS-300x190.jpg\" \/>\n<meta name=\"twitter:label1\" content=\"\u00c9crit par\" \/>\n\t<meta name=\"twitter:data1\" content=\"fredbros\" \/>\n\t<meta name=\"twitter:label2\" content=\"Dur\u00e9e de lecture estim\u00e9e\" \/>\n\t<meta name=\"twitter:data2\" content=\"3 minutes\" \/>\n<script type=\"application\/ld+json\" class=\"yoast-schema-graph\">{\"@context\":\"https:\/\/schema.org\",\"@graph\":[{\"@type\":\"Organization\",\"@id\":\"https:\/\/www.wanarun.net\/blog\/#organization\",\"name\":\"Wanarun\",\"url\":\"https:\/\/www.wanarun.net\/blog\/\",\"sameAs\":[\"https:\/\/www.instagram.com\/wanarunnet\/\",\"https:\/\/www.youtube.com\/user\/wanarunnet\",\"https:\/\/www.facebook.com\/wanarun\/\",\"https:\/\/twitter.com\/wanarun\"],\"logo\":{\"@type\":\"ImageObject\",\"inLanguage\":\"fr-FR\",\"@id\":\"https:\/\/www.wanarun.net\/blog\/#\/schema\/logo\/image\/\",\"url\":\"https:\/\/www.wanarun.net\/blog\/wp-content\/uploads\/2018\/03\/logo-wanarun.jpg\",\"contentUrl\":\"https:\/\/www.wanarun.net\/blog\/wp-content\/uploads\/2018\/03\/logo-wanarun.jpg\",\"width\":1196,\"height\":1082,\"caption\":\"Wanarun\"},\"image\":{\"@id\":\"https:\/\/www.wanarun.net\/blog\/#\/schema\/logo\/image\/\"}},{\"@type\":\"WebSite\",\"@id\":\"https:\/\/www.wanarun.net\/blog\/#website\",\"url\":\"https:\/\/www.wanarun.net\/blog\/\",\"name\":\"Wanarun, le blog du running, du trail et de la course \u00e0 pied\",\"description\":\"Informations, remarques, avis, conseils sur la course \u00e0 pied.\",\"publisher\":{\"@id\":\"https:\/\/www.wanarun.net\/blog\/#organization\"},\"potentialAction\":[{\"@type\":\"SearchAction\",\"target\":{\"@type\":\"EntryPoint\",\"urlTemplate\":\"https:\/\/www.wanarun.net\/blog\/?s={search_term_string}\"},\"query-input\":\"required name=search_term_string\"}],\"inLanguage\":\"fr-FR\"},{\"@type\":\"ImageObject\",\"inLanguage\":\"fr-FR\",\"@id\":\"https:\/\/www.wanarun.net\/blog\/wanarun-dans-la-team-asics-presse-pour-le-marathon-de-paris-11466.html#primaryimage\",\"url\":\"https:\/\/www.wanarun.net\/blog\/wp-content\/uploads\/2011\/01\/team-presse-ASICS.jpg\",\"contentUrl\":\"https:\/\/www.wanarun.net\/blog\/wp-content\/uploads\/2011\/01\/team-presse-ASICS.jpg\",\"width\":851,\"height\":539,\"caption\":\"TEAM PRESSE ASICS\"},{\"@type\":\"WebPage\",\"@id\":\"https:\/\/www.wanarun.net\/blog\/wanarun-dans-la-team-asics-presse-pour-le-marathon-de-paris-11466.html#webpage\",\"url\":\"https:\/\/www.wanarun.net\/blog\/wanarun-dans-la-team-asics-presse-pour-le-marathon-de-paris-11466.html\",\"name\":\"WANARUN dans la Team ASICS Presse 2011 !!!\",\"isPartOf\":{\"@id\":\"https:\/\/www.wanarun.net\/blog\/#website\"},\"primaryImageOfPage\":{\"@id\":\"https:\/\/www.wanarun.net\/blog\/wanarun-dans-la-team-asics-presse-pour-le-marathon-de-paris-11466.html#primaryimage\"},\"datePublished\":\"2011-01-21T02:00:32+00:00\",\"dateModified\":\"2011-01-20T15:18:16+00:00\",\"description\":\"Je vous le dis tout de suite, dans cet article, on va encore se la p\u00e9ter :-) Si vous en avez marre qu'on vous r\u00e9p\u00e8te qu'on est les meilleurs - cela dit,\",\"breadcrumb\":{\"@id\":\"https:\/\/www.wanarun.net\/blog\/wanarun-dans-la-team-asics-presse-pour-le-marathon-de-paris-11466.html#breadcrumb\"},\"inLanguage\":\"fr-FR\",\"potentialAction\":[{\"@type\":\"ReadAction\",\"target\":[\"https:\/\/www.wanarun.net\/blog\/wanarun-dans-la-team-asics-presse-pour-le-marathon-de-paris-11466.html\"]}]},{\"@type\":\"BreadcrumbList\",\"@id\":\"https:\/\/www.wanarun.net\/blog\/wanarun-dans-la-team-asics-presse-pour-le-marathon-de-paris-11466.html#breadcrumb\",\"itemListElement\":[{\"@type\":\"ListItem\",\"position\":1,\"name\":\"WANARUN dans la Team ASICS Presse 2011 !!!\"}]},{\"@type\":\"Article\",\"@id\":\"https:\/\/www.wanarun.net\/blog\/wanarun-dans-la-team-asics-presse-pour-le-marathon-de-paris-11466.html#article\",\"isPartOf\":{\"@id\":\"https:\/\/www.wanarun.net\/blog\/wanarun-dans-la-team-asics-presse-pour-le-marathon-de-paris-11466.html#webpage\"},\"author\":{\"@id\":\"https:\/\/www.wanarun.net\/blog\/#\/schema\/person\/1f6463621f44a2b66c33ff32ccdab3e8\"},\"headline\":\"WANARUN dans la Team ASICS Presse 2011 !!!\",\"datePublished\":\"2011-01-21T02:00:32+00:00\",\"dateModified\":\"2011-01-20T15:18:16+00:00\",\"mainEntityOfPage\":{\"@id\":\"https:\/\/www.wanarun.net\/blog\/wanarun-dans-la-team-asics-presse-pour-le-marathon-de-paris-11466.html#webpage\"},\"wordCount\":587,\"commentCount\":7,\"publisher\":{\"@id\":\"https:\/\/www.wanarun.net\/blog\/#organization\"},\"image\":{\"@id\":\"https:\/\/www.wanarun.net\/blog\/wanarun-dans-la-team-asics-presse-pour-le-marathon-de-paris-11466.html#primaryimage\"},\"thumbnailUrl\":\"https:\/\/www.wanarun.net\/blog\/wp-content\/uploads\/2011\/01\/team-presse-ASICS-300x190.jpg\",\"keywords\":[\"2011\",\"asics\",\"coach\",\"marathon de paris\",\"Presse\",\"team\",\"tenue officielle\",\"Wanarun\"],\"articleSection\":[\"Blogosph\u00e8re\",\"Blogueurs \/ Coureurs\",\"Challenges\",\"Course\",\"Presse\",\"Promotion\",\"Wanarun\"],\"inLanguage\":\"fr-FR\",\"potentialAction\":[{\"@type\":\"CommentAction\",\"name\":\"Comment\",\"target\":[\"https:\/\/www.wanarun.net\/blog\/wanarun-dans-la-team-asics-presse-pour-le-marathon-de-paris-11466.html#respond\"]}]},{\"@type\":\"Person\",\"@id\":\"https:\/\/www.wanarun.net\/blog\/#\/schema\/person\/1f6463621f44a2b66c33ff32ccdab3e8\",\"name\":\"fredbros\",\"image\":{\"@type\":\"ImageObject\",\"inLanguage\":\"fr-FR\",\"@id\":\"https:\/\/www.wanarun.net\/blog\/#\/schema\/person\/image\/\",\"url\":\"https:\/\/secure.gravatar.com\/avatar\/0706328db4ae4ea1111c0fe8b464d6a7?s=96&d=mm&r=g\",\"contentUrl\":\"https:\/\/secure.gravatar.com\/avatar\/0706328db4ae4ea1111c0fe8b464d6a7?s=96&d=mm&r=g\",\"caption\":\"fredbros\"},\"url\":\"https:\/\/www.wanarun.net\/blog\/author\/fred\"}]}<\/script>\n<!-- \/ Yoast SEO plugin. -->","yoast_head_json":{"title":"WANARUN dans la Team ASICS Presse 2011 !!!","description":"Je vous le dis tout de suite, dans cet article, on va encore se la p\u00e9ter :-) Si vous en avez marre qu'on vous r\u00e9p\u00e8te qu'on est les meilleurs - cela dit,","robots":{"index":"index","follow":"follow","max-snippet":"max-snippet:-1","max-image-preview":"max-image-preview:large","max-video-preview":"max-video-preview:-1"},"canonical":"https:\/\/www.wanarun.net\/blog\/wanarun-dans-la-team-asics-presse-pour-le-marathon-de-paris-11466.html","og_locale":"fr_FR","og_type":"article","og_title":"WANARUN dans la Team ASICS Presse 2011 !!!","og_description":"Je vous le dis tout de suite, dans cet article, on va encore se la p\u00e9ter :-) Si vous en avez marre qu'on vous r\u00e9p\u00e8te qu'on est les meilleurs - cela dit,","og_url":"https:\/\/www.wanarun.net\/blog\/wanarun-dans-la-team-asics-presse-pour-le-marathon-de-paris-11466.html","og_site_name":"Wanarun, le blog du running, du trail et de la course \u00e0 pied","article_publisher":"https:\/\/www.facebook.com\/wanarun\/","article_published_time":"2011-01-21T02:00:32+00:00","article_modified_time":"2011-01-20T15:18:16+00:00","og_image":[{"url":"https:\/\/www.wanarun.net\/blog\/wp-content\/uploads\/2011\/01\/team-presse-ASICS-300x190.jpg"}],"twitter_misc":{"\u00c9crit par":"fredbros","Dur\u00e9e de lecture estim\u00e9e":"3 minutes"},"schema":{"@context":"https:\/\/schema.org","@graph":[{"@type":"Organization","@id":"https:\/\/www.wanarun.net\/blog\/#organization","name":"Wanarun","url":"https:\/\/www.wanarun.net\/blog\/","sameAs":["https:\/\/www.instagram.com\/wanarunnet\/","https:\/\/www.youtube.com\/user\/wanarunnet","https:\/\/www.facebook.com\/wanarun\/","https:\/\/twitter.com\/wanarun"],"logo":{"@type":"ImageObject","inLanguage":"fr-FR","@id":"https:\/\/www.wanarun.net\/blog\/#\/schema\/logo\/image\/","url":"https:\/\/www.wanarun.net\/blog\/wp-content\/uploads\/2018\/03\/logo-wanarun.jpg","contentUrl":"https:\/\/www.wanarun.net\/blog\/wp-content\/uploads\/2018\/03\/logo-wanarun.jpg","width":1196,"height":1082,"caption":"Wanarun"},"image":{"@id":"https:\/\/www.wanarun.net\/blog\/#\/schema\/logo\/image\/"}},{"@type":"WebSite","@id":"https:\/\/www.wanarun.net\/blog\/#website","url":"https:\/\/www.wanarun.net\/blog\/","name":"Wanarun, le blog du running, du trail et de la course \u00e0 pied","description":"Informations, remarques, avis, conseils sur la course \u00e0 pied.","publisher":{"@id":"https:\/\/www.wanarun.net\/blog\/#organization"},"potentialAction":[{"@type":"SearchAction","target":{"@type":"EntryPoint","urlTemplate":"https:\/\/www.wanarun.net\/blog\/?s={search_term_string}"},"query-input":"required name=search_term_string"}],"inLanguage":"fr-FR"},{"@type":"ImageObject","inLanguage":"fr-FR","@id":"https:\/\/www.wanarun.net\/blog\/wanarun-dans-la-team-asics-presse-pour-le-marathon-de-paris-11466.html#primaryimage","url":"https:\/\/www.wanarun.net\/blog\/wp-content\/uploads\/2011\/01\/team-presse-ASICS.jpg","contentUrl":"https:\/\/www.wanarun.net\/blog\/wp-content\/uploads\/2011\/01\/team-presse-ASICS.jpg","width":851,"height":539,"caption":"TEAM PRESSE ASICS"},{"@type":"WebPage","@id":"https:\/\/www.wanarun.net\/blog\/wanarun-dans-la-team-asics-presse-pour-le-marathon-de-paris-11466.html#webpage","url":"https:\/\/www.wanarun.net\/blog\/wanarun-dans-la-team-asics-presse-pour-le-marathon-de-paris-11466.html","name":"WANARUN dans la Team ASICS Presse 2011 !!!","isPartOf":{"@id":"https:\/\/www.wanarun.net\/blog\/#website"},"primaryImageOfPage":{"@id":"https:\/\/www.wanarun.net\/blog\/wanarun-dans-la-team-asics-presse-pour-le-marathon-de-paris-11466.html#primaryimage"},"datePublished":"2011-01-21T02:00:32+00:00","dateModified":"2011-01-20T15:18:16+00:00","description":"Je vous le dis tout de suite, dans cet article, on va encore se la p\u00e9ter :-) Si vous en avez marre qu'on vous r\u00e9p\u00e8te qu'on est les meilleurs - cela dit,","breadcrumb":{"@id":"https:\/\/www.wanarun.net\/blog\/wanarun-dans-la-team-asics-presse-pour-le-marathon-de-paris-11466.html#breadcrumb"},"inLanguage":"fr-FR","potentialAction":[{"@type":"ReadAction","target":["https:\/\/www.wanarun.net\/blog\/wanarun-dans-la-team-asics-presse-pour-le-marathon-de-paris-11466.html"]}]},{"@type":"BreadcrumbList","@id":"https:\/\/www.wanarun.net\/blog\/wanarun-dans-la-team-asics-presse-pour-le-marathon-de-paris-11466.html#breadcrumb","itemListElement":[{"@type":"ListItem","position":1,"name":"WANARUN dans la Team ASICS Presse 2011 !!!"}]},{"@type":"Article","@id":"https:\/\/www.wanarun.net\/blog\/wanarun-dans-la-team-asics-presse-pour-le-marathon-de-paris-11466.html#article","isPartOf":{"@id":"https:\/\/www.wanarun.net\/blog\/wanarun-dans-la-team-asics-presse-pour-le-marathon-de-paris-11466.html#webpage"},"author":{"@id":"https:\/\/www.wanarun.net\/blog\/#\/schema\/person\/1f6463621f44a2b66c33ff32ccdab3e8"},"headline":"WANARUN dans la Team ASICS Presse 2011 !!!","datePublished":"2011-01-21T02:00:32+00:00","dateModified":"2011-01-20T15:18:16+00:00","mainEntityOfPage":{"@id":"https:\/\/www.wanarun.net\/blog\/wanarun-dans-la-team-asics-presse-pour-le-marathon-de-paris-11466.html#webpage"},"wordCount":587,"commentCount":7,"publisher":{"@id":"https:\/\/www.wanarun.net\/blog\/#organization"},"image":{"@id":"https:\/\/www.wanarun.net\/blog\/wanarun-dans-la-team-asics-presse-pour-le-marathon-de-paris-11466.html#primaryimage"},"thumbnailUrl":"https:\/\/www.wanarun.net\/blog\/wp-content\/uploads\/2011\/01\/team-presse-ASICS-300x190.jpg","keywords":["2011","asics","coach","marathon de paris","Presse","team","tenue officielle","Wanarun"],"articleSection":["Blogosph\u00e8re","Blogueurs \/ Coureurs","Challenges","Course","Presse","Promotion","Wanarun"],"inLanguage":"fr-FR","potentialAction":[{"@type":"CommentAction","name":"Comment","target":["https:\/\/www.wanarun.net\/blog\/wanarun-dans-la-team-asics-presse-pour-le-marathon-de-paris-11466.html#respond"]}]},{"@type":"Person","@id":"https:\/\/www.wanarun.net\/blog\/#\/schema\/person\/1f6463621f44a2b66c33ff32ccdab3e8","name":"fredbros","image":{"@type":"ImageObject","inLanguage":"fr-FR","@id":"https:\/\/www.wanarun.net\/blog\/#\/schema\/person\/image\/","url":"https:\/\/secure.gravatar.com\/avatar\/0706328db4ae4ea1111c0fe8b464d6a7?s=96&d=mm&r=g","contentUrl":"https:\/\/secure.gravatar.com\/avatar\/0706328db4ae4ea1111c0fe8b464d6a7?s=96&d=mm&r=g","caption":"fredbros"},"url":"https:\/\/www.wanarun.net\/blog\/author\/fred"}]}},"_links":{"self":[{"href":"https:\/\/www.wanarun.net\/blog\/wp-json\/wp\/v2\/posts\/11466"}],"collection":[{"href":"https:\/\/www.wanarun.net\/blog\/wp-json\/wp\/v2\/posts"}],"about":[{"href":"https:\/\/www.wanarun.net\/blog\/wp-json\/wp\/v2\/types\/post"}],"author":[{"embeddable":true,"href":"https:\/\/www.wanarun.net\/blog\/wp-json\/wp\/v2\/users\/21"}],"replies":[{"embeddable":true,"href":"https:\/\/www.wanarun.net\/blog\/wp-json\/wp\/v2\/comments?post=11466"}],"version-history":[{"count":12,"href":"https:\/\/www.wanarun.net\/blog\/wp-json\/wp\/v2\/posts\/11466\/revisions"}],"predecessor-version":[{"id":11611,"href":"https:\/\/www.wanarun.net\/blog\/wp-json\/wp\/v2\/posts\/11466\/revisions\/11611"}],"wp:attachment":[{"href":"https:\/\/www.wanarun.net\/blog\/wp-json\/wp\/v2\/media?parent=11466"}],"wp:term":[{"taxonomy":"category","embeddable":true,"href":"https:\/\/www.wanarun.net\/blog\/wp-json\/wp\/v2\/categories?post=11466"},{"taxonomy":"post_tag","embeddable":true,"href":"https:\/\/www.wanarun.net\/blog\/wp-json\/wp\/v2\/tags?post=11466"}],"curies":[{"name":"wp","href":"https:\/\/api.w.org\/{rel}","templated":true}]}}